{"id":5002,"date":"2026-04-17T09:36:45","date_gmt":"2026-04-17T07:36:45","guid":{"rendered":"https:\/\/comunicando.gal\/gal\/?p=5002"},"modified":"2026-04-17T18:08:12","modified_gmt":"2026-04-17T16:08:12","slug":"comunicando-participa-na-mesa-redonda-informar-desde-o-lume-xornalismo-e-incendios-forestais","status":"publish","type":"post","link":"https:\/\/comunicando.gal\/gal\/comunicando-participa-na-mesa-redonda-informar-desde-o-lume-xornalismo-e-incendios-forestais\/","title":{"rendered":"Comunicando participa na mesa redonda \u00abInformar desde o lume. Xornalismo e incendios forestais\u00bb"},"content":{"rendered":"<div class=\"intro lead\">\n<p>Comunicando participar\u00e1 na mesa redonda \u00ab<em>Informar desde o lume. Xornalismo e incendios forestais\u00bb<\/em>, organizada polo Colexio Profesional de Xornalistas de Galicia para reflexionar sobre os desaf\u00edos da informaci\u00f3n sobre incendios. O Liceo de Ourense (R\u00faa Valent\u00edn Lamas Carbajal, 5) acoller\u00e1 ma\u00f1\u00e1 s\u00e1bado, \u00e1s 12:00 horas, este acto no que participar\u00e1n distintos profesionais con ampla experiencia no tratamento informativo dos incendios.<\/p>\n<p>A mesa redonda estar\u00e1 integrada por Miguel Cao, xornalista de\u00a0<em>La Regi\u00f3n, <\/em>Ux\u00eda Carrera, xornalista de <em>La Voz de Galicia,<\/em> Carlos Garc\u00eda Hervella, director do xornal <em>O Sil,<\/em> Juan Maceiras, redactor xefe de Cope Ourense, e o fotoxornalista de La Voz de Galicia, Santi M. Amil. Todos eles contan cunha ampla experiencia na cobertura informativa dos lumes forestais. Moderar\u00e1 o debate o director Comunicando Consultor\u00eda de Comunicaci\u00f3n, Jorge Isla, que \u00e9 o representante da demarcaci\u00f3n de Ourense no Pleno Territorial do Colexio de Xornalistas de Galicia.<\/p>\n<\/div>\n<div class=\"news-content item-content\">\n<p>A cobertura dos incendios forestais \u00e9 unha das situaci\u00f3ns m\u00e1is delicadas e dif\u00edciles que se producen habitualmente no xornalismo da nosa contorna. \u00c1s dificultades para transmitir a informaci\u00f3n de forma r\u00e1pida e exacta e \u00e1 obriga de exercer unha cobertura respons\u00e1bel, que respecte \u00e1s v\u00edtimas e non contrib\u00faa \u00e1 especulaci\u00f3n e ao caos; s\u00famase tam\u00e9n a necesidade de protexer a seguridade das e dos profesionais fronte ao lume. Antes de que comece a temporada de maior risco de incendios forestais, o Colexio de Xornalistas organiza esta xornada na que se pretende compartir experiencias sobre a cobertura informativa dos incendios, reparar nos desaf\u00edos e perigos que supo\u00f1en os lumes de sexta xeraci\u00f3n e analizar o tratamento dos lumes tanto no momento da emerxencia como nas an\u00e1lises m\u00e1is demoradas.<\/p>\n<p>A asistencia ao acto, que se desenvolver\u00e1 no Sal\u00f3n Noble do Liceo de Ourense, \u00e9 libre e gratu\u00edta.<\/p>\n<p><img loading=\"lazy\" decoding=\"async\" class=\"size-full wp-image-5003 aligncenter\" src=\"https:\/\/comunicando.gal\/gal\/wp-content\/uploads\/2026\/04\/Incendios.jpeg\" alt=\"\" width=\"990\" height=\"556\" srcset=\"https:\/\/comunicando.gal\/gal\/wp-content\/uploads\/2026\/04\/Incendios.jpeg 990w, https:\/\/comunicando.gal\/gal\/wp-content\/uploads\/2026\/04\/Incendios-768x431.jpeg 768w, https:\/\/comunicando.gal\/gal\/wp-content\/uploads\/2026\/04\/Incendios-24x13.jpeg 24w, https:\/\/comunicando.gal\/gal\/wp-content\/uploads\/2026\/04\/Incendios-36x20.jpeg 36w, https:\/\/comunicando.gal\/gal\/wp-content\/uploads\/2026\/04\/Incendios-48x27.jpeg 48w\" sizes=\"auto, (max-width: 990px) 100vw, 990px\" \/><\/p>\n<\/div>\n","protected":false},"excerpt":{"rendered":"<p>Comunicando participar\u00e1 na mesa redonda \u00abInformar desde o lume. Xornalismo e incendios forestais\u00bb, organizada polo Colexio Profesional de Xornalistas de Galicia para reflexionar sobre os desaf\u00edos da informaci\u00f3n sobre incendios. O Liceo de Ourense (R\u00faa Valent\u00edn Lamas Carbajal, 5) acoller\u00e1 ma\u00f1\u00e1 s\u00e1bado, \u00e1s 12:00 horas, este acto no que participar\u00e1n distintos profesionais con ampla experiencia [&hellip;]<\/p>\n","protected":false},"author":3,"featured_media":5003,"comment_status":"closed","ping_status":"closed","sticky":false,"template":"","format":"standard","meta":{"footnotes":""},"categories":[1],"tags":[],"class_list":["post-5002","post","type-post","status-publish","format-standard","has-post-thumbnail","hentry","category-noticias"],"yoast_head":"<!-- This site is optimized with the Yoast SEO plugin v26.2 - https:\/\/yoast.com\/wordpress\/plugins\/seo\/ -->\n<title>Comunicando participa na mesa redonda &quot;Informar desde o lume. Xornalismo e incendios forestais&quot;<\/title>\n<meta name=\"robots\" content=\"index, follow, max-snippet:-1, max-image-preview:large, max-video-preview:-1\" \/>\n<link rel=\"canonical\" href=\"https:\/\/comunicando.gal\/gal\/comunicando-participa-na-mesa-redonda-informar-desde-o-lume-xornalismo-e-incendios-forestais\/\" \/>\n<meta property=\"og:locale\" content=\"es_ES\" \/>\n<meta property=\"og:type\" content=\"article\" \/>\n<meta property=\"og:title\" content=\"Comunicando participa na mesa redonda &quot;Informar desde o lume. Xornalismo e incendios forestais&quot;\" \/>\n<meta property=\"og:description\" content=\"Comunicando participar\u00e1 na mesa redonda \u00abInformar desde o lume. Xornalismo e incendios forestais\u00bb, organizada polo Colexio Profesional de Xornalistas de Galicia para reflexionar sobre os desaf\u00edos da informaci\u00f3n sobre incendios. O Liceo de Ourense (R\u00faa Valent\u00edn Lamas Carbajal, 5) acoller\u00e1 ma\u00f1\u00e1 s\u00e1bado, \u00e1s 12:00 horas, este acto no que participar\u00e1n distintos profesionais con ampla experiencia [&hellip;]\" \/>\n<meta property=\"og:url\" content=\"https:\/\/comunicando.gal\/gal\/comunicando-participa-na-mesa-redonda-informar-desde-o-lume-xornalismo-e-incendios-forestais\/\" \/>\n<meta property=\"og:site_name\" content=\"Comunicando\" \/>\n<meta property=\"article:published_time\" content=\"2026-04-17T07:36:45+00:00\" \/>\n<meta property=\"article:modified_time\" content=\"2026-04-17T16:08:12+00:00\" \/>\n<meta property=\"og:image\" content=\"https:\/\/comunicando.gal\/gal\/wp-content\/uploads\/2026\/04\/Incendios.jpeg\" \/>\n\t<meta property=\"og:image:width\" content=\"990\" \/>\n\t<meta property=\"og:image:height\" content=\"556\" \/>\n\t<meta property=\"og:image:type\" content=\"image\/jpeg\" \/>\n<meta name=\"author\" content=\"Jorge Isla\" \/>\n<meta name=\"twitter:card\" content=\"summary_large_image\" \/>\n<script type=\"application\/ld+json\" class=\"yoast-schema-graph\">{\"@context\":\"https:\/\/schema.org\",\"@graph\":[{\"@type\":\"Article\",\"@id\":\"https:\/\/comunicando.gal\/gal\/comunicando-participa-na-mesa-redonda-informar-desde-o-lume-xornalismo-e-incendios-forestais\/#article\",\"isPartOf\":{\"@id\":\"https:\/\/comunicando.gal\/gal\/comunicando-participa-na-mesa-redonda-informar-desde-o-lume-xornalismo-e-incendios-forestais\/\"},\"author\":{\"name\":\"Jorge Isla\",\"@id\":\"https:\/\/comunicando.gal\/gal\/#\/schema\/person\/0d28af683c857811ed3fe6a412c4a429\"},\"headline\":\"Comunicando participa na mesa redonda \u00abInformar desde o lume. Xornalismo e incendios forestais\u00bb\",\"datePublished\":\"2026-04-17T07:36:45+00:00\",\"dateModified\":\"2026-04-17T16:08:12+00:00\",\"mainEntityOfPage\":{\"@id\":\"https:\/\/comunicando.gal\/gal\/comunicando-participa-na-mesa-redonda-informar-desde-o-lume-xornalismo-e-incendios-forestais\/\"},\"wordCount\":327,\"publisher\":{\"@id\":\"https:\/\/comunicando.gal\/gal\/#organization\"},\"image\":{\"@id\":\"https:\/\/comunicando.gal\/gal\/comunicando-participa-na-mesa-redonda-informar-desde-o-lume-xornalismo-e-incendios-forestais\/#primaryimage\"},\"thumbnailUrl\":\"https:\/\/comunicando.gal\/gal\/wp-content\/uploads\/2026\/04\/Incendios.jpeg\",\"articleSection\":[\"Noticias\"],\"inLanguage\":\"es\"},{\"@type\":\"WebPage\",\"@id\":\"https:\/\/comunicando.gal\/gal\/comunicando-participa-na-mesa-redonda-informar-desde-o-lume-xornalismo-e-incendios-forestais\/\",\"url\":\"https:\/\/comunicando.gal\/gal\/comunicando-participa-na-mesa-redonda-informar-desde-o-lume-xornalismo-e-incendios-forestais\/\",\"name\":\"Comunicando participa na mesa redonda \\\"Informar desde o lume. Xornalismo e incendios forestais\\\"\",\"isPartOf\":{\"@id\":\"https:\/\/comunicando.gal\/gal\/#website\"},\"primaryImageOfPage\":{\"@id\":\"https:\/\/comunicando.gal\/gal\/comunicando-participa-na-mesa-redonda-informar-desde-o-lume-xornalismo-e-incendios-forestais\/#primaryimage\"},\"image\":{\"@id\":\"https:\/\/comunicando.gal\/gal\/comunicando-participa-na-mesa-redonda-informar-desde-o-lume-xornalismo-e-incendios-forestais\/#primaryimage\"},\"thumbnailUrl\":\"https:\/\/comunicando.gal\/gal\/wp-content\/uploads\/2026\/04\/Incendios.jpeg\",\"datePublished\":\"2026-04-17T07:36:45+00:00\",\"dateModified\":\"2026-04-17T16:08:12+00:00\",\"breadcrumb\":{\"@id\":\"https:\/\/comunicando.gal\/gal\/comunicando-participa-na-mesa-redonda-informar-desde-o-lume-xornalismo-e-incendios-forestais\/#breadcrumb\"},\"inLanguage\":\"es\",\"potentialAction\":[{\"@type\":\"ReadAction\",\"target\":[\"https:\/\/comunicando.gal\/gal\/comunicando-participa-na-mesa-redonda-informar-desde-o-lume-xornalismo-e-incendios-forestais\/\"]}]},{\"@type\":\"ImageObject\",\"inLanguage\":\"es\",\"@id\":\"https:\/\/comunicando.gal\/gal\/comunicando-participa-na-mesa-redonda-informar-desde-o-lume-xornalismo-e-incendios-forestais\/#primaryimage\",\"url\":\"https:\/\/comunicando.gal\/gal\/wp-content\/uploads\/2026\/04\/Incendios.jpeg\",\"contentUrl\":\"https:\/\/comunicando.gal\/gal\/wp-content\/uploads\/2026\/04\/Incendios.jpeg\",\"width\":990,\"height\":556},{\"@type\":\"BreadcrumbList\",\"@id\":\"https:\/\/comunicando.gal\/gal\/comunicando-participa-na-mesa-redonda-informar-desde-o-lume-xornalismo-e-incendios-forestais\/#breadcrumb\",\"itemListElement\":[{\"@type\":\"ListItem\",\"position\":1,\"name\":\"Portada\",\"item\":\"https:\/\/comunicando.gal\/gal\/\"},{\"@type\":\"ListItem\",\"position\":2,\"name\":\"Comunicando participa na mesa redonda \u00abInformar desde o lume. Xornalismo e incendios forestais\u00bb\"}]},{\"@type\":\"WebSite\",\"@id\":\"https:\/\/comunicando.gal\/gal\/#website\",\"url\":\"https:\/\/comunicando.gal\/gal\/\",\"name\":\"Comunicando. Consultor\u00eda de comunicaci\u00f3n.\",\"description\":\"Consultor\u00eda de comunicaci\u00f3n\",\"publisher\":{\"@id\":\"https:\/\/comunicando.gal\/gal\/#organization\"},\"alternateName\":\"Comunicando. Consultor\u00eda de comunicaci\u00f3n.\",\"potentialAction\":[{\"@type\":\"SearchAction\",\"target\":{\"@type\":\"EntryPoint\",\"urlTemplate\":\"https:\/\/comunicando.gal\/gal\/?s={search_term_string}\"},\"query-input\":{\"@type\":\"PropertyValueSpecification\",\"valueRequired\":true,\"valueName\":\"search_term_string\"}}],\"inLanguage\":\"es\"},{\"@type\":\"Organization\",\"@id\":\"https:\/\/comunicando.gal\/gal\/#organization\",\"name\":\"Comunicando. Consultor\u00eda de comunicaci\u00f3n.\",\"url\":\"https:\/\/comunicando.gal\/gal\/\",\"logo\":{\"@type\":\"ImageObject\",\"inLanguage\":\"es\",\"@id\":\"https:\/\/comunicando.gal\/gal\/#\/schema\/logo\/image\/\",\"url\":\"https:\/\/comunicando.gal\/gal\/wp-content\/uploads\/2024\/07\/comunicando-vertical.png\",\"contentUrl\":\"https:\/\/comunicando.gal\/gal\/wp-content\/uploads\/2024\/07\/comunicando-vertical.png\",\"width\":300,\"height\":323,\"caption\":\"Comunicando. Consultor\u00eda de comunicaci\u00f3n.\"},\"image\":{\"@id\":\"https:\/\/comunicando.gal\/gal\/#\/schema\/logo\/image\/\"}},{\"@type\":\"Person\",\"@id\":\"https:\/\/comunicando.gal\/gal\/#\/schema\/person\/0d28af683c857811ed3fe6a412c4a429\",\"name\":\"Jorge Isla\"}]}<\/script>\n<!-- \/ Yoast SEO plugin. -->","yoast_head_json":{"title":"Comunicando participa na mesa redonda \"Informar desde o lume. Xornalismo e incendios forestais\"","robots":{"index":"index","follow":"follow","max-snippet":"max-snippet:-1","max-image-preview":"max-image-preview:large","max-video-preview":"max-video-preview:-1"},"canonical":"https:\/\/comunicando.gal\/gal\/comunicando-participa-na-mesa-redonda-informar-desde-o-lume-xornalismo-e-incendios-forestais\/","og_locale":"es_ES","og_type":"article","og_title":"Comunicando participa na mesa redonda \"Informar desde o lume. Xornalismo e incendios forestais\"","og_description":"Comunicando participar\u00e1 na mesa redonda \u00abInformar desde o lume. Xornalismo e incendios forestais\u00bb, organizada polo Colexio Profesional de Xornalistas de Galicia para reflexionar sobre os desaf\u00edos da informaci\u00f3n sobre incendios. O Liceo de Ourense (R\u00faa Valent\u00edn Lamas Carbajal, 5) acoller\u00e1 ma\u00f1\u00e1 s\u00e1bado, \u00e1s 12:00 horas, este acto no que participar\u00e1n distintos profesionais con ampla experiencia [&hellip;]","og_url":"https:\/\/comunicando.gal\/gal\/comunicando-participa-na-mesa-redonda-informar-desde-o-lume-xornalismo-e-incendios-forestais\/","og_site_name":"Comunicando","article_published_time":"2026-04-17T07:36:45+00:00","article_modified_time":"2026-04-17T16:08:12+00:00","og_image":[{"width":990,"height":556,"url":"https:\/\/comunicando.gal\/gal\/wp-content\/uploads\/2026\/04\/Incendios.jpeg","type":"image\/jpeg"}],"author":"Jorge Isla","twitter_card":"summary_large_image","schema":{"@context":"https:\/\/schema.org","@graph":[{"@type":"Article","@id":"https:\/\/comunicando.gal\/gal\/comunicando-participa-na-mesa-redonda-informar-desde-o-lume-xornalismo-e-incendios-forestais\/#article","isPartOf":{"@id":"https:\/\/comunicando.gal\/gal\/comunicando-participa-na-mesa-redonda-informar-desde-o-lume-xornalismo-e-incendios-forestais\/"},"author":{"name":"Jorge Isla","@id":"https:\/\/comunicando.gal\/gal\/#\/schema\/person\/0d28af683c857811ed3fe6a412c4a429"},"headline":"Comunicando participa na mesa redonda \u00abInformar desde o lume. Xornalismo e incendios forestais\u00bb","datePublished":"2026-04-17T07:36:45+00:00","dateModified":"2026-04-17T16:08:12+00:00","mainEntityOfPage":{"@id":"https:\/\/comunicando.gal\/gal\/comunicando-participa-na-mesa-redonda-informar-desde-o-lume-xornalismo-e-incendios-forestais\/"},"wordCount":327,"publisher":{"@id":"https:\/\/comunicando.gal\/gal\/#organization"},"image":{"@id":"https:\/\/comunicando.gal\/gal\/comunicando-participa-na-mesa-redonda-informar-desde-o-lume-xornalismo-e-incendios-forestais\/#primaryimage"},"thumbnailUrl":"https:\/\/comunicando.gal\/gal\/wp-content\/uploads\/2026\/04\/Incendios.jpeg","articleSection":["Noticias"],"inLanguage":"es"},{"@type":"WebPage","@id":"https:\/\/comunicando.gal\/gal\/comunicando-participa-na-mesa-redonda-informar-desde-o-lume-xornalismo-e-incendios-forestais\/","url":"https:\/\/comunicando.gal\/gal\/comunicando-participa-na-mesa-redonda-informar-desde-o-lume-xornalismo-e-incendios-forestais\/","name":"Comunicando participa na mesa redonda \"Informar desde o lume. Xornalismo e incendios forestais\"","isPartOf":{"@id":"https:\/\/comunicando.gal\/gal\/#website"},"primaryImageOfPage":{"@id":"https:\/\/comunicando.gal\/gal\/comunicando-participa-na-mesa-redonda-informar-desde-o-lume-xornalismo-e-incendios-forestais\/#primaryimage"},"image":{"@id":"https:\/\/comunicando.gal\/gal\/comunicando-participa-na-mesa-redonda-informar-desde-o-lume-xornalismo-e-incendios-forestais\/#primaryimage"},"thumbnailUrl":"https:\/\/comunicando.gal\/gal\/wp-content\/uploads\/2026\/04\/Incendios.jpeg","datePublished":"2026-04-17T07:36:45+00:00","dateModified":"2026-04-17T16:08:12+00:00","breadcrumb":{"@id":"https:\/\/comunicando.gal\/gal\/comunicando-participa-na-mesa-redonda-informar-desde-o-lume-xornalismo-e-incendios-forestais\/#breadcrumb"},"inLanguage":"es","potentialAction":[{"@type":"ReadAction","target":["https:\/\/comunicando.gal\/gal\/comunicando-participa-na-mesa-redonda-informar-desde-o-lume-xornalismo-e-incendios-forestais\/"]}]},{"@type":"ImageObject","inLanguage":"es","@id":"https:\/\/comunicando.gal\/gal\/comunicando-participa-na-mesa-redonda-informar-desde-o-lume-xornalismo-e-incendios-forestais\/#primaryimage","url":"https:\/\/comunicando.gal\/gal\/wp-content\/uploads\/2026\/04\/Incendios.jpeg","contentUrl":"https:\/\/comunicando.gal\/gal\/wp-content\/uploads\/2026\/04\/Incendios.jpeg","width":990,"height":556},{"@type":"BreadcrumbList","@id":"https:\/\/comunicando.gal\/gal\/comunicando-participa-na-mesa-redonda-informar-desde-o-lume-xornalismo-e-incendios-forestais\/#breadcrumb","itemListElement":[{"@type":"ListItem","position":1,"name":"Portada","item":"https:\/\/comunicando.gal\/gal\/"},{"@type":"ListItem","position":2,"name":"Comunicando participa na mesa redonda \u00abInformar desde o lume. Xornalismo e incendios forestais\u00bb"}]},{"@type":"WebSite","@id":"https:\/\/comunicando.gal\/gal\/#website","url":"https:\/\/comunicando.gal\/gal\/","name":"Comunicando. Consultor\u00eda de comunicaci\u00f3n.","description":"Consultor\u00eda de comunicaci\u00f3n","publisher":{"@id":"https:\/\/comunicando.gal\/gal\/#organization"},"alternateName":"Comunicando. Consultor\u00eda de comunicaci\u00f3n.","potentialAction":[{"@type":"SearchAction","target":{"@type":"EntryPoint","urlTemplate":"https:\/\/comunicando.gal\/gal\/?s={search_term_string}"},"query-input":{"@type":"PropertyValueSpecification","valueRequired":true,"valueName":"search_term_string"}}],"inLanguage":"es"},{"@type":"Organization","@id":"https:\/\/comunicando.gal\/gal\/#organization","name":"Comunicando. Consultor\u00eda de comunicaci\u00f3n.","url":"https:\/\/comunicando.gal\/gal\/","logo":{"@type":"ImageObject","inLanguage":"es","@id":"https:\/\/comunicando.gal\/gal\/#\/schema\/logo\/image\/","url":"https:\/\/comunicando.gal\/gal\/wp-content\/uploads\/2024\/07\/comunicando-vertical.png","contentUrl":"https:\/\/comunicando.gal\/gal\/wp-content\/uploads\/2024\/07\/comunicando-vertical.png","width":300,"height":323,"caption":"Comunicando. Consultor\u00eda de comunicaci\u00f3n."},"image":{"@id":"https:\/\/comunicando.gal\/gal\/#\/schema\/logo\/image\/"}},{"@type":"Person","@id":"https:\/\/comunicando.gal\/gal\/#\/schema\/person\/0d28af683c857811ed3fe6a412c4a429","name":"Jorge Isla"}]}},"_links":{"self":[{"href":"https:\/\/comunicando.gal\/gal\/wp-json\/wp\/v2\/posts\/5002","targetHints":{"allow":["GET"]}}],"collection":[{"href":"https:\/\/comunicando.gal\/gal\/wp-json\/wp\/v2\/posts"}],"about":[{"href":"https:\/\/comunicando.gal\/gal\/wp-json\/wp\/v2\/types\/post"}],"author":[{"embeddable":true,"href":"https:\/\/comunicando.gal\/gal\/wp-json\/wp\/v2\/users\/3"}],"replies":[{"embeddable":true,"href":"https:\/\/comunicando.gal\/gal\/wp-json\/wp\/v2\/comments?post=5002"}],"version-history":[{"count":6,"href":"https:\/\/comunicando.gal\/gal\/wp-json\/wp\/v2\/posts\/5002\/revisions"}],"predecessor-version":[{"id":5009,"href":"https:\/\/comunicando.gal\/gal\/wp-json\/wp\/v2\/posts\/5002\/revisions\/5009"}],"wp:featuredmedia":[{"embeddable":true,"href":"https:\/\/comunicando.gal\/gal\/wp-json\/wp\/v2\/media\/5003"}],"wp:attachment":[{"href":"https:\/\/comunicando.gal\/gal\/wp-json\/wp\/v2\/media?parent=5002"}],"wp:term":[{"taxonomy":"category","embeddable":true,"href":"https:\/\/comunicando.gal\/gal\/wp-json\/wp\/v2\/categories?post=5002"},{"taxonomy":"post_tag","embeddable":true,"href":"https:\/\/comunicando.gal\/gal\/wp-json\/wp\/v2\/tags?post=5002"}],"curies":[{"name":"wp","href":"https:\/\/api.w.org\/{rel}","templated":true}]}}