{"id":4994,"date":"2026-04-07T10:14:37","date_gmt":"2026-04-07T08:14:37","guid":{"rendered":"https:\/\/comunicando.gal\/gal\/?p=4994"},"modified":"2026-04-17T17:31:32","modified_gmt":"2026-04-17T15:31:32","slug":"publicado-o-ultimo-numero-de-axenda-agraria-a-revista-oficial-de-asaga","status":"publish","type":"post","link":"https:\/\/comunicando.gal\/gal\/publicado-o-ultimo-numero-de-axenda-agraria-a-revista-oficial-de-asaga\/","title":{"rendered":"Publicado o \u00faltimo n\u00famero de Axenda Agraria, a revista oficial da Asociaci\u00f3n Agraria de Galicia"},"content":{"rendered":"<p><img loading=\"lazy\" decoding=\"async\" class=\"size-full wp-image-4996 aligncenter\" src=\"https:\/\/comunicando.gal\/gal\/wp-content\/uploads\/2026\/04\/Portada-Axenda-Marzo-Abril.jpg\" alt=\"\" width=\"636\" height=\"900\" srcset=\"https:\/\/comunicando.gal\/gal\/wp-content\/uploads\/2026\/04\/Portada-Axenda-Marzo-Abril.jpg 636w, https:\/\/comunicando.gal\/gal\/wp-content\/uploads\/2026\/04\/Portada-Axenda-Marzo-Abril-17x24.jpg 17w, https:\/\/comunicando.gal\/gal\/wp-content\/uploads\/2026\/04\/Portada-Axenda-Marzo-Abril-25x36.jpg 25w, https:\/\/comunicando.gal\/gal\/wp-content\/uploads\/2026\/04\/Portada-Axenda-Marzo-Abril-34x48.jpg 34w\" sizes=\"auto, (max-width: 636px) 100vw, 636px\" \/>O n\u00famero do mes de <b>marzo <\/b>de 2026 da revista trimestral <strong>Axenda Agraria<\/strong>, xa est\u00e1 dispo\u00f1ible para a s\u00faa lectura online e tam\u00e9n impresa. A publicaci\u00f3n da <a href=\"https:\/\/asaga.gal\/\" target=\"_blank\" rel=\"noopener\">Asociaci\u00f3n Agraria de Galicia, ASAGA<\/a> foi dese\u00f1ada, maquetada e producida (en papel e na versi\u00f3n dixital) pola consultor\u00eda de comunicaci\u00f3n Comunicando.<\/p>\n<p>O lector poder\u00e1 atopar artigos, entrevistas e reportaxes de gran interese, coma a an\u00e1lise das novidades da PAC 2026, un artigo de fondo sobre o acordo UE-MERCOSUR ou as entrevistas co presidente da Deputaci\u00f3n de Ourense, Luis Menor, e coa directora xeral de Planificaci\u00f3n e ordenaci\u00f3n Forestal, Luisa Pi\u00f1eiro.<\/p>\n<p>M\u00e1is abaixo podedes ver o sumario da publicaci\u00f3n.<\/p>\n<p>&nbsp;<\/p>\n<p><img loading=\"lazy\" decoding=\"async\" class=\"size-full wp-image-4997 aligncenter\" src=\"https:\/\/comunicando.gal\/gal\/wp-content\/uploads\/2026\/04\/Sumario-Axenda-Marzo-Abril-Armando.jpeg\" alt=\"\" width=\"900\" height=\"636\" srcset=\"https:\/\/comunicando.gal\/gal\/wp-content\/uploads\/2026\/04\/Sumario-Axenda-Marzo-Abril-Armando.jpeg 900w, https:\/\/comunicando.gal\/gal\/wp-content\/uploads\/2026\/04\/Sumario-Axenda-Marzo-Abril-Armando-768x543.jpeg 768w, https:\/\/comunicando.gal\/gal\/wp-content\/uploads\/2026\/04\/Sumario-Axenda-Marzo-Abril-Armando-24x17.jpeg 24w, https:\/\/comunicando.gal\/gal\/wp-content\/uploads\/2026\/04\/Sumario-Axenda-Marzo-Abril-Armando-36x25.jpeg 36w, https:\/\/comunicando.gal\/gal\/wp-content\/uploads\/2026\/04\/Sumario-Axenda-Marzo-Abril-Armando-48x34.jpeg 48w\" sizes=\"auto, (max-width: 900px) 100vw, 900px\" \/><\/p>\n","protected":false},"excerpt":{"rendered":"<p>O n\u00famero do mes de marzo de 2026 da revista trimestral Axenda Agraria, xa est\u00e1 dispo\u00f1ible para a s\u00faa lectura online e tam\u00e9n impresa. A publicaci\u00f3n da Asociaci\u00f3n Agraria de Galicia, ASAGA foi dese\u00f1ada, maquetada e producida (en papel e na versi\u00f3n dixital) pola consultor\u00eda de comunicaci\u00f3n Comunicando. O lector poder\u00e1 atopar artigos, entrevistas e [&hellip;]<\/p>\n","protected":false},"author":3,"featured_media":4997,"comment_status":"closed","ping_status":"closed","sticky":false,"template":"","format":"standard","meta":{"footnotes":""},"categories":[1],"tags":[],"class_list":["post-4994","post","type-post","status-publish","format-standard","has-post-thumbnail","hentry","category-noticias"],"yoast_head":"<!-- This site is optimized with the Yoast SEO plugin v26.2 - https:\/\/yoast.com\/wordpress\/plugins\/seo\/ -->\n<title>Publicado o \u00faltimo n\u00famero de Axenda Agraria, a revista oficial da Asociaci\u00f3n Agraria de Galicia<\/title>\n<meta name=\"robots\" content=\"index, follow, max-snippet:-1, max-image-preview:large, max-video-preview:-1\" \/>\n<link rel=\"canonical\" href=\"https:\/\/comunicando.gal\/gal\/publicado-o-ultimo-numero-de-axenda-agraria-a-revista-oficial-de-asaga\/\" \/>\n<meta property=\"og:locale\" content=\"es_ES\" \/>\n<meta property=\"og:type\" content=\"article\" \/>\n<meta property=\"og:title\" content=\"Publicado o \u00faltimo n\u00famero de Axenda Agraria, a revista oficial da Asociaci\u00f3n Agraria de Galicia\" \/>\n<meta property=\"og:description\" content=\"O n\u00famero do mes de marzo de 2026 da revista trimestral Axenda Agraria, xa est\u00e1 dispo\u00f1ible para a s\u00faa lectura online e tam\u00e9n impresa. A publicaci\u00f3n da Asociaci\u00f3n Agraria de Galicia, ASAGA foi dese\u00f1ada, maquetada e producida (en papel e na versi\u00f3n dixital) pola consultor\u00eda de comunicaci\u00f3n Comunicando. O lector poder\u00e1 atopar artigos, entrevistas e [&hellip;]\" \/>\n<meta property=\"og:url\" content=\"https:\/\/comunicando.gal\/gal\/publicado-o-ultimo-numero-de-axenda-agraria-a-revista-oficial-de-asaga\/\" \/>\n<meta property=\"og:site_name\" content=\"Comunicando\" \/>\n<meta property=\"article:published_time\" content=\"2026-04-07T08:14:37+00:00\" \/>\n<meta property=\"article:modified_time\" content=\"2026-04-17T15:31:32+00:00\" \/>\n<meta property=\"og:image\" content=\"https:\/\/comunicando.gal\/gal\/wp-content\/uploads\/2026\/04\/Sumario-Axenda-Marzo-Abril-Armando.jpeg\" \/>\n\t<meta property=\"og:image:width\" content=\"900\" \/>\n\t<meta property=\"og:image:height\" content=\"636\" \/>\n\t<meta property=\"og:image:type\" content=\"image\/jpeg\" \/>\n<meta name=\"author\" content=\"Jorge Isla\" \/>\n<meta name=\"twitter:card\" content=\"summary_large_image\" \/>\n<script type=\"application\/ld+json\" class=\"yoast-schema-graph\">{\"@context\":\"https:\/\/schema.org\",\"@graph\":[{\"@type\":\"Article\",\"@id\":\"https:\/\/comunicando.gal\/gal\/publicado-o-ultimo-numero-de-axenda-agraria-a-revista-oficial-de-asaga\/#article\",\"isPartOf\":{\"@id\":\"https:\/\/comunicando.gal\/gal\/publicado-o-ultimo-numero-de-axenda-agraria-a-revista-oficial-de-asaga\/\"},\"author\":{\"name\":\"Jorge Isla\",\"@id\":\"https:\/\/comunicando.gal\/gal\/#\/schema\/person\/0d28af683c857811ed3fe6a412c4a429\"},\"headline\":\"Publicado o \u00faltimo n\u00famero de Axenda Agraria, a revista oficial da Asociaci\u00f3n Agraria de Galicia\",\"datePublished\":\"2026-04-07T08:14:37+00:00\",\"dateModified\":\"2026-04-17T15:31:32+00:00\",\"mainEntityOfPage\":{\"@id\":\"https:\/\/comunicando.gal\/gal\/publicado-o-ultimo-numero-de-axenda-agraria-a-revista-oficial-de-asaga\/\"},\"wordCount\":138,\"publisher\":{\"@id\":\"https:\/\/comunicando.gal\/gal\/#organization\"},\"image\":{\"@id\":\"https:\/\/comunicando.gal\/gal\/publicado-o-ultimo-numero-de-axenda-agraria-a-revista-oficial-de-asaga\/#primaryimage\"},\"thumbnailUrl\":\"https:\/\/comunicando.gal\/gal\/wp-content\/uploads\/2026\/04\/Sumario-Axenda-Marzo-Abril-Armando.jpeg\",\"articleSection\":[\"Noticias\"],\"inLanguage\":\"es\"},{\"@type\":\"WebPage\",\"@id\":\"https:\/\/comunicando.gal\/gal\/publicado-o-ultimo-numero-de-axenda-agraria-a-revista-oficial-de-asaga\/\",\"url\":\"https:\/\/comunicando.gal\/gal\/publicado-o-ultimo-numero-de-axenda-agraria-a-revista-oficial-de-asaga\/\",\"name\":\"Publicado o \u00faltimo n\u00famero de Axenda Agraria, a revista oficial da Asociaci\u00f3n Agraria de Galicia\",\"isPartOf\":{\"@id\":\"https:\/\/comunicando.gal\/gal\/#website\"},\"primaryImageOfPage\":{\"@id\":\"https:\/\/comunicando.gal\/gal\/publicado-o-ultimo-numero-de-axenda-agraria-a-revista-oficial-de-asaga\/#primaryimage\"},\"image\":{\"@id\":\"https:\/\/comunicando.gal\/gal\/publicado-o-ultimo-numero-de-axenda-agraria-a-revista-oficial-de-asaga\/#primaryimage\"},\"thumbnailUrl\":\"https:\/\/comunicando.gal\/gal\/wp-content\/uploads\/2026\/04\/Sumario-Axenda-Marzo-Abril-Armando.jpeg\",\"datePublished\":\"2026-04-07T08:14:37+00:00\",\"dateModified\":\"2026-04-17T15:31:32+00:00\",\"breadcrumb\":{\"@id\":\"https:\/\/comunicando.gal\/gal\/publicado-o-ultimo-numero-de-axenda-agraria-a-revista-oficial-de-asaga\/#breadcrumb\"},\"inLanguage\":\"es\",\"potentialAction\":[{\"@type\":\"ReadAction\",\"target\":[\"https:\/\/comunicando.gal\/gal\/publicado-o-ultimo-numero-de-axenda-agraria-a-revista-oficial-de-asaga\/\"]}]},{\"@type\":\"ImageObject\",\"inLanguage\":\"es\",\"@id\":\"https:\/\/comunicando.gal\/gal\/publicado-o-ultimo-numero-de-axenda-agraria-a-revista-oficial-de-asaga\/#primaryimage\",\"url\":\"https:\/\/comunicando.gal\/gal\/wp-content\/uploads\/2026\/04\/Sumario-Axenda-Marzo-Abril-Armando.jpeg\",\"contentUrl\":\"https:\/\/comunicando.gal\/gal\/wp-content\/uploads\/2026\/04\/Sumario-Axenda-Marzo-Abril-Armando.jpeg\",\"width\":900,\"height\":636},{\"@type\":\"BreadcrumbList\",\"@id\":\"https:\/\/comunicando.gal\/gal\/publicado-o-ultimo-numero-de-axenda-agraria-a-revista-oficial-de-asaga\/#breadcrumb\",\"itemListElement\":[{\"@type\":\"ListItem\",\"position\":1,\"name\":\"Portada\",\"item\":\"https:\/\/comunicando.gal\/gal\/\"},{\"@type\":\"ListItem\",\"position\":2,\"name\":\"Publicado o \u00faltimo n\u00famero de Axenda Agraria, a revista oficial da Asociaci\u00f3n Agraria de Galicia\"}]},{\"@type\":\"WebSite\",\"@id\":\"https:\/\/comunicando.gal\/gal\/#website\",\"url\":\"https:\/\/comunicando.gal\/gal\/\",\"name\":\"Comunicando. Consultor\u00eda de comunicaci\u00f3n.\",\"description\":\"Consultor\u00eda de comunicaci\u00f3n\",\"publisher\":{\"@id\":\"https:\/\/comunicando.gal\/gal\/#organization\"},\"alternateName\":\"Comunicando. Consultor\u00eda de comunicaci\u00f3n.\",\"potentialAction\":[{\"@type\":\"SearchAction\",\"target\":{\"@type\":\"EntryPoint\",\"urlTemplate\":\"https:\/\/comunicando.gal\/gal\/?s={search_term_string}\"},\"query-input\":{\"@type\":\"PropertyValueSpecification\",\"valueRequired\":true,\"valueName\":\"search_term_string\"}}],\"inLanguage\":\"es\"},{\"@type\":\"Organization\",\"@id\":\"https:\/\/comunicando.gal\/gal\/#organization\",\"name\":\"Comunicando. Consultor\u00eda de comunicaci\u00f3n.\",\"url\":\"https:\/\/comunicando.gal\/gal\/\",\"logo\":{\"@type\":\"ImageObject\",\"inLanguage\":\"es\",\"@id\":\"https:\/\/comunicando.gal\/gal\/#\/schema\/logo\/image\/\",\"url\":\"https:\/\/comunicando.gal\/gal\/wp-content\/uploads\/2024\/07\/comunicando-vertical.png\",\"contentUrl\":\"https:\/\/comunicando.gal\/gal\/wp-content\/uploads\/2024\/07\/comunicando-vertical.png\",\"width\":300,\"height\":323,\"caption\":\"Comunicando. Consultor\u00eda de comunicaci\u00f3n.\"},\"image\":{\"@id\":\"https:\/\/comunicando.gal\/gal\/#\/schema\/logo\/image\/\"}},{\"@type\":\"Person\",\"@id\":\"https:\/\/comunicando.gal\/gal\/#\/schema\/person\/0d28af683c857811ed3fe6a412c4a429\",\"name\":\"Jorge Isla\"}]}<\/script>\n<!-- \/ Yoast SEO plugin. -->","yoast_head_json":{"title":"Publicado o \u00faltimo n\u00famero de Axenda Agraria, a revista oficial da Asociaci\u00f3n Agraria de Galicia","robots":{"index":"index","follow":"follow","max-snippet":"max-snippet:-1","max-image-preview":"max-image-preview:large","max-video-preview":"max-video-preview:-1"},"canonical":"https:\/\/comunicando.gal\/gal\/publicado-o-ultimo-numero-de-axenda-agraria-a-revista-oficial-de-asaga\/","og_locale":"es_ES","og_type":"article","og_title":"Publicado o \u00faltimo n\u00famero de Axenda Agraria, a revista oficial da Asociaci\u00f3n Agraria de Galicia","og_description":"O n\u00famero do mes de marzo de 2026 da revista trimestral Axenda Agraria, xa est\u00e1 dispo\u00f1ible para a s\u00faa lectura online e tam\u00e9n impresa. A publicaci\u00f3n da Asociaci\u00f3n Agraria de Galicia, ASAGA foi dese\u00f1ada, maquetada e producida (en papel e na versi\u00f3n dixital) pola consultor\u00eda de comunicaci\u00f3n Comunicando. O lector poder\u00e1 atopar artigos, entrevistas e [&hellip;]","og_url":"https:\/\/comunicando.gal\/gal\/publicado-o-ultimo-numero-de-axenda-agraria-a-revista-oficial-de-asaga\/","og_site_name":"Comunicando","article_published_time":"2026-04-07T08:14:37+00:00","article_modified_time":"2026-04-17T15:31:32+00:00","og_image":[{"width":900,"height":636,"url":"https:\/\/comunicando.gal\/gal\/wp-content\/uploads\/2026\/04\/Sumario-Axenda-Marzo-Abril-Armando.jpeg","type":"image\/jpeg"}],"author":"Jorge Isla","twitter_card":"summary_large_image","schema":{"@context":"https:\/\/schema.org","@graph":[{"@type":"Article","@id":"https:\/\/comunicando.gal\/gal\/publicado-o-ultimo-numero-de-axenda-agraria-a-revista-oficial-de-asaga\/#article","isPartOf":{"@id":"https:\/\/comunicando.gal\/gal\/publicado-o-ultimo-numero-de-axenda-agraria-a-revista-oficial-de-asaga\/"},"author":{"name":"Jorge Isla","@id":"https:\/\/comunicando.gal\/gal\/#\/schema\/person\/0d28af683c857811ed3fe6a412c4a429"},"headline":"Publicado o \u00faltimo n\u00famero de Axenda Agraria, a revista oficial da Asociaci\u00f3n Agraria de Galicia","datePublished":"2026-04-07T08:14:37+00:00","dateModified":"2026-04-17T15:31:32+00:00","mainEntityOfPage":{"@id":"https:\/\/comunicando.gal\/gal\/publicado-o-ultimo-numero-de-axenda-agraria-a-revista-oficial-de-asaga\/"},"wordCount":138,"publisher":{"@id":"https:\/\/comunicando.gal\/gal\/#organization"},"image":{"@id":"https:\/\/comunicando.gal\/gal\/publicado-o-ultimo-numero-de-axenda-agraria-a-revista-oficial-de-asaga\/#primaryimage"},"thumbnailUrl":"https:\/\/comunicando.gal\/gal\/wp-content\/uploads\/2026\/04\/Sumario-Axenda-Marzo-Abril-Armando.jpeg","articleSection":["Noticias"],"inLanguage":"es"},{"@type":"WebPage","@id":"https:\/\/comunicando.gal\/gal\/publicado-o-ultimo-numero-de-axenda-agraria-a-revista-oficial-de-asaga\/","url":"https:\/\/comunicando.gal\/gal\/publicado-o-ultimo-numero-de-axenda-agraria-a-revista-oficial-de-asaga\/","name":"Publicado o \u00faltimo n\u00famero de Axenda Agraria, a revista oficial da Asociaci\u00f3n Agraria de Galicia","isPartOf":{"@id":"https:\/\/comunicando.gal\/gal\/#website"},"primaryImageOfPage":{"@id":"https:\/\/comunicando.gal\/gal\/publicado-o-ultimo-numero-de-axenda-agraria-a-revista-oficial-de-asaga\/#primaryimage"},"image":{"@id":"https:\/\/comunicando.gal\/gal\/publicado-o-ultimo-numero-de-axenda-agraria-a-revista-oficial-de-asaga\/#primaryimage"},"thumbnailUrl":"https:\/\/comunicando.gal\/gal\/wp-content\/uploads\/2026\/04\/Sumario-Axenda-Marzo-Abril-Armando.jpeg","datePublished":"2026-04-07T08:14:37+00:00","dateModified":"2026-04-17T15:31:32+00:00","breadcrumb":{"@id":"https:\/\/comunicando.gal\/gal\/publicado-o-ultimo-numero-de-axenda-agraria-a-revista-oficial-de-asaga\/#breadcrumb"},"inLanguage":"es","potentialAction":[{"@type":"ReadAction","target":["https:\/\/comunicando.gal\/gal\/publicado-o-ultimo-numero-de-axenda-agraria-a-revista-oficial-de-asaga\/"]}]},{"@type":"ImageObject","inLanguage":"es","@id":"https:\/\/comunicando.gal\/gal\/publicado-o-ultimo-numero-de-axenda-agraria-a-revista-oficial-de-asaga\/#primaryimage","url":"https:\/\/comunicando.gal\/gal\/wp-content\/uploads\/2026\/04\/Sumario-Axenda-Marzo-Abril-Armando.jpeg","contentUrl":"https:\/\/comunicando.gal\/gal\/wp-content\/uploads\/2026\/04\/Sumario-Axenda-Marzo-Abril-Armando.jpeg","width":900,"height":636},{"@type":"BreadcrumbList","@id":"https:\/\/comunicando.gal\/gal\/publicado-o-ultimo-numero-de-axenda-agraria-a-revista-oficial-de-asaga\/#breadcrumb","itemListElement":[{"@type":"ListItem","position":1,"name":"Portada","item":"https:\/\/comunicando.gal\/gal\/"},{"@type":"ListItem","position":2,"name":"Publicado o \u00faltimo n\u00famero de Axenda Agraria, a revista oficial da Asociaci\u00f3n Agraria de Galicia"}]},{"@type":"WebSite","@id":"https:\/\/comunicando.gal\/gal\/#website","url":"https:\/\/comunicando.gal\/gal\/","name":"Comunicando. Consultor\u00eda de comunicaci\u00f3n.","description":"Consultor\u00eda de comunicaci\u00f3n","publisher":{"@id":"https:\/\/comunicando.gal\/gal\/#organization"},"alternateName":"Comunicando. Consultor\u00eda de comunicaci\u00f3n.","potentialAction":[{"@type":"SearchAction","target":{"@type":"EntryPoint","urlTemplate":"https:\/\/comunicando.gal\/gal\/?s={search_term_string}"},"query-input":{"@type":"PropertyValueSpecification","valueRequired":true,"valueName":"search_term_string"}}],"inLanguage":"es"},{"@type":"Organization","@id":"https:\/\/comunicando.gal\/gal\/#organization","name":"Comunicando. Consultor\u00eda de comunicaci\u00f3n.","url":"https:\/\/comunicando.gal\/gal\/","logo":{"@type":"ImageObject","inLanguage":"es","@id":"https:\/\/comunicando.gal\/gal\/#\/schema\/logo\/image\/","url":"https:\/\/comunicando.gal\/gal\/wp-content\/uploads\/2024\/07\/comunicando-vertical.png","contentUrl":"https:\/\/comunicando.gal\/gal\/wp-content\/uploads\/2024\/07\/comunicando-vertical.png","width":300,"height":323,"caption":"Comunicando. Consultor\u00eda de comunicaci\u00f3n."},"image":{"@id":"https:\/\/comunicando.gal\/gal\/#\/schema\/logo\/image\/"}},{"@type":"Person","@id":"https:\/\/comunicando.gal\/gal\/#\/schema\/person\/0d28af683c857811ed3fe6a412c4a429","name":"Jorge Isla"}]}},"_links":{"self":[{"href":"https:\/\/comunicando.gal\/gal\/wp-json\/wp\/v2\/posts\/4994","targetHints":{"allow":["GET"]}}],"collection":[{"href":"https:\/\/comunicando.gal\/gal\/wp-json\/wp\/v2\/posts"}],"about":[{"href":"https:\/\/comunicando.gal\/gal\/wp-json\/wp\/v2\/types\/post"}],"author":[{"embeddable":true,"href":"https:\/\/comunicando.gal\/gal\/wp-json\/wp\/v2\/users\/3"}],"replies":[{"embeddable":true,"href":"https:\/\/comunicando.gal\/gal\/wp-json\/wp\/v2\/comments?post=4994"}],"version-history":[{"count":4,"href":"https:\/\/comunicando.gal\/gal\/wp-json\/wp\/v2\/posts\/4994\/revisions"}],"predecessor-version":[{"id":5001,"href":"https:\/\/comunicando.gal\/gal\/wp-json\/wp\/v2\/posts\/4994\/revisions\/5001"}],"wp:featuredmedia":[{"embeddable":true,"href":"https:\/\/comunicando.gal\/gal\/wp-json\/wp\/v2\/media\/4997"}],"wp:attachment":[{"href":"https:\/\/comunicando.gal\/gal\/wp-json\/wp\/v2\/media?parent=4994"}],"wp:term":[{"taxonomy":"category","embeddable":true,"href":"https:\/\/comunicando.gal\/gal\/wp-json\/wp\/v2\/categories?post=4994"},{"taxonomy":"post_tag","embeddable":true,"href":"https:\/\/comunicando.gal\/gal\/wp-json\/wp\/v2\/tags?post=4994"}],"curies":[{"name":"wp","href":"https:\/\/api.w.org\/{rel}","templated":true}]}}