{"id":4974,"date":"2026-02-28T12:55:04","date_gmt":"2026-02-28T11:55:04","guid":{"rendered":"https:\/\/comunicando.gal\/gal\/?p=4974"},"modified":"2026-03-24T14:32:20","modified_gmt":"2026-03-24T13:32:20","slug":"a-satisfaccion-de-dar-visibilidade-aos-nosos-clientes-nos-medios-de-comunicacion","status":"publish","type":"post","link":"https:\/\/comunicando.gal\/gal\/a-satisfaccion-de-dar-visibilidade-aos-nosos-clientes-nos-medios-de-comunicacion\/","title":{"rendered":"A satisfacci\u00f3n de dar visibilidade aos nosos clientes nos medios de comunicaci\u00f3n"},"content":{"rendered":"<p>Comunicando Consultor\u00eda de Comunicaci\u00f3n ofrece diferentes servizos aos seus clientes, entre os que destacan a<strong>comunicaci\u00f3n corporativa <\/strong>e<strong> a estratexia dixital<\/strong>, un combo que se desenvolve partindo da pelexa diaria por dar visibilidade a estes clientes nos principais medios de comunicaci\u00f3n, tanto xeneralistas como especializados, chegando a p\u00fablicos objectivo marcados como prioritarios cando se dirime o planteamento inicial.<\/p>\n<p>Neste art\u00edculo queremos mostrar un pequeno resumo, baseado en <strong>novas publicadas por diferentes medios de comunicaci\u00f3n sobre alg\u00fans dos nosos clientes<\/strong>, nos que se observan diferentes estratexias comunicativas, e nos que se amosa a continua relaci\u00f3n e negociaci\u00f3n cos medios, para lograr esa <strong>visibilidade<\/strong>.<\/p>\n<p><a href=\"https:\/\/www.diariodeleon.es\/bierzo\/260217\/2075846\/eliseo-lopez-presidente-de-la-asociacion-de-pizarristas-en-castilla-y-leon-deberia-de-haber-un-plan-especial-de-la-pizarra.html\" target=\"_blank\" rel=\"noopener\"><img loading=\"lazy\" decoding=\"async\" class=\"alignnone wp-image-4980\" src=\"https:\/\/comunicando.gal\/gal\/wp-content\/uploads\/2026\/02\/visibilidade51.jpg\" alt=\"\" width=\"532\" height=\"983\" srcset=\"https:\/\/comunicando.gal\/gal\/wp-content\/uploads\/2026\/02\/visibilidade51.jpg 600w, https:\/\/comunicando.gal\/gal\/wp-content\/uploads\/2026\/02\/visibilidade51-13x24.jpg 13w, https:\/\/comunicando.gal\/gal\/wp-content\/uploads\/2026\/02\/visibilidade51-19x36.jpg 19w, https:\/\/comunicando.gal\/gal\/wp-content\/uploads\/2026\/02\/visibilidade51-26x48.jpg 26w\" sizes=\"auto, (max-width: 532px) 100vw, 532px\" \/><\/a><\/p>\n<p>O presidente do <strong>Cl\u00faster da Pizarra de Galicia<\/strong>, tam\u00e9n presidente da Asociaci\u00f3n de Pizarristas de Castilla y Le\u00f3n (Apical), Eliseo L\u00f3pez, foi entrevistado no programa La Tertulia de La 8 Bierzo coa participaci\u00f3n do <a href=\"https:\/\/www.diariodeleon.es\/bierzo\/260217\/2075846\/eliseo-lopez-presidente-de-la-asociacion-de-pizarristas-en-castilla-y-leon-deberia-de-haber-un-plan-especial-de-la-pizarra.html\" target=\"_blank\" rel=\"noopener\">Diario de Le\u00f3n<\/a> na que pediu un plan especial para a lousa e\u00a0 falou dun sector que xenera postos de traballo e fixa poboaci\u00f3n nas zonas rurais.<\/p>\n<p><a href=\"https:\/\/www.laregion.es\/la-revista\/valdeorras-historia-exito-industria-vino_1_20260220-4170192.html\" target=\"_blank\" rel=\"noopener\"><img loading=\"lazy\" decoding=\"async\" class=\"alignnone wp-image-4983\" src=\"https:\/\/comunicando.gal\/gal\/wp-content\/uploads\/2026\/02\/visibilidade21.jpg\" alt=\"\" width=\"551\" height=\"748\" srcset=\"https:\/\/comunicando.gal\/gal\/wp-content\/uploads\/2026\/02\/visibilidade21.jpg 600w, https:\/\/comunicando.gal\/gal\/wp-content\/uploads\/2026\/02\/visibilidade21-18x24.jpg 18w, https:\/\/comunicando.gal\/gal\/wp-content\/uploads\/2026\/02\/visibilidade21-27x36.jpg 27w, https:\/\/comunicando.gal\/gal\/wp-content\/uploads\/2026\/02\/visibilidade21-35x48.jpg 35w\" sizes=\"auto, (max-width: 551px) 100vw, 551px\" \/><\/a><\/p>\n<div dir=\"auto\">As reportaxes publicadas nos medios xeneralistas son grandes aliadas para dar a co\u00f1ecer o traballo que realiza a <strong>Denominaci\u00f3n de Orixe Valdeorras<\/strong> e que chegue a m\u00e1is xente. Este que publica <a href=\"https:\/\/www.laregion.es\/la-revista\/valdeorras-historia-exito-industria-vino_1_20260220-4170192.html\" target=\"_blank\" rel=\"noopener\">La Regi\u00f3n no suplemento La Revista<\/a>, fai un percorrido pola historia da D.O. e da recuperaci\u00f3n do Godello, do proxecto REVIVAL, dos vi\u00f1os tintos, dos proxectos de grandes viticultores que apostaron por esta terra, e dos \u00abvi\u00f1os que marcaron hitos\u00bb na comarca.<\/div>\n<div dir=\"auto\"><\/div>\n<div dir=\"auto\"><a href=\"https:\/\/www.camionactualidad.es\/ultimas-noticias-transporte\/item\/11440-igualdad-transporte-spedion-congreso-mujer\" target=\"_blank\" rel=\"noopener\"><img loading=\"lazy\" decoding=\"async\" class=\"alignnone wp-image-4981\" src=\"https:\/\/comunicando.gal\/gal\/wp-content\/uploads\/2026\/02\/visibilidade41.jpg\" alt=\"\" width=\"658\" height=\"636\" srcset=\"https:\/\/comunicando.gal\/gal\/wp-content\/uploads\/2026\/02\/visibilidade41.jpg 900w, https:\/\/comunicando.gal\/gal\/wp-content\/uploads\/2026\/02\/visibilidade41-768x742.jpg 768w, https:\/\/comunicando.gal\/gal\/wp-content\/uploads\/2026\/02\/visibilidade41-24x24.jpg 24w, https:\/\/comunicando.gal\/gal\/wp-content\/uploads\/2026\/02\/visibilidade41-36x36.jpg 36w, https:\/\/comunicando.gal\/gal\/wp-content\/uploads\/2026\/02\/visibilidade41-48x46.jpg 48w\" sizes=\"auto, (max-width: 658px) 100vw, 658px\" \/><\/a><\/div>\n<div dir=\"auto\">\n<div dir=\"auto\"><\/div>\n<div dir=\"auto\">Ter presenza nos medios especializados tam\u00e9n \u00e9 crucial para chegar a p\u00fablicos objectivo expertos nun sector concreto, como neste caso ocurre con <strong>Spedion<\/strong>, cuxa directora executiva en Espa\u00f1a, Beatriz Garc\u00eda, \u00e9 entrevistada no medio <a href=\"https:\/\/www.camionactualidad.es\/ultimas-noticias-transporte\/item\/11440-igualdad-transporte-spedion-congreso-mujer\" target=\"_blank\" rel=\"noopener\">www.camionactualidad.com<\/a>, como un referente no \u00e1mbito feminino dentro do mundo do transporte.<\/div>\n<\/div>\n<div dir=\"auto\"><\/div>\n<div dir=\"auto\">\n<div dir=\"auto\"><img loading=\"lazy\" decoding=\"async\" class=\"alignnone wp-image-4982\" src=\"https:\/\/comunicando.gal\/gal\/wp-content\/uploads\/2026\/02\/visibilidade31.jpg\" alt=\"\" width=\"570\" height=\"757\" srcset=\"https:\/\/comunicando.gal\/gal\/wp-content\/uploads\/2026\/02\/visibilidade31.jpg 600w, https:\/\/comunicando.gal\/gal\/wp-content\/uploads\/2026\/02\/visibilidade31-18x24.jpg 18w, https:\/\/comunicando.gal\/gal\/wp-content\/uploads\/2026\/02\/visibilidade31-27x36.jpg 27w, https:\/\/comunicando.gal\/gal\/wp-content\/uploads\/2026\/02\/visibilidade31-36x48.jpg 36w\" sizes=\"auto, (max-width: 570px) 100vw, 570px\" \/><\/div>\n<div dir=\"auto\">\n<div dir=\"auto\"><\/div>\n<div dir=\"auto\">Ademais das reportaxes e entrevistas, tam\u00e9n estamos pendentes da actualidade diaria dos nosos clientes. Cando se produce a noticia, o noso gabinete de comunicaci\u00f3n redacta e remite convocatorias e notas de prensa aos diferentes medios de comunicaci\u00f3n, facilit\u00e1ndolles os datos esenciais da nova e as fotograf\u00edas cando os propios medios non poden acudir a cubrila. Nesta publicaci\u00f3n en redes sociales da <strong>Asociaci\u00f3n Agraria de Galicia, ASAGA<\/strong>, p\u00f3dense ver diferentes impactos dunha mesma nova en diversos medios de comunicaci\u00f3n xeneralistas e especializados.<\/div>\n<\/div>\n<\/div>\n<div dir=\"auto\"><\/div>\n<div dir=\"auto\"><a href=\"https:\/\/www.antena3.com\/noticias\/sociedad\/rural-convierte-cortafuegos-tener-vida-monte-mejor-prevencion-incendios_2025100268de6fc5771e4a2d5328fb98.html\" target=\"_blank\" rel=\"noopener\"><img loading=\"lazy\" decoding=\"async\" class=\"alignnone wp-image-4977\" src=\"https:\/\/comunicando.gal\/gal\/wp-content\/uploads\/2026\/02\/visibilidade81.jpg\" alt=\"\" width=\"561\" height=\"1050\" srcset=\"https:\/\/comunicando.gal\/gal\/wp-content\/uploads\/2026\/02\/visibilidade81.jpg 600w, https:\/\/comunicando.gal\/gal\/wp-content\/uploads\/2026\/02\/visibilidade81-13x24.jpg 13w, https:\/\/comunicando.gal\/gal\/wp-content\/uploads\/2026\/02\/visibilidade81-19x36.jpg 19w, https:\/\/comunicando.gal\/gal\/wp-content\/uploads\/2026\/02\/visibilidade81-26x48.jpg 26w\" sizes=\"auto, (max-width: 561px) 100vw, 561px\" \/><\/a><\/div>\n<div dir=\"auto\">\n<div dir=\"auto\">En ocasi\u00f3ns, pres\u00e9ntanse oportunidades de facer eco en medios xeneralistas nacionais, como ocorre neste caso con <strong>Antena 3<\/strong> e a <strong>Asociaci\u00f3n de Grupos de Desenvolvemento Rural de Galicia<\/strong>. Na reportaxe:<a href=\"https:\/\/www.antena3.com\/noticias\/sociedad\/rural-convierte-cortafuegos-tener-vida-monte-mejor-prevencion-incendios_2025100268de6fc5771e4a2d5328fb98.html\" target=\"_blank\" rel=\"noopener\"> \u201cEl rural se convierte en cortafuegos: Tener vida en el monte es la mejor prevenci\u00f3n contra los incendios\u201d<\/a>, res\u00e1ltase o valor do traballo colectivo que \u00e9 crucial para o futuro do medio rural, un traballo que levan a cabo estes Grupos.<\/div>\n<\/div>\n<div dir=\"auto\"><\/div>\n<div dir=\"auto\">\n<div dir=\"auto\"><a href=\"https:\/\/www.lanuevacronica.com\/el-bierzo\/institutos-estudios-berciano-valdeorres-estrechan-lazos-en-antiguo-poblado-minero-piela_192017_102.html\" target=\"_blank\" rel=\"noopener\"><img loading=\"lazy\" decoding=\"async\" class=\"alignnone wp-image-4978\" src=\"https:\/\/comunicando.gal\/gal\/wp-content\/uploads\/2026\/02\/visibilidade71.jpg\" alt=\"\" width=\"548\" height=\"883\" srcset=\"https:\/\/comunicando.gal\/gal\/wp-content\/uploads\/2026\/02\/visibilidade71.jpg 600w, https:\/\/comunicando.gal\/gal\/wp-content\/uploads\/2026\/02\/visibilidade71-15x24.jpg 15w, https:\/\/comunicando.gal\/gal\/wp-content\/uploads\/2026\/02\/visibilidade71-22x36.jpg 22w, https:\/\/comunicando.gal\/gal\/wp-content\/uploads\/2026\/02\/visibilidade71-30x48.jpg 30w\" sizes=\"auto, (max-width: 548px) 100vw, 548px\" \/><\/a><\/div>\n<\/div>\n<div dir=\"auto\"><\/div>\n<div dir=\"auto\">Os eventos que coordinamos cos nosos clientes, son moi importantes \u00e1 hora de xenerar visibilidade nos medios de comunicaci\u00f3n. E cando o evento traspasa fronteiras, a mencionada visibilidade debe ser nos medios das d\u00faas provincias. O impacto as\u00ed, dupl\u00edcase, igual ca repercusi\u00f3n e o co\u00f1ecemento da poboaci\u00f3n en xeral. As\u00ed pode verse no <a href=\"https:\/\/www.lanuevacronica.com\/el-bierzo\/institutos-estudios-berciano-valdeorres-estrechan-lazos-en-antiguo-poblado-minero-piela_192017_102.html\" target=\"_blank\" rel=\"noopener\">acto de Hermanamiento celebrado en el antiguo poblado minero de La Piela, entre los Institutos de Estudios Berciano y Valdeorr\u00e9s<\/a>, o pasado 28 de febreiro. Os medios xeneralistas valdeorreses e do resto da provincia de Ourense fix\u00e9ronse eco da nova, como tam\u00e9n o fixeron os medios bercianos e leoneses. No exemplo, a nova publicada polo diario <a href=\"https:\/\/www.lanuevacronica.com\/el-bierzo\/institutos-estudios-berciano-valdeorres-estrechan-lazos-en-antiguo-poblado-minero-piela_192017_102.html\" target=\"_blank\" rel=\"noopener\">La Nueva Cr\u00f3nica<\/a>.<\/div>\n<div dir=\"auto\"><\/div>\n<div dir=\"auto\"><a href=\"https:\/\/www.lavozdegalicia.es\/noticia\/ourense\/viana-do-bolo\/2026\/01\/24\/entroidos-oriente-cierran-promocion-ourense-fitur\/0003_202601O24C1991.htm\" target=\"_blank\" rel=\"noopener\"><img loading=\"lazy\" decoding=\"async\" class=\"alignnone wp-image-4979\" src=\"https:\/\/comunicando.gal\/gal\/wp-content\/uploads\/2026\/02\/visibilidade61.jpg\" alt=\"\" width=\"521\" height=\"773\" srcset=\"https:\/\/comunicando.gal\/gal\/wp-content\/uploads\/2026\/02\/visibilidade61.jpg 600w, https:\/\/comunicando.gal\/gal\/wp-content\/uploads\/2026\/02\/visibilidade61-16x24.jpg 16w, https:\/\/comunicando.gal\/gal\/wp-content\/uploads\/2026\/02\/visibilidade61-24x36.jpg 24w, https:\/\/comunicando.gal\/gal\/wp-content\/uploads\/2026\/02\/visibilidade61-32x48.jpg 32w\" sizes=\"auto, (max-width: 521px) 100vw, 521px\" \/><\/a><\/div>\n<div dir=\"auto\"><\/div>\n<div dir=\"auto\">O ano pasado, vimos con orgullo como o arduo traballo para conseguir para os <strong>Entroidos do Oriente Ourensano<\/strong> a s\u00faa calificaci\u00f3n de <strong>Festa de Inter\u00e9s Tur\u00edstico Nacional<\/strong>, daba os seus froitos. Pero o estreito traballo de colaboraci\u00f3n que Comunicando realizou durante m\u00e1is de doce meses coa Axencia de Turismo de Galicia e cos concellos de Viana do Bolo, Vilari\u00f1o de Conso e Manzaneda, non fixera m\u00e1is que empezar.<\/div>\n<div dir=\"auto\"><\/div>\n<div dir=\"auto\">Este ano, a promoci\u00f3n das tres celebraci\u00f3ns realizouse como unha soa, escenificando unha uni\u00f3n que contribuiu a crear unha imaxe m\u00e1is potente de cada un deles. O diario <a href=\"https:\/\/www.lavozdegalicia.es\/noticia\/ourense\/viana-do-bolo\/2026\/01\/24\/entroidos-oriente-cierran-promocion-ourense-fitur\/0003_202601O24C1991.htm\" target=\"_blank\" rel=\"noopener\">La Voz de Galicia<\/a>, como outros moitos, publicaron a nova da s\u00faa presentaci\u00f3n en FITUR, un evento no que ti\u00f1an que estar presentes.<\/div>\n<div dir=\"auto\"><\/div>\n<div dir=\"auto\"><a href=\"https:\/\/www.lavozdegalicia.es\/noticia\/somosagro\/agricultura\/2025\/06\/11\/80-profesionales-participan-salon-vinos-aguardientes-galicia-dinamarca\/00031749644374952469657.htm\" target=\"_blank\" rel=\"noopener\"><img loading=\"lazy\" decoding=\"async\" class=\"alignnone wp-image-4976\" src=\"https:\/\/comunicando.gal\/gal\/wp-content\/uploads\/2026\/02\/visibilidade11.jpg\" alt=\"\" width=\"521\" height=\"782\" srcset=\"https:\/\/comunicando.gal\/gal\/wp-content\/uploads\/2026\/02\/visibilidade11.jpg 600w, https:\/\/comunicando.gal\/gal\/wp-content\/uploads\/2026\/02\/visibilidade11-16x24.jpg 16w, https:\/\/comunicando.gal\/gal\/wp-content\/uploads\/2026\/02\/visibilidade11-24x36.jpg 24w, https:\/\/comunicando.gal\/gal\/wp-content\/uploads\/2026\/02\/visibilidade11-32x48.jpg 32w\" sizes=\"auto, (max-width: 521px) 100vw, 521px\" \/><\/a><\/div>\n<div dir=\"auto\"><\/div>\n<div dir=\"auto\">\n<div dir=\"auto\">No caso da <strong><span lang=\"GL\" data-ogsc=\"black\">Asociaci\u00f3n de Consellos Reguladores Vitivin\u00edcolas de Galicia e das II.XX. Augardentes e Licores Tradicionais de Galicia,<\/span> ACRUAGA<\/strong>, a visibilidade en medios xeneralistas, das s\u00faas acci\u00f3ns nos extranxeiro, \u00e9 crucial para que o p\u00fablico obxectivo co\u00f1eza a s\u00faa labor de promoci\u00f3n dos produtos galegos. Nosa axencia realiza ese traballo, tratando cos medios de comunicaci\u00f3n e facilit\u00e1ndolles toda a informaci\u00f3n necesaria para que as noticias xeneradas te\u00f1an espazo nos medios, como \u00e9 o caso de <a href=\"https:\/\/www.lavozdegalicia.es\/noticia\/somosagro\/agricultura\/2025\/06\/11\/80-profesionales-participan-salon-vinos-aguardientes-galicia-dinamarca\/00031749644374952469657.htm\" target=\"_blank\" rel=\"noopener\">La Voz de Galicia<\/a>.<\/div>\n<div dir=\"auto\"><\/div>\n<\/div>\n","protected":false},"excerpt":{"rendered":"<p>Comunicando Consultor\u00eda de Comunicaci\u00f3n ofrece diferentes servizos aos seus clientes, entre os que destacan acomunicaci\u00f3n corporativa e a estratexia dixital, un combo que se desenvolve partindo da pelexa diaria por dar visibilidade a estes clientes nos principais medios de comunicaci\u00f3n, tanto xeneralistas como especializados, chegando a p\u00fablicos objectivo marcados como prioritarios cando se dirime o [&hellip;]<\/p>\n","protected":false},"author":3,"featured_media":4988,"comment_status":"closed","ping_status":"closed","sticky":false,"template":"","format":"standard","meta":{"footnotes":""},"categories":[1],"tags":[],"class_list":["post-4974","post","type-post","status-publish","format-standard","has-post-thumbnail","hentry","category-noticias"],"yoast_head":"<!-- This site is optimized with the Yoast SEO plugin v26.2 - https:\/\/yoast.com\/wordpress\/plugins\/seo\/ -->\n<title>A satisfacci\u00f3n de dar visibilidade aos nosos clientes nos medios de comunicaci\u00f3n<\/title>\n<meta name=\"robots\" content=\"index, follow, max-snippet:-1, max-image-preview:large, max-video-preview:-1\" \/>\n<link rel=\"canonical\" href=\"https:\/\/comunicando.gal\/gal\/a-satisfaccion-de-dar-visibilidade-aos-nosos-clientes-nos-medios-de-comunicacion\/\" \/>\n<meta property=\"og:locale\" content=\"es_ES\" \/>\n<meta property=\"og:type\" content=\"article\" \/>\n<meta property=\"og:title\" content=\"A satisfacci\u00f3n de dar visibilidade aos nosos clientes nos medios de comunicaci\u00f3n\" \/>\n<meta property=\"og:description\" content=\"Comunicando Consultor\u00eda de Comunicaci\u00f3n ofrece diferentes servizos aos seus clientes, entre os que destacan acomunicaci\u00f3n corporativa e a estratexia dixital, un combo que se desenvolve partindo da pelexa diaria por dar visibilidade a estes clientes nos principais medios de comunicaci\u00f3n, tanto xeneralistas como especializados, chegando a p\u00fablicos objectivo marcados como prioritarios cando se dirime o [&hellip;]\" \/>\n<meta property=\"og:url\" content=\"https:\/\/comunicando.gal\/gal\/a-satisfaccion-de-dar-visibilidade-aos-nosos-clientes-nos-medios-de-comunicacion\/\" \/>\n<meta property=\"og:site_name\" content=\"Comunicando\" \/>\n<meta property=\"article:published_time\" content=\"2026-02-28T11:55:04+00:00\" \/>\n<meta property=\"article:modified_time\" content=\"2026-03-24T13:32:20+00:00\" \/>\n<meta property=\"og:image\" content=\"https:\/\/comunicando.gal\/gal\/wp-content\/uploads\/2026\/02\/visibilidadecopia.jpg\" \/>\n\t<meta property=\"og:image:width\" content=\"900\" \/>\n\t<meta property=\"og:image:height\" content=\"724\" \/>\n\t<meta property=\"og:image:type\" content=\"image\/jpeg\" \/>\n<meta name=\"author\" content=\"Jorge Isla\" \/>\n<meta name=\"twitter:card\" content=\"summary_large_image\" \/>\n<script type=\"application\/ld+json\" class=\"yoast-schema-graph\">{\"@context\":\"https:\/\/schema.org\",\"@graph\":[{\"@type\":\"Article\",\"@id\":\"https:\/\/comunicando.gal\/gal\/a-satisfaccion-de-dar-visibilidade-aos-nosos-clientes-nos-medios-de-comunicacion\/#article\",\"isPartOf\":{\"@id\":\"https:\/\/comunicando.gal\/gal\/a-satisfaccion-de-dar-visibilidade-aos-nosos-clientes-nos-medios-de-comunicacion\/\"},\"author\":{\"name\":\"Jorge Isla\",\"@id\":\"https:\/\/comunicando.gal\/gal\/#\/schema\/person\/0d28af683c857811ed3fe6a412c4a429\"},\"headline\":\"A satisfacci\u00f3n de dar visibilidade aos nosos clientes nos medios de comunicaci\u00f3n\",\"datePublished\":\"2026-02-28T11:55:04+00:00\",\"dateModified\":\"2026-03-24T13:32:20+00:00\",\"mainEntityOfPage\":{\"@id\":\"https:\/\/comunicando.gal\/gal\/a-satisfaccion-de-dar-visibilidade-aos-nosos-clientes-nos-medios-de-comunicacion\/\"},\"wordCount\":833,\"publisher\":{\"@id\":\"https:\/\/comunicando.gal\/gal\/#organization\"},\"image\":{\"@id\":\"https:\/\/comunicando.gal\/gal\/a-satisfaccion-de-dar-visibilidade-aos-nosos-clientes-nos-medios-de-comunicacion\/#primaryimage\"},\"thumbnailUrl\":\"https:\/\/comunicando.gal\/gal\/wp-content\/uploads\/2026\/02\/visibilidadecopia.jpg\",\"articleSection\":[\"Noticias\"],\"inLanguage\":\"es\"},{\"@type\":\"WebPage\",\"@id\":\"https:\/\/comunicando.gal\/gal\/a-satisfaccion-de-dar-visibilidade-aos-nosos-clientes-nos-medios-de-comunicacion\/\",\"url\":\"https:\/\/comunicando.gal\/gal\/a-satisfaccion-de-dar-visibilidade-aos-nosos-clientes-nos-medios-de-comunicacion\/\",\"name\":\"A satisfacci\u00f3n de dar visibilidade aos nosos clientes nos medios de comunicaci\u00f3n\",\"isPartOf\":{\"@id\":\"https:\/\/comunicando.gal\/gal\/#website\"},\"primaryImageOfPage\":{\"@id\":\"https:\/\/comunicando.gal\/gal\/a-satisfaccion-de-dar-visibilidade-aos-nosos-clientes-nos-medios-de-comunicacion\/#primaryimage\"},\"image\":{\"@id\":\"https:\/\/comunicando.gal\/gal\/a-satisfaccion-de-dar-visibilidade-aos-nosos-clientes-nos-medios-de-comunicacion\/#primaryimage\"},\"thumbnailUrl\":\"https:\/\/comunicando.gal\/gal\/wp-content\/uploads\/2026\/02\/visibilidadecopia.jpg\",\"datePublished\":\"2026-02-28T11:55:04+00:00\",\"dateModified\":\"2026-03-24T13:32:20+00:00\",\"breadcrumb\":{\"@id\":\"https:\/\/comunicando.gal\/gal\/a-satisfaccion-de-dar-visibilidade-aos-nosos-clientes-nos-medios-de-comunicacion\/#breadcrumb\"},\"inLanguage\":\"es\",\"potentialAction\":[{\"@type\":\"ReadAction\",\"target\":[\"https:\/\/comunicando.gal\/gal\/a-satisfaccion-de-dar-visibilidade-aos-nosos-clientes-nos-medios-de-comunicacion\/\"]}]},{\"@type\":\"ImageObject\",\"inLanguage\":\"es\",\"@id\":\"https:\/\/comunicando.gal\/gal\/a-satisfaccion-de-dar-visibilidade-aos-nosos-clientes-nos-medios-de-comunicacion\/#primaryimage\",\"url\":\"https:\/\/comunicando.gal\/gal\/wp-content\/uploads\/2026\/02\/visibilidadecopia.jpg\",\"contentUrl\":\"https:\/\/comunicando.gal\/gal\/wp-content\/uploads\/2026\/02\/visibilidadecopia.jpg\",\"width\":900,\"height\":724},{\"@type\":\"BreadcrumbList\",\"@id\":\"https:\/\/comunicando.gal\/gal\/a-satisfaccion-de-dar-visibilidade-aos-nosos-clientes-nos-medios-de-comunicacion\/#breadcrumb\",\"itemListElement\":[{\"@type\":\"ListItem\",\"position\":1,\"name\":\"Portada\",\"item\":\"https:\/\/comunicando.gal\/gal\/\"},{\"@type\":\"ListItem\",\"position\":2,\"name\":\"A satisfacci\u00f3n de dar visibilidade aos nosos clientes nos medios de comunicaci\u00f3n\"}]},{\"@type\":\"WebSite\",\"@id\":\"https:\/\/comunicando.gal\/gal\/#website\",\"url\":\"https:\/\/comunicando.gal\/gal\/\",\"name\":\"Comunicando. Consultor\u00eda de comunicaci\u00f3n.\",\"description\":\"Consultor\u00eda de comunicaci\u00f3n\",\"publisher\":{\"@id\":\"https:\/\/comunicando.gal\/gal\/#organization\"},\"alternateName\":\"Comunicando. Consultor\u00eda de comunicaci\u00f3n.\",\"potentialAction\":[{\"@type\":\"SearchAction\",\"target\":{\"@type\":\"EntryPoint\",\"urlTemplate\":\"https:\/\/comunicando.gal\/gal\/?s={search_term_string}\"},\"query-input\":{\"@type\":\"PropertyValueSpecification\",\"valueRequired\":true,\"valueName\":\"search_term_string\"}}],\"inLanguage\":\"es\"},{\"@type\":\"Organization\",\"@id\":\"https:\/\/comunicando.gal\/gal\/#organization\",\"name\":\"Comunicando. Consultor\u00eda de comunicaci\u00f3n.\",\"url\":\"https:\/\/comunicando.gal\/gal\/\",\"logo\":{\"@type\":\"ImageObject\",\"inLanguage\":\"es\",\"@id\":\"https:\/\/comunicando.gal\/gal\/#\/schema\/logo\/image\/\",\"url\":\"https:\/\/comunicando.gal\/gal\/wp-content\/uploads\/2024\/07\/comunicando-vertical.png\",\"contentUrl\":\"https:\/\/comunicando.gal\/gal\/wp-content\/uploads\/2024\/07\/comunicando-vertical.png\",\"width\":300,\"height\":323,\"caption\":\"Comunicando. Consultor\u00eda de comunicaci\u00f3n.\"},\"image\":{\"@id\":\"https:\/\/comunicando.gal\/gal\/#\/schema\/logo\/image\/\"}},{\"@type\":\"Person\",\"@id\":\"https:\/\/comunicando.gal\/gal\/#\/schema\/person\/0d28af683c857811ed3fe6a412c4a429\",\"name\":\"Jorge Isla\"}]}<\/script>\n<!-- \/ Yoast SEO plugin. -->","yoast_head_json":{"title":"A satisfacci\u00f3n de dar visibilidade aos nosos clientes nos medios de comunicaci\u00f3n","robots":{"index":"index","follow":"follow","max-snippet":"max-snippet:-1","max-image-preview":"max-image-preview:large","max-video-preview":"max-video-preview:-1"},"canonical":"https:\/\/comunicando.gal\/gal\/a-satisfaccion-de-dar-visibilidade-aos-nosos-clientes-nos-medios-de-comunicacion\/","og_locale":"es_ES","og_type":"article","og_title":"A satisfacci\u00f3n de dar visibilidade aos nosos clientes nos medios de comunicaci\u00f3n","og_description":"Comunicando Consultor\u00eda de Comunicaci\u00f3n ofrece diferentes servizos aos seus clientes, entre os que destacan acomunicaci\u00f3n corporativa e a estratexia dixital, un combo que se desenvolve partindo da pelexa diaria por dar visibilidade a estes clientes nos principais medios de comunicaci\u00f3n, tanto xeneralistas como especializados, chegando a p\u00fablicos objectivo marcados como prioritarios cando se dirime o [&hellip;]","og_url":"https:\/\/comunicando.gal\/gal\/a-satisfaccion-de-dar-visibilidade-aos-nosos-clientes-nos-medios-de-comunicacion\/","og_site_name":"Comunicando","article_published_time":"2026-02-28T11:55:04+00:00","article_modified_time":"2026-03-24T13:32:20+00:00","og_image":[{"width":900,"height":724,"url":"https:\/\/comunicando.gal\/gal\/wp-content\/uploads\/2026\/02\/visibilidadecopia.jpg","type":"image\/jpeg"}],"author":"Jorge Isla","twitter_card":"summary_large_image","schema":{"@context":"https:\/\/schema.org","@graph":[{"@type":"Article","@id":"https:\/\/comunicando.gal\/gal\/a-satisfaccion-de-dar-visibilidade-aos-nosos-clientes-nos-medios-de-comunicacion\/#article","isPartOf":{"@id":"https:\/\/comunicando.gal\/gal\/a-satisfaccion-de-dar-visibilidade-aos-nosos-clientes-nos-medios-de-comunicacion\/"},"author":{"name":"Jorge Isla","@id":"https:\/\/comunicando.gal\/gal\/#\/schema\/person\/0d28af683c857811ed3fe6a412c4a429"},"headline":"A satisfacci\u00f3n de dar visibilidade aos nosos clientes nos medios de comunicaci\u00f3n","datePublished":"2026-02-28T11:55:04+00:00","dateModified":"2026-03-24T13:32:20+00:00","mainEntityOfPage":{"@id":"https:\/\/comunicando.gal\/gal\/a-satisfaccion-de-dar-visibilidade-aos-nosos-clientes-nos-medios-de-comunicacion\/"},"wordCount":833,"publisher":{"@id":"https:\/\/comunicando.gal\/gal\/#organization"},"image":{"@id":"https:\/\/comunicando.gal\/gal\/a-satisfaccion-de-dar-visibilidade-aos-nosos-clientes-nos-medios-de-comunicacion\/#primaryimage"},"thumbnailUrl":"https:\/\/comunicando.gal\/gal\/wp-content\/uploads\/2026\/02\/visibilidadecopia.jpg","articleSection":["Noticias"],"inLanguage":"es"},{"@type":"WebPage","@id":"https:\/\/comunicando.gal\/gal\/a-satisfaccion-de-dar-visibilidade-aos-nosos-clientes-nos-medios-de-comunicacion\/","url":"https:\/\/comunicando.gal\/gal\/a-satisfaccion-de-dar-visibilidade-aos-nosos-clientes-nos-medios-de-comunicacion\/","name":"A satisfacci\u00f3n de dar visibilidade aos nosos clientes nos medios de comunicaci\u00f3n","isPartOf":{"@id":"https:\/\/comunicando.gal\/gal\/#website"},"primaryImageOfPage":{"@id":"https:\/\/comunicando.gal\/gal\/a-satisfaccion-de-dar-visibilidade-aos-nosos-clientes-nos-medios-de-comunicacion\/#primaryimage"},"image":{"@id":"https:\/\/comunicando.gal\/gal\/a-satisfaccion-de-dar-visibilidade-aos-nosos-clientes-nos-medios-de-comunicacion\/#primaryimage"},"thumbnailUrl":"https:\/\/comunicando.gal\/gal\/wp-content\/uploads\/2026\/02\/visibilidadecopia.jpg","datePublished":"2026-02-28T11:55:04+00:00","dateModified":"2026-03-24T13:32:20+00:00","breadcrumb":{"@id":"https:\/\/comunicando.gal\/gal\/a-satisfaccion-de-dar-visibilidade-aos-nosos-clientes-nos-medios-de-comunicacion\/#breadcrumb"},"inLanguage":"es","potentialAction":[{"@type":"ReadAction","target":["https:\/\/comunicando.gal\/gal\/a-satisfaccion-de-dar-visibilidade-aos-nosos-clientes-nos-medios-de-comunicacion\/"]}]},{"@type":"ImageObject","inLanguage":"es","@id":"https:\/\/comunicando.gal\/gal\/a-satisfaccion-de-dar-visibilidade-aos-nosos-clientes-nos-medios-de-comunicacion\/#primaryimage","url":"https:\/\/comunicando.gal\/gal\/wp-content\/uploads\/2026\/02\/visibilidadecopia.jpg","contentUrl":"https:\/\/comunicando.gal\/gal\/wp-content\/uploads\/2026\/02\/visibilidadecopia.jpg","width":900,"height":724},{"@type":"BreadcrumbList","@id":"https:\/\/comunicando.gal\/gal\/a-satisfaccion-de-dar-visibilidade-aos-nosos-clientes-nos-medios-de-comunicacion\/#breadcrumb","itemListElement":[{"@type":"ListItem","position":1,"name":"Portada","item":"https:\/\/comunicando.gal\/gal\/"},{"@type":"ListItem","position":2,"name":"A satisfacci\u00f3n de dar visibilidade aos nosos clientes nos medios de comunicaci\u00f3n"}]},{"@type":"WebSite","@id":"https:\/\/comunicando.gal\/gal\/#website","url":"https:\/\/comunicando.gal\/gal\/","name":"Comunicando. Consultor\u00eda de comunicaci\u00f3n.","description":"Consultor\u00eda de comunicaci\u00f3n","publisher":{"@id":"https:\/\/comunicando.gal\/gal\/#organization"},"alternateName":"Comunicando. Consultor\u00eda de comunicaci\u00f3n.","potentialAction":[{"@type":"SearchAction","target":{"@type":"EntryPoint","urlTemplate":"https:\/\/comunicando.gal\/gal\/?s={search_term_string}"},"query-input":{"@type":"PropertyValueSpecification","valueRequired":true,"valueName":"search_term_string"}}],"inLanguage":"es"},{"@type":"Organization","@id":"https:\/\/comunicando.gal\/gal\/#organization","name":"Comunicando. Consultor\u00eda de comunicaci\u00f3n.","url":"https:\/\/comunicando.gal\/gal\/","logo":{"@type":"ImageObject","inLanguage":"es","@id":"https:\/\/comunicando.gal\/gal\/#\/schema\/logo\/image\/","url":"https:\/\/comunicando.gal\/gal\/wp-content\/uploads\/2024\/07\/comunicando-vertical.png","contentUrl":"https:\/\/comunicando.gal\/gal\/wp-content\/uploads\/2024\/07\/comunicando-vertical.png","width":300,"height":323,"caption":"Comunicando. Consultor\u00eda de comunicaci\u00f3n."},"image":{"@id":"https:\/\/comunicando.gal\/gal\/#\/schema\/logo\/image\/"}},{"@type":"Person","@id":"https:\/\/comunicando.gal\/gal\/#\/schema\/person\/0d28af683c857811ed3fe6a412c4a429","name":"Jorge Isla"}]}},"_links":{"self":[{"href":"https:\/\/comunicando.gal\/gal\/wp-json\/wp\/v2\/posts\/4974","targetHints":{"allow":["GET"]}}],"collection":[{"href":"https:\/\/comunicando.gal\/gal\/wp-json\/wp\/v2\/posts"}],"about":[{"href":"https:\/\/comunicando.gal\/gal\/wp-json\/wp\/v2\/types\/post"}],"author":[{"embeddable":true,"href":"https:\/\/comunicando.gal\/gal\/wp-json\/wp\/v2\/users\/3"}],"replies":[{"embeddable":true,"href":"https:\/\/comunicando.gal\/gal\/wp-json\/wp\/v2\/comments?post=4974"}],"version-history":[{"count":9,"href":"https:\/\/comunicando.gal\/gal\/wp-json\/wp\/v2\/posts\/4974\/revisions"}],"predecessor-version":[{"id":4992,"href":"https:\/\/comunicando.gal\/gal\/wp-json\/wp\/v2\/posts\/4974\/revisions\/4992"}],"wp:featuredmedia":[{"embeddable":true,"href":"https:\/\/comunicando.gal\/gal\/wp-json\/wp\/v2\/media\/4988"}],"wp:attachment":[{"href":"https:\/\/comunicando.gal\/gal\/wp-json\/wp\/v2\/media?parent=4974"}],"wp:term":[{"taxonomy":"category","embeddable":true,"href":"https:\/\/comunicando.gal\/gal\/wp-json\/wp\/v2\/categories?post=4974"},{"taxonomy":"post_tag","embeddable":true,"href":"https:\/\/comunicando.gal\/gal\/wp-json\/wp\/v2\/tags?post=4974"}],"curies":[{"name":"wp","href":"https:\/\/api.w.org\/{rel}","templated":true}]}}