{"id":4961,"date":"2026-03-18T17:42:16","date_gmt":"2026-03-18T16:42:16","guid":{"rendered":"https:\/\/comunicando.gal\/gal\/?p=4961"},"modified":"2026-03-18T18:07:32","modified_gmt":"2026-03-18T17:07:32","slug":"exposicion-volframio-proxecto-turismo-comunicando","status":"publish","type":"post","link":"https:\/\/comunicando.gal\/gal\/exposicion-volframio-proxecto-turismo-comunicando\/","title":{"rendered":"Unha exposici\u00f3n sobre o volframio pechou o exitoso proxecto de Turismo e o IEV, coordinado por Comunicando"},"content":{"rendered":"<div id=\"attachment_4967\" style=\"width: 910px\" class=\"wp-caption aligncenter\"><img loading=\"lazy\" decoding=\"async\" aria-describedby=\"caption-attachment-4967\" class=\"wp-image-4967 size-full\" src=\"https:\/\/comunicando.gal\/gal\/wp-content\/uploads\/2026\/03\/presentacionexpovolframioweb2-1.jpg\" alt=\"\" width=\"900\" height=\"600\" srcset=\"https:\/\/comunicando.gal\/gal\/wp-content\/uploads\/2026\/03\/presentacionexpovolframioweb2-1.jpg 900w, https:\/\/comunicando.gal\/gal\/wp-content\/uploads\/2026\/03\/presentacionexpovolframioweb2-1-768x512.jpg 768w, https:\/\/comunicando.gal\/gal\/wp-content\/uploads\/2026\/03\/presentacionexpovolframioweb2-1-600x400.jpg 600w, https:\/\/comunicando.gal\/gal\/wp-content\/uploads\/2026\/03\/presentacionexpovolframioweb2-1-24x16.jpg 24w, https:\/\/comunicando.gal\/gal\/wp-content\/uploads\/2026\/03\/presentacionexpovolframioweb2-1-36x24.jpg 36w, https:\/\/comunicando.gal\/gal\/wp-content\/uploads\/2026\/03\/presentacionexpovolframioweb2-1-48x32.jpg 48w\" sizes=\"auto, (max-width: 900px) 100vw, 900px\" \/><p id=\"caption-attachment-4967\" class=\"wp-caption-text\"><em>O director de Comunicando Consultor\u00eda de Comunicaci\u00f3n, Jorge Isla, na presentaci\u00f3n do acto de inauguraci\u00f3n da mostra. <\/em><\/p><\/div>\n<p>Comunicando Consultor\u00eda de Comunicaci\u00f3n culminou onte o seu labor como coordinadora dun programa de colaboraci\u00f3n entre o Instituto de Estudios Valdeorreses e a Axencia de Turismo de Galicia. O \u00faltimo evento, a inauguraci\u00f3n da exposici\u00f3n \u00abO Volframio, entre a traxedia e o romanticismo\u00bb, lev\u00e1base a cabo este martes na sala de exposici\u00f3ns ABANCA, no Barco de Valdeorras. Comunicando organizou, presentou e coordinou o evento, ao que asistiron autoridades locais e provinciais.<\/p>\n<div id=\"attachment_4965\" style=\"width: 910px\" class=\"wp-caption aligncenter\"><img loading=\"lazy\" decoding=\"async\" aria-describedby=\"caption-attachment-4965\" class=\"wp-image-4965 size-full\" src=\"https:\/\/comunicando.gal\/gal\/wp-content\/uploads\/2026\/03\/presentacionexpovolframioweb.jpg\" alt=\"\" width=\"900\" height=\"600\" srcset=\"https:\/\/comunicando.gal\/gal\/wp-content\/uploads\/2026\/03\/presentacionexpovolframioweb.jpg 900w, https:\/\/comunicando.gal\/gal\/wp-content\/uploads\/2026\/03\/presentacionexpovolframioweb-768x512.jpg 768w, https:\/\/comunicando.gal\/gal\/wp-content\/uploads\/2026\/03\/presentacionexpovolframioweb-600x400.jpg 600w, https:\/\/comunicando.gal\/gal\/wp-content\/uploads\/2026\/03\/presentacionexpovolframioweb-24x16.jpg 24w, https:\/\/comunicando.gal\/gal\/wp-content\/uploads\/2026\/03\/presentacionexpovolframioweb-36x24.jpg 36w, https:\/\/comunicando.gal\/gal\/wp-content\/uploads\/2026\/03\/presentacionexpovolframioweb-48x32.jpg 48w\" sizes=\"auto, (max-width: 900px) 100vw, 900px\" \/><p id=\"caption-attachment-4965\" class=\"wp-caption-text\"><em>Autoridades asistentes ao acto de inauguraci\u00f3n. De esquerda a dereita: Margarida Pizcueta, Aurelio Blanco, Julio P\u00e9rez, Ricardo Mart\u00edn, e Cecilio Santalices. <\/em><\/p><\/div>\n<p>A posta en marcha da exposici\u00f3n, que poder\u00e1 visitarse ata o vindeiro d\u00eda 1 de abril, veu a pechar as actividades e eventos que vimos desenvolvendo e coordinando desde o pasado d\u00eda 8 de agosto de 2025, cando o director da Axencia de Turismo de Galicia, Xos\u00e9 Manuel Merelles, presentou un proxecto formado por diversas iniciativas, que te\u00f1en como obxectivo revalorizar o patrimonio da comarca de Valdeorras.<\/p>\n<p>Ademais da exposici\u00f3n, Comunicando organizou o XII Concurso de Fotograf\u00eda Manuel Blanco Pascual, do cual se fixo a entrega de premios no Centro Cultural Avenida da R\u00faa o pasado 27 de novembro, e a inauguraci\u00f3n dunha exposici\u00f3n de fotograf\u00eda composta polas obras premiadas e unha selecci\u00f3n das mellores participantes.<\/p>\n<div id=\"attachment_4969\" style=\"width: 910px\" class=\"wp-caption aligncenter\"><img loading=\"lazy\" decoding=\"async\" aria-describedby=\"caption-attachment-4969\" class=\"wp-image-4969 size-full\" src=\"https:\/\/comunicando.gal\/gal\/wp-content\/uploads\/2026\/03\/fotografiaweb.jpg\" alt=\"\" width=\"900\" height=\"600\" srcset=\"https:\/\/comunicando.gal\/gal\/wp-content\/uploads\/2026\/03\/fotografiaweb.jpg 900w, https:\/\/comunicando.gal\/gal\/wp-content\/uploads\/2026\/03\/fotografiaweb-768x512.jpg 768w, https:\/\/comunicando.gal\/gal\/wp-content\/uploads\/2026\/03\/fotografiaweb-600x400.jpg 600w, https:\/\/comunicando.gal\/gal\/wp-content\/uploads\/2026\/03\/fotografiaweb-24x16.jpg 24w, https:\/\/comunicando.gal\/gal\/wp-content\/uploads\/2026\/03\/fotografiaweb-36x24.jpg 36w, https:\/\/comunicando.gal\/gal\/wp-content\/uploads\/2026\/03\/fotografiaweb-48x32.jpg 48w\" sizes=\"auto, (max-width: 900px) 100vw, 900px\" \/><p id=\"caption-attachment-4969\" class=\"wp-caption-text\"><em>Premiados no II Concurso de Espantallos do Instituto de Estudios Valdeorreses.<\/em><\/p><\/div>\n<p>O pasado 15 de novembro, organizamos e presentamos o Acto de Irmandamento co Instituto de Estudios Bercianos nun acto en Carracedelo, El Bierzo, que complementouse con outro acto celebrado na Casa Grande de Viloira no mes de decembro. Tam\u00e9n participou Comunicando, na recuperaci\u00f3n da Semana da Historia do IEV, tras case vinte anos sen celebrarse, levouse a cabo no mes de novembro do 2025, con catro xornadas de actividades e unha mesa redonda.<\/p>\n<div id=\"attachment_4968\" style=\"width: 910px\" class=\"wp-caption aligncenter\"><img loading=\"lazy\" decoding=\"async\" aria-describedby=\"caption-attachment-4968\" class=\"wp-image-4968 size-full\" src=\"https:\/\/comunicando.gal\/gal\/wp-content\/uploads\/2026\/03\/clausurasemanahistoriaiev1web.jpg\" alt=\"\" width=\"900\" height=\"600\" srcset=\"https:\/\/comunicando.gal\/gal\/wp-content\/uploads\/2026\/03\/clausurasemanahistoriaiev1web.jpg 900w, https:\/\/comunicando.gal\/gal\/wp-content\/uploads\/2026\/03\/clausurasemanahistoriaiev1web-768x512.jpg 768w, https:\/\/comunicando.gal\/gal\/wp-content\/uploads\/2026\/03\/clausurasemanahistoriaiev1web-600x400.jpg 600w, https:\/\/comunicando.gal\/gal\/wp-content\/uploads\/2026\/03\/clausurasemanahistoriaiev1web-24x16.jpg 24w, https:\/\/comunicando.gal\/gal\/wp-content\/uploads\/2026\/03\/clausurasemanahistoriaiev1web-36x24.jpg 36w, https:\/\/comunicando.gal\/gal\/wp-content\/uploads\/2026\/03\/clausurasemanahistoriaiev1web-48x32.jpg 48w\" sizes=\"auto, (max-width: 900px) 100vw, 900px\" \/><p id=\"caption-attachment-4968\" class=\"wp-caption-text\"><em>Acto de clausura da XIII Semana da Historia de Valdeorras. De dereita \u00e1 esquerda: Aurentino Alonso, Xos\u00e9 Manuel Merelles e Aurelio Blanco. <\/em><\/p><\/div>\n<p>Ademais, a nosa consultor\u00eda de comunicaci\u00f3n tam\u00e9n coordinou o II Concurso de Espantallos, que tivo gran participaci\u00f3n, e o acto de entrega de premios e inauguraci\u00f3n da exposici\u00f3n con todas as figuras participantes, tam\u00e9n na Casa Grande de Viloira.<\/p>\n","protected":false},"excerpt":{"rendered":"<p>Comunicando Consultor\u00eda de Comunicaci\u00f3n culminou onte o seu labor como coordinadora dun programa de colaboraci\u00f3n entre o Instituto de Estudios Valdeorreses e a Axencia de Turismo de Galicia. O \u00faltimo evento, a inauguraci\u00f3n da exposici\u00f3n \u00abO Volframio, entre a traxedia e o romanticismo\u00bb, lev\u00e1base a cabo este martes na sala de exposici\u00f3ns ABANCA, no Barco [&hellip;]<\/p>\n","protected":false},"author":3,"featured_media":4967,"comment_status":"closed","ping_status":"closed","sticky":false,"template":"","format":"standard","meta":{"footnotes":""},"categories":[1],"tags":[],"class_list":["post-4961","post","type-post","status-publish","format-standard","has-post-thumbnail","hentry","category-noticias"],"yoast_head":"<!-- This site is optimized with the Yoast SEO plugin v26.2 - https:\/\/yoast.com\/wordpress\/plugins\/seo\/ -->\n<title>Unha exposici\u00f3n sobre o volframio pechou o exitoso proxecto de Turismo e o IEV, coordinado por Comunicando<\/title>\n<meta name=\"robots\" content=\"index, follow, max-snippet:-1, max-image-preview:large, max-video-preview:-1\" \/>\n<link rel=\"canonical\" href=\"https:\/\/comunicando.gal\/gal\/exposicion-volframio-proxecto-turismo-comunicando\/\" \/>\n<meta property=\"og:locale\" content=\"es_ES\" \/>\n<meta property=\"og:type\" content=\"article\" \/>\n<meta property=\"og:title\" content=\"Unha exposici\u00f3n sobre o volframio pechou o exitoso proxecto de Turismo e o IEV, coordinado por Comunicando\" \/>\n<meta property=\"og:description\" content=\"Comunicando Consultor\u00eda de Comunicaci\u00f3n culminou onte o seu labor como coordinadora dun programa de colaboraci\u00f3n entre o Instituto de Estudios Valdeorreses e a Axencia de Turismo de Galicia. O \u00faltimo evento, a inauguraci\u00f3n da exposici\u00f3n \u00abO Volframio, entre a traxedia e o romanticismo\u00bb, lev\u00e1base a cabo este martes na sala de exposici\u00f3ns ABANCA, no Barco [&hellip;]\" \/>\n<meta property=\"og:url\" content=\"https:\/\/comunicando.gal\/gal\/exposicion-volframio-proxecto-turismo-comunicando\/\" \/>\n<meta property=\"og:site_name\" content=\"Comunicando\" \/>\n<meta property=\"article:published_time\" content=\"2026-03-18T16:42:16+00:00\" \/>\n<meta property=\"article:modified_time\" content=\"2026-03-18T17:07:32+00:00\" \/>\n<meta property=\"og:image\" content=\"https:\/\/comunicando.gal\/gal\/wp-content\/uploads\/2026\/03\/presentacionexpovolframioweb2-1.jpg\" \/>\n\t<meta property=\"og:image:width\" content=\"900\" \/>\n\t<meta property=\"og:image:height\" content=\"600\" \/>\n\t<meta property=\"og:image:type\" content=\"image\/jpeg\" \/>\n<meta name=\"author\" content=\"Jorge Isla\" \/>\n<meta name=\"twitter:card\" content=\"summary_large_image\" \/>\n<script type=\"application\/ld+json\" class=\"yoast-schema-graph\">{\"@context\":\"https:\/\/schema.org\",\"@graph\":[{\"@type\":\"Article\",\"@id\":\"https:\/\/comunicando.gal\/gal\/exposicion-volframio-proxecto-turismo-comunicando\/#article\",\"isPartOf\":{\"@id\":\"https:\/\/comunicando.gal\/gal\/exposicion-volframio-proxecto-turismo-comunicando\/\"},\"author\":{\"name\":\"Jorge Isla\",\"@id\":\"https:\/\/comunicando.gal\/gal\/#\/schema\/person\/0d28af683c857811ed3fe6a412c4a429\"},\"headline\":\"Unha exposici\u00f3n sobre o volframio pechou o exitoso proxecto de Turismo e o IEV, coordinado por Comunicando\",\"datePublished\":\"2026-03-18T16:42:16+00:00\",\"dateModified\":\"2026-03-18T17:07:32+00:00\",\"mainEntityOfPage\":{\"@id\":\"https:\/\/comunicando.gal\/gal\/exposicion-volframio-proxecto-turismo-comunicando\/\"},\"wordCount\":443,\"publisher\":{\"@id\":\"https:\/\/comunicando.gal\/gal\/#organization\"},\"image\":{\"@id\":\"https:\/\/comunicando.gal\/gal\/exposicion-volframio-proxecto-turismo-comunicando\/#primaryimage\"},\"thumbnailUrl\":\"https:\/\/comunicando.gal\/gal\/wp-content\/uploads\/2026\/03\/presentacionexpovolframioweb2-1.jpg\",\"articleSection\":[\"Noticias\"],\"inLanguage\":\"es\"},{\"@type\":\"WebPage\",\"@id\":\"https:\/\/comunicando.gal\/gal\/exposicion-volframio-proxecto-turismo-comunicando\/\",\"url\":\"https:\/\/comunicando.gal\/gal\/exposicion-volframio-proxecto-turismo-comunicando\/\",\"name\":\"Unha exposici\u00f3n sobre o volframio pechou o exitoso proxecto de Turismo e o IEV, coordinado por Comunicando\",\"isPartOf\":{\"@id\":\"https:\/\/comunicando.gal\/gal\/#website\"},\"primaryImageOfPage\":{\"@id\":\"https:\/\/comunicando.gal\/gal\/exposicion-volframio-proxecto-turismo-comunicando\/#primaryimage\"},\"image\":{\"@id\":\"https:\/\/comunicando.gal\/gal\/exposicion-volframio-proxecto-turismo-comunicando\/#primaryimage\"},\"thumbnailUrl\":\"https:\/\/comunicando.gal\/gal\/wp-content\/uploads\/2026\/03\/presentacionexpovolframioweb2-1.jpg\",\"datePublished\":\"2026-03-18T16:42:16+00:00\",\"dateModified\":\"2026-03-18T17:07:32+00:00\",\"breadcrumb\":{\"@id\":\"https:\/\/comunicando.gal\/gal\/exposicion-volframio-proxecto-turismo-comunicando\/#breadcrumb\"},\"inLanguage\":\"es\",\"potentialAction\":[{\"@type\":\"ReadAction\",\"target\":[\"https:\/\/comunicando.gal\/gal\/exposicion-volframio-proxecto-turismo-comunicando\/\"]}]},{\"@type\":\"ImageObject\",\"inLanguage\":\"es\",\"@id\":\"https:\/\/comunicando.gal\/gal\/exposicion-volframio-proxecto-turismo-comunicando\/#primaryimage\",\"url\":\"https:\/\/comunicando.gal\/gal\/wp-content\/uploads\/2026\/03\/presentacionexpovolframioweb2-1.jpg\",\"contentUrl\":\"https:\/\/comunicando.gal\/gal\/wp-content\/uploads\/2026\/03\/presentacionexpovolframioweb2-1.jpg\",\"width\":900,\"height\":600},{\"@type\":\"BreadcrumbList\",\"@id\":\"https:\/\/comunicando.gal\/gal\/exposicion-volframio-proxecto-turismo-comunicando\/#breadcrumb\",\"itemListElement\":[{\"@type\":\"ListItem\",\"position\":1,\"name\":\"Portada\",\"item\":\"https:\/\/comunicando.gal\/gal\/\"},{\"@type\":\"ListItem\",\"position\":2,\"name\":\"Unha exposici\u00f3n sobre o volframio pechou o exitoso proxecto de Turismo e o IEV, coordinado por Comunicando\"}]},{\"@type\":\"WebSite\",\"@id\":\"https:\/\/comunicando.gal\/gal\/#website\",\"url\":\"https:\/\/comunicando.gal\/gal\/\",\"name\":\"Comunicando. Consultor\u00eda de comunicaci\u00f3n.\",\"description\":\"Consultor\u00eda de comunicaci\u00f3n\",\"publisher\":{\"@id\":\"https:\/\/comunicando.gal\/gal\/#organization\"},\"alternateName\":\"Comunicando. Consultor\u00eda de comunicaci\u00f3n.\",\"potentialAction\":[{\"@type\":\"SearchAction\",\"target\":{\"@type\":\"EntryPoint\",\"urlTemplate\":\"https:\/\/comunicando.gal\/gal\/?s={search_term_string}\"},\"query-input\":{\"@type\":\"PropertyValueSpecification\",\"valueRequired\":true,\"valueName\":\"search_term_string\"}}],\"inLanguage\":\"es\"},{\"@type\":\"Organization\",\"@id\":\"https:\/\/comunicando.gal\/gal\/#organization\",\"name\":\"Comunicando. Consultor\u00eda de comunicaci\u00f3n.\",\"url\":\"https:\/\/comunicando.gal\/gal\/\",\"logo\":{\"@type\":\"ImageObject\",\"inLanguage\":\"es\",\"@id\":\"https:\/\/comunicando.gal\/gal\/#\/schema\/logo\/image\/\",\"url\":\"https:\/\/comunicando.gal\/gal\/wp-content\/uploads\/2024\/07\/comunicando-vertical.png\",\"contentUrl\":\"https:\/\/comunicando.gal\/gal\/wp-content\/uploads\/2024\/07\/comunicando-vertical.png\",\"width\":300,\"height\":323,\"caption\":\"Comunicando. Consultor\u00eda de comunicaci\u00f3n.\"},\"image\":{\"@id\":\"https:\/\/comunicando.gal\/gal\/#\/schema\/logo\/image\/\"}},{\"@type\":\"Person\",\"@id\":\"https:\/\/comunicando.gal\/gal\/#\/schema\/person\/0d28af683c857811ed3fe6a412c4a429\",\"name\":\"Jorge Isla\"}]}<\/script>\n<!-- \/ Yoast SEO plugin. -->","yoast_head_json":{"title":"Unha exposici\u00f3n sobre o volframio pechou o exitoso proxecto de Turismo e o IEV, coordinado por Comunicando","robots":{"index":"index","follow":"follow","max-snippet":"max-snippet:-1","max-image-preview":"max-image-preview:large","max-video-preview":"max-video-preview:-1"},"canonical":"https:\/\/comunicando.gal\/gal\/exposicion-volframio-proxecto-turismo-comunicando\/","og_locale":"es_ES","og_type":"article","og_title":"Unha exposici\u00f3n sobre o volframio pechou o exitoso proxecto de Turismo e o IEV, coordinado por Comunicando","og_description":"Comunicando Consultor\u00eda de Comunicaci\u00f3n culminou onte o seu labor como coordinadora dun programa de colaboraci\u00f3n entre o Instituto de Estudios Valdeorreses e a Axencia de Turismo de Galicia. O \u00faltimo evento, a inauguraci\u00f3n da exposici\u00f3n \u00abO Volframio, entre a traxedia e o romanticismo\u00bb, lev\u00e1base a cabo este martes na sala de exposici\u00f3ns ABANCA, no Barco [&hellip;]","og_url":"https:\/\/comunicando.gal\/gal\/exposicion-volframio-proxecto-turismo-comunicando\/","og_site_name":"Comunicando","article_published_time":"2026-03-18T16:42:16+00:00","article_modified_time":"2026-03-18T17:07:32+00:00","og_image":[{"width":900,"height":600,"url":"https:\/\/comunicando.gal\/gal\/wp-content\/uploads\/2026\/03\/presentacionexpovolframioweb2-1.jpg","type":"image\/jpeg"}],"author":"Jorge Isla","twitter_card":"summary_large_image","schema":{"@context":"https:\/\/schema.org","@graph":[{"@type":"Article","@id":"https:\/\/comunicando.gal\/gal\/exposicion-volframio-proxecto-turismo-comunicando\/#article","isPartOf":{"@id":"https:\/\/comunicando.gal\/gal\/exposicion-volframio-proxecto-turismo-comunicando\/"},"author":{"name":"Jorge Isla","@id":"https:\/\/comunicando.gal\/gal\/#\/schema\/person\/0d28af683c857811ed3fe6a412c4a429"},"headline":"Unha exposici\u00f3n sobre o volframio pechou o exitoso proxecto de Turismo e o IEV, coordinado por Comunicando","datePublished":"2026-03-18T16:42:16+00:00","dateModified":"2026-03-18T17:07:32+00:00","mainEntityOfPage":{"@id":"https:\/\/comunicando.gal\/gal\/exposicion-volframio-proxecto-turismo-comunicando\/"},"wordCount":443,"publisher":{"@id":"https:\/\/comunicando.gal\/gal\/#organization"},"image":{"@id":"https:\/\/comunicando.gal\/gal\/exposicion-volframio-proxecto-turismo-comunicando\/#primaryimage"},"thumbnailUrl":"https:\/\/comunicando.gal\/gal\/wp-content\/uploads\/2026\/03\/presentacionexpovolframioweb2-1.jpg","articleSection":["Noticias"],"inLanguage":"es"},{"@type":"WebPage","@id":"https:\/\/comunicando.gal\/gal\/exposicion-volframio-proxecto-turismo-comunicando\/","url":"https:\/\/comunicando.gal\/gal\/exposicion-volframio-proxecto-turismo-comunicando\/","name":"Unha exposici\u00f3n sobre o volframio pechou o exitoso proxecto de Turismo e o IEV, coordinado por Comunicando","isPartOf":{"@id":"https:\/\/comunicando.gal\/gal\/#website"},"primaryImageOfPage":{"@id":"https:\/\/comunicando.gal\/gal\/exposicion-volframio-proxecto-turismo-comunicando\/#primaryimage"},"image":{"@id":"https:\/\/comunicando.gal\/gal\/exposicion-volframio-proxecto-turismo-comunicando\/#primaryimage"},"thumbnailUrl":"https:\/\/comunicando.gal\/gal\/wp-content\/uploads\/2026\/03\/presentacionexpovolframioweb2-1.jpg","datePublished":"2026-03-18T16:42:16+00:00","dateModified":"2026-03-18T17:07:32+00:00","breadcrumb":{"@id":"https:\/\/comunicando.gal\/gal\/exposicion-volframio-proxecto-turismo-comunicando\/#breadcrumb"},"inLanguage":"es","potentialAction":[{"@type":"ReadAction","target":["https:\/\/comunicando.gal\/gal\/exposicion-volframio-proxecto-turismo-comunicando\/"]}]},{"@type":"ImageObject","inLanguage":"es","@id":"https:\/\/comunicando.gal\/gal\/exposicion-volframio-proxecto-turismo-comunicando\/#primaryimage","url":"https:\/\/comunicando.gal\/gal\/wp-content\/uploads\/2026\/03\/presentacionexpovolframioweb2-1.jpg","contentUrl":"https:\/\/comunicando.gal\/gal\/wp-content\/uploads\/2026\/03\/presentacionexpovolframioweb2-1.jpg","width":900,"height":600},{"@type":"BreadcrumbList","@id":"https:\/\/comunicando.gal\/gal\/exposicion-volframio-proxecto-turismo-comunicando\/#breadcrumb","itemListElement":[{"@type":"ListItem","position":1,"name":"Portada","item":"https:\/\/comunicando.gal\/gal\/"},{"@type":"ListItem","position":2,"name":"Unha exposici\u00f3n sobre o volframio pechou o exitoso proxecto de Turismo e o IEV, coordinado por Comunicando"}]},{"@type":"WebSite","@id":"https:\/\/comunicando.gal\/gal\/#website","url":"https:\/\/comunicando.gal\/gal\/","name":"Comunicando. Consultor\u00eda de comunicaci\u00f3n.","description":"Consultor\u00eda de comunicaci\u00f3n","publisher":{"@id":"https:\/\/comunicando.gal\/gal\/#organization"},"alternateName":"Comunicando. Consultor\u00eda de comunicaci\u00f3n.","potentialAction":[{"@type":"SearchAction","target":{"@type":"EntryPoint","urlTemplate":"https:\/\/comunicando.gal\/gal\/?s={search_term_string}"},"query-input":{"@type":"PropertyValueSpecification","valueRequired":true,"valueName":"search_term_string"}}],"inLanguage":"es"},{"@type":"Organization","@id":"https:\/\/comunicando.gal\/gal\/#organization","name":"Comunicando. Consultor\u00eda de comunicaci\u00f3n.","url":"https:\/\/comunicando.gal\/gal\/","logo":{"@type":"ImageObject","inLanguage":"es","@id":"https:\/\/comunicando.gal\/gal\/#\/schema\/logo\/image\/","url":"https:\/\/comunicando.gal\/gal\/wp-content\/uploads\/2024\/07\/comunicando-vertical.png","contentUrl":"https:\/\/comunicando.gal\/gal\/wp-content\/uploads\/2024\/07\/comunicando-vertical.png","width":300,"height":323,"caption":"Comunicando. Consultor\u00eda de comunicaci\u00f3n."},"image":{"@id":"https:\/\/comunicando.gal\/gal\/#\/schema\/logo\/image\/"}},{"@type":"Person","@id":"https:\/\/comunicando.gal\/gal\/#\/schema\/person\/0d28af683c857811ed3fe6a412c4a429","name":"Jorge Isla"}]}},"_links":{"self":[{"href":"https:\/\/comunicando.gal\/gal\/wp-json\/wp\/v2\/posts\/4961","targetHints":{"allow":["GET"]}}],"collection":[{"href":"https:\/\/comunicando.gal\/gal\/wp-json\/wp\/v2\/posts"}],"about":[{"href":"https:\/\/comunicando.gal\/gal\/wp-json\/wp\/v2\/types\/post"}],"author":[{"embeddable":true,"href":"https:\/\/comunicando.gal\/gal\/wp-json\/wp\/v2\/users\/3"}],"replies":[{"embeddable":true,"href":"https:\/\/comunicando.gal\/gal\/wp-json\/wp\/v2\/comments?post=4961"}],"version-history":[{"count":7,"href":"https:\/\/comunicando.gal\/gal\/wp-json\/wp\/v2\/posts\/4961\/revisions"}],"predecessor-version":[{"id":4973,"href":"https:\/\/comunicando.gal\/gal\/wp-json\/wp\/v2\/posts\/4961\/revisions\/4973"}],"wp:featuredmedia":[{"embeddable":true,"href":"https:\/\/comunicando.gal\/gal\/wp-json\/wp\/v2\/media\/4967"}],"wp:attachment":[{"href":"https:\/\/comunicando.gal\/gal\/wp-json\/wp\/v2\/media?parent=4961"}],"wp:term":[{"taxonomy":"category","embeddable":true,"href":"https:\/\/comunicando.gal\/gal\/wp-json\/wp\/v2\/categories?post=4961"},{"taxonomy":"post_tag","embeddable":true,"href":"https:\/\/comunicando.gal\/gal\/wp-json\/wp\/v2\/tags?post=4961"}],"curies":[{"name":"wp","href":"https:\/\/api.w.org\/{rel}","templated":true}]}}