{"id":4942,"date":"2026-01-30T19:45:14","date_gmt":"2026-01-30T18:45:14","guid":{"rendered":"https:\/\/comunicando.gal\/gal\/?p=4942"},"modified":"2026-01-30T19:45:14","modified_gmt":"2026-01-30T18:45:14","slug":"comunicando-presente-en-fitur-2026","status":"publish","type":"post","link":"https:\/\/comunicando.gal\/gal\/comunicando-presente-en-fitur-2026\/","title":{"rendered":"Comunicando, presente en FITUR 2026"},"content":{"rendered":"<p>Comunicando Consultor\u00eda de Comunicaci\u00f3n estivo presente en Fitur 2026. Durante os tres d\u00edas que durou esta espectacular feira, a nosa axencia encargouse da comunicaci\u00f3n dos eventos relacionados cos territorios da Asociaci\u00f3n dos Grupos de Desenvolvemento Rural de Galicia e tam\u00e9n da relativa \u00e1 presentaci\u00f3n dos Entroidos do Oriente Ourens\u00e1n (Entroido de Manzaneda, Entroido de Viana do Bolo e Entroido de Vilari\u00f1o de Conso) e o seu recente reco\u00f1ecemento como Festas de Interese Tur\u00edstico Nacional.<\/p>\n<p>Ademais, despois de ter o privilexio de ser a axencia elexida polo INORDE para a reedici\u00f3n da <strong>Gu\u00eda do Xeodestino Trevinca-Valdeorras<\/strong>, nos idiomas ingl\u00e9s e galego, Comunicando tam\u00e9n ocupouse da s\u00faa difusi\u00f3n na propia feira, como xa o fixera en 2025 en idioma castel\u00e1n.<\/p>\n<p><img loading=\"lazy\" decoding=\"async\" class=\"size-full wp-image-4938 aligncenter\" src=\"https:\/\/comunicando.gal\/gal\/wp-content\/uploads\/2025\/12\/guiaweb.jpg\" alt=\"\" width=\"900\" height=\"600\" srcset=\"https:\/\/comunicando.gal\/gal\/wp-content\/uploads\/2025\/12\/guiaweb.jpg 900w, https:\/\/comunicando.gal\/gal\/wp-content\/uploads\/2025\/12\/guiaweb-768x512.jpg 768w, https:\/\/comunicando.gal\/gal\/wp-content\/uploads\/2025\/12\/guiaweb-600x400.jpg 600w, https:\/\/comunicando.gal\/gal\/wp-content\/uploads\/2025\/12\/guiaweb-24x16.jpg 24w, https:\/\/comunicando.gal\/gal\/wp-content\/uploads\/2025\/12\/guiaweb-36x24.jpg 36w, https:\/\/comunicando.gal\/gal\/wp-content\/uploads\/2025\/12\/guiaweb-48x32.jpg 48w\" sizes=\"auto, (max-width: 900px) 100vw, 900px\" \/><\/p>\n<p>En canto ao protagonismo dos territorios da <strong>Asociaci\u00f3n de GDR de Galicia<\/strong>, tiveron un gran protagonismo no stand de Galicia, onde se realizaron todas as presentaci\u00f3ns de cada un deles durante dous d\u00edas. Comunicando estivo ao frente da comunicaci\u00f3n de cada evento, recollido ao minuto en redes sociais a trav\u00e9s de documentos gr\u00e1ficos de elaboraci\u00f3n propia.<\/p>\n<p><img loading=\"lazy\" decoding=\"async\" class=\"size-full wp-image-4948 aligncenter\" src=\"https:\/\/comunicando.gal\/gal\/wp-content\/uploads\/2026\/01\/gdrcomunicando.jpg\" alt=\"\" width=\"900\" height=\"600\" srcset=\"https:\/\/comunicando.gal\/gal\/wp-content\/uploads\/2026\/01\/gdrcomunicando.jpg 900w, https:\/\/comunicando.gal\/gal\/wp-content\/uploads\/2026\/01\/gdrcomunicando-768x512.jpg 768w, https:\/\/comunicando.gal\/gal\/wp-content\/uploads\/2026\/01\/gdrcomunicando-600x400.jpg 600w, https:\/\/comunicando.gal\/gal\/wp-content\/uploads\/2026\/01\/gdrcomunicando-24x16.jpg 24w, https:\/\/comunicando.gal\/gal\/wp-content\/uploads\/2026\/01\/gdrcomunicando-36x24.jpg 36w, https:\/\/comunicando.gal\/gal\/wp-content\/uploads\/2026\/01\/gdrcomunicando-48x32.jpg 48w\" sizes=\"auto, (max-width: 900px) 100vw, 900px\" \/><\/p>\n<p>Do mesmo xeito, tam\u00e9n realizamos un traballo de transmisi\u00f3n de informaci\u00f3n en tempo real, da presentaci\u00f3n dos <strong>Entroidos do Oriente Ourens\u00e1n<\/strong>, como culmen a un longo traballo de investigaci\u00f3n, documentaci\u00f3n e creaci\u00f3n de contido, que conseguiu o obxectivo final de Declaraci\u00f3n dos Entroidos de Manzaneda, Viana do Bolo e Vilari\u00f1o de Conso, como Festas de Interese Tur\u00edstico Nacional.<\/p>\n<p><img loading=\"lazy\" decoding=\"async\" class=\"size-full wp-image-4946 aligncenter\" src=\"https:\/\/comunicando.gal\/gal\/wp-content\/uploads\/2026\/01\/fitur2026comunicandoentroidos.jpg\" alt=\"\" width=\"900\" height=\"603\" srcset=\"https:\/\/comunicando.gal\/gal\/wp-content\/uploads\/2026\/01\/fitur2026comunicandoentroidos.jpg 900w, https:\/\/comunicando.gal\/gal\/wp-content\/uploads\/2026\/01\/fitur2026comunicandoentroidos-768x515.jpg 768w, https:\/\/comunicando.gal\/gal\/wp-content\/uploads\/2026\/01\/fitur2026comunicandoentroidos-24x16.jpg 24w, https:\/\/comunicando.gal\/gal\/wp-content\/uploads\/2026\/01\/fitur2026comunicandoentroidos-36x24.jpg 36w, https:\/\/comunicando.gal\/gal\/wp-content\/uploads\/2026\/01\/fitur2026comunicandoentroidos-48x32.jpg 48w\" sizes=\"auto, (max-width: 900px) 100vw, 900px\" \/><\/p>\n","protected":false},"excerpt":{"rendered":"<p>Comunicando Consultor\u00eda de Comunicaci\u00f3n estivo presente en Fitur 2026. Durante os tres d\u00edas que durou esta espectacular feira, a nosa axencia encargouse da comunicaci\u00f3n dos eventos relacionados cos territorios da Asociaci\u00f3n dos Grupos de Desenvolvemento Rural de Galicia e tam\u00e9n da relativa \u00e1 presentaci\u00f3n dos Entroidos do Oriente Ourens\u00e1n (Entroido de Manzaneda, Entroido de Viana [&hellip;]<\/p>\n","protected":false},"author":3,"featured_media":4946,"comment_status":"closed","ping_status":"closed","sticky":false,"template":"","format":"standard","meta":{"footnotes":""},"categories":[1],"tags":[],"class_list":["post-4942","post","type-post","status-publish","format-standard","has-post-thumbnail","hentry","category-noticias"],"yoast_head":"<!-- This site is optimized with the Yoast SEO plugin v26.2 - https:\/\/yoast.com\/wordpress\/plugins\/seo\/ -->\n<title>Comunicando, presente en FITUR 2026<\/title>\n<meta name=\"robots\" content=\"index, follow, max-snippet:-1, max-image-preview:large, max-video-preview:-1\" \/>\n<link rel=\"canonical\" href=\"https:\/\/comunicando.gal\/gal\/comunicando-presente-en-fitur-2026\/\" \/>\n<meta property=\"og:locale\" content=\"es_ES\" \/>\n<meta property=\"og:type\" content=\"article\" \/>\n<meta property=\"og:title\" content=\"Comunicando, presente en FITUR 2026\" \/>\n<meta property=\"og:description\" content=\"Comunicando Consultor\u00eda de Comunicaci\u00f3n estivo presente en Fitur 2026. Durante os tres d\u00edas que durou esta espectacular feira, a nosa axencia encargouse da comunicaci\u00f3n dos eventos relacionados cos territorios da Asociaci\u00f3n dos Grupos de Desenvolvemento Rural de Galicia e tam\u00e9n da relativa \u00e1 presentaci\u00f3n dos Entroidos do Oriente Ourens\u00e1n (Entroido de Manzaneda, Entroido de Viana [&hellip;]\" \/>\n<meta property=\"og:url\" content=\"https:\/\/comunicando.gal\/gal\/comunicando-presente-en-fitur-2026\/\" \/>\n<meta property=\"og:site_name\" content=\"Comunicando\" \/>\n<meta property=\"article:published_time\" content=\"2026-01-30T18:45:14+00:00\" \/>\n<meta property=\"og:image\" content=\"https:\/\/comunicando.gal\/gal\/wp-content\/uploads\/2026\/01\/fitur2026comunicandoentroidos.jpg\" \/>\n\t<meta property=\"og:image:width\" content=\"900\" \/>\n\t<meta property=\"og:image:height\" content=\"603\" \/>\n\t<meta property=\"og:image:type\" content=\"image\/jpeg\" \/>\n<meta name=\"author\" content=\"Jorge Isla\" \/>\n<meta name=\"twitter:card\" content=\"summary_large_image\" \/>\n<script type=\"application\/ld+json\" class=\"yoast-schema-graph\">{\"@context\":\"https:\/\/schema.org\",\"@graph\":[{\"@type\":\"Article\",\"@id\":\"https:\/\/comunicando.gal\/gal\/comunicando-presente-en-fitur-2026\/#article\",\"isPartOf\":{\"@id\":\"https:\/\/comunicando.gal\/gal\/comunicando-presente-en-fitur-2026\/\"},\"author\":{\"name\":\"Jorge Isla\",\"@id\":\"https:\/\/comunicando.gal\/gal\/#\/schema\/person\/0d28af683c857811ed3fe6a412c4a429\"},\"headline\":\"Comunicando, presente en FITUR 2026\",\"datePublished\":\"2026-01-30T18:45:14+00:00\",\"mainEntityOfPage\":{\"@id\":\"https:\/\/comunicando.gal\/gal\/comunicando-presente-en-fitur-2026\/\"},\"wordCount\":269,\"publisher\":{\"@id\":\"https:\/\/comunicando.gal\/gal\/#organization\"},\"image\":{\"@id\":\"https:\/\/comunicando.gal\/gal\/comunicando-presente-en-fitur-2026\/#primaryimage\"},\"thumbnailUrl\":\"https:\/\/comunicando.gal\/gal\/wp-content\/uploads\/2026\/01\/fitur2026comunicandoentroidos.jpg\",\"articleSection\":[\"Noticias\"],\"inLanguage\":\"es\"},{\"@type\":\"WebPage\",\"@id\":\"https:\/\/comunicando.gal\/gal\/comunicando-presente-en-fitur-2026\/\",\"url\":\"https:\/\/comunicando.gal\/gal\/comunicando-presente-en-fitur-2026\/\",\"name\":\"Comunicando, presente en FITUR 2026\",\"isPartOf\":{\"@id\":\"https:\/\/comunicando.gal\/gal\/#website\"},\"primaryImageOfPage\":{\"@id\":\"https:\/\/comunicando.gal\/gal\/comunicando-presente-en-fitur-2026\/#primaryimage\"},\"image\":{\"@id\":\"https:\/\/comunicando.gal\/gal\/comunicando-presente-en-fitur-2026\/#primaryimage\"},\"thumbnailUrl\":\"https:\/\/comunicando.gal\/gal\/wp-content\/uploads\/2026\/01\/fitur2026comunicandoentroidos.jpg\",\"datePublished\":\"2026-01-30T18:45:14+00:00\",\"breadcrumb\":{\"@id\":\"https:\/\/comunicando.gal\/gal\/comunicando-presente-en-fitur-2026\/#breadcrumb\"},\"inLanguage\":\"es\",\"potentialAction\":[{\"@type\":\"ReadAction\",\"target\":[\"https:\/\/comunicando.gal\/gal\/comunicando-presente-en-fitur-2026\/\"]}]},{\"@type\":\"ImageObject\",\"inLanguage\":\"es\",\"@id\":\"https:\/\/comunicando.gal\/gal\/comunicando-presente-en-fitur-2026\/#primaryimage\",\"url\":\"https:\/\/comunicando.gal\/gal\/wp-content\/uploads\/2026\/01\/fitur2026comunicandoentroidos.jpg\",\"contentUrl\":\"https:\/\/comunicando.gal\/gal\/wp-content\/uploads\/2026\/01\/fitur2026comunicandoentroidos.jpg\",\"width\":900,\"height\":603},{\"@type\":\"BreadcrumbList\",\"@id\":\"https:\/\/comunicando.gal\/gal\/comunicando-presente-en-fitur-2026\/#breadcrumb\",\"itemListElement\":[{\"@type\":\"ListItem\",\"position\":1,\"name\":\"Portada\",\"item\":\"https:\/\/comunicando.gal\/gal\/\"},{\"@type\":\"ListItem\",\"position\":2,\"name\":\"Comunicando, presente en FITUR 2026\"}]},{\"@type\":\"WebSite\",\"@id\":\"https:\/\/comunicando.gal\/gal\/#website\",\"url\":\"https:\/\/comunicando.gal\/gal\/\",\"name\":\"Comunicando. Consultor\u00eda de comunicaci\u00f3n.\",\"description\":\"Consultor\u00eda de comunicaci\u00f3n\",\"publisher\":{\"@id\":\"https:\/\/comunicando.gal\/gal\/#organization\"},\"alternateName\":\"Comunicando. Consultor\u00eda de comunicaci\u00f3n.\",\"potentialAction\":[{\"@type\":\"SearchAction\",\"target\":{\"@type\":\"EntryPoint\",\"urlTemplate\":\"https:\/\/comunicando.gal\/gal\/?s={search_term_string}\"},\"query-input\":{\"@type\":\"PropertyValueSpecification\",\"valueRequired\":true,\"valueName\":\"search_term_string\"}}],\"inLanguage\":\"es\"},{\"@type\":\"Organization\",\"@id\":\"https:\/\/comunicando.gal\/gal\/#organization\",\"name\":\"Comunicando. Consultor\u00eda de comunicaci\u00f3n.\",\"url\":\"https:\/\/comunicando.gal\/gal\/\",\"logo\":{\"@type\":\"ImageObject\",\"inLanguage\":\"es\",\"@id\":\"https:\/\/comunicando.gal\/gal\/#\/schema\/logo\/image\/\",\"url\":\"https:\/\/comunicando.gal\/gal\/wp-content\/uploads\/2024\/07\/comunicando-vertical.png\",\"contentUrl\":\"https:\/\/comunicando.gal\/gal\/wp-content\/uploads\/2024\/07\/comunicando-vertical.png\",\"width\":300,\"height\":323,\"caption\":\"Comunicando. Consultor\u00eda de comunicaci\u00f3n.\"},\"image\":{\"@id\":\"https:\/\/comunicando.gal\/gal\/#\/schema\/logo\/image\/\"}},{\"@type\":\"Person\",\"@id\":\"https:\/\/comunicando.gal\/gal\/#\/schema\/person\/0d28af683c857811ed3fe6a412c4a429\",\"name\":\"Jorge Isla\"}]}<\/script>\n<!-- \/ Yoast SEO plugin. -->","yoast_head_json":{"title":"Comunicando, presente en FITUR 2026","robots":{"index":"index","follow":"follow","max-snippet":"max-snippet:-1","max-image-preview":"max-image-preview:large","max-video-preview":"max-video-preview:-1"},"canonical":"https:\/\/comunicando.gal\/gal\/comunicando-presente-en-fitur-2026\/","og_locale":"es_ES","og_type":"article","og_title":"Comunicando, presente en FITUR 2026","og_description":"Comunicando Consultor\u00eda de Comunicaci\u00f3n estivo presente en Fitur 2026. Durante os tres d\u00edas que durou esta espectacular feira, a nosa axencia encargouse da comunicaci\u00f3n dos eventos relacionados cos territorios da Asociaci\u00f3n dos Grupos de Desenvolvemento Rural de Galicia e tam\u00e9n da relativa \u00e1 presentaci\u00f3n dos Entroidos do Oriente Ourens\u00e1n (Entroido de Manzaneda, Entroido de Viana [&hellip;]","og_url":"https:\/\/comunicando.gal\/gal\/comunicando-presente-en-fitur-2026\/","og_site_name":"Comunicando","article_published_time":"2026-01-30T18:45:14+00:00","og_image":[{"width":900,"height":603,"url":"https:\/\/comunicando.gal\/gal\/wp-content\/uploads\/2026\/01\/fitur2026comunicandoentroidos.jpg","type":"image\/jpeg"}],"author":"Jorge Isla","twitter_card":"summary_large_image","schema":{"@context":"https:\/\/schema.org","@graph":[{"@type":"Article","@id":"https:\/\/comunicando.gal\/gal\/comunicando-presente-en-fitur-2026\/#article","isPartOf":{"@id":"https:\/\/comunicando.gal\/gal\/comunicando-presente-en-fitur-2026\/"},"author":{"name":"Jorge Isla","@id":"https:\/\/comunicando.gal\/gal\/#\/schema\/person\/0d28af683c857811ed3fe6a412c4a429"},"headline":"Comunicando, presente en FITUR 2026","datePublished":"2026-01-30T18:45:14+00:00","mainEntityOfPage":{"@id":"https:\/\/comunicando.gal\/gal\/comunicando-presente-en-fitur-2026\/"},"wordCount":269,"publisher":{"@id":"https:\/\/comunicando.gal\/gal\/#organization"},"image":{"@id":"https:\/\/comunicando.gal\/gal\/comunicando-presente-en-fitur-2026\/#primaryimage"},"thumbnailUrl":"https:\/\/comunicando.gal\/gal\/wp-content\/uploads\/2026\/01\/fitur2026comunicandoentroidos.jpg","articleSection":["Noticias"],"inLanguage":"es"},{"@type":"WebPage","@id":"https:\/\/comunicando.gal\/gal\/comunicando-presente-en-fitur-2026\/","url":"https:\/\/comunicando.gal\/gal\/comunicando-presente-en-fitur-2026\/","name":"Comunicando, presente en FITUR 2026","isPartOf":{"@id":"https:\/\/comunicando.gal\/gal\/#website"},"primaryImageOfPage":{"@id":"https:\/\/comunicando.gal\/gal\/comunicando-presente-en-fitur-2026\/#primaryimage"},"image":{"@id":"https:\/\/comunicando.gal\/gal\/comunicando-presente-en-fitur-2026\/#primaryimage"},"thumbnailUrl":"https:\/\/comunicando.gal\/gal\/wp-content\/uploads\/2026\/01\/fitur2026comunicandoentroidos.jpg","datePublished":"2026-01-30T18:45:14+00:00","breadcrumb":{"@id":"https:\/\/comunicando.gal\/gal\/comunicando-presente-en-fitur-2026\/#breadcrumb"},"inLanguage":"es","potentialAction":[{"@type":"ReadAction","target":["https:\/\/comunicando.gal\/gal\/comunicando-presente-en-fitur-2026\/"]}]},{"@type":"ImageObject","inLanguage":"es","@id":"https:\/\/comunicando.gal\/gal\/comunicando-presente-en-fitur-2026\/#primaryimage","url":"https:\/\/comunicando.gal\/gal\/wp-content\/uploads\/2026\/01\/fitur2026comunicandoentroidos.jpg","contentUrl":"https:\/\/comunicando.gal\/gal\/wp-content\/uploads\/2026\/01\/fitur2026comunicandoentroidos.jpg","width":900,"height":603},{"@type":"BreadcrumbList","@id":"https:\/\/comunicando.gal\/gal\/comunicando-presente-en-fitur-2026\/#breadcrumb","itemListElement":[{"@type":"ListItem","position":1,"name":"Portada","item":"https:\/\/comunicando.gal\/gal\/"},{"@type":"ListItem","position":2,"name":"Comunicando, presente en FITUR 2026"}]},{"@type":"WebSite","@id":"https:\/\/comunicando.gal\/gal\/#website","url":"https:\/\/comunicando.gal\/gal\/","name":"Comunicando. Consultor\u00eda de comunicaci\u00f3n.","description":"Consultor\u00eda de comunicaci\u00f3n","publisher":{"@id":"https:\/\/comunicando.gal\/gal\/#organization"},"alternateName":"Comunicando. Consultor\u00eda de comunicaci\u00f3n.","potentialAction":[{"@type":"SearchAction","target":{"@type":"EntryPoint","urlTemplate":"https:\/\/comunicando.gal\/gal\/?s={search_term_string}"},"query-input":{"@type":"PropertyValueSpecification","valueRequired":true,"valueName":"search_term_string"}}],"inLanguage":"es"},{"@type":"Organization","@id":"https:\/\/comunicando.gal\/gal\/#organization","name":"Comunicando. Consultor\u00eda de comunicaci\u00f3n.","url":"https:\/\/comunicando.gal\/gal\/","logo":{"@type":"ImageObject","inLanguage":"es","@id":"https:\/\/comunicando.gal\/gal\/#\/schema\/logo\/image\/","url":"https:\/\/comunicando.gal\/gal\/wp-content\/uploads\/2024\/07\/comunicando-vertical.png","contentUrl":"https:\/\/comunicando.gal\/gal\/wp-content\/uploads\/2024\/07\/comunicando-vertical.png","width":300,"height":323,"caption":"Comunicando. Consultor\u00eda de comunicaci\u00f3n."},"image":{"@id":"https:\/\/comunicando.gal\/gal\/#\/schema\/logo\/image\/"}},{"@type":"Person","@id":"https:\/\/comunicando.gal\/gal\/#\/schema\/person\/0d28af683c857811ed3fe6a412c4a429","name":"Jorge Isla"}]}},"_links":{"self":[{"href":"https:\/\/comunicando.gal\/gal\/wp-json\/wp\/v2\/posts\/4942","targetHints":{"allow":["GET"]}}],"collection":[{"href":"https:\/\/comunicando.gal\/gal\/wp-json\/wp\/v2\/posts"}],"about":[{"href":"https:\/\/comunicando.gal\/gal\/wp-json\/wp\/v2\/types\/post"}],"author":[{"embeddable":true,"href":"https:\/\/comunicando.gal\/gal\/wp-json\/wp\/v2\/users\/3"}],"replies":[{"embeddable":true,"href":"https:\/\/comunicando.gal\/gal\/wp-json\/wp\/v2\/comments?post=4942"}],"version-history":[{"count":4,"href":"https:\/\/comunicando.gal\/gal\/wp-json\/wp\/v2\/posts\/4942\/revisions"}],"predecessor-version":[{"id":4949,"href":"https:\/\/comunicando.gal\/gal\/wp-json\/wp\/v2\/posts\/4942\/revisions\/4949"}],"wp:featuredmedia":[{"embeddable":true,"href":"https:\/\/comunicando.gal\/gal\/wp-json\/wp\/v2\/media\/4946"}],"wp:attachment":[{"href":"https:\/\/comunicando.gal\/gal\/wp-json\/wp\/v2\/media?parent=4942"}],"wp:term":[{"taxonomy":"category","embeddable":true,"href":"https:\/\/comunicando.gal\/gal\/wp-json\/wp\/v2\/categories?post=4942"},{"taxonomy":"post_tag","embeddable":true,"href":"https:\/\/comunicando.gal\/gal\/wp-json\/wp\/v2\/tags?post=4942"}],"curies":[{"name":"wp","href":"https:\/\/api.w.org\/{rel}","templated":true}]}}