{"id":4936,"date":"2025-12-22T12:56:42","date_gmt":"2025-12-22T11:56:42","guid":{"rendered":"https:\/\/comunicando.gal\/gal\/?p=4936"},"modified":"2025-12-22T12:58:13","modified_gmt":"2025-12-22T11:58:13","slug":"comunicando-coordina-a-revision-e-traducion-da-guia-do-xeodestino-trevinca-valdeorras","status":"publish","type":"post","link":"https:\/\/comunicando.gal\/gal\/comunicando-coordina-a-revision-e-traducion-da-guia-do-xeodestino-trevinca-valdeorras\/","title":{"rendered":"Comunicando coordina a revisi\u00f3n e traduci\u00f3n da Gu\u00eda do Xeodestino Trevinca-Valdeorras"},"content":{"rendered":"<p><img loading=\"lazy\" decoding=\"async\" class=\"size-full wp-image-4938 aligncenter\" src=\"https:\/\/comunicando.gal\/gal\/wp-content\/uploads\/2025\/12\/guiaweb.jpg\" alt=\"\" width=\"900\" height=\"600\" srcset=\"https:\/\/comunicando.gal\/gal\/wp-content\/uploads\/2025\/12\/guiaweb.jpg 900w, https:\/\/comunicando.gal\/gal\/wp-content\/uploads\/2025\/12\/guiaweb-768x512.jpg 768w, https:\/\/comunicando.gal\/gal\/wp-content\/uploads\/2025\/12\/guiaweb-600x400.jpg 600w, https:\/\/comunicando.gal\/gal\/wp-content\/uploads\/2025\/12\/guiaweb-24x16.jpg 24w, https:\/\/comunicando.gal\/gal\/wp-content\/uploads\/2025\/12\/guiaweb-36x24.jpg 36w, https:\/\/comunicando.gal\/gal\/wp-content\/uploads\/2025\/12\/guiaweb-48x32.jpg 48w\" sizes=\"auto, (max-width: 900px) 100vw, 900px\" \/><\/p>\n<p>Comunicando Consultor\u00eda de Comunicaci\u00f3n coordinou unha nova revisi\u00f3n actualizada da <strong>Gu\u00eda do Xeodestino Trevinca-Valdeorras<\/strong>, que o ano pasado presentouse na <a href=\"https:\/\/www.ifema.es\/fitur\" target=\"_blank\" rel=\"noopener\">Feria Internacional del Turismo, FITUR <\/a>na s\u00faa versi\u00f3n en castel\u00e1n. Agora ademais, estar\u00e1 dispo\u00f1ible en dous idiomas m\u00e1is, galego e ingl\u00e9s, grazas a unha nova reedici\u00f3n do documento na que tivemos o privilexio de participar.<\/p>\n<p>A edici\u00f3n da gu\u00eda foi executada grazas ao Instituto Ourens\u00e1n de Desenvolvemento Econ\u00f3mico &#8211; INORDE, co apoio de Turismo Galicia.<\/p>\n<p>&nbsp;<\/p>\n","protected":false},"excerpt":{"rendered":"<p>Comunicando Consultor\u00eda de Comunicaci\u00f3n coordinou unha nova revisi\u00f3n actualizada da Gu\u00eda do Xeodestino Trevinca-Valdeorras, que o ano pasado presentouse na Feria Internacional del Turismo, FITUR na s\u00faa versi\u00f3n en castel\u00e1n. Agora ademais, estar\u00e1 dispo\u00f1ible en dous idiomas m\u00e1is, galego e ingl\u00e9s, grazas a unha nova reedici\u00f3n do documento na que tivemos o privilexio de participar. [&hellip;]<\/p>\n","protected":false},"author":3,"featured_media":4938,"comment_status":"closed","ping_status":"closed","sticky":false,"template":"","format":"standard","meta":{"footnotes":""},"categories":[1],"tags":[],"class_list":["post-4936","post","type-post","status-publish","format-standard","has-post-thumbnail","hentry","category-noticias"],"yoast_head":"<!-- This site is optimized with the Yoast SEO plugin v26.2 - https:\/\/yoast.com\/wordpress\/plugins\/seo\/ -->\n<title>Comunicando coordina a revisi\u00f3n e traduci\u00f3n da Gu\u00eda do Xeodestino Trevinca-Valdeorras<\/title>\n<meta name=\"robots\" content=\"index, follow, max-snippet:-1, max-image-preview:large, max-video-preview:-1\" \/>\n<link rel=\"canonical\" href=\"https:\/\/comunicando.gal\/gal\/comunicando-coordina-a-revision-e-traducion-da-guia-do-xeodestino-trevinca-valdeorras\/\" \/>\n<meta property=\"og:locale\" content=\"es_ES\" \/>\n<meta property=\"og:type\" content=\"article\" \/>\n<meta property=\"og:title\" content=\"Comunicando coordina a revisi\u00f3n e traduci\u00f3n da Gu\u00eda do Xeodestino Trevinca-Valdeorras\" \/>\n<meta property=\"og:description\" content=\"Comunicando Consultor\u00eda de Comunicaci\u00f3n coordinou unha nova revisi\u00f3n actualizada da Gu\u00eda do Xeodestino Trevinca-Valdeorras, que o ano pasado presentouse na Feria Internacional del Turismo, FITUR na s\u00faa versi\u00f3n en castel\u00e1n. Agora ademais, estar\u00e1 dispo\u00f1ible en dous idiomas m\u00e1is, galego e ingl\u00e9s, grazas a unha nova reedici\u00f3n do documento na que tivemos o privilexio de participar. [&hellip;]\" \/>\n<meta property=\"og:url\" content=\"https:\/\/comunicando.gal\/gal\/comunicando-coordina-a-revision-e-traducion-da-guia-do-xeodestino-trevinca-valdeorras\/\" \/>\n<meta property=\"og:site_name\" content=\"Comunicando\" \/>\n<meta property=\"article:published_time\" content=\"2025-12-22T11:56:42+00:00\" \/>\n<meta property=\"article:modified_time\" content=\"2025-12-22T11:58:13+00:00\" \/>\n<meta property=\"og:image\" content=\"https:\/\/comunicando.gal\/gal\/wp-content\/uploads\/2025\/12\/guiaweb.jpg\" \/>\n\t<meta property=\"og:image:width\" content=\"900\" \/>\n\t<meta property=\"og:image:height\" content=\"600\" \/>\n\t<meta property=\"og:image:type\" content=\"image\/jpeg\" \/>\n<meta name=\"author\" content=\"Jorge Isla\" \/>\n<meta name=\"twitter:card\" content=\"summary_large_image\" \/>\n<script type=\"application\/ld+json\" class=\"yoast-schema-graph\">{\"@context\":\"https:\/\/schema.org\",\"@graph\":[{\"@type\":\"Article\",\"@id\":\"https:\/\/comunicando.gal\/gal\/comunicando-coordina-a-revision-e-traducion-da-guia-do-xeodestino-trevinca-valdeorras\/#article\",\"isPartOf\":{\"@id\":\"https:\/\/comunicando.gal\/gal\/comunicando-coordina-a-revision-e-traducion-da-guia-do-xeodestino-trevinca-valdeorras\/\"},\"author\":{\"name\":\"Jorge Isla\",\"@id\":\"https:\/\/comunicando.gal\/gal\/#\/schema\/person\/0d28af683c857811ed3fe6a412c4a429\"},\"headline\":\"Comunicando coordina a revisi\u00f3n e traduci\u00f3n da Gu\u00eda do Xeodestino Trevinca-Valdeorras\",\"datePublished\":\"2025-12-22T11:56:42+00:00\",\"dateModified\":\"2025-12-22T11:58:13+00:00\",\"mainEntityOfPage\":{\"@id\":\"https:\/\/comunicando.gal\/gal\/comunicando-coordina-a-revision-e-traducion-da-guia-do-xeodestino-trevinca-valdeorras\/\"},\"wordCount\":105,\"publisher\":{\"@id\":\"https:\/\/comunicando.gal\/gal\/#organization\"},\"image\":{\"@id\":\"https:\/\/comunicando.gal\/gal\/comunicando-coordina-a-revision-e-traducion-da-guia-do-xeodestino-trevinca-valdeorras\/#primaryimage\"},\"thumbnailUrl\":\"https:\/\/comunicando.gal\/gal\/wp-content\/uploads\/2025\/12\/guiaweb.jpg\",\"articleSection\":[\"Noticias\"],\"inLanguage\":\"es\"},{\"@type\":\"WebPage\",\"@id\":\"https:\/\/comunicando.gal\/gal\/comunicando-coordina-a-revision-e-traducion-da-guia-do-xeodestino-trevinca-valdeorras\/\",\"url\":\"https:\/\/comunicando.gal\/gal\/comunicando-coordina-a-revision-e-traducion-da-guia-do-xeodestino-trevinca-valdeorras\/\",\"name\":\"Comunicando coordina a revisi\u00f3n e traduci\u00f3n da Gu\u00eda do Xeodestino Trevinca-Valdeorras\",\"isPartOf\":{\"@id\":\"https:\/\/comunicando.gal\/gal\/#website\"},\"primaryImageOfPage\":{\"@id\":\"https:\/\/comunicando.gal\/gal\/comunicando-coordina-a-revision-e-traducion-da-guia-do-xeodestino-trevinca-valdeorras\/#primaryimage\"},\"image\":{\"@id\":\"https:\/\/comunicando.gal\/gal\/comunicando-coordina-a-revision-e-traducion-da-guia-do-xeodestino-trevinca-valdeorras\/#primaryimage\"},\"thumbnailUrl\":\"https:\/\/comunicando.gal\/gal\/wp-content\/uploads\/2025\/12\/guiaweb.jpg\",\"datePublished\":\"2025-12-22T11:56:42+00:00\",\"dateModified\":\"2025-12-22T11:58:13+00:00\",\"breadcrumb\":{\"@id\":\"https:\/\/comunicando.gal\/gal\/comunicando-coordina-a-revision-e-traducion-da-guia-do-xeodestino-trevinca-valdeorras\/#breadcrumb\"},\"inLanguage\":\"es\",\"potentialAction\":[{\"@type\":\"ReadAction\",\"target\":[\"https:\/\/comunicando.gal\/gal\/comunicando-coordina-a-revision-e-traducion-da-guia-do-xeodestino-trevinca-valdeorras\/\"]}]},{\"@type\":\"ImageObject\",\"inLanguage\":\"es\",\"@id\":\"https:\/\/comunicando.gal\/gal\/comunicando-coordina-a-revision-e-traducion-da-guia-do-xeodestino-trevinca-valdeorras\/#primaryimage\",\"url\":\"https:\/\/comunicando.gal\/gal\/wp-content\/uploads\/2025\/12\/guiaweb.jpg\",\"contentUrl\":\"https:\/\/comunicando.gal\/gal\/wp-content\/uploads\/2025\/12\/guiaweb.jpg\",\"width\":900,\"height\":600},{\"@type\":\"BreadcrumbList\",\"@id\":\"https:\/\/comunicando.gal\/gal\/comunicando-coordina-a-revision-e-traducion-da-guia-do-xeodestino-trevinca-valdeorras\/#breadcrumb\",\"itemListElement\":[{\"@type\":\"ListItem\",\"position\":1,\"name\":\"Portada\",\"item\":\"https:\/\/comunicando.gal\/gal\/\"},{\"@type\":\"ListItem\",\"position\":2,\"name\":\"Comunicando coordina a revisi\u00f3n e traduci\u00f3n da Gu\u00eda do Xeodestino Trevinca-Valdeorras\"}]},{\"@type\":\"WebSite\",\"@id\":\"https:\/\/comunicando.gal\/gal\/#website\",\"url\":\"https:\/\/comunicando.gal\/gal\/\",\"name\":\"Comunicando. Consultor\u00eda de comunicaci\u00f3n.\",\"description\":\"Consultor\u00eda de comunicaci\u00f3n\",\"publisher\":{\"@id\":\"https:\/\/comunicando.gal\/gal\/#organization\"},\"alternateName\":\"Comunicando. Consultor\u00eda de comunicaci\u00f3n.\",\"potentialAction\":[{\"@type\":\"SearchAction\",\"target\":{\"@type\":\"EntryPoint\",\"urlTemplate\":\"https:\/\/comunicando.gal\/gal\/?s={search_term_string}\"},\"query-input\":{\"@type\":\"PropertyValueSpecification\",\"valueRequired\":true,\"valueName\":\"search_term_string\"}}],\"inLanguage\":\"es\"},{\"@type\":\"Organization\",\"@id\":\"https:\/\/comunicando.gal\/gal\/#organization\",\"name\":\"Comunicando. Consultor\u00eda de comunicaci\u00f3n.\",\"url\":\"https:\/\/comunicando.gal\/gal\/\",\"logo\":{\"@type\":\"ImageObject\",\"inLanguage\":\"es\",\"@id\":\"https:\/\/comunicando.gal\/gal\/#\/schema\/logo\/image\/\",\"url\":\"https:\/\/comunicando.gal\/gal\/wp-content\/uploads\/2024\/07\/comunicando-vertical.png\",\"contentUrl\":\"https:\/\/comunicando.gal\/gal\/wp-content\/uploads\/2024\/07\/comunicando-vertical.png\",\"width\":300,\"height\":323,\"caption\":\"Comunicando. Consultor\u00eda de comunicaci\u00f3n.\"},\"image\":{\"@id\":\"https:\/\/comunicando.gal\/gal\/#\/schema\/logo\/image\/\"}},{\"@type\":\"Person\",\"@id\":\"https:\/\/comunicando.gal\/gal\/#\/schema\/person\/0d28af683c857811ed3fe6a412c4a429\",\"name\":\"Jorge Isla\"}]}<\/script>\n<!-- \/ Yoast SEO plugin. -->","yoast_head_json":{"title":"Comunicando coordina a revisi\u00f3n e traduci\u00f3n da Gu\u00eda do Xeodestino Trevinca-Valdeorras","robots":{"index":"index","follow":"follow","max-snippet":"max-snippet:-1","max-image-preview":"max-image-preview:large","max-video-preview":"max-video-preview:-1"},"canonical":"https:\/\/comunicando.gal\/gal\/comunicando-coordina-a-revision-e-traducion-da-guia-do-xeodestino-trevinca-valdeorras\/","og_locale":"es_ES","og_type":"article","og_title":"Comunicando coordina a revisi\u00f3n e traduci\u00f3n da Gu\u00eda do Xeodestino Trevinca-Valdeorras","og_description":"Comunicando Consultor\u00eda de Comunicaci\u00f3n coordinou unha nova revisi\u00f3n actualizada da Gu\u00eda do Xeodestino Trevinca-Valdeorras, que o ano pasado presentouse na Feria Internacional del Turismo, FITUR na s\u00faa versi\u00f3n en castel\u00e1n. Agora ademais, estar\u00e1 dispo\u00f1ible en dous idiomas m\u00e1is, galego e ingl\u00e9s, grazas a unha nova reedici\u00f3n do documento na que tivemos o privilexio de participar. [&hellip;]","og_url":"https:\/\/comunicando.gal\/gal\/comunicando-coordina-a-revision-e-traducion-da-guia-do-xeodestino-trevinca-valdeorras\/","og_site_name":"Comunicando","article_published_time":"2025-12-22T11:56:42+00:00","article_modified_time":"2025-12-22T11:58:13+00:00","og_image":[{"width":900,"height":600,"url":"https:\/\/comunicando.gal\/gal\/wp-content\/uploads\/2025\/12\/guiaweb.jpg","type":"image\/jpeg"}],"author":"Jorge Isla","twitter_card":"summary_large_image","schema":{"@context":"https:\/\/schema.org","@graph":[{"@type":"Article","@id":"https:\/\/comunicando.gal\/gal\/comunicando-coordina-a-revision-e-traducion-da-guia-do-xeodestino-trevinca-valdeorras\/#article","isPartOf":{"@id":"https:\/\/comunicando.gal\/gal\/comunicando-coordina-a-revision-e-traducion-da-guia-do-xeodestino-trevinca-valdeorras\/"},"author":{"name":"Jorge Isla","@id":"https:\/\/comunicando.gal\/gal\/#\/schema\/person\/0d28af683c857811ed3fe6a412c4a429"},"headline":"Comunicando coordina a revisi\u00f3n e traduci\u00f3n da Gu\u00eda do Xeodestino Trevinca-Valdeorras","datePublished":"2025-12-22T11:56:42+00:00","dateModified":"2025-12-22T11:58:13+00:00","mainEntityOfPage":{"@id":"https:\/\/comunicando.gal\/gal\/comunicando-coordina-a-revision-e-traducion-da-guia-do-xeodestino-trevinca-valdeorras\/"},"wordCount":105,"publisher":{"@id":"https:\/\/comunicando.gal\/gal\/#organization"},"image":{"@id":"https:\/\/comunicando.gal\/gal\/comunicando-coordina-a-revision-e-traducion-da-guia-do-xeodestino-trevinca-valdeorras\/#primaryimage"},"thumbnailUrl":"https:\/\/comunicando.gal\/gal\/wp-content\/uploads\/2025\/12\/guiaweb.jpg","articleSection":["Noticias"],"inLanguage":"es"},{"@type":"WebPage","@id":"https:\/\/comunicando.gal\/gal\/comunicando-coordina-a-revision-e-traducion-da-guia-do-xeodestino-trevinca-valdeorras\/","url":"https:\/\/comunicando.gal\/gal\/comunicando-coordina-a-revision-e-traducion-da-guia-do-xeodestino-trevinca-valdeorras\/","name":"Comunicando coordina a revisi\u00f3n e traduci\u00f3n da Gu\u00eda do Xeodestino Trevinca-Valdeorras","isPartOf":{"@id":"https:\/\/comunicando.gal\/gal\/#website"},"primaryImageOfPage":{"@id":"https:\/\/comunicando.gal\/gal\/comunicando-coordina-a-revision-e-traducion-da-guia-do-xeodestino-trevinca-valdeorras\/#primaryimage"},"image":{"@id":"https:\/\/comunicando.gal\/gal\/comunicando-coordina-a-revision-e-traducion-da-guia-do-xeodestino-trevinca-valdeorras\/#primaryimage"},"thumbnailUrl":"https:\/\/comunicando.gal\/gal\/wp-content\/uploads\/2025\/12\/guiaweb.jpg","datePublished":"2025-12-22T11:56:42+00:00","dateModified":"2025-12-22T11:58:13+00:00","breadcrumb":{"@id":"https:\/\/comunicando.gal\/gal\/comunicando-coordina-a-revision-e-traducion-da-guia-do-xeodestino-trevinca-valdeorras\/#breadcrumb"},"inLanguage":"es","potentialAction":[{"@type":"ReadAction","target":["https:\/\/comunicando.gal\/gal\/comunicando-coordina-a-revision-e-traducion-da-guia-do-xeodestino-trevinca-valdeorras\/"]}]},{"@type":"ImageObject","inLanguage":"es","@id":"https:\/\/comunicando.gal\/gal\/comunicando-coordina-a-revision-e-traducion-da-guia-do-xeodestino-trevinca-valdeorras\/#primaryimage","url":"https:\/\/comunicando.gal\/gal\/wp-content\/uploads\/2025\/12\/guiaweb.jpg","contentUrl":"https:\/\/comunicando.gal\/gal\/wp-content\/uploads\/2025\/12\/guiaweb.jpg","width":900,"height":600},{"@type":"BreadcrumbList","@id":"https:\/\/comunicando.gal\/gal\/comunicando-coordina-a-revision-e-traducion-da-guia-do-xeodestino-trevinca-valdeorras\/#breadcrumb","itemListElement":[{"@type":"ListItem","position":1,"name":"Portada","item":"https:\/\/comunicando.gal\/gal\/"},{"@type":"ListItem","position":2,"name":"Comunicando coordina a revisi\u00f3n e traduci\u00f3n da Gu\u00eda do Xeodestino Trevinca-Valdeorras"}]},{"@type":"WebSite","@id":"https:\/\/comunicando.gal\/gal\/#website","url":"https:\/\/comunicando.gal\/gal\/","name":"Comunicando. Consultor\u00eda de comunicaci\u00f3n.","description":"Consultor\u00eda de comunicaci\u00f3n","publisher":{"@id":"https:\/\/comunicando.gal\/gal\/#organization"},"alternateName":"Comunicando. Consultor\u00eda de comunicaci\u00f3n.","potentialAction":[{"@type":"SearchAction","target":{"@type":"EntryPoint","urlTemplate":"https:\/\/comunicando.gal\/gal\/?s={search_term_string}"},"query-input":{"@type":"PropertyValueSpecification","valueRequired":true,"valueName":"search_term_string"}}],"inLanguage":"es"},{"@type":"Organization","@id":"https:\/\/comunicando.gal\/gal\/#organization","name":"Comunicando. Consultor\u00eda de comunicaci\u00f3n.","url":"https:\/\/comunicando.gal\/gal\/","logo":{"@type":"ImageObject","inLanguage":"es","@id":"https:\/\/comunicando.gal\/gal\/#\/schema\/logo\/image\/","url":"https:\/\/comunicando.gal\/gal\/wp-content\/uploads\/2024\/07\/comunicando-vertical.png","contentUrl":"https:\/\/comunicando.gal\/gal\/wp-content\/uploads\/2024\/07\/comunicando-vertical.png","width":300,"height":323,"caption":"Comunicando. Consultor\u00eda de comunicaci\u00f3n."},"image":{"@id":"https:\/\/comunicando.gal\/gal\/#\/schema\/logo\/image\/"}},{"@type":"Person","@id":"https:\/\/comunicando.gal\/gal\/#\/schema\/person\/0d28af683c857811ed3fe6a412c4a429","name":"Jorge Isla"}]}},"_links":{"self":[{"href":"https:\/\/comunicando.gal\/gal\/wp-json\/wp\/v2\/posts\/4936","targetHints":{"allow":["GET"]}}],"collection":[{"href":"https:\/\/comunicando.gal\/gal\/wp-json\/wp\/v2\/posts"}],"about":[{"href":"https:\/\/comunicando.gal\/gal\/wp-json\/wp\/v2\/types\/post"}],"author":[{"embeddable":true,"href":"https:\/\/comunicando.gal\/gal\/wp-json\/wp\/v2\/users\/3"}],"replies":[{"embeddable":true,"href":"https:\/\/comunicando.gal\/gal\/wp-json\/wp\/v2\/comments?post=4936"}],"version-history":[{"count":3,"href":"https:\/\/comunicando.gal\/gal\/wp-json\/wp\/v2\/posts\/4936\/revisions"}],"predecessor-version":[{"id":4940,"href":"https:\/\/comunicando.gal\/gal\/wp-json\/wp\/v2\/posts\/4936\/revisions\/4940"}],"wp:featuredmedia":[{"embeddable":true,"href":"https:\/\/comunicando.gal\/gal\/wp-json\/wp\/v2\/media\/4938"}],"wp:attachment":[{"href":"https:\/\/comunicando.gal\/gal\/wp-json\/wp\/v2\/media?parent=4936"}],"wp:term":[{"taxonomy":"category","embeddable":true,"href":"https:\/\/comunicando.gal\/gal\/wp-json\/wp\/v2\/categories?post=4936"},{"taxonomy":"post_tag","embeddable":true,"href":"https:\/\/comunicando.gal\/gal\/wp-json\/wp\/v2\/tags?post=4936"}],"curies":[{"name":"wp","href":"https:\/\/api.w.org\/{rel}","templated":true}]}}