{"id":4930,"date":"2025-12-01T14:03:17","date_gmt":"2025-12-01T13:03:17","guid":{"rendered":"https:\/\/comunicando.gal\/gal\/?p=4930"},"modified":"2025-12-01T14:03:17","modified_gmt":"2025-12-01T13:03:17","slug":"comunicando-presenta-o-seminario-web-a-comunicacion-corporativa-comunicar-con-estratexia-do-cpxg","status":"publish","type":"post","link":"https:\/\/comunicando.gal\/gal\/comunicando-presenta-o-seminario-web-a-comunicacion-corporativa-comunicar-con-estratexia-do-cpxg\/","title":{"rendered":"Comunicando presenta o seminario web \u00abA comunicaci\u00f3n corporativa: Comunicar con estratexia\u00bb do CPXG"},"content":{"rendered":"<p>O ciclo de seminarios online <em>A comunicaci\u00f3n corporativa: Comunicar con estratexia, <\/em>organizado polo Colexio Profesional de Xornalistas de Galicia (CPXG) foi todo un \u00e9xito de participaci\u00f3n. Durante tres d\u00edas, 11, 13 e 17 de novembro, expertos da talla de B\u00e1rbara G. Vilari\u00f1o, Xos\u00e9 Luis Reza e Mar\u00eda Isabel M\u00edguez Gonz\u00e1lez, falaron de estratexias de comunicaci\u00f3n dixital, comunicaci\u00f3n corporativa ou dese\u00f1o dun plan de comunicaci\u00f3n, un programa que se complementou cunha xornada presencial o pasado 20 de novembro.<\/p>\n<div class=\"news-content item-content\">\n<p>A primeira formaci\u00f3n impartida por B\u00e1rbara G. Vilari\u00f1o o<strong> d\u00eda 11 de novembro<\/strong>, <em>Estratexias de comunicaci\u00f3n dixital<\/em>, foi <strong>presentada polo director de Comunicando Consultor\u00eda de Comunicaci\u00f3n, Jorge Isla<\/strong>, quen tam\u00e9n \u00e9 membro do Pleno Territoral do Colexio de Xornalistas.<\/p>\n<p><iframe loading=\"lazy\" title=\"Comunicaci\u00f3n corporativa: Estratexias de comunicaci\u00f3n dixital\" width=\"500\" height=\"281\" src=\"https:\/\/www.youtube.com\/embed\/16LjlxVrvec?feature=oembed\" frameborder=\"0\" allow=\"accelerometer; autoplay; clipboard-write; encrypted-media; gyroscope; picture-in-picture; web-share\" referrerpolicy=\"strict-origin-when-cross-origin\" allowfullscreen><\/iframe><\/p>\n<\/div>\n<p>Toda a informaci\u00f3n e seminarios impartidos, na p\u00e1xina web do Colexio de Xornalistas, <a href=\"https:\/\/xornalistas.gal\/novas-eventos\/novas\/o-cpxg-disponibiliza-as-gravacions-do-ciclo-a-comunicacion-corporativa-comunicar-con-estratexia-\/\" target=\"_blank\" rel=\"noopener\">premendo aqu\u00ed<\/a>.<\/p>\n","protected":false},"excerpt":{"rendered":"<p>O ciclo de seminarios online A comunicaci\u00f3n corporativa: Comunicar con estratexia, organizado polo Colexio Profesional de Xornalistas de Galicia (CPXG) foi todo un \u00e9xito de participaci\u00f3n. Durante tres d\u00edas, 11, 13 e 17 de novembro, expertos da talla de B\u00e1rbara G. Vilari\u00f1o, Xos\u00e9 Luis Reza e Mar\u00eda Isabel M\u00edguez Gonz\u00e1lez, falaron de estratexias de comunicaci\u00f3n [&hellip;]<\/p>\n","protected":false},"author":3,"featured_media":4932,"comment_status":"closed","ping_status":"closed","sticky":false,"template":"","format":"standard","meta":{"footnotes":""},"categories":[1],"tags":[],"class_list":["post-4930","post","type-post","status-publish","format-standard","has-post-thumbnail","hentry","category-noticias"],"yoast_head":"<!-- This site is optimized with the Yoast SEO plugin v26.2 - https:\/\/yoast.com\/wordpress\/plugins\/seo\/ -->\n<title>Comunicando presenta o seminario web &quot;A comunicaci\u00f3n corporativa: Comunicar con estratexia&quot; do CPXG<\/title>\n<meta name=\"robots\" content=\"index, follow, max-snippet:-1, max-image-preview:large, max-video-preview:-1\" \/>\n<link rel=\"canonical\" href=\"https:\/\/comunicando.gal\/gal\/comunicando-presenta-o-seminario-web-a-comunicacion-corporativa-comunicar-con-estratexia-do-cpxg\/\" \/>\n<meta property=\"og:locale\" content=\"es_ES\" \/>\n<meta property=\"og:type\" content=\"article\" \/>\n<meta property=\"og:title\" content=\"Comunicando presenta o seminario web &quot;A comunicaci\u00f3n corporativa: Comunicar con estratexia&quot; do CPXG\" \/>\n<meta property=\"og:description\" content=\"O ciclo de seminarios online A comunicaci\u00f3n corporativa: Comunicar con estratexia, organizado polo Colexio Profesional de Xornalistas de Galicia (CPXG) foi todo un \u00e9xito de participaci\u00f3n. Durante tres d\u00edas, 11, 13 e 17 de novembro, expertos da talla de B\u00e1rbara G. Vilari\u00f1o, Xos\u00e9 Luis Reza e Mar\u00eda Isabel M\u00edguez Gonz\u00e1lez, falaron de estratexias de comunicaci\u00f3n [&hellip;]\" \/>\n<meta property=\"og:url\" content=\"https:\/\/comunicando.gal\/gal\/comunicando-presenta-o-seminario-web-a-comunicacion-corporativa-comunicar-con-estratexia-do-cpxg\/\" \/>\n<meta property=\"og:site_name\" content=\"Comunicando\" \/>\n<meta property=\"article:published_time\" content=\"2025-12-01T13:03:17+00:00\" \/>\n<meta property=\"og:image\" content=\"https:\/\/comunicando.gal\/gal\/wp-content\/uploads\/2025\/12\/webinar2.png\" \/>\n\t<meta property=\"og:image:width\" content=\"1315\" \/>\n\t<meta property=\"og:image:height\" content=\"753\" \/>\n\t<meta property=\"og:image:type\" content=\"image\/png\" \/>\n<meta name=\"author\" content=\"Jorge Isla\" \/>\n<meta name=\"twitter:card\" content=\"summary_large_image\" \/>\n<script type=\"application\/ld+json\" class=\"yoast-schema-graph\">{\"@context\":\"https:\/\/schema.org\",\"@graph\":[{\"@type\":\"Article\",\"@id\":\"https:\/\/comunicando.gal\/gal\/comunicando-presenta-o-seminario-web-a-comunicacion-corporativa-comunicar-con-estratexia-do-cpxg\/#article\",\"isPartOf\":{\"@id\":\"https:\/\/comunicando.gal\/gal\/comunicando-presenta-o-seminario-web-a-comunicacion-corporativa-comunicar-con-estratexia-do-cpxg\/\"},\"author\":{\"name\":\"Jorge Isla\",\"@id\":\"https:\/\/comunicando.gal\/gal\/#\/schema\/person\/0d28af683c857811ed3fe6a412c4a429\"},\"headline\":\"Comunicando presenta o seminario web \u00abA comunicaci\u00f3n corporativa: Comunicar con estratexia\u00bb do CPXG\",\"datePublished\":\"2025-12-01T13:03:17+00:00\",\"mainEntityOfPage\":{\"@id\":\"https:\/\/comunicando.gal\/gal\/comunicando-presenta-o-seminario-web-a-comunicacion-corporativa-comunicar-con-estratexia-do-cpxg\/\"},\"wordCount\":172,\"publisher\":{\"@id\":\"https:\/\/comunicando.gal\/gal\/#organization\"},\"image\":{\"@id\":\"https:\/\/comunicando.gal\/gal\/comunicando-presenta-o-seminario-web-a-comunicacion-corporativa-comunicar-con-estratexia-do-cpxg\/#primaryimage\"},\"thumbnailUrl\":\"https:\/\/comunicando.gal\/gal\/wp-content\/uploads\/2025\/12\/webinar2.png\",\"articleSection\":[\"Noticias\"],\"inLanguage\":\"es\"},{\"@type\":\"WebPage\",\"@id\":\"https:\/\/comunicando.gal\/gal\/comunicando-presenta-o-seminario-web-a-comunicacion-corporativa-comunicar-con-estratexia-do-cpxg\/\",\"url\":\"https:\/\/comunicando.gal\/gal\/comunicando-presenta-o-seminario-web-a-comunicacion-corporativa-comunicar-con-estratexia-do-cpxg\/\",\"name\":\"Comunicando presenta o seminario web \\\"A comunicaci\u00f3n corporativa: Comunicar con estratexia\\\" do CPXG\",\"isPartOf\":{\"@id\":\"https:\/\/comunicando.gal\/gal\/#website\"},\"primaryImageOfPage\":{\"@id\":\"https:\/\/comunicando.gal\/gal\/comunicando-presenta-o-seminario-web-a-comunicacion-corporativa-comunicar-con-estratexia-do-cpxg\/#primaryimage\"},\"image\":{\"@id\":\"https:\/\/comunicando.gal\/gal\/comunicando-presenta-o-seminario-web-a-comunicacion-corporativa-comunicar-con-estratexia-do-cpxg\/#primaryimage\"},\"thumbnailUrl\":\"https:\/\/comunicando.gal\/gal\/wp-content\/uploads\/2025\/12\/webinar2.png\",\"datePublished\":\"2025-12-01T13:03:17+00:00\",\"breadcrumb\":{\"@id\":\"https:\/\/comunicando.gal\/gal\/comunicando-presenta-o-seminario-web-a-comunicacion-corporativa-comunicar-con-estratexia-do-cpxg\/#breadcrumb\"},\"inLanguage\":\"es\",\"potentialAction\":[{\"@type\":\"ReadAction\",\"target\":[\"https:\/\/comunicando.gal\/gal\/comunicando-presenta-o-seminario-web-a-comunicacion-corporativa-comunicar-con-estratexia-do-cpxg\/\"]}]},{\"@type\":\"ImageObject\",\"inLanguage\":\"es\",\"@id\":\"https:\/\/comunicando.gal\/gal\/comunicando-presenta-o-seminario-web-a-comunicacion-corporativa-comunicar-con-estratexia-do-cpxg\/#primaryimage\",\"url\":\"https:\/\/comunicando.gal\/gal\/wp-content\/uploads\/2025\/12\/webinar2.png\",\"contentUrl\":\"https:\/\/comunicando.gal\/gal\/wp-content\/uploads\/2025\/12\/webinar2.png\",\"width\":1315,\"height\":753},{\"@type\":\"BreadcrumbList\",\"@id\":\"https:\/\/comunicando.gal\/gal\/comunicando-presenta-o-seminario-web-a-comunicacion-corporativa-comunicar-con-estratexia-do-cpxg\/#breadcrumb\",\"itemListElement\":[{\"@type\":\"ListItem\",\"position\":1,\"name\":\"Portada\",\"item\":\"https:\/\/comunicando.gal\/gal\/\"},{\"@type\":\"ListItem\",\"position\":2,\"name\":\"Comunicando presenta o seminario web \u00abA comunicaci\u00f3n corporativa: Comunicar con estratexia\u00bb do CPXG\"}]},{\"@type\":\"WebSite\",\"@id\":\"https:\/\/comunicando.gal\/gal\/#website\",\"url\":\"https:\/\/comunicando.gal\/gal\/\",\"name\":\"Comunicando. Consultor\u00eda de comunicaci\u00f3n.\",\"description\":\"Consultor\u00eda de comunicaci\u00f3n\",\"publisher\":{\"@id\":\"https:\/\/comunicando.gal\/gal\/#organization\"},\"alternateName\":\"Comunicando. Consultor\u00eda de comunicaci\u00f3n.\",\"potentialAction\":[{\"@type\":\"SearchAction\",\"target\":{\"@type\":\"EntryPoint\",\"urlTemplate\":\"https:\/\/comunicando.gal\/gal\/?s={search_term_string}\"},\"query-input\":{\"@type\":\"PropertyValueSpecification\",\"valueRequired\":true,\"valueName\":\"search_term_string\"}}],\"inLanguage\":\"es\"},{\"@type\":\"Organization\",\"@id\":\"https:\/\/comunicando.gal\/gal\/#organization\",\"name\":\"Comunicando. Consultor\u00eda de comunicaci\u00f3n.\",\"url\":\"https:\/\/comunicando.gal\/gal\/\",\"logo\":{\"@type\":\"ImageObject\",\"inLanguage\":\"es\",\"@id\":\"https:\/\/comunicando.gal\/gal\/#\/schema\/logo\/image\/\",\"url\":\"https:\/\/comunicando.gal\/gal\/wp-content\/uploads\/2024\/07\/comunicando-vertical.png\",\"contentUrl\":\"https:\/\/comunicando.gal\/gal\/wp-content\/uploads\/2024\/07\/comunicando-vertical.png\",\"width\":300,\"height\":323,\"caption\":\"Comunicando. Consultor\u00eda de comunicaci\u00f3n.\"},\"image\":{\"@id\":\"https:\/\/comunicando.gal\/gal\/#\/schema\/logo\/image\/\"}},{\"@type\":\"Person\",\"@id\":\"https:\/\/comunicando.gal\/gal\/#\/schema\/person\/0d28af683c857811ed3fe6a412c4a429\",\"name\":\"Jorge Isla\"}]}<\/script>\n<!-- \/ Yoast SEO plugin. -->","yoast_head_json":{"title":"Comunicando presenta o seminario web \"A comunicaci\u00f3n corporativa: Comunicar con estratexia\" do CPXG","robots":{"index":"index","follow":"follow","max-snippet":"max-snippet:-1","max-image-preview":"max-image-preview:large","max-video-preview":"max-video-preview:-1"},"canonical":"https:\/\/comunicando.gal\/gal\/comunicando-presenta-o-seminario-web-a-comunicacion-corporativa-comunicar-con-estratexia-do-cpxg\/","og_locale":"es_ES","og_type":"article","og_title":"Comunicando presenta o seminario web \"A comunicaci\u00f3n corporativa: Comunicar con estratexia\" do CPXG","og_description":"O ciclo de seminarios online A comunicaci\u00f3n corporativa: Comunicar con estratexia, organizado polo Colexio Profesional de Xornalistas de Galicia (CPXG) foi todo un \u00e9xito de participaci\u00f3n. Durante tres d\u00edas, 11, 13 e 17 de novembro, expertos da talla de B\u00e1rbara G. Vilari\u00f1o, Xos\u00e9 Luis Reza e Mar\u00eda Isabel M\u00edguez Gonz\u00e1lez, falaron de estratexias de comunicaci\u00f3n [&hellip;]","og_url":"https:\/\/comunicando.gal\/gal\/comunicando-presenta-o-seminario-web-a-comunicacion-corporativa-comunicar-con-estratexia-do-cpxg\/","og_site_name":"Comunicando","article_published_time":"2025-12-01T13:03:17+00:00","og_image":[{"width":1315,"height":753,"url":"https:\/\/comunicando.gal\/gal\/wp-content\/uploads\/2025\/12\/webinar2.png","type":"image\/png"}],"author":"Jorge Isla","twitter_card":"summary_large_image","schema":{"@context":"https:\/\/schema.org","@graph":[{"@type":"Article","@id":"https:\/\/comunicando.gal\/gal\/comunicando-presenta-o-seminario-web-a-comunicacion-corporativa-comunicar-con-estratexia-do-cpxg\/#article","isPartOf":{"@id":"https:\/\/comunicando.gal\/gal\/comunicando-presenta-o-seminario-web-a-comunicacion-corporativa-comunicar-con-estratexia-do-cpxg\/"},"author":{"name":"Jorge Isla","@id":"https:\/\/comunicando.gal\/gal\/#\/schema\/person\/0d28af683c857811ed3fe6a412c4a429"},"headline":"Comunicando presenta o seminario web \u00abA comunicaci\u00f3n corporativa: Comunicar con estratexia\u00bb do CPXG","datePublished":"2025-12-01T13:03:17+00:00","mainEntityOfPage":{"@id":"https:\/\/comunicando.gal\/gal\/comunicando-presenta-o-seminario-web-a-comunicacion-corporativa-comunicar-con-estratexia-do-cpxg\/"},"wordCount":172,"publisher":{"@id":"https:\/\/comunicando.gal\/gal\/#organization"},"image":{"@id":"https:\/\/comunicando.gal\/gal\/comunicando-presenta-o-seminario-web-a-comunicacion-corporativa-comunicar-con-estratexia-do-cpxg\/#primaryimage"},"thumbnailUrl":"https:\/\/comunicando.gal\/gal\/wp-content\/uploads\/2025\/12\/webinar2.png","articleSection":["Noticias"],"inLanguage":"es"},{"@type":"WebPage","@id":"https:\/\/comunicando.gal\/gal\/comunicando-presenta-o-seminario-web-a-comunicacion-corporativa-comunicar-con-estratexia-do-cpxg\/","url":"https:\/\/comunicando.gal\/gal\/comunicando-presenta-o-seminario-web-a-comunicacion-corporativa-comunicar-con-estratexia-do-cpxg\/","name":"Comunicando presenta o seminario web \"A comunicaci\u00f3n corporativa: Comunicar con estratexia\" do CPXG","isPartOf":{"@id":"https:\/\/comunicando.gal\/gal\/#website"},"primaryImageOfPage":{"@id":"https:\/\/comunicando.gal\/gal\/comunicando-presenta-o-seminario-web-a-comunicacion-corporativa-comunicar-con-estratexia-do-cpxg\/#primaryimage"},"image":{"@id":"https:\/\/comunicando.gal\/gal\/comunicando-presenta-o-seminario-web-a-comunicacion-corporativa-comunicar-con-estratexia-do-cpxg\/#primaryimage"},"thumbnailUrl":"https:\/\/comunicando.gal\/gal\/wp-content\/uploads\/2025\/12\/webinar2.png","datePublished":"2025-12-01T13:03:17+00:00","breadcrumb":{"@id":"https:\/\/comunicando.gal\/gal\/comunicando-presenta-o-seminario-web-a-comunicacion-corporativa-comunicar-con-estratexia-do-cpxg\/#breadcrumb"},"inLanguage":"es","potentialAction":[{"@type":"ReadAction","target":["https:\/\/comunicando.gal\/gal\/comunicando-presenta-o-seminario-web-a-comunicacion-corporativa-comunicar-con-estratexia-do-cpxg\/"]}]},{"@type":"ImageObject","inLanguage":"es","@id":"https:\/\/comunicando.gal\/gal\/comunicando-presenta-o-seminario-web-a-comunicacion-corporativa-comunicar-con-estratexia-do-cpxg\/#primaryimage","url":"https:\/\/comunicando.gal\/gal\/wp-content\/uploads\/2025\/12\/webinar2.png","contentUrl":"https:\/\/comunicando.gal\/gal\/wp-content\/uploads\/2025\/12\/webinar2.png","width":1315,"height":753},{"@type":"BreadcrumbList","@id":"https:\/\/comunicando.gal\/gal\/comunicando-presenta-o-seminario-web-a-comunicacion-corporativa-comunicar-con-estratexia-do-cpxg\/#breadcrumb","itemListElement":[{"@type":"ListItem","position":1,"name":"Portada","item":"https:\/\/comunicando.gal\/gal\/"},{"@type":"ListItem","position":2,"name":"Comunicando presenta o seminario web \u00abA comunicaci\u00f3n corporativa: Comunicar con estratexia\u00bb do CPXG"}]},{"@type":"WebSite","@id":"https:\/\/comunicando.gal\/gal\/#website","url":"https:\/\/comunicando.gal\/gal\/","name":"Comunicando. Consultor\u00eda de comunicaci\u00f3n.","description":"Consultor\u00eda de comunicaci\u00f3n","publisher":{"@id":"https:\/\/comunicando.gal\/gal\/#organization"},"alternateName":"Comunicando. Consultor\u00eda de comunicaci\u00f3n.","potentialAction":[{"@type":"SearchAction","target":{"@type":"EntryPoint","urlTemplate":"https:\/\/comunicando.gal\/gal\/?s={search_term_string}"},"query-input":{"@type":"PropertyValueSpecification","valueRequired":true,"valueName":"search_term_string"}}],"inLanguage":"es"},{"@type":"Organization","@id":"https:\/\/comunicando.gal\/gal\/#organization","name":"Comunicando. Consultor\u00eda de comunicaci\u00f3n.","url":"https:\/\/comunicando.gal\/gal\/","logo":{"@type":"ImageObject","inLanguage":"es","@id":"https:\/\/comunicando.gal\/gal\/#\/schema\/logo\/image\/","url":"https:\/\/comunicando.gal\/gal\/wp-content\/uploads\/2024\/07\/comunicando-vertical.png","contentUrl":"https:\/\/comunicando.gal\/gal\/wp-content\/uploads\/2024\/07\/comunicando-vertical.png","width":300,"height":323,"caption":"Comunicando. Consultor\u00eda de comunicaci\u00f3n."},"image":{"@id":"https:\/\/comunicando.gal\/gal\/#\/schema\/logo\/image\/"}},{"@type":"Person","@id":"https:\/\/comunicando.gal\/gal\/#\/schema\/person\/0d28af683c857811ed3fe6a412c4a429","name":"Jorge Isla"}]}},"_links":{"self":[{"href":"https:\/\/comunicando.gal\/gal\/wp-json\/wp\/v2\/posts\/4930","targetHints":{"allow":["GET"]}}],"collection":[{"href":"https:\/\/comunicando.gal\/gal\/wp-json\/wp\/v2\/posts"}],"about":[{"href":"https:\/\/comunicando.gal\/gal\/wp-json\/wp\/v2\/types\/post"}],"author":[{"embeddable":true,"href":"https:\/\/comunicando.gal\/gal\/wp-json\/wp\/v2\/users\/3"}],"replies":[{"embeddable":true,"href":"https:\/\/comunicando.gal\/gal\/wp-json\/wp\/v2\/comments?post=4930"}],"version-history":[{"count":2,"href":"https:\/\/comunicando.gal\/gal\/wp-json\/wp\/v2\/posts\/4930\/revisions"}],"predecessor-version":[{"id":4933,"href":"https:\/\/comunicando.gal\/gal\/wp-json\/wp\/v2\/posts\/4930\/revisions\/4933"}],"wp:featuredmedia":[{"embeddable":true,"href":"https:\/\/comunicando.gal\/gal\/wp-json\/wp\/v2\/media\/4932"}],"wp:attachment":[{"href":"https:\/\/comunicando.gal\/gal\/wp-json\/wp\/v2\/media?parent=4930"}],"wp:term":[{"taxonomy":"category","embeddable":true,"href":"https:\/\/comunicando.gal\/gal\/wp-json\/wp\/v2\/categories?post=4930"},{"taxonomy":"post_tag","embeddable":true,"href":"https:\/\/comunicando.gal\/gal\/wp-json\/wp\/v2\/tags?post=4930"}],"curies":[{"name":"wp","href":"https:\/\/api.w.org\/{rel}","templated":true}]}}