{"id":4918,"date":"2025-11-06T09:33:59","date_gmt":"2025-11-06T08:33:59","guid":{"rendered":"https:\/\/comunicando.gal\/gal\/?p=4918"},"modified":"2025-11-06T10:24:39","modified_gmt":"2025-11-06T09:24:39","slug":"comunicando-participa-no-ciclo-de-seminarios-online-sobre-comunicacion-corporativa-do-colexio-de-xornalistas-de-galicia","status":"publish","type":"post","link":"https:\/\/comunicando.gal\/gal\/comunicando-participa-no-ciclo-de-seminarios-online-sobre-comunicacion-corporativa-do-colexio-de-xornalistas-de-galicia\/","title":{"rendered":"Comunicando participa no ciclo de seminarios online sobre comunicaci\u00f3n corporativa do Colexio de Xornalistas de Galicia"},"content":{"rendered":"<p><strong>A nosa axencia de comunicaci\u00f3n presentar\u00e1 a primeira charla titulada \u00abEstratexias de comunicaci\u00f3n dixital\u00bb impartida por B\u00e1rbara G. Vilari\u00f1o, xornalista e consultora de Comunicaci\u00f3n Dixital<\/strong><\/p>\n<p>O Colexio Profesional de Xornalistas de Galicia organiza nas ma\u00f1\u00e1s dos d\u00edas 11, 13 e 17 de novembro\u00a0<em>A comunicaci\u00f3n corporativa: Comunicar con estratexia<\/em>, un ciclo de seminarios online que analizar\u00e1 aspectos como as estratexias de comunicaci\u00f3n dixital, a comunicaci\u00f3n corporativa ou o dese\u00f1o dun plan de comunicaci\u00f3n. A formaci\u00f3n ser\u00e1 impartida por B\u00e1rbara G. Vilari\u00f1o, Xos\u00e9 Luis Reza e Mar\u00eda Isabel M\u00edguez Gonz\u00e1lez e o programa complementarase cunha xornada presencial o 20 de novembro. A inscrici\u00f3n para participar nos diferentes seminarios, libre e gratu\u00edta, xa est\u00e1 aberta. Todos eles se realizan coa subvenci\u00f3n da Deputaci\u00f3n da Coru\u00f1a e a colaboraci\u00f3n da Facultade de Ciencias da Comunicaci\u00f3n da USC.<\/p>\n<div class=\"news-content item-content\">\n<p>A primeira formaci\u00f3n, o <strong>d\u00eda 11 de novembro<\/strong>, \u00abEstratexias de comunicaci\u00f3n dixital\u00bb ser\u00e1 impartida por B\u00e1rbara G. Vilari\u00f1o e presentada polo <strong>director de Comunicando Consultor\u00eda de Comunicaci\u00f3n, Jorge Isla<\/strong>, quen tam\u00e9n \u00e9 membro do Pleno Territoral do Colexio de Xornalistas.<\/p>\n<p>O d\u00eda 13 de novembro, o director de Marketing de Iuni Strategic Marketers, Xos\u00e9 Luis Reza, impartir\u00e1 a formaci\u00f3n que leva por t\u00edtulo: \u00abComunicaci\u00f3n corporativa\u00bb; e por \u00faltimo, o d\u00eda 17 de novembro, ser\u00e1 o turno da directora do Departamento de Comunicaci\u00f3n Audiovisual e Publicidade da Facultade de Comunicaci\u00f3n da Universidade de Vigo, Mar\u00eda Isabel M\u00edguez Gonz\u00e1lez, que impartir\u00e1 a formaci\u00f3n \u00abDese\u00f1o dun plan de comunicaci\u00f3n\u00bb.<\/p>\n<p>As sesi\u00f3ns impartiranse a trav\u00e9s da <a href=\"https:\/\/xornalistas.gal\/comunidade\/formacion\/\" target=\"_blank\" rel=\"noopener\">plataforma de formaci\u00f3n do Colexio de Xornalistas<\/a> e ser\u00e1n gravadas para que aquelas persoas que non poidan asistir, te\u00f1an tam\u00e9n acceso posteriormente ao seu contido. Para inscribirse \u00e9 preciso cubrir o <a href=\"https:\/\/forms.gle\/aGu9WAtdoJgyNCFB8\">formulario online<\/a>, indicando aquela formaci\u00f3n na que se ten interese, ata o d\u00eda anterior \u00e1 data de celebraci\u00f3n do primeiro webinar no que a persoa desexe anotarse. A reserva de prazas realizarase por rigorosa orde de inscrici\u00f3n e poder\u00e1 solicitarse certificado de asistencia.<\/p>\n<\/div>\n<p>Toda a informaci\u00f3n, na p\u00e1xina web do Colexio de Xornalistas, <a href=\"https:\/\/www.xornalistas.gal\/novas-eventos\/novas\/o-colexio-de-xornalistas-programa-unha-serie-de-seminarios-online-sobre-comunicacion-corporativa\/\" target=\"_blank\" rel=\"noopener\">pulsando aqu\u00ed<\/a>.<\/p>\n<p>&nbsp;<\/p>\n<p><a href=\"https:\/\/www.xornalistas.gal\/novas-eventos\/novas\/o-colexio-de-xornalistas-programa-unha-serie-de-seminarios-online-sobre-comunicacion-corporativa\/\"><img loading=\"lazy\" decoding=\"async\" class=\"aligncenter wp-image-4923 size-full\" src=\"https:\/\/comunicando.gal\/gal\/wp-content\/uploads\/2025\/11\/programawebinarsweb.jpg\" alt=\"\" width=\"900\" height=\"507\" srcset=\"https:\/\/comunicando.gal\/gal\/wp-content\/uploads\/2025\/11\/programawebinarsweb.jpg 900w, https:\/\/comunicando.gal\/gal\/wp-content\/uploads\/2025\/11\/programawebinarsweb-768x433.jpg 768w, https:\/\/comunicando.gal\/gal\/wp-content\/uploads\/2025\/11\/programawebinarsweb-24x14.jpg 24w, https:\/\/comunicando.gal\/gal\/wp-content\/uploads\/2025\/11\/programawebinarsweb-36x20.jpg 36w, https:\/\/comunicando.gal\/gal\/wp-content\/uploads\/2025\/11\/programawebinarsweb-48x27.jpg 48w\" sizes=\"auto, (max-width: 900px) 100vw, 900px\" \/><\/a><\/p>\n","protected":false},"excerpt":{"rendered":"<p>A nosa axencia de comunicaci\u00f3n presentar\u00e1 a primeira charla titulada \u00abEstratexias de comunicaci\u00f3n dixital\u00bb impartida por B\u00e1rbara G. Vilari\u00f1o, xornalista e consultora de Comunicaci\u00f3n Dixital O Colexio Profesional de Xornalistas de Galicia organiza nas ma\u00f1\u00e1s dos d\u00edas 11, 13 e 17 de novembro\u00a0A comunicaci\u00f3n corporativa: Comunicar con estratexia, un ciclo de seminarios online que analizar\u00e1 [&hellip;]<\/p>\n","protected":false},"author":3,"featured_media":4921,"comment_status":"closed","ping_status":"closed","sticky":false,"template":"","format":"standard","meta":{"footnotes":""},"categories":[1],"tags":[],"class_list":["post-4918","post","type-post","status-publish","format-standard","has-post-thumbnail","hentry","category-noticias"],"yoast_head":"<!-- This site is optimized with the Yoast SEO plugin v26.2 - https:\/\/yoast.com\/wordpress\/plugins\/seo\/ -->\n<title>Comunicando participa no ciclo de seminarios online sobre comunicaci\u00f3n corporativa do Colexio de Xornalistas de Galicia<\/title>\n<meta name=\"robots\" content=\"index, follow, max-snippet:-1, max-image-preview:large, max-video-preview:-1\" \/>\n<link rel=\"canonical\" href=\"https:\/\/comunicando.gal\/gal\/comunicando-participa-no-ciclo-de-seminarios-online-sobre-comunicacion-corporativa-do-colexio-de-xornalistas-de-galicia\/\" \/>\n<meta property=\"og:locale\" content=\"es_ES\" \/>\n<meta property=\"og:type\" content=\"article\" \/>\n<meta property=\"og:title\" content=\"Comunicando participa no ciclo de seminarios online sobre comunicaci\u00f3n corporativa do Colexio de Xornalistas de Galicia\" \/>\n<meta property=\"og:description\" content=\"A nosa axencia de comunicaci\u00f3n presentar\u00e1 a primeira charla titulada \u00abEstratexias de comunicaci\u00f3n dixital\u00bb impartida por B\u00e1rbara G. Vilari\u00f1o, xornalista e consultora de Comunicaci\u00f3n Dixital O Colexio Profesional de Xornalistas de Galicia organiza nas ma\u00f1\u00e1s dos d\u00edas 11, 13 e 17 de novembro\u00a0A comunicaci\u00f3n corporativa: Comunicar con estratexia, un ciclo de seminarios online que analizar\u00e1 [&hellip;]\" \/>\n<meta property=\"og:url\" content=\"https:\/\/comunicando.gal\/gal\/comunicando-participa-no-ciclo-de-seminarios-online-sobre-comunicacion-corporativa-do-colexio-de-xornalistas-de-galicia\/\" \/>\n<meta property=\"og:site_name\" content=\"Comunicando\" \/>\n<meta property=\"article:published_time\" content=\"2025-11-06T08:33:59+00:00\" \/>\n<meta property=\"article:modified_time\" content=\"2025-11-06T09:24:39+00:00\" \/>\n<meta property=\"og:image\" content=\"https:\/\/comunicando.gal\/gal\/wp-content\/uploads\/2025\/11\/webinarportada.jpg\" \/>\n\t<meta property=\"og:image:width\" content=\"900\" \/>\n\t<meta property=\"og:image:height\" content=\"624\" \/>\n\t<meta property=\"og:image:type\" content=\"image\/jpeg\" \/>\n<meta name=\"author\" content=\"Jorge Isla\" \/>\n<meta name=\"twitter:card\" content=\"summary_large_image\" \/>\n<script type=\"application\/ld+json\" class=\"yoast-schema-graph\">{\"@context\":\"https:\/\/schema.org\",\"@graph\":[{\"@type\":\"Article\",\"@id\":\"https:\/\/comunicando.gal\/gal\/comunicando-participa-no-ciclo-de-seminarios-online-sobre-comunicacion-corporativa-do-colexio-de-xornalistas-de-galicia\/#article\",\"isPartOf\":{\"@id\":\"https:\/\/comunicando.gal\/gal\/comunicando-participa-no-ciclo-de-seminarios-online-sobre-comunicacion-corporativa-do-colexio-de-xornalistas-de-galicia\/\"},\"author\":{\"name\":\"Jorge Isla\",\"@id\":\"https:\/\/comunicando.gal\/gal\/#\/schema\/person\/0d28af683c857811ed3fe6a412c4a429\"},\"headline\":\"Comunicando participa no ciclo de seminarios online sobre comunicaci\u00f3n corporativa do Colexio de Xornalistas de Galicia\",\"datePublished\":\"2025-11-06T08:33:59+00:00\",\"dateModified\":\"2025-11-06T09:24:39+00:00\",\"mainEntityOfPage\":{\"@id\":\"https:\/\/comunicando.gal\/gal\/comunicando-participa-no-ciclo-de-seminarios-online-sobre-comunicacion-corporativa-do-colexio-de-xornalistas-de-galicia\/\"},\"wordCount\":398,\"publisher\":{\"@id\":\"https:\/\/comunicando.gal\/gal\/#organization\"},\"image\":{\"@id\":\"https:\/\/comunicando.gal\/gal\/comunicando-participa-no-ciclo-de-seminarios-online-sobre-comunicacion-corporativa-do-colexio-de-xornalistas-de-galicia\/#primaryimage\"},\"thumbnailUrl\":\"https:\/\/comunicando.gal\/gal\/wp-content\/uploads\/2025\/11\/webinarportada.jpg\",\"articleSection\":[\"Noticias\"],\"inLanguage\":\"es\"},{\"@type\":\"WebPage\",\"@id\":\"https:\/\/comunicando.gal\/gal\/comunicando-participa-no-ciclo-de-seminarios-online-sobre-comunicacion-corporativa-do-colexio-de-xornalistas-de-galicia\/\",\"url\":\"https:\/\/comunicando.gal\/gal\/comunicando-participa-no-ciclo-de-seminarios-online-sobre-comunicacion-corporativa-do-colexio-de-xornalistas-de-galicia\/\",\"name\":\"Comunicando participa no ciclo de seminarios online sobre comunicaci\u00f3n corporativa do Colexio de Xornalistas de Galicia\",\"isPartOf\":{\"@id\":\"https:\/\/comunicando.gal\/gal\/#website\"},\"primaryImageOfPage\":{\"@id\":\"https:\/\/comunicando.gal\/gal\/comunicando-participa-no-ciclo-de-seminarios-online-sobre-comunicacion-corporativa-do-colexio-de-xornalistas-de-galicia\/#primaryimage\"},\"image\":{\"@id\":\"https:\/\/comunicando.gal\/gal\/comunicando-participa-no-ciclo-de-seminarios-online-sobre-comunicacion-corporativa-do-colexio-de-xornalistas-de-galicia\/#primaryimage\"},\"thumbnailUrl\":\"https:\/\/comunicando.gal\/gal\/wp-content\/uploads\/2025\/11\/webinarportada.jpg\",\"datePublished\":\"2025-11-06T08:33:59+00:00\",\"dateModified\":\"2025-11-06T09:24:39+00:00\",\"breadcrumb\":{\"@id\":\"https:\/\/comunicando.gal\/gal\/comunicando-participa-no-ciclo-de-seminarios-online-sobre-comunicacion-corporativa-do-colexio-de-xornalistas-de-galicia\/#breadcrumb\"},\"inLanguage\":\"es\",\"potentialAction\":[{\"@type\":\"ReadAction\",\"target\":[\"https:\/\/comunicando.gal\/gal\/comunicando-participa-no-ciclo-de-seminarios-online-sobre-comunicacion-corporativa-do-colexio-de-xornalistas-de-galicia\/\"]}]},{\"@type\":\"ImageObject\",\"inLanguage\":\"es\",\"@id\":\"https:\/\/comunicando.gal\/gal\/comunicando-participa-no-ciclo-de-seminarios-online-sobre-comunicacion-corporativa-do-colexio-de-xornalistas-de-galicia\/#primaryimage\",\"url\":\"https:\/\/comunicando.gal\/gal\/wp-content\/uploads\/2025\/11\/webinarportada.jpg\",\"contentUrl\":\"https:\/\/comunicando.gal\/gal\/wp-content\/uploads\/2025\/11\/webinarportada.jpg\",\"width\":900,\"height\":624},{\"@type\":\"BreadcrumbList\",\"@id\":\"https:\/\/comunicando.gal\/gal\/comunicando-participa-no-ciclo-de-seminarios-online-sobre-comunicacion-corporativa-do-colexio-de-xornalistas-de-galicia\/#breadcrumb\",\"itemListElement\":[{\"@type\":\"ListItem\",\"position\":1,\"name\":\"Portada\",\"item\":\"https:\/\/comunicando.gal\/gal\/\"},{\"@type\":\"ListItem\",\"position\":2,\"name\":\"Comunicando participa no ciclo de seminarios online sobre comunicaci\u00f3n corporativa do Colexio de Xornalistas de Galicia\"}]},{\"@type\":\"WebSite\",\"@id\":\"https:\/\/comunicando.gal\/gal\/#website\",\"url\":\"https:\/\/comunicando.gal\/gal\/\",\"name\":\"Comunicando. Consultor\u00eda de comunicaci\u00f3n.\",\"description\":\"Consultor\u00eda de comunicaci\u00f3n\",\"publisher\":{\"@id\":\"https:\/\/comunicando.gal\/gal\/#organization\"},\"alternateName\":\"Comunicando. Consultor\u00eda de comunicaci\u00f3n.\",\"potentialAction\":[{\"@type\":\"SearchAction\",\"target\":{\"@type\":\"EntryPoint\",\"urlTemplate\":\"https:\/\/comunicando.gal\/gal\/?s={search_term_string}\"},\"query-input\":{\"@type\":\"PropertyValueSpecification\",\"valueRequired\":true,\"valueName\":\"search_term_string\"}}],\"inLanguage\":\"es\"},{\"@type\":\"Organization\",\"@id\":\"https:\/\/comunicando.gal\/gal\/#organization\",\"name\":\"Comunicando. Consultor\u00eda de comunicaci\u00f3n.\",\"url\":\"https:\/\/comunicando.gal\/gal\/\",\"logo\":{\"@type\":\"ImageObject\",\"inLanguage\":\"es\",\"@id\":\"https:\/\/comunicando.gal\/gal\/#\/schema\/logo\/image\/\",\"url\":\"https:\/\/comunicando.gal\/gal\/wp-content\/uploads\/2024\/07\/comunicando-vertical.png\",\"contentUrl\":\"https:\/\/comunicando.gal\/gal\/wp-content\/uploads\/2024\/07\/comunicando-vertical.png\",\"width\":300,\"height\":323,\"caption\":\"Comunicando. Consultor\u00eda de comunicaci\u00f3n.\"},\"image\":{\"@id\":\"https:\/\/comunicando.gal\/gal\/#\/schema\/logo\/image\/\"}},{\"@type\":\"Person\",\"@id\":\"https:\/\/comunicando.gal\/gal\/#\/schema\/person\/0d28af683c857811ed3fe6a412c4a429\",\"name\":\"Jorge Isla\"}]}<\/script>\n<!-- \/ Yoast SEO plugin. -->","yoast_head_json":{"title":"Comunicando participa no ciclo de seminarios online sobre comunicaci\u00f3n corporativa do Colexio de Xornalistas de Galicia","robots":{"index":"index","follow":"follow","max-snippet":"max-snippet:-1","max-image-preview":"max-image-preview:large","max-video-preview":"max-video-preview:-1"},"canonical":"https:\/\/comunicando.gal\/gal\/comunicando-participa-no-ciclo-de-seminarios-online-sobre-comunicacion-corporativa-do-colexio-de-xornalistas-de-galicia\/","og_locale":"es_ES","og_type":"article","og_title":"Comunicando participa no ciclo de seminarios online sobre comunicaci\u00f3n corporativa do Colexio de Xornalistas de Galicia","og_description":"A nosa axencia de comunicaci\u00f3n presentar\u00e1 a primeira charla titulada \u00abEstratexias de comunicaci\u00f3n dixital\u00bb impartida por B\u00e1rbara G. Vilari\u00f1o, xornalista e consultora de Comunicaci\u00f3n Dixital O Colexio Profesional de Xornalistas de Galicia organiza nas ma\u00f1\u00e1s dos d\u00edas 11, 13 e 17 de novembro\u00a0A comunicaci\u00f3n corporativa: Comunicar con estratexia, un ciclo de seminarios online que analizar\u00e1 [&hellip;]","og_url":"https:\/\/comunicando.gal\/gal\/comunicando-participa-no-ciclo-de-seminarios-online-sobre-comunicacion-corporativa-do-colexio-de-xornalistas-de-galicia\/","og_site_name":"Comunicando","article_published_time":"2025-11-06T08:33:59+00:00","article_modified_time":"2025-11-06T09:24:39+00:00","og_image":[{"width":900,"height":624,"url":"https:\/\/comunicando.gal\/gal\/wp-content\/uploads\/2025\/11\/webinarportada.jpg","type":"image\/jpeg"}],"author":"Jorge Isla","twitter_card":"summary_large_image","schema":{"@context":"https:\/\/schema.org","@graph":[{"@type":"Article","@id":"https:\/\/comunicando.gal\/gal\/comunicando-participa-no-ciclo-de-seminarios-online-sobre-comunicacion-corporativa-do-colexio-de-xornalistas-de-galicia\/#article","isPartOf":{"@id":"https:\/\/comunicando.gal\/gal\/comunicando-participa-no-ciclo-de-seminarios-online-sobre-comunicacion-corporativa-do-colexio-de-xornalistas-de-galicia\/"},"author":{"name":"Jorge Isla","@id":"https:\/\/comunicando.gal\/gal\/#\/schema\/person\/0d28af683c857811ed3fe6a412c4a429"},"headline":"Comunicando participa no ciclo de seminarios online sobre comunicaci\u00f3n corporativa do Colexio de Xornalistas de Galicia","datePublished":"2025-11-06T08:33:59+00:00","dateModified":"2025-11-06T09:24:39+00:00","mainEntityOfPage":{"@id":"https:\/\/comunicando.gal\/gal\/comunicando-participa-no-ciclo-de-seminarios-online-sobre-comunicacion-corporativa-do-colexio-de-xornalistas-de-galicia\/"},"wordCount":398,"publisher":{"@id":"https:\/\/comunicando.gal\/gal\/#organization"},"image":{"@id":"https:\/\/comunicando.gal\/gal\/comunicando-participa-no-ciclo-de-seminarios-online-sobre-comunicacion-corporativa-do-colexio-de-xornalistas-de-galicia\/#primaryimage"},"thumbnailUrl":"https:\/\/comunicando.gal\/gal\/wp-content\/uploads\/2025\/11\/webinarportada.jpg","articleSection":["Noticias"],"inLanguage":"es"},{"@type":"WebPage","@id":"https:\/\/comunicando.gal\/gal\/comunicando-participa-no-ciclo-de-seminarios-online-sobre-comunicacion-corporativa-do-colexio-de-xornalistas-de-galicia\/","url":"https:\/\/comunicando.gal\/gal\/comunicando-participa-no-ciclo-de-seminarios-online-sobre-comunicacion-corporativa-do-colexio-de-xornalistas-de-galicia\/","name":"Comunicando participa no ciclo de seminarios online sobre comunicaci\u00f3n corporativa do Colexio de Xornalistas de Galicia","isPartOf":{"@id":"https:\/\/comunicando.gal\/gal\/#website"},"primaryImageOfPage":{"@id":"https:\/\/comunicando.gal\/gal\/comunicando-participa-no-ciclo-de-seminarios-online-sobre-comunicacion-corporativa-do-colexio-de-xornalistas-de-galicia\/#primaryimage"},"image":{"@id":"https:\/\/comunicando.gal\/gal\/comunicando-participa-no-ciclo-de-seminarios-online-sobre-comunicacion-corporativa-do-colexio-de-xornalistas-de-galicia\/#primaryimage"},"thumbnailUrl":"https:\/\/comunicando.gal\/gal\/wp-content\/uploads\/2025\/11\/webinarportada.jpg","datePublished":"2025-11-06T08:33:59+00:00","dateModified":"2025-11-06T09:24:39+00:00","breadcrumb":{"@id":"https:\/\/comunicando.gal\/gal\/comunicando-participa-no-ciclo-de-seminarios-online-sobre-comunicacion-corporativa-do-colexio-de-xornalistas-de-galicia\/#breadcrumb"},"inLanguage":"es","potentialAction":[{"@type":"ReadAction","target":["https:\/\/comunicando.gal\/gal\/comunicando-participa-no-ciclo-de-seminarios-online-sobre-comunicacion-corporativa-do-colexio-de-xornalistas-de-galicia\/"]}]},{"@type":"ImageObject","inLanguage":"es","@id":"https:\/\/comunicando.gal\/gal\/comunicando-participa-no-ciclo-de-seminarios-online-sobre-comunicacion-corporativa-do-colexio-de-xornalistas-de-galicia\/#primaryimage","url":"https:\/\/comunicando.gal\/gal\/wp-content\/uploads\/2025\/11\/webinarportada.jpg","contentUrl":"https:\/\/comunicando.gal\/gal\/wp-content\/uploads\/2025\/11\/webinarportada.jpg","width":900,"height":624},{"@type":"BreadcrumbList","@id":"https:\/\/comunicando.gal\/gal\/comunicando-participa-no-ciclo-de-seminarios-online-sobre-comunicacion-corporativa-do-colexio-de-xornalistas-de-galicia\/#breadcrumb","itemListElement":[{"@type":"ListItem","position":1,"name":"Portada","item":"https:\/\/comunicando.gal\/gal\/"},{"@type":"ListItem","position":2,"name":"Comunicando participa no ciclo de seminarios online sobre comunicaci\u00f3n corporativa do Colexio de Xornalistas de Galicia"}]},{"@type":"WebSite","@id":"https:\/\/comunicando.gal\/gal\/#website","url":"https:\/\/comunicando.gal\/gal\/","name":"Comunicando. Consultor\u00eda de comunicaci\u00f3n.","description":"Consultor\u00eda de comunicaci\u00f3n","publisher":{"@id":"https:\/\/comunicando.gal\/gal\/#organization"},"alternateName":"Comunicando. Consultor\u00eda de comunicaci\u00f3n.","potentialAction":[{"@type":"SearchAction","target":{"@type":"EntryPoint","urlTemplate":"https:\/\/comunicando.gal\/gal\/?s={search_term_string}"},"query-input":{"@type":"PropertyValueSpecification","valueRequired":true,"valueName":"search_term_string"}}],"inLanguage":"es"},{"@type":"Organization","@id":"https:\/\/comunicando.gal\/gal\/#organization","name":"Comunicando. Consultor\u00eda de comunicaci\u00f3n.","url":"https:\/\/comunicando.gal\/gal\/","logo":{"@type":"ImageObject","inLanguage":"es","@id":"https:\/\/comunicando.gal\/gal\/#\/schema\/logo\/image\/","url":"https:\/\/comunicando.gal\/gal\/wp-content\/uploads\/2024\/07\/comunicando-vertical.png","contentUrl":"https:\/\/comunicando.gal\/gal\/wp-content\/uploads\/2024\/07\/comunicando-vertical.png","width":300,"height":323,"caption":"Comunicando. Consultor\u00eda de comunicaci\u00f3n."},"image":{"@id":"https:\/\/comunicando.gal\/gal\/#\/schema\/logo\/image\/"}},{"@type":"Person","@id":"https:\/\/comunicando.gal\/gal\/#\/schema\/person\/0d28af683c857811ed3fe6a412c4a429","name":"Jorge Isla"}]}},"_links":{"self":[{"href":"https:\/\/comunicando.gal\/gal\/wp-json\/wp\/v2\/posts\/4918","targetHints":{"allow":["GET"]}}],"collection":[{"href":"https:\/\/comunicando.gal\/gal\/wp-json\/wp\/v2\/posts"}],"about":[{"href":"https:\/\/comunicando.gal\/gal\/wp-json\/wp\/v2\/types\/post"}],"author":[{"embeddable":true,"href":"https:\/\/comunicando.gal\/gal\/wp-json\/wp\/v2\/users\/3"}],"replies":[{"embeddable":true,"href":"https:\/\/comunicando.gal\/gal\/wp-json\/wp\/v2\/comments?post=4918"}],"version-history":[{"count":7,"href":"https:\/\/comunicando.gal\/gal\/wp-json\/wp\/v2\/posts\/4918\/revisions"}],"predecessor-version":[{"id":4928,"href":"https:\/\/comunicando.gal\/gal\/wp-json\/wp\/v2\/posts\/4918\/revisions\/4928"}],"wp:featuredmedia":[{"embeddable":true,"href":"https:\/\/comunicando.gal\/gal\/wp-json\/wp\/v2\/media\/4921"}],"wp:attachment":[{"href":"https:\/\/comunicando.gal\/gal\/wp-json\/wp\/v2\/media?parent=4918"}],"wp:term":[{"taxonomy":"category","embeddable":true,"href":"https:\/\/comunicando.gal\/gal\/wp-json\/wp\/v2\/categories?post=4918"},{"taxonomy":"post_tag","embeddable":true,"href":"https:\/\/comunicando.gal\/gal\/wp-json\/wp\/v2\/tags?post=4918"}],"curies":[{"name":"wp","href":"https:\/\/api.w.org\/{rel}","templated":true}]}}