{"id":4907,"date":"2025-10-31T10:01:00","date_gmt":"2025-10-31T09:01:00","guid":{"rendered":"https:\/\/comunicando.gal\/gal\/?p=4907"},"modified":"2025-10-31T10:01:00","modified_gmt":"2025-10-31T09:01:00","slug":"comunicando-coordina-co-cluster-da-pizarra-de-galicia-unha-xornada-tecnica-a-que-asisten-mais-de-50-profesionais-do-sector","status":"publish","type":"post","link":"https:\/\/comunicando.gal\/gal\/comunicando-coordina-co-cluster-da-pizarra-de-galicia-unha-xornada-tecnica-a-que-asisten-mais-de-50-profesionais-do-sector\/","title":{"rendered":"Comunicando coordina co Cl\u00faster da Pizarra de Galicia unha Xornada T\u00e9cnica \u00e1 que asisten m\u00e1is de 50 profesionais do sector"},"content":{"rendered":"<p>O Cl\u00faster da Pizarra de Galicia celebrou fai unha semana, o pasado venres 24 de outubro, a X<em>ornada T\u00e9cnica sobre seguridade e sa\u00fade no sector da pizarra.<\/em> <strong>M\u00e1is de 50 persoas<\/strong>, reunidas na sede do Centro Tecnol\u00f3xico da Pizarra, en Sobradelo de Valdeorras, asistiron aos relatorios que realizaron expertos en materia de prevenci\u00f3n de riscos laborais e hixiene industrial. Todo un <strong>\u00e9xito de participaci\u00f3n<\/strong> froito dunha coordinada organizaci\u00f3n realizada por Comunicando, previa \u00e1 celebraci\u00f3n do evento.<\/p>\n<p>Tanto a elecci\u00f3n da l\u00ednea gr\u00e1fica, dise\u00f1o de invitaci\u00f3ns, programa, carteler\u00eda, etc., como a labor de coordinaci\u00f3n e protocolo de autoridades, organizaci\u00f3n do evento, distribuci\u00f3n de intervenci\u00f3ns, presentaci\u00f3n do acto, e relaci\u00f3n cos medios de comunicaci\u00f3n, foron <strong>labores realizadas pola nosa consultor\u00eda<\/strong>, ao que se suma tam\u00e9n o traballo de comunicaci\u00f3n na web corporativa do Cl\u00faster e nas s\u00faas redes sociais.<\/p>\n<p>A xornada t\u00e9cnica rematou cun <strong>debate cos expertos relatores <\/strong>como protagonistas conducido polo noso director, Jorge Isla, no que os asistentes plantexaron d\u00fabidas pr\u00e1cticas aos expertos \u00e1s que fan fronte habitualmente no seu d\u00eda a d\u00eda.<\/p>\n<p>&nbsp;<\/p>\n<div id=\"attachment_4910\" style=\"width: 910px\" class=\"wp-caption aligncenter\"><img loading=\"lazy\" decoding=\"async\" aria-describedby=\"caption-attachment-4910\" class=\"wp-image-4910 size-full\" src=\"https:\/\/comunicando.gal\/gal\/wp-content\/uploads\/2025\/10\/DSC02101web.jpg\" alt=\"\" width=\"900\" height=\"600\" srcset=\"https:\/\/comunicando.gal\/gal\/wp-content\/uploads\/2025\/10\/DSC02101web.jpg 900w, https:\/\/comunicando.gal\/gal\/wp-content\/uploads\/2025\/10\/DSC02101web-768x512.jpg 768w, https:\/\/comunicando.gal\/gal\/wp-content\/uploads\/2025\/10\/DSC02101web-600x400.jpg 600w, https:\/\/comunicando.gal\/gal\/wp-content\/uploads\/2025\/10\/DSC02101web-24x16.jpg 24w, https:\/\/comunicando.gal\/gal\/wp-content\/uploads\/2025\/10\/DSC02101web-36x24.jpg 36w, https:\/\/comunicando.gal\/gal\/wp-content\/uploads\/2025\/10\/DSC02101web-48x32.jpg 48w\" sizes=\"auto, (max-width: 900px) 100vw, 900px\" \/><p id=\"caption-attachment-4910\" class=\"wp-caption-text\"><em>A presentaci\u00f3n do acto foi realizada polo director de Comunicando, Jorge Isla.<\/em><\/p><\/div>\n","protected":false},"excerpt":{"rendered":"<p>O Cl\u00faster da Pizarra de Galicia celebrou fai unha semana, o pasado venres 24 de outubro, a Xornada T\u00e9cnica sobre seguridade e sa\u00fade no sector da pizarra. M\u00e1is de 50 persoas, reunidas na sede do Centro Tecnol\u00f3xico da Pizarra, en Sobradelo de Valdeorras, asistiron aos relatorios que realizaron expertos en materia de prevenci\u00f3n de riscos [&hellip;]<\/p>\n","protected":false},"author":3,"featured_media":4909,"comment_status":"closed","ping_status":"closed","sticky":false,"template":"","format":"standard","meta":{"footnotes":""},"categories":[1],"tags":[],"class_list":["post-4907","post","type-post","status-publish","format-standard","has-post-thumbnail","hentry","category-noticias"],"yoast_head":"<!-- This site is optimized with the Yoast SEO plugin v26.2 - https:\/\/yoast.com\/wordpress\/plugins\/seo\/ -->\n<title>Comunicando coordina co Cl\u00faster da Pizarra de Galicia unha Xornada T\u00e9cnica \u00e1 que asisten m\u00e1is de 50 profesionais do sector<\/title>\n<meta name=\"robots\" content=\"index, follow, max-snippet:-1, max-image-preview:large, max-video-preview:-1\" \/>\n<link rel=\"canonical\" href=\"https:\/\/comunicando.gal\/gal\/comunicando-coordina-co-cluster-da-pizarra-de-galicia-unha-xornada-tecnica-a-que-asisten-mais-de-50-profesionais-do-sector\/\" \/>\n<meta property=\"og:locale\" content=\"es_ES\" \/>\n<meta property=\"og:type\" content=\"article\" \/>\n<meta property=\"og:title\" content=\"Comunicando coordina co Cl\u00faster da Pizarra de Galicia unha Xornada T\u00e9cnica \u00e1 que asisten m\u00e1is de 50 profesionais do sector\" \/>\n<meta property=\"og:description\" content=\"O Cl\u00faster da Pizarra de Galicia celebrou fai unha semana, o pasado venres 24 de outubro, a Xornada T\u00e9cnica sobre seguridade e sa\u00fade no sector da pizarra. M\u00e1is de 50 persoas, reunidas na sede do Centro Tecnol\u00f3xico da Pizarra, en Sobradelo de Valdeorras, asistiron aos relatorios que realizaron expertos en materia de prevenci\u00f3n de riscos [&hellip;]\" \/>\n<meta property=\"og:url\" content=\"https:\/\/comunicando.gal\/gal\/comunicando-coordina-co-cluster-da-pizarra-de-galicia-unha-xornada-tecnica-a-que-asisten-mais-de-50-profesionais-do-sector\/\" \/>\n<meta property=\"og:site_name\" content=\"Comunicando\" \/>\n<meta property=\"article:published_time\" content=\"2025-10-31T09:01:00+00:00\" \/>\n<meta property=\"og:image\" content=\"https:\/\/comunicando.gal\/gal\/wp-content\/uploads\/2025\/10\/DSC02103web.jpg\" \/>\n\t<meta property=\"og:image:width\" content=\"900\" \/>\n\t<meta property=\"og:image:height\" content=\"600\" \/>\n\t<meta property=\"og:image:type\" content=\"image\/jpeg\" \/>\n<meta name=\"author\" content=\"Jorge Isla\" \/>\n<meta name=\"twitter:card\" content=\"summary_large_image\" \/>\n<script type=\"application\/ld+json\" class=\"yoast-schema-graph\">{\"@context\":\"https:\/\/schema.org\",\"@graph\":[{\"@type\":\"Article\",\"@id\":\"https:\/\/comunicando.gal\/gal\/comunicando-coordina-co-cluster-da-pizarra-de-galicia-unha-xornada-tecnica-a-que-asisten-mais-de-50-profesionais-do-sector\/#article\",\"isPartOf\":{\"@id\":\"https:\/\/comunicando.gal\/gal\/comunicando-coordina-co-cluster-da-pizarra-de-galicia-unha-xornada-tecnica-a-que-asisten-mais-de-50-profesionais-do-sector\/\"},\"author\":{\"name\":\"Jorge Isla\",\"@id\":\"https:\/\/comunicando.gal\/gal\/#\/schema\/person\/0d28af683c857811ed3fe6a412c4a429\"},\"headline\":\"Comunicando coordina co Cl\u00faster da Pizarra de Galicia unha Xornada T\u00e9cnica \u00e1 que asisten m\u00e1is de 50 profesionais do sector\",\"datePublished\":\"2025-10-31T09:01:00+00:00\",\"mainEntityOfPage\":{\"@id\":\"https:\/\/comunicando.gal\/gal\/comunicando-coordina-co-cluster-da-pizarra-de-galicia-unha-xornada-tecnica-a-que-asisten-mais-de-50-profesionais-do-sector\/\"},\"wordCount\":244,\"publisher\":{\"@id\":\"https:\/\/comunicando.gal\/gal\/#organization\"},\"image\":{\"@id\":\"https:\/\/comunicando.gal\/gal\/comunicando-coordina-co-cluster-da-pizarra-de-galicia-unha-xornada-tecnica-a-que-asisten-mais-de-50-profesionais-do-sector\/#primaryimage\"},\"thumbnailUrl\":\"https:\/\/comunicando.gal\/gal\/wp-content\/uploads\/2025\/10\/DSC02103web.jpg\",\"articleSection\":[\"Noticias\"],\"inLanguage\":\"es\"},{\"@type\":\"WebPage\",\"@id\":\"https:\/\/comunicando.gal\/gal\/comunicando-coordina-co-cluster-da-pizarra-de-galicia-unha-xornada-tecnica-a-que-asisten-mais-de-50-profesionais-do-sector\/\",\"url\":\"https:\/\/comunicando.gal\/gal\/comunicando-coordina-co-cluster-da-pizarra-de-galicia-unha-xornada-tecnica-a-que-asisten-mais-de-50-profesionais-do-sector\/\",\"name\":\"Comunicando coordina co Cl\u00faster da Pizarra de Galicia unha Xornada T\u00e9cnica \u00e1 que asisten m\u00e1is de 50 profesionais do sector\",\"isPartOf\":{\"@id\":\"https:\/\/comunicando.gal\/gal\/#website\"},\"primaryImageOfPage\":{\"@id\":\"https:\/\/comunicando.gal\/gal\/comunicando-coordina-co-cluster-da-pizarra-de-galicia-unha-xornada-tecnica-a-que-asisten-mais-de-50-profesionais-do-sector\/#primaryimage\"},\"image\":{\"@id\":\"https:\/\/comunicando.gal\/gal\/comunicando-coordina-co-cluster-da-pizarra-de-galicia-unha-xornada-tecnica-a-que-asisten-mais-de-50-profesionais-do-sector\/#primaryimage\"},\"thumbnailUrl\":\"https:\/\/comunicando.gal\/gal\/wp-content\/uploads\/2025\/10\/DSC02103web.jpg\",\"datePublished\":\"2025-10-31T09:01:00+00:00\",\"breadcrumb\":{\"@id\":\"https:\/\/comunicando.gal\/gal\/comunicando-coordina-co-cluster-da-pizarra-de-galicia-unha-xornada-tecnica-a-que-asisten-mais-de-50-profesionais-do-sector\/#breadcrumb\"},\"inLanguage\":\"es\",\"potentialAction\":[{\"@type\":\"ReadAction\",\"target\":[\"https:\/\/comunicando.gal\/gal\/comunicando-coordina-co-cluster-da-pizarra-de-galicia-unha-xornada-tecnica-a-que-asisten-mais-de-50-profesionais-do-sector\/\"]}]},{\"@type\":\"ImageObject\",\"inLanguage\":\"es\",\"@id\":\"https:\/\/comunicando.gal\/gal\/comunicando-coordina-co-cluster-da-pizarra-de-galicia-unha-xornada-tecnica-a-que-asisten-mais-de-50-profesionais-do-sector\/#primaryimage\",\"url\":\"https:\/\/comunicando.gal\/gal\/wp-content\/uploads\/2025\/10\/DSC02103web.jpg\",\"contentUrl\":\"https:\/\/comunicando.gal\/gal\/wp-content\/uploads\/2025\/10\/DSC02103web.jpg\",\"width\":900,\"height\":600},{\"@type\":\"BreadcrumbList\",\"@id\":\"https:\/\/comunicando.gal\/gal\/comunicando-coordina-co-cluster-da-pizarra-de-galicia-unha-xornada-tecnica-a-que-asisten-mais-de-50-profesionais-do-sector\/#breadcrumb\",\"itemListElement\":[{\"@type\":\"ListItem\",\"position\":1,\"name\":\"Portada\",\"item\":\"https:\/\/comunicando.gal\/gal\/\"},{\"@type\":\"ListItem\",\"position\":2,\"name\":\"Comunicando coordina co Cl\u00faster da Pizarra de Galicia unha Xornada T\u00e9cnica \u00e1 que asisten m\u00e1is de 50 profesionais do sector\"}]},{\"@type\":\"WebSite\",\"@id\":\"https:\/\/comunicando.gal\/gal\/#website\",\"url\":\"https:\/\/comunicando.gal\/gal\/\",\"name\":\"Comunicando. Consultor\u00eda de comunicaci\u00f3n.\",\"description\":\"Consultor\u00eda de comunicaci\u00f3n\",\"publisher\":{\"@id\":\"https:\/\/comunicando.gal\/gal\/#organization\"},\"alternateName\":\"Comunicando. Consultor\u00eda de comunicaci\u00f3n.\",\"potentialAction\":[{\"@type\":\"SearchAction\",\"target\":{\"@type\":\"EntryPoint\",\"urlTemplate\":\"https:\/\/comunicando.gal\/gal\/?s={search_term_string}\"},\"query-input\":{\"@type\":\"PropertyValueSpecification\",\"valueRequired\":true,\"valueName\":\"search_term_string\"}}],\"inLanguage\":\"es\"},{\"@type\":\"Organization\",\"@id\":\"https:\/\/comunicando.gal\/gal\/#organization\",\"name\":\"Comunicando. Consultor\u00eda de comunicaci\u00f3n.\",\"url\":\"https:\/\/comunicando.gal\/gal\/\",\"logo\":{\"@type\":\"ImageObject\",\"inLanguage\":\"es\",\"@id\":\"https:\/\/comunicando.gal\/gal\/#\/schema\/logo\/image\/\",\"url\":\"https:\/\/comunicando.gal\/gal\/wp-content\/uploads\/2024\/07\/comunicando-vertical.png\",\"contentUrl\":\"https:\/\/comunicando.gal\/gal\/wp-content\/uploads\/2024\/07\/comunicando-vertical.png\",\"width\":300,\"height\":323,\"caption\":\"Comunicando. Consultor\u00eda de comunicaci\u00f3n.\"},\"image\":{\"@id\":\"https:\/\/comunicando.gal\/gal\/#\/schema\/logo\/image\/\"}},{\"@type\":\"Person\",\"@id\":\"https:\/\/comunicando.gal\/gal\/#\/schema\/person\/0d28af683c857811ed3fe6a412c4a429\",\"name\":\"Jorge Isla\"}]}<\/script>\n<!-- \/ Yoast SEO plugin. -->","yoast_head_json":{"title":"Comunicando coordina co Cl\u00faster da Pizarra de Galicia unha Xornada T\u00e9cnica \u00e1 que asisten m\u00e1is de 50 profesionais do sector","robots":{"index":"index","follow":"follow","max-snippet":"max-snippet:-1","max-image-preview":"max-image-preview:large","max-video-preview":"max-video-preview:-1"},"canonical":"https:\/\/comunicando.gal\/gal\/comunicando-coordina-co-cluster-da-pizarra-de-galicia-unha-xornada-tecnica-a-que-asisten-mais-de-50-profesionais-do-sector\/","og_locale":"es_ES","og_type":"article","og_title":"Comunicando coordina co Cl\u00faster da Pizarra de Galicia unha Xornada T\u00e9cnica \u00e1 que asisten m\u00e1is de 50 profesionais do sector","og_description":"O Cl\u00faster da Pizarra de Galicia celebrou fai unha semana, o pasado venres 24 de outubro, a Xornada T\u00e9cnica sobre seguridade e sa\u00fade no sector da pizarra. M\u00e1is de 50 persoas, reunidas na sede do Centro Tecnol\u00f3xico da Pizarra, en Sobradelo de Valdeorras, asistiron aos relatorios que realizaron expertos en materia de prevenci\u00f3n de riscos [&hellip;]","og_url":"https:\/\/comunicando.gal\/gal\/comunicando-coordina-co-cluster-da-pizarra-de-galicia-unha-xornada-tecnica-a-que-asisten-mais-de-50-profesionais-do-sector\/","og_site_name":"Comunicando","article_published_time":"2025-10-31T09:01:00+00:00","og_image":[{"width":900,"height":600,"url":"https:\/\/comunicando.gal\/gal\/wp-content\/uploads\/2025\/10\/DSC02103web.jpg","type":"image\/jpeg"}],"author":"Jorge Isla","twitter_card":"summary_large_image","schema":{"@context":"https:\/\/schema.org","@graph":[{"@type":"Article","@id":"https:\/\/comunicando.gal\/gal\/comunicando-coordina-co-cluster-da-pizarra-de-galicia-unha-xornada-tecnica-a-que-asisten-mais-de-50-profesionais-do-sector\/#article","isPartOf":{"@id":"https:\/\/comunicando.gal\/gal\/comunicando-coordina-co-cluster-da-pizarra-de-galicia-unha-xornada-tecnica-a-que-asisten-mais-de-50-profesionais-do-sector\/"},"author":{"name":"Jorge Isla","@id":"https:\/\/comunicando.gal\/gal\/#\/schema\/person\/0d28af683c857811ed3fe6a412c4a429"},"headline":"Comunicando coordina co Cl\u00faster da Pizarra de Galicia unha Xornada T\u00e9cnica \u00e1 que asisten m\u00e1is de 50 profesionais do sector","datePublished":"2025-10-31T09:01:00+00:00","mainEntityOfPage":{"@id":"https:\/\/comunicando.gal\/gal\/comunicando-coordina-co-cluster-da-pizarra-de-galicia-unha-xornada-tecnica-a-que-asisten-mais-de-50-profesionais-do-sector\/"},"wordCount":244,"publisher":{"@id":"https:\/\/comunicando.gal\/gal\/#organization"},"image":{"@id":"https:\/\/comunicando.gal\/gal\/comunicando-coordina-co-cluster-da-pizarra-de-galicia-unha-xornada-tecnica-a-que-asisten-mais-de-50-profesionais-do-sector\/#primaryimage"},"thumbnailUrl":"https:\/\/comunicando.gal\/gal\/wp-content\/uploads\/2025\/10\/DSC02103web.jpg","articleSection":["Noticias"],"inLanguage":"es"},{"@type":"WebPage","@id":"https:\/\/comunicando.gal\/gal\/comunicando-coordina-co-cluster-da-pizarra-de-galicia-unha-xornada-tecnica-a-que-asisten-mais-de-50-profesionais-do-sector\/","url":"https:\/\/comunicando.gal\/gal\/comunicando-coordina-co-cluster-da-pizarra-de-galicia-unha-xornada-tecnica-a-que-asisten-mais-de-50-profesionais-do-sector\/","name":"Comunicando coordina co Cl\u00faster da Pizarra de Galicia unha Xornada T\u00e9cnica \u00e1 que asisten m\u00e1is de 50 profesionais do sector","isPartOf":{"@id":"https:\/\/comunicando.gal\/gal\/#website"},"primaryImageOfPage":{"@id":"https:\/\/comunicando.gal\/gal\/comunicando-coordina-co-cluster-da-pizarra-de-galicia-unha-xornada-tecnica-a-que-asisten-mais-de-50-profesionais-do-sector\/#primaryimage"},"image":{"@id":"https:\/\/comunicando.gal\/gal\/comunicando-coordina-co-cluster-da-pizarra-de-galicia-unha-xornada-tecnica-a-que-asisten-mais-de-50-profesionais-do-sector\/#primaryimage"},"thumbnailUrl":"https:\/\/comunicando.gal\/gal\/wp-content\/uploads\/2025\/10\/DSC02103web.jpg","datePublished":"2025-10-31T09:01:00+00:00","breadcrumb":{"@id":"https:\/\/comunicando.gal\/gal\/comunicando-coordina-co-cluster-da-pizarra-de-galicia-unha-xornada-tecnica-a-que-asisten-mais-de-50-profesionais-do-sector\/#breadcrumb"},"inLanguage":"es","potentialAction":[{"@type":"ReadAction","target":["https:\/\/comunicando.gal\/gal\/comunicando-coordina-co-cluster-da-pizarra-de-galicia-unha-xornada-tecnica-a-que-asisten-mais-de-50-profesionais-do-sector\/"]}]},{"@type":"ImageObject","inLanguage":"es","@id":"https:\/\/comunicando.gal\/gal\/comunicando-coordina-co-cluster-da-pizarra-de-galicia-unha-xornada-tecnica-a-que-asisten-mais-de-50-profesionais-do-sector\/#primaryimage","url":"https:\/\/comunicando.gal\/gal\/wp-content\/uploads\/2025\/10\/DSC02103web.jpg","contentUrl":"https:\/\/comunicando.gal\/gal\/wp-content\/uploads\/2025\/10\/DSC02103web.jpg","width":900,"height":600},{"@type":"BreadcrumbList","@id":"https:\/\/comunicando.gal\/gal\/comunicando-coordina-co-cluster-da-pizarra-de-galicia-unha-xornada-tecnica-a-que-asisten-mais-de-50-profesionais-do-sector\/#breadcrumb","itemListElement":[{"@type":"ListItem","position":1,"name":"Portada","item":"https:\/\/comunicando.gal\/gal\/"},{"@type":"ListItem","position":2,"name":"Comunicando coordina co Cl\u00faster da Pizarra de Galicia unha Xornada T\u00e9cnica \u00e1 que asisten m\u00e1is de 50 profesionais do sector"}]},{"@type":"WebSite","@id":"https:\/\/comunicando.gal\/gal\/#website","url":"https:\/\/comunicando.gal\/gal\/","name":"Comunicando. Consultor\u00eda de comunicaci\u00f3n.","description":"Consultor\u00eda de comunicaci\u00f3n","publisher":{"@id":"https:\/\/comunicando.gal\/gal\/#organization"},"alternateName":"Comunicando. Consultor\u00eda de comunicaci\u00f3n.","potentialAction":[{"@type":"SearchAction","target":{"@type":"EntryPoint","urlTemplate":"https:\/\/comunicando.gal\/gal\/?s={search_term_string}"},"query-input":{"@type":"PropertyValueSpecification","valueRequired":true,"valueName":"search_term_string"}}],"inLanguage":"es"},{"@type":"Organization","@id":"https:\/\/comunicando.gal\/gal\/#organization","name":"Comunicando. Consultor\u00eda de comunicaci\u00f3n.","url":"https:\/\/comunicando.gal\/gal\/","logo":{"@type":"ImageObject","inLanguage":"es","@id":"https:\/\/comunicando.gal\/gal\/#\/schema\/logo\/image\/","url":"https:\/\/comunicando.gal\/gal\/wp-content\/uploads\/2024\/07\/comunicando-vertical.png","contentUrl":"https:\/\/comunicando.gal\/gal\/wp-content\/uploads\/2024\/07\/comunicando-vertical.png","width":300,"height":323,"caption":"Comunicando. Consultor\u00eda de comunicaci\u00f3n."},"image":{"@id":"https:\/\/comunicando.gal\/gal\/#\/schema\/logo\/image\/"}},{"@type":"Person","@id":"https:\/\/comunicando.gal\/gal\/#\/schema\/person\/0d28af683c857811ed3fe6a412c4a429","name":"Jorge Isla"}]}},"_links":{"self":[{"href":"https:\/\/comunicando.gal\/gal\/wp-json\/wp\/v2\/posts\/4907","targetHints":{"allow":["GET"]}}],"collection":[{"href":"https:\/\/comunicando.gal\/gal\/wp-json\/wp\/v2\/posts"}],"about":[{"href":"https:\/\/comunicando.gal\/gal\/wp-json\/wp\/v2\/types\/post"}],"author":[{"embeddable":true,"href":"https:\/\/comunicando.gal\/gal\/wp-json\/wp\/v2\/users\/3"}],"replies":[{"embeddable":true,"href":"https:\/\/comunicando.gal\/gal\/wp-json\/wp\/v2\/comments?post=4907"}],"version-history":[{"count":5,"href":"https:\/\/comunicando.gal\/gal\/wp-json\/wp\/v2\/posts\/4907\/revisions"}],"predecessor-version":[{"id":4914,"href":"https:\/\/comunicando.gal\/gal\/wp-json\/wp\/v2\/posts\/4907\/revisions\/4914"}],"wp:featuredmedia":[{"embeddable":true,"href":"https:\/\/comunicando.gal\/gal\/wp-json\/wp\/v2\/media\/4909"}],"wp:attachment":[{"href":"https:\/\/comunicando.gal\/gal\/wp-json\/wp\/v2\/media?parent=4907"}],"wp:term":[{"taxonomy":"category","embeddable":true,"href":"https:\/\/comunicando.gal\/gal\/wp-json\/wp\/v2\/categories?post=4907"},{"taxonomy":"post_tag","embeddable":true,"href":"https:\/\/comunicando.gal\/gal\/wp-json\/wp\/v2\/tags?post=4907"}],"curies":[{"name":"wp","href":"https:\/\/api.w.org\/{rel}","templated":true}]}}