{"id":4895,"date":"2025-10-20T07:32:24","date_gmt":"2025-10-20T05:32:24","guid":{"rendered":"https:\/\/comunicando.gal\/gal\/?p=4895"},"modified":"2025-10-20T07:32:55","modified_gmt":"2025-10-20T05:32:55","slug":"asaga-publica-o-numero-de-setembro-da-sua-revista-axenda-agraria","status":"publish","type":"post","link":"https:\/\/comunicando.gal\/gal\/asaga-publica-o-numero-de-setembro-da-sua-revista-axenda-agraria\/","title":{"rendered":"ASAGA publica o n\u00famero de setembro da s\u00faa revista Axenda Agraria"},"content":{"rendered":"<div id=\"attachment_4896\" style=\"width: 734px\" class=\"wp-caption aligncenter\"><img loading=\"lazy\" decoding=\"async\" aria-describedby=\"caption-attachment-4896\" class=\"wp-image-4896 size-full\" src=\"https:\/\/comunicando.gal\/gal\/wp-content\/uploads\/2025\/10\/portadaaxsetembro.jpg\" alt=\"\" width=\"724\" height=\"1024\" srcset=\"https:\/\/comunicando.gal\/gal\/wp-content\/uploads\/2025\/10\/portadaaxsetembro.jpg 724w, https:\/\/comunicando.gal\/gal\/wp-content\/uploads\/2025\/10\/portadaaxsetembro-17x24.jpg 17w, https:\/\/comunicando.gal\/gal\/wp-content\/uploads\/2025\/10\/portadaaxsetembro-25x36.jpg 25w, https:\/\/comunicando.gal\/gal\/wp-content\/uploads\/2025\/10\/portadaaxsetembro-34x48.jpg 34w\" sizes=\"auto, (max-width: 724px) 100vw, 724px\" \/><p id=\"caption-attachment-4896\" class=\"wp-caption-text\"><em>Portada da revista Axenda Agraria do mes de setembro de 2025.<\/em><\/p><\/div>\n<p>O n\u00famero do mes de <b>setembro <\/b>de 2025 da revista trimestral <strong>Axenda Agraria<\/strong>, xa est\u00e1 dispo\u00f1ible para a s\u00faa lectura online e tam\u00e9n impresa. A publicaci\u00f3n da <a href=\"https:\/\/asaga.gal\/\" target=\"_blank\" rel=\"noopener\">Asociaci\u00f3n Agraria de Galicia, ASAGA<\/a>, foi unha vez m\u00e1is, dise\u00f1ada, maquetada e producida (en papel e en versi\u00f3n dixital) pola axencia de comunicaci\u00f3n Comunicando.<\/p>\n<p>Nesta ocasi\u00f3n, o lector atoparase coa an\u00e1lise dunha realidade moi de preto, con novas destacadas como o an\u00e1lisise da vendima 2025 en Galicia, unha campa\u00f1a cuxa uva recollida resultou dunha alta calidade pero cuxos resultados foron desiguais na comunidade galega. Ademais, este n\u00famero incl\u00fae interesantes entrevistas e reportaxes de variadas tem\u00e1ticas agrogandeiras. M\u00e1is abaixo podedes ver o sumario da publicaci\u00f3n e, <a href=\"https:\/\/revista.asaga.gal\/\" target=\"_blank\" rel=\"noopener\">facendo click aqu\u00ed<\/a>, teredes acceso ao novo n\u00famero da revista e anteriores.<\/p>\n<p><img loading=\"lazy\" decoding=\"async\" class=\"size-full wp-image-4899 aligncenter\" src=\"https:\/\/comunicando.gal\/gal\/wp-content\/uploads\/2025\/10\/Axenda-Agraria_SEP-25-sumario-rrss.jpg\" alt=\"\" width=\"2480\" height=\"1754\" srcset=\"https:\/\/comunicando.gal\/gal\/wp-content\/uploads\/2025\/10\/Axenda-Agraria_SEP-25-sumario-rrss.jpg 2480w, https:\/\/comunicando.gal\/gal\/wp-content\/uploads\/2025\/10\/Axenda-Agraria_SEP-25-sumario-rrss-768x543.jpg 768w, https:\/\/comunicando.gal\/gal\/wp-content\/uploads\/2025\/10\/Axenda-Agraria_SEP-25-sumario-rrss-1536x1086.jpg 1536w, https:\/\/comunicando.gal\/gal\/wp-content\/uploads\/2025\/10\/Axenda-Agraria_SEP-25-sumario-rrss-2048x1448.jpg 2048w, https:\/\/comunicando.gal\/gal\/wp-content\/uploads\/2025\/10\/Axenda-Agraria_SEP-25-sumario-rrss-24x17.jpg 24w, https:\/\/comunicando.gal\/gal\/wp-content\/uploads\/2025\/10\/Axenda-Agraria_SEP-25-sumario-rrss-36x25.jpg 36w, https:\/\/comunicando.gal\/gal\/wp-content\/uploads\/2025\/10\/Axenda-Agraria_SEP-25-sumario-rrss-48x34.jpg 48w\" sizes=\"auto, (max-width: 2480px) 100vw, 2480px\" \/><\/p>\n","protected":false},"excerpt":{"rendered":"<p>O n\u00famero do mes de setembro de 2025 da revista trimestral Axenda Agraria, xa est\u00e1 dispo\u00f1ible para a s\u00faa lectura online e tam\u00e9n impresa. A publicaci\u00f3n da Asociaci\u00f3n Agraria de Galicia, ASAGA, foi unha vez m\u00e1is, dise\u00f1ada, maquetada e producida (en papel e en versi\u00f3n dixital) pola axencia de comunicaci\u00f3n Comunicando. Nesta ocasi\u00f3n, o lector [&hellip;]<\/p>\n","protected":false},"author":3,"featured_media":4900,"comment_status":"closed","ping_status":"closed","sticky":false,"template":"","format":"standard","meta":{"footnotes":""},"categories":[1],"tags":[],"class_list":["post-4895","post","type-post","status-publish","format-standard","has-post-thumbnail","hentry","category-noticias"],"yoast_head":"<!-- This site is optimized with the Yoast SEO plugin v26.2 - https:\/\/yoast.com\/wordpress\/plugins\/seo\/ -->\n<title>ASAGA publica o n\u00famero de setembro da s\u00faa revista Axenda Agraria<\/title>\n<meta name=\"robots\" content=\"index, follow, max-snippet:-1, max-image-preview:large, max-video-preview:-1\" \/>\n<link rel=\"canonical\" href=\"https:\/\/comunicando.gal\/gal\/asaga-publica-o-numero-de-setembro-da-sua-revista-axenda-agraria\/\" \/>\n<meta property=\"og:locale\" content=\"es_ES\" \/>\n<meta property=\"og:type\" content=\"article\" \/>\n<meta property=\"og:title\" content=\"ASAGA publica o n\u00famero de setembro da s\u00faa revista Axenda Agraria\" \/>\n<meta property=\"og:description\" content=\"O n\u00famero do mes de setembro de 2025 da revista trimestral Axenda Agraria, xa est\u00e1 dispo\u00f1ible para a s\u00faa lectura online e tam\u00e9n impresa. A publicaci\u00f3n da Asociaci\u00f3n Agraria de Galicia, ASAGA, foi unha vez m\u00e1is, dise\u00f1ada, maquetada e producida (en papel e en versi\u00f3n dixital) pola axencia de comunicaci\u00f3n Comunicando. Nesta ocasi\u00f3n, o lector [&hellip;]\" \/>\n<meta property=\"og:url\" content=\"https:\/\/comunicando.gal\/gal\/asaga-publica-o-numero-de-setembro-da-sua-revista-axenda-agraria\/\" \/>\n<meta property=\"og:site_name\" content=\"Comunicando\" \/>\n<meta property=\"article:published_time\" content=\"2025-10-20T05:32:24+00:00\" \/>\n<meta property=\"article:modified_time\" content=\"2025-10-20T05:32:55+00:00\" \/>\n<meta property=\"og:image\" content=\"https:\/\/comunicando.gal\/gal\/wp-content\/uploads\/2025\/10\/Axenda-Agraria_SEP-25-sumario-rrssweb.jpg\" \/>\n\t<meta property=\"og:image:width\" content=\"900\" \/>\n\t<meta property=\"og:image:height\" content=\"612\" \/>\n\t<meta property=\"og:image:type\" content=\"image\/jpeg\" \/>\n<meta name=\"author\" content=\"Jorge Isla\" \/>\n<meta name=\"twitter:card\" content=\"summary_large_image\" \/>\n<script type=\"application\/ld+json\" class=\"yoast-schema-graph\">{\"@context\":\"https:\/\/schema.org\",\"@graph\":[{\"@type\":\"Article\",\"@id\":\"https:\/\/comunicando.gal\/gal\/asaga-publica-o-numero-de-setembro-da-sua-revista-axenda-agraria\/#article\",\"isPartOf\":{\"@id\":\"https:\/\/comunicando.gal\/gal\/asaga-publica-o-numero-de-setembro-da-sua-revista-axenda-agraria\/\"},\"author\":{\"name\":\"Jorge Isla\",\"@id\":\"https:\/\/comunicando.gal\/gal\/#\/schema\/person\/0d28af683c857811ed3fe6a412c4a429\"},\"headline\":\"ASAGA publica o n\u00famero de setembro da s\u00faa revista Axenda Agraria\",\"datePublished\":\"2025-10-20T05:32:24+00:00\",\"dateModified\":\"2025-10-20T05:32:55+00:00\",\"mainEntityOfPage\":{\"@id\":\"https:\/\/comunicando.gal\/gal\/asaga-publica-o-numero-de-setembro-da-sua-revista-axenda-agraria\/\"},\"wordCount\":172,\"publisher\":{\"@id\":\"https:\/\/comunicando.gal\/gal\/#organization\"},\"image\":{\"@id\":\"https:\/\/comunicando.gal\/gal\/asaga-publica-o-numero-de-setembro-da-sua-revista-axenda-agraria\/#primaryimage\"},\"thumbnailUrl\":\"https:\/\/comunicando.gal\/gal\/wp-content\/uploads\/2025\/10\/Axenda-Agraria_SEP-25-sumario-rrssweb.jpg\",\"articleSection\":[\"Noticias\"],\"inLanguage\":\"es\"},{\"@type\":\"WebPage\",\"@id\":\"https:\/\/comunicando.gal\/gal\/asaga-publica-o-numero-de-setembro-da-sua-revista-axenda-agraria\/\",\"url\":\"https:\/\/comunicando.gal\/gal\/asaga-publica-o-numero-de-setembro-da-sua-revista-axenda-agraria\/\",\"name\":\"ASAGA publica o n\u00famero de setembro da s\u00faa revista Axenda Agraria\",\"isPartOf\":{\"@id\":\"https:\/\/comunicando.gal\/gal\/#website\"},\"primaryImageOfPage\":{\"@id\":\"https:\/\/comunicando.gal\/gal\/asaga-publica-o-numero-de-setembro-da-sua-revista-axenda-agraria\/#primaryimage\"},\"image\":{\"@id\":\"https:\/\/comunicando.gal\/gal\/asaga-publica-o-numero-de-setembro-da-sua-revista-axenda-agraria\/#primaryimage\"},\"thumbnailUrl\":\"https:\/\/comunicando.gal\/gal\/wp-content\/uploads\/2025\/10\/Axenda-Agraria_SEP-25-sumario-rrssweb.jpg\",\"datePublished\":\"2025-10-20T05:32:24+00:00\",\"dateModified\":\"2025-10-20T05:32:55+00:00\",\"breadcrumb\":{\"@id\":\"https:\/\/comunicando.gal\/gal\/asaga-publica-o-numero-de-setembro-da-sua-revista-axenda-agraria\/#breadcrumb\"},\"inLanguage\":\"es\",\"potentialAction\":[{\"@type\":\"ReadAction\",\"target\":[\"https:\/\/comunicando.gal\/gal\/asaga-publica-o-numero-de-setembro-da-sua-revista-axenda-agraria\/\"]}]},{\"@type\":\"ImageObject\",\"inLanguage\":\"es\",\"@id\":\"https:\/\/comunicando.gal\/gal\/asaga-publica-o-numero-de-setembro-da-sua-revista-axenda-agraria\/#primaryimage\",\"url\":\"https:\/\/comunicando.gal\/gal\/wp-content\/uploads\/2025\/10\/Axenda-Agraria_SEP-25-sumario-rrssweb.jpg\",\"contentUrl\":\"https:\/\/comunicando.gal\/gal\/wp-content\/uploads\/2025\/10\/Axenda-Agraria_SEP-25-sumario-rrssweb.jpg\",\"width\":900,\"height\":612},{\"@type\":\"BreadcrumbList\",\"@id\":\"https:\/\/comunicando.gal\/gal\/asaga-publica-o-numero-de-setembro-da-sua-revista-axenda-agraria\/#breadcrumb\",\"itemListElement\":[{\"@type\":\"ListItem\",\"position\":1,\"name\":\"Portada\",\"item\":\"https:\/\/comunicando.gal\/gal\/\"},{\"@type\":\"ListItem\",\"position\":2,\"name\":\"ASAGA publica o n\u00famero de setembro da s\u00faa revista Axenda Agraria\"}]},{\"@type\":\"WebSite\",\"@id\":\"https:\/\/comunicando.gal\/gal\/#website\",\"url\":\"https:\/\/comunicando.gal\/gal\/\",\"name\":\"Comunicando. Consultor\u00eda de comunicaci\u00f3n.\",\"description\":\"Consultor\u00eda de comunicaci\u00f3n\",\"publisher\":{\"@id\":\"https:\/\/comunicando.gal\/gal\/#organization\"},\"alternateName\":\"Comunicando. Consultor\u00eda de comunicaci\u00f3n.\",\"potentialAction\":[{\"@type\":\"SearchAction\",\"target\":{\"@type\":\"EntryPoint\",\"urlTemplate\":\"https:\/\/comunicando.gal\/gal\/?s={search_term_string}\"},\"query-input\":{\"@type\":\"PropertyValueSpecification\",\"valueRequired\":true,\"valueName\":\"search_term_string\"}}],\"inLanguage\":\"es\"},{\"@type\":\"Organization\",\"@id\":\"https:\/\/comunicando.gal\/gal\/#organization\",\"name\":\"Comunicando. Consultor\u00eda de comunicaci\u00f3n.\",\"url\":\"https:\/\/comunicando.gal\/gal\/\",\"logo\":{\"@type\":\"ImageObject\",\"inLanguage\":\"es\",\"@id\":\"https:\/\/comunicando.gal\/gal\/#\/schema\/logo\/image\/\",\"url\":\"https:\/\/comunicando.gal\/gal\/wp-content\/uploads\/2024\/07\/comunicando-vertical.png\",\"contentUrl\":\"https:\/\/comunicando.gal\/gal\/wp-content\/uploads\/2024\/07\/comunicando-vertical.png\",\"width\":300,\"height\":323,\"caption\":\"Comunicando. Consultor\u00eda de comunicaci\u00f3n.\"},\"image\":{\"@id\":\"https:\/\/comunicando.gal\/gal\/#\/schema\/logo\/image\/\"}},{\"@type\":\"Person\",\"@id\":\"https:\/\/comunicando.gal\/gal\/#\/schema\/person\/0d28af683c857811ed3fe6a412c4a429\",\"name\":\"Jorge Isla\"}]}<\/script>\n<!-- \/ Yoast SEO plugin. -->","yoast_head_json":{"title":"ASAGA publica o n\u00famero de setembro da s\u00faa revista Axenda Agraria","robots":{"index":"index","follow":"follow","max-snippet":"max-snippet:-1","max-image-preview":"max-image-preview:large","max-video-preview":"max-video-preview:-1"},"canonical":"https:\/\/comunicando.gal\/gal\/asaga-publica-o-numero-de-setembro-da-sua-revista-axenda-agraria\/","og_locale":"es_ES","og_type":"article","og_title":"ASAGA publica o n\u00famero de setembro da s\u00faa revista Axenda Agraria","og_description":"O n\u00famero do mes de setembro de 2025 da revista trimestral Axenda Agraria, xa est\u00e1 dispo\u00f1ible para a s\u00faa lectura online e tam\u00e9n impresa. A publicaci\u00f3n da Asociaci\u00f3n Agraria de Galicia, ASAGA, foi unha vez m\u00e1is, dise\u00f1ada, maquetada e producida (en papel e en versi\u00f3n dixital) pola axencia de comunicaci\u00f3n Comunicando. Nesta ocasi\u00f3n, o lector [&hellip;]","og_url":"https:\/\/comunicando.gal\/gal\/asaga-publica-o-numero-de-setembro-da-sua-revista-axenda-agraria\/","og_site_name":"Comunicando","article_published_time":"2025-10-20T05:32:24+00:00","article_modified_time":"2025-10-20T05:32:55+00:00","og_image":[{"width":900,"height":612,"url":"https:\/\/comunicando.gal\/gal\/wp-content\/uploads\/2025\/10\/Axenda-Agraria_SEP-25-sumario-rrssweb.jpg","type":"image\/jpeg"}],"author":"Jorge Isla","twitter_card":"summary_large_image","schema":{"@context":"https:\/\/schema.org","@graph":[{"@type":"Article","@id":"https:\/\/comunicando.gal\/gal\/asaga-publica-o-numero-de-setembro-da-sua-revista-axenda-agraria\/#article","isPartOf":{"@id":"https:\/\/comunicando.gal\/gal\/asaga-publica-o-numero-de-setembro-da-sua-revista-axenda-agraria\/"},"author":{"name":"Jorge Isla","@id":"https:\/\/comunicando.gal\/gal\/#\/schema\/person\/0d28af683c857811ed3fe6a412c4a429"},"headline":"ASAGA publica o n\u00famero de setembro da s\u00faa revista Axenda Agraria","datePublished":"2025-10-20T05:32:24+00:00","dateModified":"2025-10-20T05:32:55+00:00","mainEntityOfPage":{"@id":"https:\/\/comunicando.gal\/gal\/asaga-publica-o-numero-de-setembro-da-sua-revista-axenda-agraria\/"},"wordCount":172,"publisher":{"@id":"https:\/\/comunicando.gal\/gal\/#organization"},"image":{"@id":"https:\/\/comunicando.gal\/gal\/asaga-publica-o-numero-de-setembro-da-sua-revista-axenda-agraria\/#primaryimage"},"thumbnailUrl":"https:\/\/comunicando.gal\/gal\/wp-content\/uploads\/2025\/10\/Axenda-Agraria_SEP-25-sumario-rrssweb.jpg","articleSection":["Noticias"],"inLanguage":"es"},{"@type":"WebPage","@id":"https:\/\/comunicando.gal\/gal\/asaga-publica-o-numero-de-setembro-da-sua-revista-axenda-agraria\/","url":"https:\/\/comunicando.gal\/gal\/asaga-publica-o-numero-de-setembro-da-sua-revista-axenda-agraria\/","name":"ASAGA publica o n\u00famero de setembro da s\u00faa revista Axenda Agraria","isPartOf":{"@id":"https:\/\/comunicando.gal\/gal\/#website"},"primaryImageOfPage":{"@id":"https:\/\/comunicando.gal\/gal\/asaga-publica-o-numero-de-setembro-da-sua-revista-axenda-agraria\/#primaryimage"},"image":{"@id":"https:\/\/comunicando.gal\/gal\/asaga-publica-o-numero-de-setembro-da-sua-revista-axenda-agraria\/#primaryimage"},"thumbnailUrl":"https:\/\/comunicando.gal\/gal\/wp-content\/uploads\/2025\/10\/Axenda-Agraria_SEP-25-sumario-rrssweb.jpg","datePublished":"2025-10-20T05:32:24+00:00","dateModified":"2025-10-20T05:32:55+00:00","breadcrumb":{"@id":"https:\/\/comunicando.gal\/gal\/asaga-publica-o-numero-de-setembro-da-sua-revista-axenda-agraria\/#breadcrumb"},"inLanguage":"es","potentialAction":[{"@type":"ReadAction","target":["https:\/\/comunicando.gal\/gal\/asaga-publica-o-numero-de-setembro-da-sua-revista-axenda-agraria\/"]}]},{"@type":"ImageObject","inLanguage":"es","@id":"https:\/\/comunicando.gal\/gal\/asaga-publica-o-numero-de-setembro-da-sua-revista-axenda-agraria\/#primaryimage","url":"https:\/\/comunicando.gal\/gal\/wp-content\/uploads\/2025\/10\/Axenda-Agraria_SEP-25-sumario-rrssweb.jpg","contentUrl":"https:\/\/comunicando.gal\/gal\/wp-content\/uploads\/2025\/10\/Axenda-Agraria_SEP-25-sumario-rrssweb.jpg","width":900,"height":612},{"@type":"BreadcrumbList","@id":"https:\/\/comunicando.gal\/gal\/asaga-publica-o-numero-de-setembro-da-sua-revista-axenda-agraria\/#breadcrumb","itemListElement":[{"@type":"ListItem","position":1,"name":"Portada","item":"https:\/\/comunicando.gal\/gal\/"},{"@type":"ListItem","position":2,"name":"ASAGA publica o n\u00famero de setembro da s\u00faa revista Axenda Agraria"}]},{"@type":"WebSite","@id":"https:\/\/comunicando.gal\/gal\/#website","url":"https:\/\/comunicando.gal\/gal\/","name":"Comunicando. Consultor\u00eda de comunicaci\u00f3n.","description":"Consultor\u00eda de comunicaci\u00f3n","publisher":{"@id":"https:\/\/comunicando.gal\/gal\/#organization"},"alternateName":"Comunicando. Consultor\u00eda de comunicaci\u00f3n.","potentialAction":[{"@type":"SearchAction","target":{"@type":"EntryPoint","urlTemplate":"https:\/\/comunicando.gal\/gal\/?s={search_term_string}"},"query-input":{"@type":"PropertyValueSpecification","valueRequired":true,"valueName":"search_term_string"}}],"inLanguage":"es"},{"@type":"Organization","@id":"https:\/\/comunicando.gal\/gal\/#organization","name":"Comunicando. Consultor\u00eda de comunicaci\u00f3n.","url":"https:\/\/comunicando.gal\/gal\/","logo":{"@type":"ImageObject","inLanguage":"es","@id":"https:\/\/comunicando.gal\/gal\/#\/schema\/logo\/image\/","url":"https:\/\/comunicando.gal\/gal\/wp-content\/uploads\/2024\/07\/comunicando-vertical.png","contentUrl":"https:\/\/comunicando.gal\/gal\/wp-content\/uploads\/2024\/07\/comunicando-vertical.png","width":300,"height":323,"caption":"Comunicando. Consultor\u00eda de comunicaci\u00f3n."},"image":{"@id":"https:\/\/comunicando.gal\/gal\/#\/schema\/logo\/image\/"}},{"@type":"Person","@id":"https:\/\/comunicando.gal\/gal\/#\/schema\/person\/0d28af683c857811ed3fe6a412c4a429","name":"Jorge Isla"}]}},"_links":{"self":[{"href":"https:\/\/comunicando.gal\/gal\/wp-json\/wp\/v2\/posts\/4895","targetHints":{"allow":["GET"]}}],"collection":[{"href":"https:\/\/comunicando.gal\/gal\/wp-json\/wp\/v2\/posts"}],"about":[{"href":"https:\/\/comunicando.gal\/gal\/wp-json\/wp\/v2\/types\/post"}],"author":[{"embeddable":true,"href":"https:\/\/comunicando.gal\/gal\/wp-json\/wp\/v2\/users\/3"}],"replies":[{"embeddable":true,"href":"https:\/\/comunicando.gal\/gal\/wp-json\/wp\/v2\/comments?post=4895"}],"version-history":[{"count":4,"href":"https:\/\/comunicando.gal\/gal\/wp-json\/wp\/v2\/posts\/4895\/revisions"}],"predecessor-version":[{"id":4902,"href":"https:\/\/comunicando.gal\/gal\/wp-json\/wp\/v2\/posts\/4895\/revisions\/4902"}],"wp:featuredmedia":[{"embeddable":true,"href":"https:\/\/comunicando.gal\/gal\/wp-json\/wp\/v2\/media\/4900"}],"wp:attachment":[{"href":"https:\/\/comunicando.gal\/gal\/wp-json\/wp\/v2\/media?parent=4895"}],"wp:term":[{"taxonomy":"category","embeddable":true,"href":"https:\/\/comunicando.gal\/gal\/wp-json\/wp\/v2\/categories?post=4895"},{"taxonomy":"post_tag","embeddable":true,"href":"https:\/\/comunicando.gal\/gal\/wp-json\/wp\/v2\/tags?post=4895"}],"curies":[{"name":"wp","href":"https:\/\/api.w.org\/{rel}","templated":true}]}}