{"id":4882,"date":"2025-09-30T17:35:21","date_gmt":"2025-09-30T15:35:21","guid":{"rendered":"https:\/\/comunicando.gal\/gal\/?p=4882"},"modified":"2025-09-30T17:42:56","modified_gmt":"2025-09-30T15:42:56","slug":"comunicando-coordina-unha-nova-campana-de-promocion-do-cluster-da-pizarra-de-galicia","status":"publish","type":"post","link":"https:\/\/comunicando.gal\/gal\/comunicando-coordina-unha-nova-campana-de-promocion-do-cluster-da-pizarra-de-galicia\/","title":{"rendered":"Comunicando coordina unha nova campa\u00f1a de promoci\u00f3n do Cl\u00faster da Pizarra de Galicia"},"content":{"rendered":"<div id=\"attachment_4888\" style=\"width: 910px\" class=\"wp-caption aligncenter\"><img loading=\"lazy\" decoding=\"async\" aria-describedby=\"caption-attachment-4888\" class=\"wp-image-4888 size-full\" src=\"https:\/\/comunicando.gal\/gal\/wp-content\/uploads\/2025\/09\/xornada2WEB.jpg\" alt=\"\" width=\"900\" height=\"600\" srcset=\"https:\/\/comunicando.gal\/gal\/wp-content\/uploads\/2025\/09\/xornada2WEB.jpg 900w, https:\/\/comunicando.gal\/gal\/wp-content\/uploads\/2025\/09\/xornada2WEB-768x512.jpg 768w, https:\/\/comunicando.gal\/gal\/wp-content\/uploads\/2025\/09\/xornada2WEB-600x400.jpg 600w, https:\/\/comunicando.gal\/gal\/wp-content\/uploads\/2025\/09\/xornada2WEB-24x16.jpg 24w, https:\/\/comunicando.gal\/gal\/wp-content\/uploads\/2025\/09\/xornada2WEB-36x24.jpg 36w, https:\/\/comunicando.gal\/gal\/wp-content\/uploads\/2025\/09\/xornada2WEB-48x32.jpg 48w\" sizes=\"auto, (max-width: 900px) 100vw, 900px\" \/><p id=\"caption-attachment-4888\" class=\"wp-caption-text\"><em>Sal\u00f3n de Grados cheo para asistir \u00e1 xornada t\u00e9cnica \u00abA pizarra na construci\u00f3n\u00bb.<\/em><\/p><\/div>\n<p>O Sal\u00f3n de Grados da Escola Universitaria de Arquitectura T\u00e9cnica da Coru\u00f1a encheuse esta ma\u00f1\u00e1 de profesores e alumnos dos dous \u00faltimos cursos da titulaci\u00f3n acad\u00e9mica, para acoller a <strong>xornada t\u00e9cnica: \u201cA pizarra galega na construci\u00f3n\u201d<\/strong>, organizada polo Cl\u00faster da Pizarra de Galicia en colaboraci\u00f3n con este centro formativo. Aberta ao p\u00fablico, pero dirixida especialmente aos futuros arquitectos, a xornada contou coa intervenci\u00f3n de Dar\u00edo L\u00f3pez Fern\u00e1ndez, presidente do Colexio Oficial de Arquitectura T\u00e9cnica de Ourense; Santiago L\u00f3pez Pi\u00f1eiro, arquitecto t\u00e9cnico experto en pizarra; Juan Luis P\u00e9rez Ord\u00f3\u00f1ez, director da Escola Universitaria de Arquitectura T\u00e9cnica da Coru\u00f1a; e Severino Gonz\u00e1lez, xerente do Cl\u00faster da Pizarra de Galicia.<\/p>\n<p>Esta xornada contin\u00faa a labor de promoci\u00f3n do Cl\u00faster da Pizarra de Galicia, trala inauguraci\u00f3n da <strong>exposici\u00f3n \u00abMostrando a pizarra\u00bb<\/strong> o pasado 23 de setembro, en dependencias da Escola Universitaria. Dous acci\u00f3ns que se completar\u00e1n no vindeiro mes de outubro cunha <strong>visita de alumnos e profesores da EUAT ao sector da pizarra<\/strong>.<\/p>\n<p>Estos tres eventos &#8211; exposici\u00f3n, xornada t\u00e9cnica e visita &#8211; que se repetir\u00e1n en colaboraci\u00f3n coa Escola T\u00e9cnica Superior de Arquitectura (ETSAC) &#8211; con data a\u00ednda por determinar -, pertencen a un <strong>proxecto de promoci\u00f3n<\/strong> coordinado por <strong>Comunicando Consultor\u00eda de Comunicaci\u00f3n<\/strong>. Entre as acci\u00f3ns de dito proxecto, cont\u00e9mplase ademais o dese\u00f1o dunha nova imaxe de marca, a elaboraci\u00f3n dunha axenda escolar, as colaboraci\u00f3ns en publicaci\u00f3ns e eventos do Colexio Oficial de Arquitectos e Arquitectos T\u00e9cnicos, e a planificaci\u00f3n da campa\u00f1a publicitaria en medios especializados auton\u00f3micos (en papel, radio, televisi\u00f3n e dixital).<\/p>\n<div id=\"attachment_4889\" style=\"width: 910px\" class=\"wp-caption aligncenter\"><img loading=\"lazy\" decoding=\"async\" aria-describedby=\"caption-attachment-4889\" class=\"wp-image-4889 size-full\" src=\"https:\/\/comunicando.gal\/gal\/wp-content\/uploads\/2025\/09\/exposicionweb.jpg\" alt=\"\" width=\"900\" height=\"600\" srcset=\"https:\/\/comunicando.gal\/gal\/wp-content\/uploads\/2025\/09\/exposicionweb.jpg 900w, https:\/\/comunicando.gal\/gal\/wp-content\/uploads\/2025\/09\/exposicionweb-768x512.jpg 768w, https:\/\/comunicando.gal\/gal\/wp-content\/uploads\/2025\/09\/exposicionweb-600x400.jpg 600w, https:\/\/comunicando.gal\/gal\/wp-content\/uploads\/2025\/09\/exposicionweb-24x16.jpg 24w, https:\/\/comunicando.gal\/gal\/wp-content\/uploads\/2025\/09\/exposicionweb-36x24.jpg 36w, https:\/\/comunicando.gal\/gal\/wp-content\/uploads\/2025\/09\/exposicionweb-48x32.jpg 48w\" sizes=\"auto, (max-width: 900px) 100vw, 900px\" \/><p id=\"caption-attachment-4889\" class=\"wp-caption-text\"><em>O director da Escola Universitaria de Arquitectura T\u00e9cnica, Juan Luis P\u00e9rez Ord\u00f3\u00f1ez, e varios profesores do centro, acompa\u00f1ados por Severino Gonz\u00e1lez, xerente do Cl\u00faster da Pizarra de Galicia, visitan a mostra.<\/em><\/p><\/div>\n","protected":false},"excerpt":{"rendered":"<p>O Sal\u00f3n de Grados da Escola Universitaria de Arquitectura T\u00e9cnica da Coru\u00f1a encheuse esta ma\u00f1\u00e1 de profesores e alumnos dos dous \u00faltimos cursos da titulaci\u00f3n acad\u00e9mica, para acoller a xornada t\u00e9cnica: \u201cA pizarra galega na construci\u00f3n\u201d, organizada polo Cl\u00faster da Pizarra de Galicia en colaboraci\u00f3n con este centro formativo. Aberta ao p\u00fablico, pero dirixida especialmente [&hellip;]<\/p>\n","protected":false},"author":3,"featured_media":4888,"comment_status":"closed","ping_status":"closed","sticky":false,"template":"","format":"standard","meta":{"footnotes":""},"categories":[1],"tags":[],"class_list":["post-4882","post","type-post","status-publish","format-standard","has-post-thumbnail","hentry","category-noticias"],"yoast_head":"<!-- This site is optimized with the Yoast SEO plugin v26.2 - https:\/\/yoast.com\/wordpress\/plugins\/seo\/ -->\n<title>Comunicando coordina unha nova campa\u00f1a de promoci\u00f3n do Cl\u00faster da Pizarra de Galicia<\/title>\n<meta name=\"robots\" content=\"index, follow, max-snippet:-1, max-image-preview:large, max-video-preview:-1\" \/>\n<link rel=\"canonical\" href=\"https:\/\/comunicando.gal\/gal\/comunicando-coordina-unha-nova-campana-de-promocion-do-cluster-da-pizarra-de-galicia\/\" \/>\n<meta property=\"og:locale\" content=\"es_ES\" \/>\n<meta property=\"og:type\" content=\"article\" \/>\n<meta property=\"og:title\" content=\"Comunicando coordina unha nova campa\u00f1a de promoci\u00f3n do Cl\u00faster da Pizarra de Galicia\" \/>\n<meta property=\"og:description\" content=\"O Sal\u00f3n de Grados da Escola Universitaria de Arquitectura T\u00e9cnica da Coru\u00f1a encheuse esta ma\u00f1\u00e1 de profesores e alumnos dos dous \u00faltimos cursos da titulaci\u00f3n acad\u00e9mica, para acoller a xornada t\u00e9cnica: \u201cA pizarra galega na construci\u00f3n\u201d, organizada polo Cl\u00faster da Pizarra de Galicia en colaboraci\u00f3n con este centro formativo. Aberta ao p\u00fablico, pero dirixida especialmente [&hellip;]\" \/>\n<meta property=\"og:url\" content=\"https:\/\/comunicando.gal\/gal\/comunicando-coordina-unha-nova-campana-de-promocion-do-cluster-da-pizarra-de-galicia\/\" \/>\n<meta property=\"og:site_name\" content=\"Comunicando\" \/>\n<meta property=\"article:published_time\" content=\"2025-09-30T15:35:21+00:00\" \/>\n<meta property=\"article:modified_time\" content=\"2025-09-30T15:42:56+00:00\" \/>\n<meta property=\"og:image\" content=\"https:\/\/comunicando.gal\/gal\/wp-content\/uploads\/2025\/09\/xornada2WEB.jpg\" \/>\n\t<meta property=\"og:image:width\" content=\"900\" \/>\n\t<meta property=\"og:image:height\" content=\"600\" \/>\n\t<meta property=\"og:image:type\" content=\"image\/jpeg\" \/>\n<meta name=\"author\" content=\"Jorge Isla\" \/>\n<meta name=\"twitter:card\" content=\"summary_large_image\" \/>\n<script type=\"application\/ld+json\" class=\"yoast-schema-graph\">{\"@context\":\"https:\/\/schema.org\",\"@graph\":[{\"@type\":\"Article\",\"@id\":\"https:\/\/comunicando.gal\/gal\/comunicando-coordina-unha-nova-campana-de-promocion-do-cluster-da-pizarra-de-galicia\/#article\",\"isPartOf\":{\"@id\":\"https:\/\/comunicando.gal\/gal\/comunicando-coordina-unha-nova-campana-de-promocion-do-cluster-da-pizarra-de-galicia\/\"},\"author\":{\"name\":\"Jorge Isla\",\"@id\":\"https:\/\/comunicando.gal\/gal\/#\/schema\/person\/0d28af683c857811ed3fe6a412c4a429\"},\"headline\":\"Comunicando coordina unha nova campa\u00f1a de promoci\u00f3n do Cl\u00faster da Pizarra de Galicia\",\"datePublished\":\"2025-09-30T15:35:21+00:00\",\"dateModified\":\"2025-09-30T15:42:56+00:00\",\"mainEntityOfPage\":{\"@id\":\"https:\/\/comunicando.gal\/gal\/comunicando-coordina-unha-nova-campana-de-promocion-do-cluster-da-pizarra-de-galicia\/\"},\"wordCount\":382,\"publisher\":{\"@id\":\"https:\/\/comunicando.gal\/gal\/#organization\"},\"image\":{\"@id\":\"https:\/\/comunicando.gal\/gal\/comunicando-coordina-unha-nova-campana-de-promocion-do-cluster-da-pizarra-de-galicia\/#primaryimage\"},\"thumbnailUrl\":\"https:\/\/comunicando.gal\/gal\/wp-content\/uploads\/2025\/09\/xornada2WEB.jpg\",\"articleSection\":[\"Noticias\"],\"inLanguage\":\"es\"},{\"@type\":\"WebPage\",\"@id\":\"https:\/\/comunicando.gal\/gal\/comunicando-coordina-unha-nova-campana-de-promocion-do-cluster-da-pizarra-de-galicia\/\",\"url\":\"https:\/\/comunicando.gal\/gal\/comunicando-coordina-unha-nova-campana-de-promocion-do-cluster-da-pizarra-de-galicia\/\",\"name\":\"Comunicando coordina unha nova campa\u00f1a de promoci\u00f3n do Cl\u00faster da Pizarra de Galicia\",\"isPartOf\":{\"@id\":\"https:\/\/comunicando.gal\/gal\/#website\"},\"primaryImageOfPage\":{\"@id\":\"https:\/\/comunicando.gal\/gal\/comunicando-coordina-unha-nova-campana-de-promocion-do-cluster-da-pizarra-de-galicia\/#primaryimage\"},\"image\":{\"@id\":\"https:\/\/comunicando.gal\/gal\/comunicando-coordina-unha-nova-campana-de-promocion-do-cluster-da-pizarra-de-galicia\/#primaryimage\"},\"thumbnailUrl\":\"https:\/\/comunicando.gal\/gal\/wp-content\/uploads\/2025\/09\/xornada2WEB.jpg\",\"datePublished\":\"2025-09-30T15:35:21+00:00\",\"dateModified\":\"2025-09-30T15:42:56+00:00\",\"breadcrumb\":{\"@id\":\"https:\/\/comunicando.gal\/gal\/comunicando-coordina-unha-nova-campana-de-promocion-do-cluster-da-pizarra-de-galicia\/#breadcrumb\"},\"inLanguage\":\"es\",\"potentialAction\":[{\"@type\":\"ReadAction\",\"target\":[\"https:\/\/comunicando.gal\/gal\/comunicando-coordina-unha-nova-campana-de-promocion-do-cluster-da-pizarra-de-galicia\/\"]}]},{\"@type\":\"ImageObject\",\"inLanguage\":\"es\",\"@id\":\"https:\/\/comunicando.gal\/gal\/comunicando-coordina-unha-nova-campana-de-promocion-do-cluster-da-pizarra-de-galicia\/#primaryimage\",\"url\":\"https:\/\/comunicando.gal\/gal\/wp-content\/uploads\/2025\/09\/xornada2WEB.jpg\",\"contentUrl\":\"https:\/\/comunicando.gal\/gal\/wp-content\/uploads\/2025\/09\/xornada2WEB.jpg\",\"width\":900,\"height\":600},{\"@type\":\"BreadcrumbList\",\"@id\":\"https:\/\/comunicando.gal\/gal\/comunicando-coordina-unha-nova-campana-de-promocion-do-cluster-da-pizarra-de-galicia\/#breadcrumb\",\"itemListElement\":[{\"@type\":\"ListItem\",\"position\":1,\"name\":\"Portada\",\"item\":\"https:\/\/comunicando.gal\/gal\/\"},{\"@type\":\"ListItem\",\"position\":2,\"name\":\"Comunicando coordina unha nova campa\u00f1a de promoci\u00f3n do Cl\u00faster da Pizarra de Galicia\"}]},{\"@type\":\"WebSite\",\"@id\":\"https:\/\/comunicando.gal\/gal\/#website\",\"url\":\"https:\/\/comunicando.gal\/gal\/\",\"name\":\"Comunicando. Consultor\u00eda de comunicaci\u00f3n.\",\"description\":\"Consultor\u00eda de comunicaci\u00f3n\",\"publisher\":{\"@id\":\"https:\/\/comunicando.gal\/gal\/#organization\"},\"alternateName\":\"Comunicando. Consultor\u00eda de comunicaci\u00f3n.\",\"potentialAction\":[{\"@type\":\"SearchAction\",\"target\":{\"@type\":\"EntryPoint\",\"urlTemplate\":\"https:\/\/comunicando.gal\/gal\/?s={search_term_string}\"},\"query-input\":{\"@type\":\"PropertyValueSpecification\",\"valueRequired\":true,\"valueName\":\"search_term_string\"}}],\"inLanguage\":\"es\"},{\"@type\":\"Organization\",\"@id\":\"https:\/\/comunicando.gal\/gal\/#organization\",\"name\":\"Comunicando. Consultor\u00eda de comunicaci\u00f3n.\",\"url\":\"https:\/\/comunicando.gal\/gal\/\",\"logo\":{\"@type\":\"ImageObject\",\"inLanguage\":\"es\",\"@id\":\"https:\/\/comunicando.gal\/gal\/#\/schema\/logo\/image\/\",\"url\":\"https:\/\/comunicando.gal\/gal\/wp-content\/uploads\/2024\/07\/comunicando-vertical.png\",\"contentUrl\":\"https:\/\/comunicando.gal\/gal\/wp-content\/uploads\/2024\/07\/comunicando-vertical.png\",\"width\":300,\"height\":323,\"caption\":\"Comunicando. Consultor\u00eda de comunicaci\u00f3n.\"},\"image\":{\"@id\":\"https:\/\/comunicando.gal\/gal\/#\/schema\/logo\/image\/\"}},{\"@type\":\"Person\",\"@id\":\"https:\/\/comunicando.gal\/gal\/#\/schema\/person\/0d28af683c857811ed3fe6a412c4a429\",\"name\":\"Jorge Isla\"}]}<\/script>\n<!-- \/ Yoast SEO plugin. -->","yoast_head_json":{"title":"Comunicando coordina unha nova campa\u00f1a de promoci\u00f3n do Cl\u00faster da Pizarra de Galicia","robots":{"index":"index","follow":"follow","max-snippet":"max-snippet:-1","max-image-preview":"max-image-preview:large","max-video-preview":"max-video-preview:-1"},"canonical":"https:\/\/comunicando.gal\/gal\/comunicando-coordina-unha-nova-campana-de-promocion-do-cluster-da-pizarra-de-galicia\/","og_locale":"es_ES","og_type":"article","og_title":"Comunicando coordina unha nova campa\u00f1a de promoci\u00f3n do Cl\u00faster da Pizarra de Galicia","og_description":"O Sal\u00f3n de Grados da Escola Universitaria de Arquitectura T\u00e9cnica da Coru\u00f1a encheuse esta ma\u00f1\u00e1 de profesores e alumnos dos dous \u00faltimos cursos da titulaci\u00f3n acad\u00e9mica, para acoller a xornada t\u00e9cnica: \u201cA pizarra galega na construci\u00f3n\u201d, organizada polo Cl\u00faster da Pizarra de Galicia en colaboraci\u00f3n con este centro formativo. Aberta ao p\u00fablico, pero dirixida especialmente [&hellip;]","og_url":"https:\/\/comunicando.gal\/gal\/comunicando-coordina-unha-nova-campana-de-promocion-do-cluster-da-pizarra-de-galicia\/","og_site_name":"Comunicando","article_published_time":"2025-09-30T15:35:21+00:00","article_modified_time":"2025-09-30T15:42:56+00:00","og_image":[{"width":900,"height":600,"url":"https:\/\/comunicando.gal\/gal\/wp-content\/uploads\/2025\/09\/xornada2WEB.jpg","type":"image\/jpeg"}],"author":"Jorge Isla","twitter_card":"summary_large_image","schema":{"@context":"https:\/\/schema.org","@graph":[{"@type":"Article","@id":"https:\/\/comunicando.gal\/gal\/comunicando-coordina-unha-nova-campana-de-promocion-do-cluster-da-pizarra-de-galicia\/#article","isPartOf":{"@id":"https:\/\/comunicando.gal\/gal\/comunicando-coordina-unha-nova-campana-de-promocion-do-cluster-da-pizarra-de-galicia\/"},"author":{"name":"Jorge Isla","@id":"https:\/\/comunicando.gal\/gal\/#\/schema\/person\/0d28af683c857811ed3fe6a412c4a429"},"headline":"Comunicando coordina unha nova campa\u00f1a de promoci\u00f3n do Cl\u00faster da Pizarra de Galicia","datePublished":"2025-09-30T15:35:21+00:00","dateModified":"2025-09-30T15:42:56+00:00","mainEntityOfPage":{"@id":"https:\/\/comunicando.gal\/gal\/comunicando-coordina-unha-nova-campana-de-promocion-do-cluster-da-pizarra-de-galicia\/"},"wordCount":382,"publisher":{"@id":"https:\/\/comunicando.gal\/gal\/#organization"},"image":{"@id":"https:\/\/comunicando.gal\/gal\/comunicando-coordina-unha-nova-campana-de-promocion-do-cluster-da-pizarra-de-galicia\/#primaryimage"},"thumbnailUrl":"https:\/\/comunicando.gal\/gal\/wp-content\/uploads\/2025\/09\/xornada2WEB.jpg","articleSection":["Noticias"],"inLanguage":"es"},{"@type":"WebPage","@id":"https:\/\/comunicando.gal\/gal\/comunicando-coordina-unha-nova-campana-de-promocion-do-cluster-da-pizarra-de-galicia\/","url":"https:\/\/comunicando.gal\/gal\/comunicando-coordina-unha-nova-campana-de-promocion-do-cluster-da-pizarra-de-galicia\/","name":"Comunicando coordina unha nova campa\u00f1a de promoci\u00f3n do Cl\u00faster da Pizarra de Galicia","isPartOf":{"@id":"https:\/\/comunicando.gal\/gal\/#website"},"primaryImageOfPage":{"@id":"https:\/\/comunicando.gal\/gal\/comunicando-coordina-unha-nova-campana-de-promocion-do-cluster-da-pizarra-de-galicia\/#primaryimage"},"image":{"@id":"https:\/\/comunicando.gal\/gal\/comunicando-coordina-unha-nova-campana-de-promocion-do-cluster-da-pizarra-de-galicia\/#primaryimage"},"thumbnailUrl":"https:\/\/comunicando.gal\/gal\/wp-content\/uploads\/2025\/09\/xornada2WEB.jpg","datePublished":"2025-09-30T15:35:21+00:00","dateModified":"2025-09-30T15:42:56+00:00","breadcrumb":{"@id":"https:\/\/comunicando.gal\/gal\/comunicando-coordina-unha-nova-campana-de-promocion-do-cluster-da-pizarra-de-galicia\/#breadcrumb"},"inLanguage":"es","potentialAction":[{"@type":"ReadAction","target":["https:\/\/comunicando.gal\/gal\/comunicando-coordina-unha-nova-campana-de-promocion-do-cluster-da-pizarra-de-galicia\/"]}]},{"@type":"ImageObject","inLanguage":"es","@id":"https:\/\/comunicando.gal\/gal\/comunicando-coordina-unha-nova-campana-de-promocion-do-cluster-da-pizarra-de-galicia\/#primaryimage","url":"https:\/\/comunicando.gal\/gal\/wp-content\/uploads\/2025\/09\/xornada2WEB.jpg","contentUrl":"https:\/\/comunicando.gal\/gal\/wp-content\/uploads\/2025\/09\/xornada2WEB.jpg","width":900,"height":600},{"@type":"BreadcrumbList","@id":"https:\/\/comunicando.gal\/gal\/comunicando-coordina-unha-nova-campana-de-promocion-do-cluster-da-pizarra-de-galicia\/#breadcrumb","itemListElement":[{"@type":"ListItem","position":1,"name":"Portada","item":"https:\/\/comunicando.gal\/gal\/"},{"@type":"ListItem","position":2,"name":"Comunicando coordina unha nova campa\u00f1a de promoci\u00f3n do Cl\u00faster da Pizarra de Galicia"}]},{"@type":"WebSite","@id":"https:\/\/comunicando.gal\/gal\/#website","url":"https:\/\/comunicando.gal\/gal\/","name":"Comunicando. Consultor\u00eda de comunicaci\u00f3n.","description":"Consultor\u00eda de comunicaci\u00f3n","publisher":{"@id":"https:\/\/comunicando.gal\/gal\/#organization"},"alternateName":"Comunicando. Consultor\u00eda de comunicaci\u00f3n.","potentialAction":[{"@type":"SearchAction","target":{"@type":"EntryPoint","urlTemplate":"https:\/\/comunicando.gal\/gal\/?s={search_term_string}"},"query-input":{"@type":"PropertyValueSpecification","valueRequired":true,"valueName":"search_term_string"}}],"inLanguage":"es"},{"@type":"Organization","@id":"https:\/\/comunicando.gal\/gal\/#organization","name":"Comunicando. Consultor\u00eda de comunicaci\u00f3n.","url":"https:\/\/comunicando.gal\/gal\/","logo":{"@type":"ImageObject","inLanguage":"es","@id":"https:\/\/comunicando.gal\/gal\/#\/schema\/logo\/image\/","url":"https:\/\/comunicando.gal\/gal\/wp-content\/uploads\/2024\/07\/comunicando-vertical.png","contentUrl":"https:\/\/comunicando.gal\/gal\/wp-content\/uploads\/2024\/07\/comunicando-vertical.png","width":300,"height":323,"caption":"Comunicando. Consultor\u00eda de comunicaci\u00f3n."},"image":{"@id":"https:\/\/comunicando.gal\/gal\/#\/schema\/logo\/image\/"}},{"@type":"Person","@id":"https:\/\/comunicando.gal\/gal\/#\/schema\/person\/0d28af683c857811ed3fe6a412c4a429","name":"Jorge Isla"}]}},"_links":{"self":[{"href":"https:\/\/comunicando.gal\/gal\/wp-json\/wp\/v2\/posts\/4882","targetHints":{"allow":["GET"]}}],"collection":[{"href":"https:\/\/comunicando.gal\/gal\/wp-json\/wp\/v2\/posts"}],"about":[{"href":"https:\/\/comunicando.gal\/gal\/wp-json\/wp\/v2\/types\/post"}],"author":[{"embeddable":true,"href":"https:\/\/comunicando.gal\/gal\/wp-json\/wp\/v2\/users\/3"}],"replies":[{"embeddable":true,"href":"https:\/\/comunicando.gal\/gal\/wp-json\/wp\/v2\/comments?post=4882"}],"version-history":[{"count":9,"href":"https:\/\/comunicando.gal\/gal\/wp-json\/wp\/v2\/posts\/4882\/revisions"}],"predecessor-version":[{"id":4893,"href":"https:\/\/comunicando.gal\/gal\/wp-json\/wp\/v2\/posts\/4882\/revisions\/4893"}],"wp:featuredmedia":[{"embeddable":true,"href":"https:\/\/comunicando.gal\/gal\/wp-json\/wp\/v2\/media\/4888"}],"wp:attachment":[{"href":"https:\/\/comunicando.gal\/gal\/wp-json\/wp\/v2\/media?parent=4882"}],"wp:term":[{"taxonomy":"category","embeddable":true,"href":"https:\/\/comunicando.gal\/gal\/wp-json\/wp\/v2\/categories?post=4882"},{"taxonomy":"post_tag","embeddable":true,"href":"https:\/\/comunicando.gal\/gal\/wp-json\/wp\/v2\/tags?post=4882"}],"curies":[{"name":"wp","href":"https:\/\/api.w.org\/{rel}","templated":true}]}}