{"id":4877,"date":"2025-09-20T14:44:14","date_gmt":"2025-09-20T12:44:14","guid":{"rendered":"https:\/\/comunicando.gal\/gal\/?p=4877"},"modified":"2025-09-25T17:46:33","modified_gmt":"2025-09-25T15:46:33","slug":"colaboramos-co-concello-de-coristanco-na-organizacion-da-sua-festa-da-pataca","status":"publish","type":"post","link":"https:\/\/comunicando.gal\/gal\/colaboramos-co-concello-de-coristanco-na-organizacion-da-sua-festa-da-pataca\/","title":{"rendered":"Colaboramos co concello de Coristanco na organizaci\u00f3n da s\u00faa Festa da Pataca"},"content":{"rendered":"<p>O concello de Coristanco celebra esta fin de semana a 43\u00aa edici\u00f3n da s\u00faa emblem\u00e1tica <strong>Festa da Pataca<\/strong>, unha cita que une gastronom\u00eda, m\u00fasica, tradici\u00f3n e moita diversi\u00f3n. Trala inauguraci\u00f3n oficial, que tivo lugar \u00e1s 13.00 horas de hoxe s\u00e1bado d\u00eda 20 de setembro, a festa continuar\u00e1 o seu curso ata a madrugada, para pasar ma\u00f1\u00e1 ao momento m\u00e1is esperado, o do <strong>desfile de Tractores Engalanados<\/strong>, ao que seguir\u00e1 a entrega do premio Pataca de Ouro, o preg\u00f3n e un gran xantar popular.<\/p>\n<p>Estamos moi contentos e agradecidos ao concello de Coristanco por ter confiado en n\u00f3s para levar a cabo o dese\u00f1o de creatividades e pola oportunidade de colaborar na organizaci\u00f3n dunha das festas m\u00e1is importantes da comarca de Berganti\u00f1os.<\/p>\n<p>Algunhas das <strong>novas<\/strong> recollidas en prensa:<\/p>\n<p>La Voz de Galicia: <a href=\"https:\/\/www.lavozdegalicia.es\/noticia\/carballo\/coristanco\/2025\/09\/22\/patata-raiz-tradicion-memoria-gano-pulso-lluvia\/0003_202509C22C3991.htm\" target=\"_blank\" rel=\"noopener\">Una patata de ra\u00edz, tradici\u00f3n y memoria que le gan\u00f3 el pulso a la lluvia<\/a>; <a href=\"https:\/\/www.lavozdegalicia.es\/noticia\/carballo\/coristanco\/2025\/09\/21\/coristanco-honra-patata-sabor-territorio-comunidad\/0003_202509C21C10991.htm\" target=\"_blank\" rel=\"noopener\">Coristanco honra su patata: sabor, territorio y comunidad<\/a><\/p>\n<p>El Ideal Gallego: <a href=\"https:\/\/www.elidealgallego.com\/articulo\/a-coruna\/impresionante-torre-hercules-patatas-roza-gran-premio-coristanco-5440065\" target=\"_blank\" rel=\"noopener\">Una impresionante Torre de H\u00e9rcules de patatas roza el gran premio en Coristanco<\/a><\/p>\n<p>Diario de Berganti\u00f1os: <a href=\"https:\/\/diariodebergantinos.elidealgallego.com\/bergantinos\/coristanco\/2025-09-21\/el-poder-de-atraccion-de-la-festa-da-pataca-se-impone-a-la-lluvia-801332.html\" target=\"_blank\" rel=\"noopener\">El poder de atracci\u00f3n de la Festa da Pataca se impone a la lluvia<\/a><\/p>\n<p>El Progreso de Lugo: <a href=\"https:\/\/www.elprogreso.es\/articulo\/eventos\/programa-festa-da-pataca-2025-coristanco-programa-horarios-conciertos\/202509111003581906994.html\" target=\"_blank\" rel=\"noopener\">Festa da Pataca 2025 en Coristanco: programa, horarios y conciertos<\/a><\/p>\n<p>&nbsp;<\/p>\n<div id=\"attachment_4879\" style=\"width: 610px\" class=\"wp-caption aligncenter\"><img loading=\"lazy\" decoding=\"async\" aria-describedby=\"caption-attachment-4879\" class=\"wp-image-4879 size-full\" src=\"https:\/\/comunicando.gal\/gal\/wp-content\/uploads\/2025\/09\/CARTAZ-CORISTANCO-2025-web.jpg\" alt=\"\" width=\"600\" height=\"811\" srcset=\"https:\/\/comunicando.gal\/gal\/wp-content\/uploads\/2025\/09\/CARTAZ-CORISTANCO-2025-web.jpg 600w, https:\/\/comunicando.gal\/gal\/wp-content\/uploads\/2025\/09\/CARTAZ-CORISTANCO-2025-web-18x24.jpg 18w, https:\/\/comunicando.gal\/gal\/wp-content\/uploads\/2025\/09\/CARTAZ-CORISTANCO-2025-web-27x36.jpg 27w, https:\/\/comunicando.gal\/gal\/wp-content\/uploads\/2025\/09\/CARTAZ-CORISTANCO-2025-web-36x48.jpg 36w\" sizes=\"auto, (max-width: 600px) 100vw, 600px\" \/><p id=\"caption-attachment-4879\" class=\"wp-caption-text\"><em>Cartel da edici\u00f3n 43\u00aa da Festa da Pataca de Coristanco.<\/em><\/p><\/div>\n","protected":false},"excerpt":{"rendered":"<p>O concello de Coristanco celebra esta fin de semana a 43\u00aa edici\u00f3n da s\u00faa emblem\u00e1tica Festa da Pataca, unha cita que une gastronom\u00eda, m\u00fasica, tradici\u00f3n e moita diversi\u00f3n. Trala inauguraci\u00f3n oficial, que tivo lugar \u00e1s 13.00 horas de hoxe s\u00e1bado d\u00eda 20 de setembro, a festa continuar\u00e1 o seu curso ata a madrugada, para pasar [&hellip;]<\/p>\n","protected":false},"author":3,"featured_media":4880,"comment_status":"closed","ping_status":"closed","sticky":false,"template":"","format":"standard","meta":{"footnotes":""},"categories":[1],"tags":[],"class_list":["post-4877","post","type-post","status-publish","format-standard","has-post-thumbnail","hentry","category-noticias"],"yoast_head":"<!-- This site is optimized with the Yoast SEO plugin v26.2 - https:\/\/yoast.com\/wordpress\/plugins\/seo\/ -->\n<title>Colaboramos co concello de Coristanco na organizaci\u00f3n da s\u00faa Festa da Pataca<\/title>\n<meta name=\"robots\" content=\"index, follow, max-snippet:-1, max-image-preview:large, max-video-preview:-1\" \/>\n<link rel=\"canonical\" href=\"https:\/\/comunicando.gal\/gal\/colaboramos-co-concello-de-coristanco-na-organizacion-da-sua-festa-da-pataca\/\" \/>\n<meta property=\"og:locale\" content=\"es_ES\" \/>\n<meta property=\"og:type\" content=\"article\" \/>\n<meta property=\"og:title\" content=\"Colaboramos co concello de Coristanco na organizaci\u00f3n da s\u00faa Festa da Pataca\" \/>\n<meta property=\"og:description\" content=\"O concello de Coristanco celebra esta fin de semana a 43\u00aa edici\u00f3n da s\u00faa emblem\u00e1tica Festa da Pataca, unha cita que une gastronom\u00eda, m\u00fasica, tradici\u00f3n e moita diversi\u00f3n. Trala inauguraci\u00f3n oficial, que tivo lugar \u00e1s 13.00 horas de hoxe s\u00e1bado d\u00eda 20 de setembro, a festa continuar\u00e1 o seu curso ata a madrugada, para pasar [&hellip;]\" \/>\n<meta property=\"og:url\" content=\"https:\/\/comunicando.gal\/gal\/colaboramos-co-concello-de-coristanco-na-organizacion-da-sua-festa-da-pataca\/\" \/>\n<meta property=\"og:site_name\" content=\"Comunicando\" \/>\n<meta property=\"article:published_time\" content=\"2025-09-20T12:44:14+00:00\" \/>\n<meta property=\"article:modified_time\" content=\"2025-09-25T15:46:33+00:00\" \/>\n<meta property=\"og:image\" content=\"https:\/\/comunicando.gal\/gal\/wp-content\/uploads\/2025\/09\/programa-coristanco-2025_1web.jpg\" \/>\n\t<meta property=\"og:image:width\" content=\"900\" \/>\n\t<meta property=\"og:image:height\" content=\"600\" \/>\n\t<meta property=\"og:image:type\" content=\"image\/jpeg\" \/>\n<meta name=\"author\" content=\"Jorge Isla\" \/>\n<meta name=\"twitter:card\" content=\"summary_large_image\" \/>\n<script type=\"application\/ld+json\" class=\"yoast-schema-graph\">{\"@context\":\"https:\/\/schema.org\",\"@graph\":[{\"@type\":\"Article\",\"@id\":\"https:\/\/comunicando.gal\/gal\/colaboramos-co-concello-de-coristanco-na-organizacion-da-sua-festa-da-pataca\/#article\",\"isPartOf\":{\"@id\":\"https:\/\/comunicando.gal\/gal\/colaboramos-co-concello-de-coristanco-na-organizacion-da-sua-festa-da-pataca\/\"},\"author\":{\"name\":\"Jorge Isla\",\"@id\":\"https:\/\/comunicando.gal\/gal\/#\/schema\/person\/0d28af683c857811ed3fe6a412c4a429\"},\"headline\":\"Colaboramos co concello de Coristanco na organizaci\u00f3n da s\u00faa Festa da Pataca\",\"datePublished\":\"2025-09-20T12:44:14+00:00\",\"dateModified\":\"2025-09-25T15:46:33+00:00\",\"mainEntityOfPage\":{\"@id\":\"https:\/\/comunicando.gal\/gal\/colaboramos-co-concello-de-coristanco-na-organizacion-da-sua-festa-da-pataca\/\"},\"wordCount\":251,\"publisher\":{\"@id\":\"https:\/\/comunicando.gal\/gal\/#organization\"},\"image\":{\"@id\":\"https:\/\/comunicando.gal\/gal\/colaboramos-co-concello-de-coristanco-na-organizacion-da-sua-festa-da-pataca\/#primaryimage\"},\"thumbnailUrl\":\"https:\/\/comunicando.gal\/gal\/wp-content\/uploads\/2025\/09\/programa-coristanco-2025_1web.jpg\",\"articleSection\":[\"Noticias\"],\"inLanguage\":\"es\"},{\"@type\":\"WebPage\",\"@id\":\"https:\/\/comunicando.gal\/gal\/colaboramos-co-concello-de-coristanco-na-organizacion-da-sua-festa-da-pataca\/\",\"url\":\"https:\/\/comunicando.gal\/gal\/colaboramos-co-concello-de-coristanco-na-organizacion-da-sua-festa-da-pataca\/\",\"name\":\"Colaboramos co concello de Coristanco na organizaci\u00f3n da s\u00faa Festa da Pataca\",\"isPartOf\":{\"@id\":\"https:\/\/comunicando.gal\/gal\/#website\"},\"primaryImageOfPage\":{\"@id\":\"https:\/\/comunicando.gal\/gal\/colaboramos-co-concello-de-coristanco-na-organizacion-da-sua-festa-da-pataca\/#primaryimage\"},\"image\":{\"@id\":\"https:\/\/comunicando.gal\/gal\/colaboramos-co-concello-de-coristanco-na-organizacion-da-sua-festa-da-pataca\/#primaryimage\"},\"thumbnailUrl\":\"https:\/\/comunicando.gal\/gal\/wp-content\/uploads\/2025\/09\/programa-coristanco-2025_1web.jpg\",\"datePublished\":\"2025-09-20T12:44:14+00:00\",\"dateModified\":\"2025-09-25T15:46:33+00:00\",\"breadcrumb\":{\"@id\":\"https:\/\/comunicando.gal\/gal\/colaboramos-co-concello-de-coristanco-na-organizacion-da-sua-festa-da-pataca\/#breadcrumb\"},\"inLanguage\":\"es\",\"potentialAction\":[{\"@type\":\"ReadAction\",\"target\":[\"https:\/\/comunicando.gal\/gal\/colaboramos-co-concello-de-coristanco-na-organizacion-da-sua-festa-da-pataca\/\"]}]},{\"@type\":\"ImageObject\",\"inLanguage\":\"es\",\"@id\":\"https:\/\/comunicando.gal\/gal\/colaboramos-co-concello-de-coristanco-na-organizacion-da-sua-festa-da-pataca\/#primaryimage\",\"url\":\"https:\/\/comunicando.gal\/gal\/wp-content\/uploads\/2025\/09\/programa-coristanco-2025_1web.jpg\",\"contentUrl\":\"https:\/\/comunicando.gal\/gal\/wp-content\/uploads\/2025\/09\/programa-coristanco-2025_1web.jpg\",\"width\":900,\"height\":600},{\"@type\":\"BreadcrumbList\",\"@id\":\"https:\/\/comunicando.gal\/gal\/colaboramos-co-concello-de-coristanco-na-organizacion-da-sua-festa-da-pataca\/#breadcrumb\",\"itemListElement\":[{\"@type\":\"ListItem\",\"position\":1,\"name\":\"Portada\",\"item\":\"https:\/\/comunicando.gal\/gal\/\"},{\"@type\":\"ListItem\",\"position\":2,\"name\":\"Colaboramos co concello de Coristanco na organizaci\u00f3n da s\u00faa Festa da Pataca\"}]},{\"@type\":\"WebSite\",\"@id\":\"https:\/\/comunicando.gal\/gal\/#website\",\"url\":\"https:\/\/comunicando.gal\/gal\/\",\"name\":\"Comunicando. Consultor\u00eda de comunicaci\u00f3n.\",\"description\":\"Consultor\u00eda de comunicaci\u00f3n\",\"publisher\":{\"@id\":\"https:\/\/comunicando.gal\/gal\/#organization\"},\"alternateName\":\"Comunicando. Consultor\u00eda de comunicaci\u00f3n.\",\"potentialAction\":[{\"@type\":\"SearchAction\",\"target\":{\"@type\":\"EntryPoint\",\"urlTemplate\":\"https:\/\/comunicando.gal\/gal\/?s={search_term_string}\"},\"query-input\":{\"@type\":\"PropertyValueSpecification\",\"valueRequired\":true,\"valueName\":\"search_term_string\"}}],\"inLanguage\":\"es\"},{\"@type\":\"Organization\",\"@id\":\"https:\/\/comunicando.gal\/gal\/#organization\",\"name\":\"Comunicando. Consultor\u00eda de comunicaci\u00f3n.\",\"url\":\"https:\/\/comunicando.gal\/gal\/\",\"logo\":{\"@type\":\"ImageObject\",\"inLanguage\":\"es\",\"@id\":\"https:\/\/comunicando.gal\/gal\/#\/schema\/logo\/image\/\",\"url\":\"https:\/\/comunicando.gal\/gal\/wp-content\/uploads\/2024\/07\/comunicando-vertical.png\",\"contentUrl\":\"https:\/\/comunicando.gal\/gal\/wp-content\/uploads\/2024\/07\/comunicando-vertical.png\",\"width\":300,\"height\":323,\"caption\":\"Comunicando. Consultor\u00eda de comunicaci\u00f3n.\"},\"image\":{\"@id\":\"https:\/\/comunicando.gal\/gal\/#\/schema\/logo\/image\/\"}},{\"@type\":\"Person\",\"@id\":\"https:\/\/comunicando.gal\/gal\/#\/schema\/person\/0d28af683c857811ed3fe6a412c4a429\",\"name\":\"Jorge Isla\"}]}<\/script>\n<!-- \/ Yoast SEO plugin. -->","yoast_head_json":{"title":"Colaboramos co concello de Coristanco na organizaci\u00f3n da s\u00faa Festa da Pataca","robots":{"index":"index","follow":"follow","max-snippet":"max-snippet:-1","max-image-preview":"max-image-preview:large","max-video-preview":"max-video-preview:-1"},"canonical":"https:\/\/comunicando.gal\/gal\/colaboramos-co-concello-de-coristanco-na-organizacion-da-sua-festa-da-pataca\/","og_locale":"es_ES","og_type":"article","og_title":"Colaboramos co concello de Coristanco na organizaci\u00f3n da s\u00faa Festa da Pataca","og_description":"O concello de Coristanco celebra esta fin de semana a 43\u00aa edici\u00f3n da s\u00faa emblem\u00e1tica Festa da Pataca, unha cita que une gastronom\u00eda, m\u00fasica, tradici\u00f3n e moita diversi\u00f3n. Trala inauguraci\u00f3n oficial, que tivo lugar \u00e1s 13.00 horas de hoxe s\u00e1bado d\u00eda 20 de setembro, a festa continuar\u00e1 o seu curso ata a madrugada, para pasar [&hellip;]","og_url":"https:\/\/comunicando.gal\/gal\/colaboramos-co-concello-de-coristanco-na-organizacion-da-sua-festa-da-pataca\/","og_site_name":"Comunicando","article_published_time":"2025-09-20T12:44:14+00:00","article_modified_time":"2025-09-25T15:46:33+00:00","og_image":[{"width":900,"height":600,"url":"https:\/\/comunicando.gal\/gal\/wp-content\/uploads\/2025\/09\/programa-coristanco-2025_1web.jpg","type":"image\/jpeg"}],"author":"Jorge Isla","twitter_card":"summary_large_image","schema":{"@context":"https:\/\/schema.org","@graph":[{"@type":"Article","@id":"https:\/\/comunicando.gal\/gal\/colaboramos-co-concello-de-coristanco-na-organizacion-da-sua-festa-da-pataca\/#article","isPartOf":{"@id":"https:\/\/comunicando.gal\/gal\/colaboramos-co-concello-de-coristanco-na-organizacion-da-sua-festa-da-pataca\/"},"author":{"name":"Jorge Isla","@id":"https:\/\/comunicando.gal\/gal\/#\/schema\/person\/0d28af683c857811ed3fe6a412c4a429"},"headline":"Colaboramos co concello de Coristanco na organizaci\u00f3n da s\u00faa Festa da Pataca","datePublished":"2025-09-20T12:44:14+00:00","dateModified":"2025-09-25T15:46:33+00:00","mainEntityOfPage":{"@id":"https:\/\/comunicando.gal\/gal\/colaboramos-co-concello-de-coristanco-na-organizacion-da-sua-festa-da-pataca\/"},"wordCount":251,"publisher":{"@id":"https:\/\/comunicando.gal\/gal\/#organization"},"image":{"@id":"https:\/\/comunicando.gal\/gal\/colaboramos-co-concello-de-coristanco-na-organizacion-da-sua-festa-da-pataca\/#primaryimage"},"thumbnailUrl":"https:\/\/comunicando.gal\/gal\/wp-content\/uploads\/2025\/09\/programa-coristanco-2025_1web.jpg","articleSection":["Noticias"],"inLanguage":"es"},{"@type":"WebPage","@id":"https:\/\/comunicando.gal\/gal\/colaboramos-co-concello-de-coristanco-na-organizacion-da-sua-festa-da-pataca\/","url":"https:\/\/comunicando.gal\/gal\/colaboramos-co-concello-de-coristanco-na-organizacion-da-sua-festa-da-pataca\/","name":"Colaboramos co concello de Coristanco na organizaci\u00f3n da s\u00faa Festa da Pataca","isPartOf":{"@id":"https:\/\/comunicando.gal\/gal\/#website"},"primaryImageOfPage":{"@id":"https:\/\/comunicando.gal\/gal\/colaboramos-co-concello-de-coristanco-na-organizacion-da-sua-festa-da-pataca\/#primaryimage"},"image":{"@id":"https:\/\/comunicando.gal\/gal\/colaboramos-co-concello-de-coristanco-na-organizacion-da-sua-festa-da-pataca\/#primaryimage"},"thumbnailUrl":"https:\/\/comunicando.gal\/gal\/wp-content\/uploads\/2025\/09\/programa-coristanco-2025_1web.jpg","datePublished":"2025-09-20T12:44:14+00:00","dateModified":"2025-09-25T15:46:33+00:00","breadcrumb":{"@id":"https:\/\/comunicando.gal\/gal\/colaboramos-co-concello-de-coristanco-na-organizacion-da-sua-festa-da-pataca\/#breadcrumb"},"inLanguage":"es","potentialAction":[{"@type":"ReadAction","target":["https:\/\/comunicando.gal\/gal\/colaboramos-co-concello-de-coristanco-na-organizacion-da-sua-festa-da-pataca\/"]}]},{"@type":"ImageObject","inLanguage":"es","@id":"https:\/\/comunicando.gal\/gal\/colaboramos-co-concello-de-coristanco-na-organizacion-da-sua-festa-da-pataca\/#primaryimage","url":"https:\/\/comunicando.gal\/gal\/wp-content\/uploads\/2025\/09\/programa-coristanco-2025_1web.jpg","contentUrl":"https:\/\/comunicando.gal\/gal\/wp-content\/uploads\/2025\/09\/programa-coristanco-2025_1web.jpg","width":900,"height":600},{"@type":"BreadcrumbList","@id":"https:\/\/comunicando.gal\/gal\/colaboramos-co-concello-de-coristanco-na-organizacion-da-sua-festa-da-pataca\/#breadcrumb","itemListElement":[{"@type":"ListItem","position":1,"name":"Portada","item":"https:\/\/comunicando.gal\/gal\/"},{"@type":"ListItem","position":2,"name":"Colaboramos co concello de Coristanco na organizaci\u00f3n da s\u00faa Festa da Pataca"}]},{"@type":"WebSite","@id":"https:\/\/comunicando.gal\/gal\/#website","url":"https:\/\/comunicando.gal\/gal\/","name":"Comunicando. Consultor\u00eda de comunicaci\u00f3n.","description":"Consultor\u00eda de comunicaci\u00f3n","publisher":{"@id":"https:\/\/comunicando.gal\/gal\/#organization"},"alternateName":"Comunicando. Consultor\u00eda de comunicaci\u00f3n.","potentialAction":[{"@type":"SearchAction","target":{"@type":"EntryPoint","urlTemplate":"https:\/\/comunicando.gal\/gal\/?s={search_term_string}"},"query-input":{"@type":"PropertyValueSpecification","valueRequired":true,"valueName":"search_term_string"}}],"inLanguage":"es"},{"@type":"Organization","@id":"https:\/\/comunicando.gal\/gal\/#organization","name":"Comunicando. Consultor\u00eda de comunicaci\u00f3n.","url":"https:\/\/comunicando.gal\/gal\/","logo":{"@type":"ImageObject","inLanguage":"es","@id":"https:\/\/comunicando.gal\/gal\/#\/schema\/logo\/image\/","url":"https:\/\/comunicando.gal\/gal\/wp-content\/uploads\/2024\/07\/comunicando-vertical.png","contentUrl":"https:\/\/comunicando.gal\/gal\/wp-content\/uploads\/2024\/07\/comunicando-vertical.png","width":300,"height":323,"caption":"Comunicando. Consultor\u00eda de comunicaci\u00f3n."},"image":{"@id":"https:\/\/comunicando.gal\/gal\/#\/schema\/logo\/image\/"}},{"@type":"Person","@id":"https:\/\/comunicando.gal\/gal\/#\/schema\/person\/0d28af683c857811ed3fe6a412c4a429","name":"Jorge Isla"}]}},"_links":{"self":[{"href":"https:\/\/comunicando.gal\/gal\/wp-json\/wp\/v2\/posts\/4877","targetHints":{"allow":["GET"]}}],"collection":[{"href":"https:\/\/comunicando.gal\/gal\/wp-json\/wp\/v2\/posts"}],"about":[{"href":"https:\/\/comunicando.gal\/gal\/wp-json\/wp\/v2\/types\/post"}],"author":[{"embeddable":true,"href":"https:\/\/comunicando.gal\/gal\/wp-json\/wp\/v2\/users\/3"}],"replies":[{"embeddable":true,"href":"https:\/\/comunicando.gal\/gal\/wp-json\/wp\/v2\/comments?post=4877"}],"version-history":[{"count":2,"href":"https:\/\/comunicando.gal\/gal\/wp-json\/wp\/v2\/posts\/4877\/revisions"}],"predecessor-version":[{"id":4881,"href":"https:\/\/comunicando.gal\/gal\/wp-json\/wp\/v2\/posts\/4877\/revisions\/4881"}],"wp:featuredmedia":[{"embeddable":true,"href":"https:\/\/comunicando.gal\/gal\/wp-json\/wp\/v2\/media\/4880"}],"wp:attachment":[{"href":"https:\/\/comunicando.gal\/gal\/wp-json\/wp\/v2\/media?parent=4877"}],"wp:term":[{"taxonomy":"category","embeddable":true,"href":"https:\/\/comunicando.gal\/gal\/wp-json\/wp\/v2\/categories?post=4877"},{"taxonomy":"post_tag","embeddable":true,"href":"https:\/\/comunicando.gal\/gal\/wp-json\/wp\/v2\/tags?post=4877"}],"curies":[{"name":"wp","href":"https:\/\/api.w.org\/{rel}","templated":true}]}}