{"id":4871,"date":"2025-08-09T18:13:47","date_gmt":"2025-08-09T16:13:47","guid":{"rendered":"https:\/\/comunicando.gal\/gal\/?p=4871"},"modified":"2025-09-25T13:21:25","modified_gmt":"2025-09-25T11:21:25","slug":"colaboracion-entre-turismo-de-galicia-e-o-instituto-de-estudos-valdeorreses-para-potenciar-os-recursos-turisticos-da-comarca","status":"publish","type":"post","link":"https:\/\/comunicando.gal\/gal\/colaboracion-entre-turismo-de-galicia-e-o-instituto-de-estudos-valdeorreses-para-potenciar-os-recursos-turisticos-da-comarca\/","title":{"rendered":"Colaboraci\u00f3n entre Turismo de Galicia e o Instituto de Estudos Valdeorreses para potenciar os recursos tur\u00edsticos da comarca"},"content":{"rendered":"<div id=\"attachment_4874\" style=\"width: 911px\" class=\"wp-caption aligncenter\"><img loading=\"lazy\" decoding=\"async\" aria-describedby=\"caption-attachment-4874\" class=\"wp-image-4874 size-full\" src=\"https:\/\/comunicando.gal\/gal\/wp-content\/uploads\/2025\/08\/valdeorrasdecerca_Xose-Merelles_IEV_Aurelio-Blanco_2025_08_08-3-1024x577-1.jpg\" alt=\"\" width=\"901\" height=\"577\" srcset=\"https:\/\/comunicando.gal\/gal\/wp-content\/uploads\/2025\/08\/valdeorrasdecerca_Xose-Merelles_IEV_Aurelio-Blanco_2025_08_08-3-1024x577-1.jpg 901w, https:\/\/comunicando.gal\/gal\/wp-content\/uploads\/2025\/08\/valdeorrasdecerca_Xose-Merelles_IEV_Aurelio-Blanco_2025_08_08-3-1024x577-1-768x492.jpg 768w, https:\/\/comunicando.gal\/gal\/wp-content\/uploads\/2025\/08\/valdeorrasdecerca_Xose-Merelles_IEV_Aurelio-Blanco_2025_08_08-3-1024x577-1-24x15.jpg 24w, https:\/\/comunicando.gal\/gal\/wp-content\/uploads\/2025\/08\/valdeorrasdecerca_Xose-Merelles_IEV_Aurelio-Blanco_2025_08_08-3-1024x577-1-36x23.jpg 36w, https:\/\/comunicando.gal\/gal\/wp-content\/uploads\/2025\/08\/valdeorrasdecerca_Xose-Merelles_IEV_Aurelio-Blanco_2025_08_08-3-1024x577-1-48x31.jpg 48w\" sizes=\"auto, (max-width: 901px) 100vw, 901px\" \/><p id=\"caption-attachment-4874\" class=\"wp-caption-text\"><em>De esquerda a dereita: Xos\u00e9 Merelles, Aurelio Blanco y Julio P\u00e9rez.<\/em><\/p><\/div>\n<div class=\"x14z9mp xat24cr x1lziwak x1vvkbs xtlvy1s x126k92a\">\n<div dir=\"auto\"><\/div>\n<div dir=\"auto\">A Xunta de Galicia e o\u00a0<a href=\"https:\/\/www.facebook.com\/institutoestudios.valdeorreses\" target=\"_blank\" rel=\"noopener\">Instituto Estudios Valdeorreses<\/a> anunciaron onte pola tarde, un acordo de colaboraci\u00f3n en pro da promoci\u00f3n da cultura vitivin\u00edcola da comarca e do enoturismo. Foi durante a visita que o director de Turismo de Galicia, Xos\u00e9 Merelles, fixo a Valdeorras, para participar nun acto de presentaci\u00f3n de diversas iniciativas, entre as que se incl\u00fae a recuperaci\u00f3n do <strong>Concurso de Fotograf\u00eda Manuel Blanco Pascual<\/strong>, na s\u00faa duod\u00e9cima edici\u00f3n.<\/div>\n<\/div>\n<div class=\"x14z9mp xat24cr x1lziwak x1vvkbs xtlvy1s x126k92a\">\n<div dir=\"auto\"><\/div>\n<div dir=\"auto\">En <span class=\"html-span xdj266r x14z9mp xat24cr x1lziwak xexx8yu xyri2b x18d9i69 x1c1uobl x1hl2dhg x16tdsg8 x1vvkbs\"><a class=\"x1i10hfl xjbqb8w x1ejq31n x18oe1m7 x1sy0etr xstzfhl x972fbf x10w94by x1qhh985 x14e42zd x9f619 x1ypdohk xt0psk2 x3ct3a4 xdj266r x14z9mp xat24cr x1lziwak xexx8yu xyri2b x18d9i69 x1c1uobl x16tdsg8 x1hl2dhg xggy1nq x1a2a7pz xkrqix3 x1sur9pj x1fey0fg x1s688f\" tabindex=\"0\" role=\"link\" href=\"https:\/\/www.facebook.com\/profile.php?id=61563812644906&amp;__cft__[0]=AZUim6yZWJX9l-FSt2zR77uK0-WGqnduDQ67WUFRnPbnlijU4wchfl6a7i9l9h6FrAIW8Mye5pTG5xwQ96ESnM_nrgqe0OzdFGX66nyDsvYTfvyyPV4zXzbhywpAUSViKuzCRniAVJ41IgS5APZScktU7-VjsqBPJ5_IH0gpEbLFszr17UzGwfproKOAUIQv8TSK0dxDQFkN6QYUKfxmtlMN&amp;__tn__=-]K-R\"><span class=\"xt0psk2\"><span class=\"xjp7ctv\">Comunicando Consultor\u00eda de Comunicaci\u00f3n<\/span><\/span><\/a><\/span> non podemos estar m\u00e1is orgullosos de que esta sinerxia se poda levar a cabo, prestando o noso apoio profesional \u00e1s diferentes partes para que poidan chegar a acordos, e proporcionando a cobertura comunicativa e promocional necesaria para que as diferentes propostas saian adiante.<\/div>\n<\/div>\n<div dir=\"auto\"><\/div>\n<div dir=\"auto\">Foto: <a href=\"https:\/\/www.valdeorrasdecerca.com\/xose-merelles-pon-en-valor-o-concurso-de-fotografia-manuel-blanco-pascual-que-convoca-o-iev\/?fbclid=IwY2xjawNB_bVleHRuA2FlbQIxMQABHvTLlR1NUFk7rWOuARlj9xYnj0bvvtZj34dvFar08g589MULwHtUS2F2_6bT_aem_Ksw6sQO_qzyAoIBiwnidzA\" target=\"_blank\" rel=\"noopener\">Valdeorras de Cerca<\/a><\/div>\n<div dir=\"auto\"><\/div>\n<div dir=\"auto\"><img loading=\"lazy\" decoding=\"async\" class=\"size-full wp-image-4873 aligncenter\" src=\"https:\/\/comunicando.gal\/gal\/wp-content\/uploads\/2025\/08\/valdeorrasdecerca_cartel_concurso-fotografia-Manuel-Blanco-Pascual-707x1024-1.jpg\" alt=\"\" width=\"692\" height=\"977\" srcset=\"https:\/\/comunicando.gal\/gal\/wp-content\/uploads\/2025\/08\/valdeorrasdecerca_cartel_concurso-fotografia-Manuel-Blanco-Pascual-707x1024-1.jpg 692w, https:\/\/comunicando.gal\/gal\/wp-content\/uploads\/2025\/08\/valdeorrasdecerca_cartel_concurso-fotografia-Manuel-Blanco-Pascual-707x1024-1-17x24.jpg 17w, https:\/\/comunicando.gal\/gal\/wp-content\/uploads\/2025\/08\/valdeorrasdecerca_cartel_concurso-fotografia-Manuel-Blanco-Pascual-707x1024-1-25x36.jpg 25w, https:\/\/comunicando.gal\/gal\/wp-content\/uploads\/2025\/08\/valdeorrasdecerca_cartel_concurso-fotografia-Manuel-Blanco-Pascual-707x1024-1-34x48.jpg 34w\" sizes=\"auto, (max-width: 692px) 100vw, 692px\" \/><\/div>\n","protected":false},"excerpt":{"rendered":"<p>A Xunta de Galicia e o\u00a0Instituto Estudios Valdeorreses anunciaron onte pola tarde, un acordo de colaboraci\u00f3n en pro da promoci\u00f3n da cultura vitivin\u00edcola da comarca e do enoturismo. Foi durante a visita que o director de Turismo de Galicia, Xos\u00e9 Merelles, fixo a Valdeorras, para participar nun acto de presentaci\u00f3n de diversas iniciativas, entre as [&hellip;]<\/p>\n","protected":false},"author":3,"featured_media":4874,"comment_status":"closed","ping_status":"closed","sticky":false,"template":"","format":"standard","meta":{"footnotes":""},"categories":[1],"tags":[],"class_list":["post-4871","post","type-post","status-publish","format-standard","has-post-thumbnail","hentry","category-noticias"],"yoast_head":"<!-- This site is optimized with the Yoast SEO plugin v26.2 - https:\/\/yoast.com\/wordpress\/plugins\/seo\/ -->\n<title>Colaboraci\u00f3n entre Turismo de Galicia e o Instituto de Estudos Valdeorreses para potenciar os recursos tur\u00edsticos da comarca<\/title>\n<meta name=\"robots\" content=\"index, follow, max-snippet:-1, max-image-preview:large, max-video-preview:-1\" \/>\n<link rel=\"canonical\" href=\"https:\/\/comunicando.gal\/gal\/colaboracion-entre-turismo-de-galicia-e-o-instituto-de-estudos-valdeorreses-para-potenciar-os-recursos-turisticos-da-comarca\/\" \/>\n<meta property=\"og:locale\" content=\"es_ES\" \/>\n<meta property=\"og:type\" content=\"article\" \/>\n<meta property=\"og:title\" content=\"Colaboraci\u00f3n entre Turismo de Galicia e o Instituto de Estudos Valdeorreses para potenciar os recursos tur\u00edsticos da comarca\" \/>\n<meta property=\"og:description\" content=\"A Xunta de Galicia e o\u00a0Instituto Estudios Valdeorreses anunciaron onte pola tarde, un acordo de colaboraci\u00f3n en pro da promoci\u00f3n da cultura vitivin\u00edcola da comarca e do enoturismo. Foi durante a visita que o director de Turismo de Galicia, Xos\u00e9 Merelles, fixo a Valdeorras, para participar nun acto de presentaci\u00f3n de diversas iniciativas, entre as [&hellip;]\" \/>\n<meta property=\"og:url\" content=\"https:\/\/comunicando.gal\/gal\/colaboracion-entre-turismo-de-galicia-e-o-instituto-de-estudos-valdeorreses-para-potenciar-os-recursos-turisticos-da-comarca\/\" \/>\n<meta property=\"og:site_name\" content=\"Comunicando\" \/>\n<meta property=\"article:published_time\" content=\"2025-08-09T16:13:47+00:00\" \/>\n<meta property=\"article:modified_time\" content=\"2025-09-25T11:21:25+00:00\" \/>\n<meta property=\"og:image\" content=\"https:\/\/comunicando.gal\/gal\/wp-content\/uploads\/2025\/08\/valdeorrasdecerca_Xose-Merelles_IEV_Aurelio-Blanco_2025_08_08-3-1024x577-1.jpg\" \/>\n\t<meta property=\"og:image:width\" content=\"901\" \/>\n\t<meta property=\"og:image:height\" content=\"577\" \/>\n\t<meta property=\"og:image:type\" content=\"image\/jpeg\" \/>\n<meta name=\"author\" content=\"Jorge Isla\" \/>\n<meta name=\"twitter:card\" content=\"summary_large_image\" \/>\n<script type=\"application\/ld+json\" class=\"yoast-schema-graph\">{\"@context\":\"https:\/\/schema.org\",\"@graph\":[{\"@type\":\"Article\",\"@id\":\"https:\/\/comunicando.gal\/gal\/colaboracion-entre-turismo-de-galicia-e-o-instituto-de-estudos-valdeorreses-para-potenciar-os-recursos-turisticos-da-comarca\/#article\",\"isPartOf\":{\"@id\":\"https:\/\/comunicando.gal\/gal\/colaboracion-entre-turismo-de-galicia-e-o-instituto-de-estudos-valdeorreses-para-potenciar-os-recursos-turisticos-da-comarca\/\"},\"author\":{\"name\":\"Jorge Isla\",\"@id\":\"https:\/\/comunicando.gal\/gal\/#\/schema\/person\/0d28af683c857811ed3fe6a412c4a429\"},\"headline\":\"Colaboraci\u00f3n entre Turismo de Galicia e o Instituto de Estudos Valdeorreses para potenciar os recursos tur\u00edsticos da comarca\",\"datePublished\":\"2025-08-09T16:13:47+00:00\",\"dateModified\":\"2025-09-25T11:21:25+00:00\",\"mainEntityOfPage\":{\"@id\":\"https:\/\/comunicando.gal\/gal\/colaboracion-entre-turismo-de-galicia-e-o-instituto-de-estudos-valdeorreses-para-potenciar-os-recursos-turisticos-da-comarca\/\"},\"wordCount\":176,\"publisher\":{\"@id\":\"https:\/\/comunicando.gal\/gal\/#organization\"},\"image\":{\"@id\":\"https:\/\/comunicando.gal\/gal\/colaboracion-entre-turismo-de-galicia-e-o-instituto-de-estudos-valdeorreses-para-potenciar-os-recursos-turisticos-da-comarca\/#primaryimage\"},\"thumbnailUrl\":\"https:\/\/comunicando.gal\/gal\/wp-content\/uploads\/2025\/08\/valdeorrasdecerca_Xose-Merelles_IEV_Aurelio-Blanco_2025_08_08-3-1024x577-1.jpg\",\"articleSection\":[\"Noticias\"],\"inLanguage\":\"es\"},{\"@type\":\"WebPage\",\"@id\":\"https:\/\/comunicando.gal\/gal\/colaboracion-entre-turismo-de-galicia-e-o-instituto-de-estudos-valdeorreses-para-potenciar-os-recursos-turisticos-da-comarca\/\",\"url\":\"https:\/\/comunicando.gal\/gal\/colaboracion-entre-turismo-de-galicia-e-o-instituto-de-estudos-valdeorreses-para-potenciar-os-recursos-turisticos-da-comarca\/\",\"name\":\"Colaboraci\u00f3n entre Turismo de Galicia e o Instituto de Estudos Valdeorreses para potenciar os recursos tur\u00edsticos da comarca\",\"isPartOf\":{\"@id\":\"https:\/\/comunicando.gal\/gal\/#website\"},\"primaryImageOfPage\":{\"@id\":\"https:\/\/comunicando.gal\/gal\/colaboracion-entre-turismo-de-galicia-e-o-instituto-de-estudos-valdeorreses-para-potenciar-os-recursos-turisticos-da-comarca\/#primaryimage\"},\"image\":{\"@id\":\"https:\/\/comunicando.gal\/gal\/colaboracion-entre-turismo-de-galicia-e-o-instituto-de-estudos-valdeorreses-para-potenciar-os-recursos-turisticos-da-comarca\/#primaryimage\"},\"thumbnailUrl\":\"https:\/\/comunicando.gal\/gal\/wp-content\/uploads\/2025\/08\/valdeorrasdecerca_Xose-Merelles_IEV_Aurelio-Blanco_2025_08_08-3-1024x577-1.jpg\",\"datePublished\":\"2025-08-09T16:13:47+00:00\",\"dateModified\":\"2025-09-25T11:21:25+00:00\",\"breadcrumb\":{\"@id\":\"https:\/\/comunicando.gal\/gal\/colaboracion-entre-turismo-de-galicia-e-o-instituto-de-estudos-valdeorreses-para-potenciar-os-recursos-turisticos-da-comarca\/#breadcrumb\"},\"inLanguage\":\"es\",\"potentialAction\":[{\"@type\":\"ReadAction\",\"target\":[\"https:\/\/comunicando.gal\/gal\/colaboracion-entre-turismo-de-galicia-e-o-instituto-de-estudos-valdeorreses-para-potenciar-os-recursos-turisticos-da-comarca\/\"]}]},{\"@type\":\"ImageObject\",\"inLanguage\":\"es\",\"@id\":\"https:\/\/comunicando.gal\/gal\/colaboracion-entre-turismo-de-galicia-e-o-instituto-de-estudos-valdeorreses-para-potenciar-os-recursos-turisticos-da-comarca\/#primaryimage\",\"url\":\"https:\/\/comunicando.gal\/gal\/wp-content\/uploads\/2025\/08\/valdeorrasdecerca_Xose-Merelles_IEV_Aurelio-Blanco_2025_08_08-3-1024x577-1.jpg\",\"contentUrl\":\"https:\/\/comunicando.gal\/gal\/wp-content\/uploads\/2025\/08\/valdeorrasdecerca_Xose-Merelles_IEV_Aurelio-Blanco_2025_08_08-3-1024x577-1.jpg\",\"width\":901,\"height\":577},{\"@type\":\"BreadcrumbList\",\"@id\":\"https:\/\/comunicando.gal\/gal\/colaboracion-entre-turismo-de-galicia-e-o-instituto-de-estudos-valdeorreses-para-potenciar-os-recursos-turisticos-da-comarca\/#breadcrumb\",\"itemListElement\":[{\"@type\":\"ListItem\",\"position\":1,\"name\":\"Portada\",\"item\":\"https:\/\/comunicando.gal\/gal\/\"},{\"@type\":\"ListItem\",\"position\":2,\"name\":\"Colaboraci\u00f3n entre Turismo de Galicia e o Instituto de Estudos Valdeorreses para potenciar os recursos tur\u00edsticos da comarca\"}]},{\"@type\":\"WebSite\",\"@id\":\"https:\/\/comunicando.gal\/gal\/#website\",\"url\":\"https:\/\/comunicando.gal\/gal\/\",\"name\":\"Comunicando. Consultor\u00eda de comunicaci\u00f3n.\",\"description\":\"Consultor\u00eda de comunicaci\u00f3n\",\"publisher\":{\"@id\":\"https:\/\/comunicando.gal\/gal\/#organization\"},\"alternateName\":\"Comunicando. Consultor\u00eda de comunicaci\u00f3n.\",\"potentialAction\":[{\"@type\":\"SearchAction\",\"target\":{\"@type\":\"EntryPoint\",\"urlTemplate\":\"https:\/\/comunicando.gal\/gal\/?s={search_term_string}\"},\"query-input\":{\"@type\":\"PropertyValueSpecification\",\"valueRequired\":true,\"valueName\":\"search_term_string\"}}],\"inLanguage\":\"es\"},{\"@type\":\"Organization\",\"@id\":\"https:\/\/comunicando.gal\/gal\/#organization\",\"name\":\"Comunicando. Consultor\u00eda de comunicaci\u00f3n.\",\"url\":\"https:\/\/comunicando.gal\/gal\/\",\"logo\":{\"@type\":\"ImageObject\",\"inLanguage\":\"es\",\"@id\":\"https:\/\/comunicando.gal\/gal\/#\/schema\/logo\/image\/\",\"url\":\"https:\/\/comunicando.gal\/gal\/wp-content\/uploads\/2024\/07\/comunicando-vertical.png\",\"contentUrl\":\"https:\/\/comunicando.gal\/gal\/wp-content\/uploads\/2024\/07\/comunicando-vertical.png\",\"width\":300,\"height\":323,\"caption\":\"Comunicando. Consultor\u00eda de comunicaci\u00f3n.\"},\"image\":{\"@id\":\"https:\/\/comunicando.gal\/gal\/#\/schema\/logo\/image\/\"}},{\"@type\":\"Person\",\"@id\":\"https:\/\/comunicando.gal\/gal\/#\/schema\/person\/0d28af683c857811ed3fe6a412c4a429\",\"name\":\"Jorge Isla\"}]}<\/script>\n<!-- \/ Yoast SEO plugin. -->","yoast_head_json":{"title":"Colaboraci\u00f3n entre Turismo de Galicia e o Instituto de Estudos Valdeorreses para potenciar os recursos tur\u00edsticos da comarca","robots":{"index":"index","follow":"follow","max-snippet":"max-snippet:-1","max-image-preview":"max-image-preview:large","max-video-preview":"max-video-preview:-1"},"canonical":"https:\/\/comunicando.gal\/gal\/colaboracion-entre-turismo-de-galicia-e-o-instituto-de-estudos-valdeorreses-para-potenciar-os-recursos-turisticos-da-comarca\/","og_locale":"es_ES","og_type":"article","og_title":"Colaboraci\u00f3n entre Turismo de Galicia e o Instituto de Estudos Valdeorreses para potenciar os recursos tur\u00edsticos da comarca","og_description":"A Xunta de Galicia e o\u00a0Instituto Estudios Valdeorreses anunciaron onte pola tarde, un acordo de colaboraci\u00f3n en pro da promoci\u00f3n da cultura vitivin\u00edcola da comarca e do enoturismo. Foi durante a visita que o director de Turismo de Galicia, Xos\u00e9 Merelles, fixo a Valdeorras, para participar nun acto de presentaci\u00f3n de diversas iniciativas, entre as [&hellip;]","og_url":"https:\/\/comunicando.gal\/gal\/colaboracion-entre-turismo-de-galicia-e-o-instituto-de-estudos-valdeorreses-para-potenciar-os-recursos-turisticos-da-comarca\/","og_site_name":"Comunicando","article_published_time":"2025-08-09T16:13:47+00:00","article_modified_time":"2025-09-25T11:21:25+00:00","og_image":[{"width":901,"height":577,"url":"https:\/\/comunicando.gal\/gal\/wp-content\/uploads\/2025\/08\/valdeorrasdecerca_Xose-Merelles_IEV_Aurelio-Blanco_2025_08_08-3-1024x577-1.jpg","type":"image\/jpeg"}],"author":"Jorge Isla","twitter_card":"summary_large_image","schema":{"@context":"https:\/\/schema.org","@graph":[{"@type":"Article","@id":"https:\/\/comunicando.gal\/gal\/colaboracion-entre-turismo-de-galicia-e-o-instituto-de-estudos-valdeorreses-para-potenciar-os-recursos-turisticos-da-comarca\/#article","isPartOf":{"@id":"https:\/\/comunicando.gal\/gal\/colaboracion-entre-turismo-de-galicia-e-o-instituto-de-estudos-valdeorreses-para-potenciar-os-recursos-turisticos-da-comarca\/"},"author":{"name":"Jorge Isla","@id":"https:\/\/comunicando.gal\/gal\/#\/schema\/person\/0d28af683c857811ed3fe6a412c4a429"},"headline":"Colaboraci\u00f3n entre Turismo de Galicia e o Instituto de Estudos Valdeorreses para potenciar os recursos tur\u00edsticos da comarca","datePublished":"2025-08-09T16:13:47+00:00","dateModified":"2025-09-25T11:21:25+00:00","mainEntityOfPage":{"@id":"https:\/\/comunicando.gal\/gal\/colaboracion-entre-turismo-de-galicia-e-o-instituto-de-estudos-valdeorreses-para-potenciar-os-recursos-turisticos-da-comarca\/"},"wordCount":176,"publisher":{"@id":"https:\/\/comunicando.gal\/gal\/#organization"},"image":{"@id":"https:\/\/comunicando.gal\/gal\/colaboracion-entre-turismo-de-galicia-e-o-instituto-de-estudos-valdeorreses-para-potenciar-os-recursos-turisticos-da-comarca\/#primaryimage"},"thumbnailUrl":"https:\/\/comunicando.gal\/gal\/wp-content\/uploads\/2025\/08\/valdeorrasdecerca_Xose-Merelles_IEV_Aurelio-Blanco_2025_08_08-3-1024x577-1.jpg","articleSection":["Noticias"],"inLanguage":"es"},{"@type":"WebPage","@id":"https:\/\/comunicando.gal\/gal\/colaboracion-entre-turismo-de-galicia-e-o-instituto-de-estudos-valdeorreses-para-potenciar-os-recursos-turisticos-da-comarca\/","url":"https:\/\/comunicando.gal\/gal\/colaboracion-entre-turismo-de-galicia-e-o-instituto-de-estudos-valdeorreses-para-potenciar-os-recursos-turisticos-da-comarca\/","name":"Colaboraci\u00f3n entre Turismo de Galicia e o Instituto de Estudos Valdeorreses para potenciar os recursos tur\u00edsticos da comarca","isPartOf":{"@id":"https:\/\/comunicando.gal\/gal\/#website"},"primaryImageOfPage":{"@id":"https:\/\/comunicando.gal\/gal\/colaboracion-entre-turismo-de-galicia-e-o-instituto-de-estudos-valdeorreses-para-potenciar-os-recursos-turisticos-da-comarca\/#primaryimage"},"image":{"@id":"https:\/\/comunicando.gal\/gal\/colaboracion-entre-turismo-de-galicia-e-o-instituto-de-estudos-valdeorreses-para-potenciar-os-recursos-turisticos-da-comarca\/#primaryimage"},"thumbnailUrl":"https:\/\/comunicando.gal\/gal\/wp-content\/uploads\/2025\/08\/valdeorrasdecerca_Xose-Merelles_IEV_Aurelio-Blanco_2025_08_08-3-1024x577-1.jpg","datePublished":"2025-08-09T16:13:47+00:00","dateModified":"2025-09-25T11:21:25+00:00","breadcrumb":{"@id":"https:\/\/comunicando.gal\/gal\/colaboracion-entre-turismo-de-galicia-e-o-instituto-de-estudos-valdeorreses-para-potenciar-os-recursos-turisticos-da-comarca\/#breadcrumb"},"inLanguage":"es","potentialAction":[{"@type":"ReadAction","target":["https:\/\/comunicando.gal\/gal\/colaboracion-entre-turismo-de-galicia-e-o-instituto-de-estudos-valdeorreses-para-potenciar-os-recursos-turisticos-da-comarca\/"]}]},{"@type":"ImageObject","inLanguage":"es","@id":"https:\/\/comunicando.gal\/gal\/colaboracion-entre-turismo-de-galicia-e-o-instituto-de-estudos-valdeorreses-para-potenciar-os-recursos-turisticos-da-comarca\/#primaryimage","url":"https:\/\/comunicando.gal\/gal\/wp-content\/uploads\/2025\/08\/valdeorrasdecerca_Xose-Merelles_IEV_Aurelio-Blanco_2025_08_08-3-1024x577-1.jpg","contentUrl":"https:\/\/comunicando.gal\/gal\/wp-content\/uploads\/2025\/08\/valdeorrasdecerca_Xose-Merelles_IEV_Aurelio-Blanco_2025_08_08-3-1024x577-1.jpg","width":901,"height":577},{"@type":"BreadcrumbList","@id":"https:\/\/comunicando.gal\/gal\/colaboracion-entre-turismo-de-galicia-e-o-instituto-de-estudos-valdeorreses-para-potenciar-os-recursos-turisticos-da-comarca\/#breadcrumb","itemListElement":[{"@type":"ListItem","position":1,"name":"Portada","item":"https:\/\/comunicando.gal\/gal\/"},{"@type":"ListItem","position":2,"name":"Colaboraci\u00f3n entre Turismo de Galicia e o Instituto de Estudos Valdeorreses para potenciar os recursos tur\u00edsticos da comarca"}]},{"@type":"WebSite","@id":"https:\/\/comunicando.gal\/gal\/#website","url":"https:\/\/comunicando.gal\/gal\/","name":"Comunicando. Consultor\u00eda de comunicaci\u00f3n.","description":"Consultor\u00eda de comunicaci\u00f3n","publisher":{"@id":"https:\/\/comunicando.gal\/gal\/#organization"},"alternateName":"Comunicando. Consultor\u00eda de comunicaci\u00f3n.","potentialAction":[{"@type":"SearchAction","target":{"@type":"EntryPoint","urlTemplate":"https:\/\/comunicando.gal\/gal\/?s={search_term_string}"},"query-input":{"@type":"PropertyValueSpecification","valueRequired":true,"valueName":"search_term_string"}}],"inLanguage":"es"},{"@type":"Organization","@id":"https:\/\/comunicando.gal\/gal\/#organization","name":"Comunicando. Consultor\u00eda de comunicaci\u00f3n.","url":"https:\/\/comunicando.gal\/gal\/","logo":{"@type":"ImageObject","inLanguage":"es","@id":"https:\/\/comunicando.gal\/gal\/#\/schema\/logo\/image\/","url":"https:\/\/comunicando.gal\/gal\/wp-content\/uploads\/2024\/07\/comunicando-vertical.png","contentUrl":"https:\/\/comunicando.gal\/gal\/wp-content\/uploads\/2024\/07\/comunicando-vertical.png","width":300,"height":323,"caption":"Comunicando. Consultor\u00eda de comunicaci\u00f3n."},"image":{"@id":"https:\/\/comunicando.gal\/gal\/#\/schema\/logo\/image\/"}},{"@type":"Person","@id":"https:\/\/comunicando.gal\/gal\/#\/schema\/person\/0d28af683c857811ed3fe6a412c4a429","name":"Jorge Isla"}]}},"_links":{"self":[{"href":"https:\/\/comunicando.gal\/gal\/wp-json\/wp\/v2\/posts\/4871","targetHints":{"allow":["GET"]}}],"collection":[{"href":"https:\/\/comunicando.gal\/gal\/wp-json\/wp\/v2\/posts"}],"about":[{"href":"https:\/\/comunicando.gal\/gal\/wp-json\/wp\/v2\/types\/post"}],"author":[{"embeddable":true,"href":"https:\/\/comunicando.gal\/gal\/wp-json\/wp\/v2\/users\/3"}],"replies":[{"embeddable":true,"href":"https:\/\/comunicando.gal\/gal\/wp-json\/wp\/v2\/comments?post=4871"}],"version-history":[{"count":3,"href":"https:\/\/comunicando.gal\/gal\/wp-json\/wp\/v2\/posts\/4871\/revisions"}],"predecessor-version":[{"id":4876,"href":"https:\/\/comunicando.gal\/gal\/wp-json\/wp\/v2\/posts\/4871\/revisions\/4876"}],"wp:featuredmedia":[{"embeddable":true,"href":"https:\/\/comunicando.gal\/gal\/wp-json\/wp\/v2\/media\/4874"}],"wp:attachment":[{"href":"https:\/\/comunicando.gal\/gal\/wp-json\/wp\/v2\/media?parent=4871"}],"wp:term":[{"taxonomy":"category","embeddable":true,"href":"https:\/\/comunicando.gal\/gal\/wp-json\/wp\/v2\/categories?post=4871"},{"taxonomy":"post_tag","embeddable":true,"href":"https:\/\/comunicando.gal\/gal\/wp-json\/wp\/v2\/tags?post=4871"}],"curies":[{"name":"wp","href":"https:\/\/api.w.org\/{rel}","templated":true}]}}