{"id":4865,"date":"2025-09-25T12:13:28","date_gmt":"2025-09-25T10:13:28","guid":{"rendered":"https:\/\/comunicando.gal\/gal\/?p=4865"},"modified":"2025-09-25T12:13:28","modified_gmt":"2025-09-25T10:13:28","slug":"os-entroidos-do-oriente-ourensan-reciben-o-diploma-de-festa-de-interese-turistico-nacional","status":"publish","type":"post","link":"https:\/\/comunicando.gal\/gal\/os-entroidos-do-oriente-ourensan-reciben-o-diploma-de-festa-de-interese-turistico-nacional\/","title":{"rendered":"Os Entroidos do Oriente Ourens\u00e1n reciben o diploma de Festa de Interese Tur\u00edstico Nacional"},"content":{"rendered":"<div id=\"attachment_4867\" style=\"width: 910px\" class=\"wp-caption aligncenter\"><img loading=\"lazy\" decoding=\"async\" aria-describedby=\"caption-attachment-4867\" class=\"wp-image-4867 size-full\" src=\"https:\/\/comunicando.gal\/gal\/wp-content\/uploads\/2025\/09\/20250924-NPDistincionEntroidosOurenseFINacional2.jpg\" alt=\"\" width=\"900\" height=\"600\" srcset=\"https:\/\/comunicando.gal\/gal\/wp-content\/uploads\/2025\/09\/20250924-NPDistincionEntroidosOurenseFINacional2.jpg 900w, https:\/\/comunicando.gal\/gal\/wp-content\/uploads\/2025\/09\/20250924-NPDistincionEntroidosOurenseFINacional2-768x512.jpg 768w, https:\/\/comunicando.gal\/gal\/wp-content\/uploads\/2025\/09\/20250924-NPDistincionEntroidosOurenseFINacional2-600x400.jpg 600w, https:\/\/comunicando.gal\/gal\/wp-content\/uploads\/2025\/09\/20250924-NPDistincionEntroidosOurenseFINacional2-24x16.jpg 24w, https:\/\/comunicando.gal\/gal\/wp-content\/uploads\/2025\/09\/20250924-NPDistincionEntroidosOurenseFINacional2-36x24.jpg 36w, https:\/\/comunicando.gal\/gal\/wp-content\/uploads\/2025\/09\/20250924-NPDistincionEntroidosOurenseFINacional2-48x32.jpg 48w\" sizes=\"auto, (max-width: 900px) 100vw, 900px\" \/><p id=\"caption-attachment-4867\" class=\"wp-caption-text\">De esquerda a dereita: Amable Fern\u00e1ndez, Xos\u00e9 Manuel Merelles, Melisa Mac\u00eda e Germ\u00e1n Garc\u00eda-\u00c1vila.<\/p><\/div>\n<p>&nbsp;<\/p>\n<p>Os alcaldes de Manzaneda, Vilari\u00f1o de Conso e Viana do Bolo, Amable Fern\u00e1ndez, Melisa Mac\u00eda e Germ\u00e1n Garc\u00eda-\u00c1vila, respectivamente, recolleron onte en Madrid o <strong>diploma<\/strong> que os acredita como <strong>Festa de Interese Tur\u00edstico Nacional<\/strong>. Acompa\u00f1ados polo director de Turismo de Galicia, Xos\u00e9 Manuel Merelles, foron recibidos polo ministro de Industria e Turismo, Jordi Hereu; e a secretaria de Estado de Turismo, Rosario S\u00e1nchez.<\/p>\n<p>Na consultor\u00eda <strong>Comunicando<\/strong> non podemos estar m\u00e1is orgullosos de ver c\u00f3mo o traballo de posta en valor dos tres Entroidos tivo os seus froitos e finalmente conseguiron esta distinci\u00f3n tan buscada e merecida.<\/p>\n<p>Desde a procura de informaci\u00f3n, pasando polos procesos de xustificaci\u00f3n e b\u00fasqueda de apoios, ata a posta en marcha de ferramentas que dan visibilidade a cada un dos festexos coas s\u00faas singularidades &#8211; como son as webs e redes sociais de cada un dos Entroidos -, todo o proceso pagou a pena, conclu\u00edndo nunha gratificante concesi\u00f3n que <strong>abrir\u00e1 un horizonte novo<\/strong> aos tres concellos do oriente ourens\u00e1n.<\/p>\n<p>Diferentes <strong>medios de comunicaci\u00f3n<\/strong> recollen hoxe a nova. Alg\u00fans deles:<\/p>\n<ul>\n<li><a href=\"https:\/\/www.lavozdegalicia.es\/noticia\/ourense\/manzaneda\/2025\/09\/25\/entroidos-interes-nacional\/0003_202509O25C5992.htm\" target=\"_blank\" rel=\"noopener\">La Voz de Galicia<\/a><\/li>\n<li><a href=\"https:\/\/www.laregion.es\/provincia\/entroidos-do-oriente-ourensan-xa_1_20250925-3992545.html\" target=\"_blank\" rel=\"noopener\">La Regi\u00f3n<\/a><\/li>\n<li><a href=\"https:\/\/www.galiciapress.es\/articulo\/ultima-hora\/2025-09-24\/5444154-gobierno-entrega-diploma-fiesta-interes-turistico-nacional-entroidos-oriente-ourensano\" target=\"_blank\" rel=\"noopener\">Galicia Press<\/a><\/li>\n<li><a href=\"https:\/\/www.europapress.es\/galicia\/turismo-00624\/noticia-gobierno-entrega-diploma-fiesta-interes-turistico-nacional-entroidos-oriente-ourensano-20250924162536.html\" target=\"_blank\" rel=\"noopener\">Europa Press<\/a><\/li>\n<\/ul>\n<div id=\"attachment_4866\" style=\"width: 778px\" class=\"wp-caption aligncenter\"><img loading=\"lazy\" decoding=\"async\" aria-describedby=\"caption-attachment-4866\" class=\"wp-image-4866 size-full\" src=\"https:\/\/comunicando.gal\/gal\/wp-content\/uploads\/2025\/09\/OS25C5F2_183732.webp\" alt=\"\" width=\"768\" height=\"431\" srcset=\"https:\/\/comunicando.gal\/gal\/wp-content\/uploads\/2025\/09\/OS25C5F2_183732.webp 768w, https:\/\/comunicando.gal\/gal\/wp-content\/uploads\/2025\/09\/OS25C5F2_183732-24x13.webp 24w, https:\/\/comunicando.gal\/gal\/wp-content\/uploads\/2025\/09\/OS25C5F2_183732-36x20.webp 36w, https:\/\/comunicando.gal\/gal\/wp-content\/uploads\/2025\/09\/OS25C5F2_183732-48x27.webp 48w\" sizes=\"auto, (max-width: 768px) 100vw, 768px\" \/><p id=\"caption-attachment-4866\" class=\"wp-caption-text\">Os alcaldes do oriente ourens\u00e1n acompa\u00f1ados por Jordi Hereu e Rosario S\u00e1nchez.<\/p><\/div>\n","protected":false},"excerpt":{"rendered":"<p>&nbsp; Os alcaldes de Manzaneda, Vilari\u00f1o de Conso e Viana do Bolo, Amable Fern\u00e1ndez, Melisa Mac\u00eda e Germ\u00e1n Garc\u00eda-\u00c1vila, respectivamente, recolleron onte en Madrid o diploma que os acredita como Festa de Interese Tur\u00edstico Nacional. Acompa\u00f1ados polo director de Turismo de Galicia, Xos\u00e9 Manuel Merelles, foron recibidos polo ministro de Industria e Turismo, Jordi Hereu; [&hellip;]<\/p>\n","protected":false},"author":3,"featured_media":4867,"comment_status":"closed","ping_status":"closed","sticky":false,"template":"","format":"standard","meta":{"footnotes":""},"categories":[1],"tags":[],"class_list":["post-4865","post","type-post","status-publish","format-standard","has-post-thumbnail","hentry","category-noticias"],"yoast_head":"<!-- This site is optimized with the Yoast SEO plugin v26.2 - https:\/\/yoast.com\/wordpress\/plugins\/seo\/ -->\n<title>Os Entroidos do Oriente Ourens\u00e1n reciben o diploma de Festa de Interese Tur\u00edstico Nacional<\/title>\n<meta name=\"robots\" content=\"index, follow, max-snippet:-1, max-image-preview:large, max-video-preview:-1\" \/>\n<link rel=\"canonical\" href=\"https:\/\/comunicando.gal\/gal\/os-entroidos-do-oriente-ourensan-reciben-o-diploma-de-festa-de-interese-turistico-nacional\/\" \/>\n<meta property=\"og:locale\" content=\"es_ES\" \/>\n<meta property=\"og:type\" content=\"article\" \/>\n<meta property=\"og:title\" content=\"Os Entroidos do Oriente Ourens\u00e1n reciben o diploma de Festa de Interese Tur\u00edstico Nacional\" \/>\n<meta property=\"og:description\" content=\"&nbsp; Os alcaldes de Manzaneda, Vilari\u00f1o de Conso e Viana do Bolo, Amable Fern\u00e1ndez, Melisa Mac\u00eda e Germ\u00e1n Garc\u00eda-\u00c1vila, respectivamente, recolleron onte en Madrid o diploma que os acredita como Festa de Interese Tur\u00edstico Nacional. Acompa\u00f1ados polo director de Turismo de Galicia, Xos\u00e9 Manuel Merelles, foron recibidos polo ministro de Industria e Turismo, Jordi Hereu; [&hellip;]\" \/>\n<meta property=\"og:url\" content=\"https:\/\/comunicando.gal\/gal\/os-entroidos-do-oriente-ourensan-reciben-o-diploma-de-festa-de-interese-turistico-nacional\/\" \/>\n<meta property=\"og:site_name\" content=\"Comunicando\" \/>\n<meta property=\"article:published_time\" content=\"2025-09-25T10:13:28+00:00\" \/>\n<meta property=\"og:image\" content=\"https:\/\/comunicando.gal\/gal\/wp-content\/uploads\/2025\/09\/20250924-NPDistincionEntroidosOurenseFINacional2.jpg\" \/>\n\t<meta property=\"og:image:width\" content=\"900\" \/>\n\t<meta property=\"og:image:height\" content=\"600\" \/>\n\t<meta property=\"og:image:type\" content=\"image\/jpeg\" \/>\n<meta name=\"author\" content=\"Jorge Isla\" \/>\n<meta name=\"twitter:card\" content=\"summary_large_image\" \/>\n<script type=\"application\/ld+json\" class=\"yoast-schema-graph\">{\"@context\":\"https:\/\/schema.org\",\"@graph\":[{\"@type\":\"Article\",\"@id\":\"https:\/\/comunicando.gal\/gal\/os-entroidos-do-oriente-ourensan-reciben-o-diploma-de-festa-de-interese-turistico-nacional\/#article\",\"isPartOf\":{\"@id\":\"https:\/\/comunicando.gal\/gal\/os-entroidos-do-oriente-ourensan-reciben-o-diploma-de-festa-de-interese-turistico-nacional\/\"},\"author\":{\"name\":\"Jorge Isla\",\"@id\":\"https:\/\/comunicando.gal\/gal\/#\/schema\/person\/0d28af683c857811ed3fe6a412c4a429\"},\"headline\":\"Os Entroidos do Oriente Ourens\u00e1n reciben o diploma de Festa de Interese Tur\u00edstico Nacional\",\"datePublished\":\"2025-09-25T10:13:28+00:00\",\"mainEntityOfPage\":{\"@id\":\"https:\/\/comunicando.gal\/gal\/os-entroidos-do-oriente-ourensan-reciben-o-diploma-de-festa-de-interese-turistico-nacional\/\"},\"wordCount\":271,\"publisher\":{\"@id\":\"https:\/\/comunicando.gal\/gal\/#organization\"},\"image\":{\"@id\":\"https:\/\/comunicando.gal\/gal\/os-entroidos-do-oriente-ourensan-reciben-o-diploma-de-festa-de-interese-turistico-nacional\/#primaryimage\"},\"thumbnailUrl\":\"https:\/\/comunicando.gal\/gal\/wp-content\/uploads\/2025\/09\/20250924-NPDistincionEntroidosOurenseFINacional2.jpg\",\"articleSection\":[\"Noticias\"],\"inLanguage\":\"es\"},{\"@type\":\"WebPage\",\"@id\":\"https:\/\/comunicando.gal\/gal\/os-entroidos-do-oriente-ourensan-reciben-o-diploma-de-festa-de-interese-turistico-nacional\/\",\"url\":\"https:\/\/comunicando.gal\/gal\/os-entroidos-do-oriente-ourensan-reciben-o-diploma-de-festa-de-interese-turistico-nacional\/\",\"name\":\"Os Entroidos do Oriente Ourens\u00e1n reciben o diploma de Festa de Interese Tur\u00edstico Nacional\",\"isPartOf\":{\"@id\":\"https:\/\/comunicando.gal\/gal\/#website\"},\"primaryImageOfPage\":{\"@id\":\"https:\/\/comunicando.gal\/gal\/os-entroidos-do-oriente-ourensan-reciben-o-diploma-de-festa-de-interese-turistico-nacional\/#primaryimage\"},\"image\":{\"@id\":\"https:\/\/comunicando.gal\/gal\/os-entroidos-do-oriente-ourensan-reciben-o-diploma-de-festa-de-interese-turistico-nacional\/#primaryimage\"},\"thumbnailUrl\":\"https:\/\/comunicando.gal\/gal\/wp-content\/uploads\/2025\/09\/20250924-NPDistincionEntroidosOurenseFINacional2.jpg\",\"datePublished\":\"2025-09-25T10:13:28+00:00\",\"breadcrumb\":{\"@id\":\"https:\/\/comunicando.gal\/gal\/os-entroidos-do-oriente-ourensan-reciben-o-diploma-de-festa-de-interese-turistico-nacional\/#breadcrumb\"},\"inLanguage\":\"es\",\"potentialAction\":[{\"@type\":\"ReadAction\",\"target\":[\"https:\/\/comunicando.gal\/gal\/os-entroidos-do-oriente-ourensan-reciben-o-diploma-de-festa-de-interese-turistico-nacional\/\"]}]},{\"@type\":\"ImageObject\",\"inLanguage\":\"es\",\"@id\":\"https:\/\/comunicando.gal\/gal\/os-entroidos-do-oriente-ourensan-reciben-o-diploma-de-festa-de-interese-turistico-nacional\/#primaryimage\",\"url\":\"https:\/\/comunicando.gal\/gal\/wp-content\/uploads\/2025\/09\/20250924-NPDistincionEntroidosOurenseFINacional2.jpg\",\"contentUrl\":\"https:\/\/comunicando.gal\/gal\/wp-content\/uploads\/2025\/09\/20250924-NPDistincionEntroidosOurenseFINacional2.jpg\",\"width\":900,\"height\":600},{\"@type\":\"BreadcrumbList\",\"@id\":\"https:\/\/comunicando.gal\/gal\/os-entroidos-do-oriente-ourensan-reciben-o-diploma-de-festa-de-interese-turistico-nacional\/#breadcrumb\",\"itemListElement\":[{\"@type\":\"ListItem\",\"position\":1,\"name\":\"Portada\",\"item\":\"https:\/\/comunicando.gal\/gal\/\"},{\"@type\":\"ListItem\",\"position\":2,\"name\":\"Os Entroidos do Oriente Ourens\u00e1n reciben o diploma de Festa de Interese Tur\u00edstico Nacional\"}]},{\"@type\":\"WebSite\",\"@id\":\"https:\/\/comunicando.gal\/gal\/#website\",\"url\":\"https:\/\/comunicando.gal\/gal\/\",\"name\":\"Comunicando. Consultor\u00eda de comunicaci\u00f3n.\",\"description\":\"Consultor\u00eda de comunicaci\u00f3n\",\"publisher\":{\"@id\":\"https:\/\/comunicando.gal\/gal\/#organization\"},\"alternateName\":\"Comunicando. Consultor\u00eda de comunicaci\u00f3n.\",\"potentialAction\":[{\"@type\":\"SearchAction\",\"target\":{\"@type\":\"EntryPoint\",\"urlTemplate\":\"https:\/\/comunicando.gal\/gal\/?s={search_term_string}\"},\"query-input\":{\"@type\":\"PropertyValueSpecification\",\"valueRequired\":true,\"valueName\":\"search_term_string\"}}],\"inLanguage\":\"es\"},{\"@type\":\"Organization\",\"@id\":\"https:\/\/comunicando.gal\/gal\/#organization\",\"name\":\"Comunicando. Consultor\u00eda de comunicaci\u00f3n.\",\"url\":\"https:\/\/comunicando.gal\/gal\/\",\"logo\":{\"@type\":\"ImageObject\",\"inLanguage\":\"es\",\"@id\":\"https:\/\/comunicando.gal\/gal\/#\/schema\/logo\/image\/\",\"url\":\"https:\/\/comunicando.gal\/gal\/wp-content\/uploads\/2024\/07\/comunicando-vertical.png\",\"contentUrl\":\"https:\/\/comunicando.gal\/gal\/wp-content\/uploads\/2024\/07\/comunicando-vertical.png\",\"width\":300,\"height\":323,\"caption\":\"Comunicando. Consultor\u00eda de comunicaci\u00f3n.\"},\"image\":{\"@id\":\"https:\/\/comunicando.gal\/gal\/#\/schema\/logo\/image\/\"}},{\"@type\":\"Person\",\"@id\":\"https:\/\/comunicando.gal\/gal\/#\/schema\/person\/0d28af683c857811ed3fe6a412c4a429\",\"name\":\"Jorge Isla\"}]}<\/script>\n<!-- \/ Yoast SEO plugin. -->","yoast_head_json":{"title":"Os Entroidos do Oriente Ourens\u00e1n reciben o diploma de Festa de Interese Tur\u00edstico Nacional","robots":{"index":"index","follow":"follow","max-snippet":"max-snippet:-1","max-image-preview":"max-image-preview:large","max-video-preview":"max-video-preview:-1"},"canonical":"https:\/\/comunicando.gal\/gal\/os-entroidos-do-oriente-ourensan-reciben-o-diploma-de-festa-de-interese-turistico-nacional\/","og_locale":"es_ES","og_type":"article","og_title":"Os Entroidos do Oriente Ourens\u00e1n reciben o diploma de Festa de Interese Tur\u00edstico Nacional","og_description":"&nbsp; Os alcaldes de Manzaneda, Vilari\u00f1o de Conso e Viana do Bolo, Amable Fern\u00e1ndez, Melisa Mac\u00eda e Germ\u00e1n Garc\u00eda-\u00c1vila, respectivamente, recolleron onte en Madrid o diploma que os acredita como Festa de Interese Tur\u00edstico Nacional. Acompa\u00f1ados polo director de Turismo de Galicia, Xos\u00e9 Manuel Merelles, foron recibidos polo ministro de Industria e Turismo, Jordi Hereu; [&hellip;]","og_url":"https:\/\/comunicando.gal\/gal\/os-entroidos-do-oriente-ourensan-reciben-o-diploma-de-festa-de-interese-turistico-nacional\/","og_site_name":"Comunicando","article_published_time":"2025-09-25T10:13:28+00:00","og_image":[{"width":900,"height":600,"url":"https:\/\/comunicando.gal\/gal\/wp-content\/uploads\/2025\/09\/20250924-NPDistincionEntroidosOurenseFINacional2.jpg","type":"image\/jpeg"}],"author":"Jorge Isla","twitter_card":"summary_large_image","schema":{"@context":"https:\/\/schema.org","@graph":[{"@type":"Article","@id":"https:\/\/comunicando.gal\/gal\/os-entroidos-do-oriente-ourensan-reciben-o-diploma-de-festa-de-interese-turistico-nacional\/#article","isPartOf":{"@id":"https:\/\/comunicando.gal\/gal\/os-entroidos-do-oriente-ourensan-reciben-o-diploma-de-festa-de-interese-turistico-nacional\/"},"author":{"name":"Jorge Isla","@id":"https:\/\/comunicando.gal\/gal\/#\/schema\/person\/0d28af683c857811ed3fe6a412c4a429"},"headline":"Os Entroidos do Oriente Ourens\u00e1n reciben o diploma de Festa de Interese Tur\u00edstico Nacional","datePublished":"2025-09-25T10:13:28+00:00","mainEntityOfPage":{"@id":"https:\/\/comunicando.gal\/gal\/os-entroidos-do-oriente-ourensan-reciben-o-diploma-de-festa-de-interese-turistico-nacional\/"},"wordCount":271,"publisher":{"@id":"https:\/\/comunicando.gal\/gal\/#organization"},"image":{"@id":"https:\/\/comunicando.gal\/gal\/os-entroidos-do-oriente-ourensan-reciben-o-diploma-de-festa-de-interese-turistico-nacional\/#primaryimage"},"thumbnailUrl":"https:\/\/comunicando.gal\/gal\/wp-content\/uploads\/2025\/09\/20250924-NPDistincionEntroidosOurenseFINacional2.jpg","articleSection":["Noticias"],"inLanguage":"es"},{"@type":"WebPage","@id":"https:\/\/comunicando.gal\/gal\/os-entroidos-do-oriente-ourensan-reciben-o-diploma-de-festa-de-interese-turistico-nacional\/","url":"https:\/\/comunicando.gal\/gal\/os-entroidos-do-oriente-ourensan-reciben-o-diploma-de-festa-de-interese-turistico-nacional\/","name":"Os Entroidos do Oriente Ourens\u00e1n reciben o diploma de Festa de Interese Tur\u00edstico Nacional","isPartOf":{"@id":"https:\/\/comunicando.gal\/gal\/#website"},"primaryImageOfPage":{"@id":"https:\/\/comunicando.gal\/gal\/os-entroidos-do-oriente-ourensan-reciben-o-diploma-de-festa-de-interese-turistico-nacional\/#primaryimage"},"image":{"@id":"https:\/\/comunicando.gal\/gal\/os-entroidos-do-oriente-ourensan-reciben-o-diploma-de-festa-de-interese-turistico-nacional\/#primaryimage"},"thumbnailUrl":"https:\/\/comunicando.gal\/gal\/wp-content\/uploads\/2025\/09\/20250924-NPDistincionEntroidosOurenseFINacional2.jpg","datePublished":"2025-09-25T10:13:28+00:00","breadcrumb":{"@id":"https:\/\/comunicando.gal\/gal\/os-entroidos-do-oriente-ourensan-reciben-o-diploma-de-festa-de-interese-turistico-nacional\/#breadcrumb"},"inLanguage":"es","potentialAction":[{"@type":"ReadAction","target":["https:\/\/comunicando.gal\/gal\/os-entroidos-do-oriente-ourensan-reciben-o-diploma-de-festa-de-interese-turistico-nacional\/"]}]},{"@type":"ImageObject","inLanguage":"es","@id":"https:\/\/comunicando.gal\/gal\/os-entroidos-do-oriente-ourensan-reciben-o-diploma-de-festa-de-interese-turistico-nacional\/#primaryimage","url":"https:\/\/comunicando.gal\/gal\/wp-content\/uploads\/2025\/09\/20250924-NPDistincionEntroidosOurenseFINacional2.jpg","contentUrl":"https:\/\/comunicando.gal\/gal\/wp-content\/uploads\/2025\/09\/20250924-NPDistincionEntroidosOurenseFINacional2.jpg","width":900,"height":600},{"@type":"BreadcrumbList","@id":"https:\/\/comunicando.gal\/gal\/os-entroidos-do-oriente-ourensan-reciben-o-diploma-de-festa-de-interese-turistico-nacional\/#breadcrumb","itemListElement":[{"@type":"ListItem","position":1,"name":"Portada","item":"https:\/\/comunicando.gal\/gal\/"},{"@type":"ListItem","position":2,"name":"Os Entroidos do Oriente Ourens\u00e1n reciben o diploma de Festa de Interese Tur\u00edstico Nacional"}]},{"@type":"WebSite","@id":"https:\/\/comunicando.gal\/gal\/#website","url":"https:\/\/comunicando.gal\/gal\/","name":"Comunicando. Consultor\u00eda de comunicaci\u00f3n.","description":"Consultor\u00eda de comunicaci\u00f3n","publisher":{"@id":"https:\/\/comunicando.gal\/gal\/#organization"},"alternateName":"Comunicando. Consultor\u00eda de comunicaci\u00f3n.","potentialAction":[{"@type":"SearchAction","target":{"@type":"EntryPoint","urlTemplate":"https:\/\/comunicando.gal\/gal\/?s={search_term_string}"},"query-input":{"@type":"PropertyValueSpecification","valueRequired":true,"valueName":"search_term_string"}}],"inLanguage":"es"},{"@type":"Organization","@id":"https:\/\/comunicando.gal\/gal\/#organization","name":"Comunicando. Consultor\u00eda de comunicaci\u00f3n.","url":"https:\/\/comunicando.gal\/gal\/","logo":{"@type":"ImageObject","inLanguage":"es","@id":"https:\/\/comunicando.gal\/gal\/#\/schema\/logo\/image\/","url":"https:\/\/comunicando.gal\/gal\/wp-content\/uploads\/2024\/07\/comunicando-vertical.png","contentUrl":"https:\/\/comunicando.gal\/gal\/wp-content\/uploads\/2024\/07\/comunicando-vertical.png","width":300,"height":323,"caption":"Comunicando. Consultor\u00eda de comunicaci\u00f3n."},"image":{"@id":"https:\/\/comunicando.gal\/gal\/#\/schema\/logo\/image\/"}},{"@type":"Person","@id":"https:\/\/comunicando.gal\/gal\/#\/schema\/person\/0d28af683c857811ed3fe6a412c4a429","name":"Jorge Isla"}]}},"_links":{"self":[{"href":"https:\/\/comunicando.gal\/gal\/wp-json\/wp\/v2\/posts\/4865","targetHints":{"allow":["GET"]}}],"collection":[{"href":"https:\/\/comunicando.gal\/gal\/wp-json\/wp\/v2\/posts"}],"about":[{"href":"https:\/\/comunicando.gal\/gal\/wp-json\/wp\/v2\/types\/post"}],"author":[{"embeddable":true,"href":"https:\/\/comunicando.gal\/gal\/wp-json\/wp\/v2\/users\/3"}],"replies":[{"embeddable":true,"href":"https:\/\/comunicando.gal\/gal\/wp-json\/wp\/v2\/comments?post=4865"}],"version-history":[{"count":3,"href":"https:\/\/comunicando.gal\/gal\/wp-json\/wp\/v2\/posts\/4865\/revisions"}],"predecessor-version":[{"id":4870,"href":"https:\/\/comunicando.gal\/gal\/wp-json\/wp\/v2\/posts\/4865\/revisions\/4870"}],"wp:featuredmedia":[{"embeddable":true,"href":"https:\/\/comunicando.gal\/gal\/wp-json\/wp\/v2\/media\/4867"}],"wp:attachment":[{"href":"https:\/\/comunicando.gal\/gal\/wp-json\/wp\/v2\/media?parent=4865"}],"wp:term":[{"taxonomy":"category","embeddable":true,"href":"https:\/\/comunicando.gal\/gal\/wp-json\/wp\/v2\/categories?post=4865"},{"taxonomy":"post_tag","embeddable":true,"href":"https:\/\/comunicando.gal\/gal\/wp-json\/wp\/v2\/tags?post=4865"}],"curies":[{"name":"wp","href":"https:\/\/api.w.org\/{rel}","templated":true}]}}