{"id":4854,"date":"2025-07-15T11:58:57","date_gmt":"2025-07-15T09:58:57","guid":{"rendered":"https:\/\/comunicando.gal\/gal\/?p=4854"},"modified":"2025-07-21T12:27:08","modified_gmt":"2025-07-21T10:27:08","slug":"comunicando-editou-o-novo-numero-da-revista-axenda-agraria","status":"publish","type":"post","link":"https:\/\/comunicando.gal\/gal\/comunicando-editou-o-novo-numero-da-revista-axenda-agraria\/","title":{"rendered":"Comunicando editou o novo n\u00famero da revista Axenda Agraria"},"content":{"rendered":"<p><img loading=\"lazy\" decoding=\"async\" class=\"size-full wp-image-4859 aligncenter\" src=\"https:\/\/comunicando.gal\/gal\/wp-content\/uploads\/2025\/07\/Portada-Axenda.jpeg\" alt=\"\" width=\"639\" height=\"900\" srcset=\"https:\/\/comunicando.gal\/gal\/wp-content\/uploads\/2025\/07\/Portada-Axenda.jpeg 639w, https:\/\/comunicando.gal\/gal\/wp-content\/uploads\/2025\/07\/Portada-Axenda-17x24.jpeg 17w, https:\/\/comunicando.gal\/gal\/wp-content\/uploads\/2025\/07\/Portada-Axenda-26x36.jpeg 26w, https:\/\/comunicando.gal\/gal\/wp-content\/uploads\/2025\/07\/Portada-Axenda-34x48.jpeg 34w\" sizes=\"auto, (max-width: 639px) 100vw, 639px\" \/><br \/>\nO novo n\u00famero da revista trimestral <strong>Axenda Agraria <\/strong>xa est\u00e1 dispo\u00f1ible para a s\u00faa lectura online e \u00a0impresa. A publicaci\u00f3n oficial da <a href=\"https:\/\/asaga.gal\/\" target=\"_blank\" rel=\"noopener\">Asociaci\u00f3n Agraria de Galicia, ASAGA<\/a>, foi dese\u00f1ada, maquetada e producida pola consultor\u00eda de comunicaci\u00f3n Comunicando.<\/p>\n<p>Entre outros interesantes temas, neste n\u00famero poderedes ler unha an\u00e1lise sobre a nova PAC, unha entrevista coa conselleira do Medio Rural, Mar\u00eda Jos\u00e9 G\u00f3mez, ou toda a informaci\u00f3n sobre os cursos de \u201dManipulador de produtos fitosanitarios\u201d que ASAGA impartir\u00e1 nas catro provincias galegas.<\/p>\n<p>Se queredes ver a versi\u00f3n on-line da revista ou descargala en pdf, podedes facelo a trav\u00e9s do seguinte enlace:<\/p>\n<p>&#8211; <a href=\"https:\/\/revista.asaga.gal\">https:\/\/revista.asaga.gal<\/a><\/p>\n<p><img loading=\"lazy\" decoding=\"async\" class=\"size-full wp-image-4860 aligncenter\" src=\"https:\/\/comunicando.gal\/gal\/wp-content\/uploads\/2025\/07\/Axenda-Agraria_JUN-25-sumario_baixa.jpg\" alt=\"\" width=\"900\" height=\"636\" srcset=\"https:\/\/comunicando.gal\/gal\/wp-content\/uploads\/2025\/07\/Axenda-Agraria_JUN-25-sumario_baixa.jpg 900w, https:\/\/comunicando.gal\/gal\/wp-content\/uploads\/2025\/07\/Axenda-Agraria_JUN-25-sumario_baixa-768x543.jpg 768w, https:\/\/comunicando.gal\/gal\/wp-content\/uploads\/2025\/07\/Axenda-Agraria_JUN-25-sumario_baixa-24x17.jpg 24w, https:\/\/comunicando.gal\/gal\/wp-content\/uploads\/2025\/07\/Axenda-Agraria_JUN-25-sumario_baixa-36x25.jpg 36w, https:\/\/comunicando.gal\/gal\/wp-content\/uploads\/2025\/07\/Axenda-Agraria_JUN-25-sumario_baixa-48x34.jpg 48w\" sizes=\"auto, (max-width: 900px) 100vw, 900px\" \/><\/p>\n<p>&nbsp;<\/p>\n<p>&nbsp;<\/p>\n","protected":false},"excerpt":{"rendered":"<p>O novo n\u00famero da revista trimestral Axenda Agraria xa est\u00e1 dispo\u00f1ible para a s\u00faa lectura online e \u00a0impresa. A publicaci\u00f3n oficial da Asociaci\u00f3n Agraria de Galicia, ASAGA, foi dese\u00f1ada, maquetada e producida pola consultor\u00eda de comunicaci\u00f3n Comunicando. Entre outros interesantes temas, neste n\u00famero poderedes ler unha an\u00e1lise sobre a nova PAC, unha entrevista coa conselleira [&hellip;]<\/p>\n","protected":false},"author":3,"featured_media":4860,"comment_status":"closed","ping_status":"closed","sticky":false,"template":"","format":"standard","meta":{"footnotes":""},"categories":[1],"tags":[],"class_list":["post-4854","post","type-post","status-publish","format-standard","has-post-thumbnail","hentry","category-noticias"],"yoast_head":"<!-- This site is optimized with the Yoast SEO plugin v26.2 - https:\/\/yoast.com\/wordpress\/plugins\/seo\/ -->\n<title>Comunicando editou o novo n\u00famero da revista Axenda Agraria<\/title>\n<meta name=\"robots\" content=\"index, follow, max-snippet:-1, max-image-preview:large, max-video-preview:-1\" \/>\n<link rel=\"canonical\" href=\"https:\/\/comunicando.gal\/gal\/comunicando-editou-o-novo-numero-da-revista-axenda-agraria\/\" \/>\n<meta property=\"og:locale\" content=\"es_ES\" \/>\n<meta property=\"og:type\" content=\"article\" \/>\n<meta property=\"og:title\" content=\"Comunicando editou o novo n\u00famero da revista Axenda Agraria\" \/>\n<meta property=\"og:description\" content=\"O novo n\u00famero da revista trimestral Axenda Agraria xa est\u00e1 dispo\u00f1ible para a s\u00faa lectura online e \u00a0impresa. A publicaci\u00f3n oficial da Asociaci\u00f3n Agraria de Galicia, ASAGA, foi dese\u00f1ada, maquetada e producida pola consultor\u00eda de comunicaci\u00f3n Comunicando. Entre outros interesantes temas, neste n\u00famero poderedes ler unha an\u00e1lise sobre a nova PAC, unha entrevista coa conselleira [&hellip;]\" \/>\n<meta property=\"og:url\" content=\"https:\/\/comunicando.gal\/gal\/comunicando-editou-o-novo-numero-da-revista-axenda-agraria\/\" \/>\n<meta property=\"og:site_name\" content=\"Comunicando\" \/>\n<meta property=\"article:published_time\" content=\"2025-07-15T09:58:57+00:00\" \/>\n<meta property=\"article:modified_time\" content=\"2025-07-21T10:27:08+00:00\" \/>\n<meta property=\"og:image\" content=\"https:\/\/comunicando.gal\/gal\/wp-content\/uploads\/2025\/07\/Axenda-Agraria_JUN-25-sumario_baixa.jpg\" \/>\n\t<meta property=\"og:image:width\" content=\"900\" \/>\n\t<meta property=\"og:image:height\" content=\"636\" \/>\n\t<meta property=\"og:image:type\" content=\"image\/jpeg\" \/>\n<meta name=\"author\" content=\"Jorge Isla\" \/>\n<meta name=\"twitter:card\" content=\"summary_large_image\" \/>\n<script type=\"application\/ld+json\" class=\"yoast-schema-graph\">{\"@context\":\"https:\/\/schema.org\",\"@graph\":[{\"@type\":\"Article\",\"@id\":\"https:\/\/comunicando.gal\/gal\/comunicando-editou-o-novo-numero-da-revista-axenda-agraria\/#article\",\"isPartOf\":{\"@id\":\"https:\/\/comunicando.gal\/gal\/comunicando-editou-o-novo-numero-da-revista-axenda-agraria\/\"},\"author\":{\"name\":\"Jorge Isla\",\"@id\":\"https:\/\/comunicando.gal\/gal\/#\/schema\/person\/0d28af683c857811ed3fe6a412c4a429\"},\"headline\":\"Comunicando editou o novo n\u00famero da revista Axenda Agraria\",\"datePublished\":\"2025-07-15T09:58:57+00:00\",\"dateModified\":\"2025-07-21T10:27:08+00:00\",\"mainEntityOfPage\":{\"@id\":\"https:\/\/comunicando.gal\/gal\/comunicando-editou-o-novo-numero-da-revista-axenda-agraria\/\"},\"wordCount\":131,\"publisher\":{\"@id\":\"https:\/\/comunicando.gal\/gal\/#organization\"},\"image\":{\"@id\":\"https:\/\/comunicando.gal\/gal\/comunicando-editou-o-novo-numero-da-revista-axenda-agraria\/#primaryimage\"},\"thumbnailUrl\":\"https:\/\/comunicando.gal\/gal\/wp-content\/uploads\/2025\/07\/Axenda-Agraria_JUN-25-sumario_baixa.jpg\",\"articleSection\":[\"Noticias\"],\"inLanguage\":\"es\"},{\"@type\":\"WebPage\",\"@id\":\"https:\/\/comunicando.gal\/gal\/comunicando-editou-o-novo-numero-da-revista-axenda-agraria\/\",\"url\":\"https:\/\/comunicando.gal\/gal\/comunicando-editou-o-novo-numero-da-revista-axenda-agraria\/\",\"name\":\"Comunicando editou o novo n\u00famero da revista Axenda Agraria\",\"isPartOf\":{\"@id\":\"https:\/\/comunicando.gal\/gal\/#website\"},\"primaryImageOfPage\":{\"@id\":\"https:\/\/comunicando.gal\/gal\/comunicando-editou-o-novo-numero-da-revista-axenda-agraria\/#primaryimage\"},\"image\":{\"@id\":\"https:\/\/comunicando.gal\/gal\/comunicando-editou-o-novo-numero-da-revista-axenda-agraria\/#primaryimage\"},\"thumbnailUrl\":\"https:\/\/comunicando.gal\/gal\/wp-content\/uploads\/2025\/07\/Axenda-Agraria_JUN-25-sumario_baixa.jpg\",\"datePublished\":\"2025-07-15T09:58:57+00:00\",\"dateModified\":\"2025-07-21T10:27:08+00:00\",\"breadcrumb\":{\"@id\":\"https:\/\/comunicando.gal\/gal\/comunicando-editou-o-novo-numero-da-revista-axenda-agraria\/#breadcrumb\"},\"inLanguage\":\"es\",\"potentialAction\":[{\"@type\":\"ReadAction\",\"target\":[\"https:\/\/comunicando.gal\/gal\/comunicando-editou-o-novo-numero-da-revista-axenda-agraria\/\"]}]},{\"@type\":\"ImageObject\",\"inLanguage\":\"es\",\"@id\":\"https:\/\/comunicando.gal\/gal\/comunicando-editou-o-novo-numero-da-revista-axenda-agraria\/#primaryimage\",\"url\":\"https:\/\/comunicando.gal\/gal\/wp-content\/uploads\/2025\/07\/Axenda-Agraria_JUN-25-sumario_baixa.jpg\",\"contentUrl\":\"https:\/\/comunicando.gal\/gal\/wp-content\/uploads\/2025\/07\/Axenda-Agraria_JUN-25-sumario_baixa.jpg\",\"width\":900,\"height\":636},{\"@type\":\"BreadcrumbList\",\"@id\":\"https:\/\/comunicando.gal\/gal\/comunicando-editou-o-novo-numero-da-revista-axenda-agraria\/#breadcrumb\",\"itemListElement\":[{\"@type\":\"ListItem\",\"position\":1,\"name\":\"Portada\",\"item\":\"https:\/\/comunicando.gal\/gal\/\"},{\"@type\":\"ListItem\",\"position\":2,\"name\":\"Comunicando editou o novo n\u00famero da revista Axenda Agraria\"}]},{\"@type\":\"WebSite\",\"@id\":\"https:\/\/comunicando.gal\/gal\/#website\",\"url\":\"https:\/\/comunicando.gal\/gal\/\",\"name\":\"Comunicando. Consultor\u00eda de comunicaci\u00f3n.\",\"description\":\"Consultor\u00eda de comunicaci\u00f3n\",\"publisher\":{\"@id\":\"https:\/\/comunicando.gal\/gal\/#organization\"},\"alternateName\":\"Comunicando. Consultor\u00eda de comunicaci\u00f3n.\",\"potentialAction\":[{\"@type\":\"SearchAction\",\"target\":{\"@type\":\"EntryPoint\",\"urlTemplate\":\"https:\/\/comunicando.gal\/gal\/?s={search_term_string}\"},\"query-input\":{\"@type\":\"PropertyValueSpecification\",\"valueRequired\":true,\"valueName\":\"search_term_string\"}}],\"inLanguage\":\"es\"},{\"@type\":\"Organization\",\"@id\":\"https:\/\/comunicando.gal\/gal\/#organization\",\"name\":\"Comunicando. Consultor\u00eda de comunicaci\u00f3n.\",\"url\":\"https:\/\/comunicando.gal\/gal\/\",\"logo\":{\"@type\":\"ImageObject\",\"inLanguage\":\"es\",\"@id\":\"https:\/\/comunicando.gal\/gal\/#\/schema\/logo\/image\/\",\"url\":\"https:\/\/comunicando.gal\/gal\/wp-content\/uploads\/2024\/07\/comunicando-vertical.png\",\"contentUrl\":\"https:\/\/comunicando.gal\/gal\/wp-content\/uploads\/2024\/07\/comunicando-vertical.png\",\"width\":300,\"height\":323,\"caption\":\"Comunicando. Consultor\u00eda de comunicaci\u00f3n.\"},\"image\":{\"@id\":\"https:\/\/comunicando.gal\/gal\/#\/schema\/logo\/image\/\"}},{\"@type\":\"Person\",\"@id\":\"https:\/\/comunicando.gal\/gal\/#\/schema\/person\/0d28af683c857811ed3fe6a412c4a429\",\"name\":\"Jorge Isla\"}]}<\/script>\n<!-- \/ Yoast SEO plugin. -->","yoast_head_json":{"title":"Comunicando editou o novo n\u00famero da revista Axenda Agraria","robots":{"index":"index","follow":"follow","max-snippet":"max-snippet:-1","max-image-preview":"max-image-preview:large","max-video-preview":"max-video-preview:-1"},"canonical":"https:\/\/comunicando.gal\/gal\/comunicando-editou-o-novo-numero-da-revista-axenda-agraria\/","og_locale":"es_ES","og_type":"article","og_title":"Comunicando editou o novo n\u00famero da revista Axenda Agraria","og_description":"O novo n\u00famero da revista trimestral Axenda Agraria xa est\u00e1 dispo\u00f1ible para a s\u00faa lectura online e \u00a0impresa. A publicaci\u00f3n oficial da Asociaci\u00f3n Agraria de Galicia, ASAGA, foi dese\u00f1ada, maquetada e producida pola consultor\u00eda de comunicaci\u00f3n Comunicando. Entre outros interesantes temas, neste n\u00famero poderedes ler unha an\u00e1lise sobre a nova PAC, unha entrevista coa conselleira [&hellip;]","og_url":"https:\/\/comunicando.gal\/gal\/comunicando-editou-o-novo-numero-da-revista-axenda-agraria\/","og_site_name":"Comunicando","article_published_time":"2025-07-15T09:58:57+00:00","article_modified_time":"2025-07-21T10:27:08+00:00","og_image":[{"width":900,"height":636,"url":"https:\/\/comunicando.gal\/gal\/wp-content\/uploads\/2025\/07\/Axenda-Agraria_JUN-25-sumario_baixa.jpg","type":"image\/jpeg"}],"author":"Jorge Isla","twitter_card":"summary_large_image","schema":{"@context":"https:\/\/schema.org","@graph":[{"@type":"Article","@id":"https:\/\/comunicando.gal\/gal\/comunicando-editou-o-novo-numero-da-revista-axenda-agraria\/#article","isPartOf":{"@id":"https:\/\/comunicando.gal\/gal\/comunicando-editou-o-novo-numero-da-revista-axenda-agraria\/"},"author":{"name":"Jorge Isla","@id":"https:\/\/comunicando.gal\/gal\/#\/schema\/person\/0d28af683c857811ed3fe6a412c4a429"},"headline":"Comunicando editou o novo n\u00famero da revista Axenda Agraria","datePublished":"2025-07-15T09:58:57+00:00","dateModified":"2025-07-21T10:27:08+00:00","mainEntityOfPage":{"@id":"https:\/\/comunicando.gal\/gal\/comunicando-editou-o-novo-numero-da-revista-axenda-agraria\/"},"wordCount":131,"publisher":{"@id":"https:\/\/comunicando.gal\/gal\/#organization"},"image":{"@id":"https:\/\/comunicando.gal\/gal\/comunicando-editou-o-novo-numero-da-revista-axenda-agraria\/#primaryimage"},"thumbnailUrl":"https:\/\/comunicando.gal\/gal\/wp-content\/uploads\/2025\/07\/Axenda-Agraria_JUN-25-sumario_baixa.jpg","articleSection":["Noticias"],"inLanguage":"es"},{"@type":"WebPage","@id":"https:\/\/comunicando.gal\/gal\/comunicando-editou-o-novo-numero-da-revista-axenda-agraria\/","url":"https:\/\/comunicando.gal\/gal\/comunicando-editou-o-novo-numero-da-revista-axenda-agraria\/","name":"Comunicando editou o novo n\u00famero da revista Axenda Agraria","isPartOf":{"@id":"https:\/\/comunicando.gal\/gal\/#website"},"primaryImageOfPage":{"@id":"https:\/\/comunicando.gal\/gal\/comunicando-editou-o-novo-numero-da-revista-axenda-agraria\/#primaryimage"},"image":{"@id":"https:\/\/comunicando.gal\/gal\/comunicando-editou-o-novo-numero-da-revista-axenda-agraria\/#primaryimage"},"thumbnailUrl":"https:\/\/comunicando.gal\/gal\/wp-content\/uploads\/2025\/07\/Axenda-Agraria_JUN-25-sumario_baixa.jpg","datePublished":"2025-07-15T09:58:57+00:00","dateModified":"2025-07-21T10:27:08+00:00","breadcrumb":{"@id":"https:\/\/comunicando.gal\/gal\/comunicando-editou-o-novo-numero-da-revista-axenda-agraria\/#breadcrumb"},"inLanguage":"es","potentialAction":[{"@type":"ReadAction","target":["https:\/\/comunicando.gal\/gal\/comunicando-editou-o-novo-numero-da-revista-axenda-agraria\/"]}]},{"@type":"ImageObject","inLanguage":"es","@id":"https:\/\/comunicando.gal\/gal\/comunicando-editou-o-novo-numero-da-revista-axenda-agraria\/#primaryimage","url":"https:\/\/comunicando.gal\/gal\/wp-content\/uploads\/2025\/07\/Axenda-Agraria_JUN-25-sumario_baixa.jpg","contentUrl":"https:\/\/comunicando.gal\/gal\/wp-content\/uploads\/2025\/07\/Axenda-Agraria_JUN-25-sumario_baixa.jpg","width":900,"height":636},{"@type":"BreadcrumbList","@id":"https:\/\/comunicando.gal\/gal\/comunicando-editou-o-novo-numero-da-revista-axenda-agraria\/#breadcrumb","itemListElement":[{"@type":"ListItem","position":1,"name":"Portada","item":"https:\/\/comunicando.gal\/gal\/"},{"@type":"ListItem","position":2,"name":"Comunicando editou o novo n\u00famero da revista Axenda Agraria"}]},{"@type":"WebSite","@id":"https:\/\/comunicando.gal\/gal\/#website","url":"https:\/\/comunicando.gal\/gal\/","name":"Comunicando. Consultor\u00eda de comunicaci\u00f3n.","description":"Consultor\u00eda de comunicaci\u00f3n","publisher":{"@id":"https:\/\/comunicando.gal\/gal\/#organization"},"alternateName":"Comunicando. Consultor\u00eda de comunicaci\u00f3n.","potentialAction":[{"@type":"SearchAction","target":{"@type":"EntryPoint","urlTemplate":"https:\/\/comunicando.gal\/gal\/?s={search_term_string}"},"query-input":{"@type":"PropertyValueSpecification","valueRequired":true,"valueName":"search_term_string"}}],"inLanguage":"es"},{"@type":"Organization","@id":"https:\/\/comunicando.gal\/gal\/#organization","name":"Comunicando. Consultor\u00eda de comunicaci\u00f3n.","url":"https:\/\/comunicando.gal\/gal\/","logo":{"@type":"ImageObject","inLanguage":"es","@id":"https:\/\/comunicando.gal\/gal\/#\/schema\/logo\/image\/","url":"https:\/\/comunicando.gal\/gal\/wp-content\/uploads\/2024\/07\/comunicando-vertical.png","contentUrl":"https:\/\/comunicando.gal\/gal\/wp-content\/uploads\/2024\/07\/comunicando-vertical.png","width":300,"height":323,"caption":"Comunicando. Consultor\u00eda de comunicaci\u00f3n."},"image":{"@id":"https:\/\/comunicando.gal\/gal\/#\/schema\/logo\/image\/"}},{"@type":"Person","@id":"https:\/\/comunicando.gal\/gal\/#\/schema\/person\/0d28af683c857811ed3fe6a412c4a429","name":"Jorge Isla"}]}},"_links":{"self":[{"href":"https:\/\/comunicando.gal\/gal\/wp-json\/wp\/v2\/posts\/4854","targetHints":{"allow":["GET"]}}],"collection":[{"href":"https:\/\/comunicando.gal\/gal\/wp-json\/wp\/v2\/posts"}],"about":[{"href":"https:\/\/comunicando.gal\/gal\/wp-json\/wp\/v2\/types\/post"}],"author":[{"embeddable":true,"href":"https:\/\/comunicando.gal\/gal\/wp-json\/wp\/v2\/users\/3"}],"replies":[{"embeddable":true,"href":"https:\/\/comunicando.gal\/gal\/wp-json\/wp\/v2\/comments?post=4854"}],"version-history":[{"count":4,"href":"https:\/\/comunicando.gal\/gal\/wp-json\/wp\/v2\/posts\/4854\/revisions"}],"predecessor-version":[{"id":4861,"href":"https:\/\/comunicando.gal\/gal\/wp-json\/wp\/v2\/posts\/4854\/revisions\/4861"}],"wp:featuredmedia":[{"embeddable":true,"href":"https:\/\/comunicando.gal\/gal\/wp-json\/wp\/v2\/media\/4860"}],"wp:attachment":[{"href":"https:\/\/comunicando.gal\/gal\/wp-json\/wp\/v2\/media?parent=4854"}],"wp:term":[{"taxonomy":"category","embeddable":true,"href":"https:\/\/comunicando.gal\/gal\/wp-json\/wp\/v2\/categories?post=4854"},{"taxonomy":"post_tag","embeddable":true,"href":"https:\/\/comunicando.gal\/gal\/wp-json\/wp\/v2\/tags?post=4854"}],"curies":[{"name":"wp","href":"https:\/\/api.w.org\/{rel}","templated":true}]}}