{"id":4848,"date":"2025-07-10T13:45:29","date_gmt":"2025-07-10T11:45:29","guid":{"rendered":"https:\/\/comunicando.gal\/gal\/?p=4848"},"modified":"2025-07-12T18:19:18","modified_gmt":"2025-07-12T16:19:18","slug":"osentroidos-do-oriente-ourensan-declarados-festa-de-interese-turistico-nacional","status":"publish","type":"post","link":"https:\/\/comunicando.gal\/gal\/osentroidos-do-oriente-ourensan-declarados-festa-de-interese-turistico-nacional\/","title":{"rendered":"Os\u00bbEntroidos do oriente ourens\u00e1n\u00bb declarados Festa de Interese Tur\u00edstico Nacional"},"content":{"rendered":"<p>&nbsp;<\/p>\n<div id=\"attachment_4871\" style=\"width: 700px\" class=\"wp-caption aligncenter\"><img loading=\"lazy\" decoding=\"async\" aria-describedby=\"caption-attachment-4871\" class=\"size-full wp-image-4871\" src=\"https:\/\/comunicando.gal\/wp-content\/uploads\/2025\/07\/boteiro-viana.jpg\" alt=\"\" width=\"690\" height=\"460\" \/><p id=\"caption-attachment-4871\" class=\"wp-caption-text\">Boteiro de Viana do Bolo<\/p><\/div>\n<p>Tras meses e meses de traballo coordinando un proxecto conxunto dos concellos de Viana do Bolo, Manzaneda e Vilari\u00f1o de Conso, que contou co inestimable apoio da Axencia Galega de Turismo, dende Comunicando sent\u00edmonos moi orgullosos de poder anunciar que a Secretar\u00eda de Estado de Turismo otorgou a declaraci\u00f3n de Festa de Interese Tur\u00edstico Nacional aos \u00abEntroidos dooriente ourens\u00e1n\u00bb. Nun comunicado oficial, o Ministerio de Industria e Turismo destacou que os entroidos tradicionais destes tres municipios ourens\u00e1ns \u00abrecibiron este important\u00edsimo reco\u00f1ecemento gracias ao seu car\u00e1cter ancestral e aos valores culturais que transmiten. Aspectos diferenciais polos los que son una celebraci\u00f3n de gran atractivo tur\u00edstico para os seus visitantes\u00bb.<\/p>\n<p>Estamos falando dun proxecto \u00fanico, xa que tr\u00e1tase da primeira vez que unha solicitude conxunta de m\u00e1is dunha celebraci\u00f3n consigue obter en Espa\u00f1a a declaraci\u00f3n de \u00abFesta de Interese Tur\u00edstico Nacional.\u00a0 Unha vez resolta esta solicitude ao cumprirse todos os requisitos esixidos para esta declaraci\u00f3n, a secretaria de estado de Turismo, Rosario S\u00e1nchez, valorou \u00aba uni\u00f3n destes concellos para conseguir un reco\u00f1ecemento conxunto para unhas festas propias que se relacionan entre si, e que se preservaron en maior e mellor medida que en moitos outros lugares\u00bb.<\/p>\n<p>Cando fai xa m\u00e1is de 15 meses en Comunicando comezamos con este proxecto, sempre tivemos claro o gran potencial que ofrec\u00edan os entroidos tradicionais de estes 3 municipios. Cada un deles cos seus propios elementos diferenciadores, pero que tam\u00e9n compart\u00edan unhas caracter\u00edsticas com\u00fans que nos animou a intentar o reto de lograr que por primeira vez o Estado espa\u00f1ol otorgase esta distinci\u00f3n a unha candidatura conxunta. Para elo, houbo que realizar unha completa memoria, na que se pusese en valor a importancia hist\u00f3rica, patrimonial, cultural e sociol\u00f3xica destas festas. Non como eventos independentes, se non coma tres celebraci\u00f3ns que aproveitan os seus elementos com\u00fans e \u00fanicos para ofrecer aos turistas unha ampla e diferencial oferta festiva, non s\u00f3 durante os d\u00edas m\u00e1is importantes do Entroido, se non tam\u00e9n durante as semanas anteriores.<\/p>\n<div id=\"attachment_4872\" style=\"width: 910px\" class=\"wp-caption aligncenter\"><img loading=\"lazy\" decoding=\"async\" aria-describedby=\"caption-attachment-4872\" class=\"wp-image-4872 size-full\" src=\"https:\/\/comunicando.gal\/wp-content\/uploads\/2025\/07\/mazcara.jpg\" alt=\"\" width=\"900\" height=\"646\" \/><p id=\"caption-attachment-4872\" class=\"wp-caption-text\">M\u00e1zcaras e foli\u00f3n de Manzaneda<\/p><\/div>\n<p><strong>Elementos en com\u00fan<br \/>\n<\/strong>Un dos rasgos caracter\u00edsticos m\u00e1is importantes e co\u00f1ecidos destas festas son as m\u00e1scaras ou as personaxes identificativas que cada un destes entroidos te\u00f1en en com\u00fan. En Manzaneda, a tradicional m\u00e1zcara coa s\u00faa hipn\u00f3tica danza, e a figura do Boteiro, en Vilari\u00f1o de Conso e Viana do Bolo. Un protagonista similar o destes dous concellos, pero que se diferencia sobre todo polos adornos da m\u00e1scara que cubre a cara de quen a viste. O outro elemento com\u00fan m\u00e1is importante destes tres eventos \u00e9 a s\u00faa musicalidade. E \u00e9 que en Viana, Manzaneda e Vilari\u00f1o podemos escoitar o son dos seus\u00a0 foli\u00f3ns, onde os bombos comparten protagonismo co toque met\u00e1lico e vibrante de aixadas e gada\u00f1as. E non s\u00f3 nos d\u00edas de Entroido \u00e9 cando a m\u00fasica \u00e9 protagonista. Dende que finalizan as festas de Nadal, en cada pobo xa se pode comenzar a sentir os ritmos dos foli\u00f3ns ou fuli\u00f3ns, que xa lles acompa\u00f1ar\u00e1 ata pasar o M\u00e9rcores de cinxa. Ata que as lapas se leven por diante as figuras do \u00abCompadre\u00bb e a \u00abComadre\u00bb.<\/p>\n<p>O Ministerio tam\u00e9n sinalou que \u00ab\u00e9 dif\u00edcil precisar tanto os comezos coma os motivos polos que xurde o Entroido nestes tres municipios do Macizo Central ourens\u00e1n. \u00c9 unha celebraci\u00f3n de gran atractivo tur\u00edstico que conta con distintas iniciativas para garantizar a s\u00faa promoci\u00f3n, difusi\u00f3n e permanencia no tempo, coma por exemplo, o Festival Internacional Mascarada Ib\u00e9rica ViBoMask, que se celebra en Viana do Bolo e Vilari\u00f1o de Conso. Un evento cultural no que se congregan as m\u00e1is espectaculares m\u00e1scaras de Entroido, tanto de Galicia coma de outros lugares de Espa\u00f1a e doutros pa\u00edses europeos como Portugal, Francia ou Italia.<\/p>\n<p>Con esta declaraci\u00f3n, os \u00abEntroidos do oriente ourens\u00e1n\u00bb conv\u00e9rtense nunha das doce \u00fanicas festas que obtiveron esta importante distinci\u00f3n.<\/p>\n<div id=\"attachment_4873\" style=\"width: 795px\" class=\"wp-caption aligncenter\"><img loading=\"lazy\" decoding=\"async\" aria-describedby=\"caption-attachment-4873\" class=\"size-full wp-image-4873\" src=\"https:\/\/comunicando.gal\/wp-content\/uploads\/2025\/07\/boteiro-vilarino.jpg\" alt=\"\" width=\"785\" height=\"900\" \/><p id=\"caption-attachment-4873\" class=\"wp-caption-text\">Boteiro de Vilari\u00f1o de Conso<\/p><\/div>\n<p>&nbsp;<\/p>\n","protected":false},"excerpt":{"rendered":"<p>&nbsp; Tras meses e meses de traballo coordinando un proxecto conxunto dos concellos de Viana do Bolo, Manzaneda e Vilari\u00f1o de Conso, que contou co inestimable apoio da Axencia Galega de Turismo, dende Comunicando sent\u00edmonos moi orgullosos de poder anunciar que a Secretar\u00eda de Estado de Turismo otorgou a declaraci\u00f3n de Festa de Interese Tur\u00edstico [&hellip;]<\/p>\n","protected":false},"author":3,"featured_media":4849,"comment_status":"closed","ping_status":"closed","sticky":false,"template":"","format":"standard","meta":{"footnotes":""},"categories":[1],"tags":[],"class_list":["post-4848","post","type-post","status-publish","format-standard","has-post-thumbnail","hentry","category-noticias"],"yoast_head":"<!-- This site is optimized with the Yoast SEO plugin v26.2 - https:\/\/yoast.com\/wordpress\/plugins\/seo\/ -->\n<title>Os&quot;Entroidos do oriente ourens\u00e1n&quot; declarados Festa de Interese Tur\u00edstico Nacional<\/title>\n<meta name=\"robots\" content=\"index, follow, max-snippet:-1, max-image-preview:large, max-video-preview:-1\" \/>\n<link rel=\"canonical\" href=\"https:\/\/comunicando.gal\/gal\/osentroidos-do-oriente-ourensan-declarados-festa-de-interese-turistico-nacional\/\" \/>\n<meta property=\"og:locale\" content=\"es_ES\" \/>\n<meta property=\"og:type\" content=\"article\" \/>\n<meta property=\"og:title\" content=\"Os&quot;Entroidos do oriente ourens\u00e1n&quot; declarados Festa de Interese Tur\u00edstico Nacional\" \/>\n<meta property=\"og:description\" content=\"&nbsp; Tras meses e meses de traballo coordinando un proxecto conxunto dos concellos de Viana do Bolo, Manzaneda e Vilari\u00f1o de Conso, que contou co inestimable apoio da Axencia Galega de Turismo, dende Comunicando sent\u00edmonos moi orgullosos de poder anunciar que a Secretar\u00eda de Estado de Turismo otorgou a declaraci\u00f3n de Festa de Interese Tur\u00edstico [&hellip;]\" \/>\n<meta property=\"og:url\" content=\"https:\/\/comunicando.gal\/gal\/osentroidos-do-oriente-ourensan-declarados-festa-de-interese-turistico-nacional\/\" \/>\n<meta property=\"og:site_name\" content=\"Comunicando\" \/>\n<meta property=\"article:published_time\" content=\"2025-07-10T11:45:29+00:00\" \/>\n<meta property=\"article:modified_time\" content=\"2025-07-12T16:19:18+00:00\" \/>\n<meta property=\"og:image\" content=\"https:\/\/comunicando.gal\/gal\/wp-content\/uploads\/2025\/07\/boteiro-viana.jpg\" \/>\n\t<meta property=\"og:image:width\" content=\"690\" \/>\n\t<meta property=\"og:image:height\" content=\"460\" \/>\n\t<meta property=\"og:image:type\" content=\"image\/jpeg\" \/>\n<meta name=\"author\" content=\"Jorge Isla\" \/>\n<meta name=\"twitter:card\" content=\"summary_large_image\" \/>\n<script type=\"application\/ld+json\" class=\"yoast-schema-graph\">{\"@context\":\"https:\/\/schema.org\",\"@graph\":[{\"@type\":\"Article\",\"@id\":\"https:\/\/comunicando.gal\/gal\/osentroidos-do-oriente-ourensan-declarados-festa-de-interese-turistico-nacional\/#article\",\"isPartOf\":{\"@id\":\"https:\/\/comunicando.gal\/gal\/osentroidos-do-oriente-ourensan-declarados-festa-de-interese-turistico-nacional\/\"},\"author\":{\"name\":\"Jorge Isla\",\"@id\":\"https:\/\/comunicando.gal\/gal\/#\/schema\/person\/0d28af683c857811ed3fe6a412c4a429\"},\"headline\":\"Os\u00bbEntroidos do oriente ourens\u00e1n\u00bb declarados Festa de Interese Tur\u00edstico Nacional\",\"datePublished\":\"2025-07-10T11:45:29+00:00\",\"dateModified\":\"2025-07-12T16:19:18+00:00\",\"mainEntityOfPage\":{\"@id\":\"https:\/\/comunicando.gal\/gal\/osentroidos-do-oriente-ourensan-declarados-festa-de-interese-turistico-nacional\/\"},\"wordCount\":747,\"publisher\":{\"@id\":\"https:\/\/comunicando.gal\/gal\/#organization\"},\"image\":{\"@id\":\"https:\/\/comunicando.gal\/gal\/osentroidos-do-oriente-ourensan-declarados-festa-de-interese-turistico-nacional\/#primaryimage\"},\"thumbnailUrl\":\"https:\/\/comunicando.gal\/gal\/wp-content\/uploads\/2025\/07\/boteiro-viana.jpg\",\"articleSection\":[\"Noticias\"],\"inLanguage\":\"es\"},{\"@type\":\"WebPage\",\"@id\":\"https:\/\/comunicando.gal\/gal\/osentroidos-do-oriente-ourensan-declarados-festa-de-interese-turistico-nacional\/\",\"url\":\"https:\/\/comunicando.gal\/gal\/osentroidos-do-oriente-ourensan-declarados-festa-de-interese-turistico-nacional\/\",\"name\":\"Os\\\"Entroidos do oriente ourens\u00e1n\\\" declarados Festa de Interese Tur\u00edstico Nacional\",\"isPartOf\":{\"@id\":\"https:\/\/comunicando.gal\/gal\/#website\"},\"primaryImageOfPage\":{\"@id\":\"https:\/\/comunicando.gal\/gal\/osentroidos-do-oriente-ourensan-declarados-festa-de-interese-turistico-nacional\/#primaryimage\"},\"image\":{\"@id\":\"https:\/\/comunicando.gal\/gal\/osentroidos-do-oriente-ourensan-declarados-festa-de-interese-turistico-nacional\/#primaryimage\"},\"thumbnailUrl\":\"https:\/\/comunicando.gal\/gal\/wp-content\/uploads\/2025\/07\/boteiro-viana.jpg\",\"datePublished\":\"2025-07-10T11:45:29+00:00\",\"dateModified\":\"2025-07-12T16:19:18+00:00\",\"breadcrumb\":{\"@id\":\"https:\/\/comunicando.gal\/gal\/osentroidos-do-oriente-ourensan-declarados-festa-de-interese-turistico-nacional\/#breadcrumb\"},\"inLanguage\":\"es\",\"potentialAction\":[{\"@type\":\"ReadAction\",\"target\":[\"https:\/\/comunicando.gal\/gal\/osentroidos-do-oriente-ourensan-declarados-festa-de-interese-turistico-nacional\/\"]}]},{\"@type\":\"ImageObject\",\"inLanguage\":\"es\",\"@id\":\"https:\/\/comunicando.gal\/gal\/osentroidos-do-oriente-ourensan-declarados-festa-de-interese-turistico-nacional\/#primaryimage\",\"url\":\"https:\/\/comunicando.gal\/gal\/wp-content\/uploads\/2025\/07\/boteiro-viana.jpg\",\"contentUrl\":\"https:\/\/comunicando.gal\/gal\/wp-content\/uploads\/2025\/07\/boteiro-viana.jpg\",\"width\":690,\"height\":460},{\"@type\":\"BreadcrumbList\",\"@id\":\"https:\/\/comunicando.gal\/gal\/osentroidos-do-oriente-ourensan-declarados-festa-de-interese-turistico-nacional\/#breadcrumb\",\"itemListElement\":[{\"@type\":\"ListItem\",\"position\":1,\"name\":\"Portada\",\"item\":\"https:\/\/comunicando.gal\/gal\/\"},{\"@type\":\"ListItem\",\"position\":2,\"name\":\"Os\u00bbEntroidos do oriente ourens\u00e1n\u00bb declarados Festa de Interese Tur\u00edstico Nacional\"}]},{\"@type\":\"WebSite\",\"@id\":\"https:\/\/comunicando.gal\/gal\/#website\",\"url\":\"https:\/\/comunicando.gal\/gal\/\",\"name\":\"Comunicando. Consultor\u00eda de comunicaci\u00f3n.\",\"description\":\"Consultor\u00eda de comunicaci\u00f3n\",\"publisher\":{\"@id\":\"https:\/\/comunicando.gal\/gal\/#organization\"},\"alternateName\":\"Comunicando. Consultor\u00eda de comunicaci\u00f3n.\",\"potentialAction\":[{\"@type\":\"SearchAction\",\"target\":{\"@type\":\"EntryPoint\",\"urlTemplate\":\"https:\/\/comunicando.gal\/gal\/?s={search_term_string}\"},\"query-input\":{\"@type\":\"PropertyValueSpecification\",\"valueRequired\":true,\"valueName\":\"search_term_string\"}}],\"inLanguage\":\"es\"},{\"@type\":\"Organization\",\"@id\":\"https:\/\/comunicando.gal\/gal\/#organization\",\"name\":\"Comunicando. Consultor\u00eda de comunicaci\u00f3n.\",\"url\":\"https:\/\/comunicando.gal\/gal\/\",\"logo\":{\"@type\":\"ImageObject\",\"inLanguage\":\"es\",\"@id\":\"https:\/\/comunicando.gal\/gal\/#\/schema\/logo\/image\/\",\"url\":\"https:\/\/comunicando.gal\/gal\/wp-content\/uploads\/2024\/07\/comunicando-vertical.png\",\"contentUrl\":\"https:\/\/comunicando.gal\/gal\/wp-content\/uploads\/2024\/07\/comunicando-vertical.png\",\"width\":300,\"height\":323,\"caption\":\"Comunicando. Consultor\u00eda de comunicaci\u00f3n.\"},\"image\":{\"@id\":\"https:\/\/comunicando.gal\/gal\/#\/schema\/logo\/image\/\"}},{\"@type\":\"Person\",\"@id\":\"https:\/\/comunicando.gal\/gal\/#\/schema\/person\/0d28af683c857811ed3fe6a412c4a429\",\"name\":\"Jorge Isla\"}]}<\/script>\n<!-- \/ Yoast SEO plugin. -->","yoast_head_json":{"title":"Os\"Entroidos do oriente ourens\u00e1n\" declarados Festa de Interese Tur\u00edstico Nacional","robots":{"index":"index","follow":"follow","max-snippet":"max-snippet:-1","max-image-preview":"max-image-preview:large","max-video-preview":"max-video-preview:-1"},"canonical":"https:\/\/comunicando.gal\/gal\/osentroidos-do-oriente-ourensan-declarados-festa-de-interese-turistico-nacional\/","og_locale":"es_ES","og_type":"article","og_title":"Os\"Entroidos do oriente ourens\u00e1n\" declarados Festa de Interese Tur\u00edstico Nacional","og_description":"&nbsp; Tras meses e meses de traballo coordinando un proxecto conxunto dos concellos de Viana do Bolo, Manzaneda e Vilari\u00f1o de Conso, que contou co inestimable apoio da Axencia Galega de Turismo, dende Comunicando sent\u00edmonos moi orgullosos de poder anunciar que a Secretar\u00eda de Estado de Turismo otorgou a declaraci\u00f3n de Festa de Interese Tur\u00edstico [&hellip;]","og_url":"https:\/\/comunicando.gal\/gal\/osentroidos-do-oriente-ourensan-declarados-festa-de-interese-turistico-nacional\/","og_site_name":"Comunicando","article_published_time":"2025-07-10T11:45:29+00:00","article_modified_time":"2025-07-12T16:19:18+00:00","og_image":[{"width":690,"height":460,"url":"https:\/\/comunicando.gal\/gal\/wp-content\/uploads\/2025\/07\/boteiro-viana.jpg","type":"image\/jpeg"}],"author":"Jorge Isla","twitter_card":"summary_large_image","schema":{"@context":"https:\/\/schema.org","@graph":[{"@type":"Article","@id":"https:\/\/comunicando.gal\/gal\/osentroidos-do-oriente-ourensan-declarados-festa-de-interese-turistico-nacional\/#article","isPartOf":{"@id":"https:\/\/comunicando.gal\/gal\/osentroidos-do-oriente-ourensan-declarados-festa-de-interese-turistico-nacional\/"},"author":{"name":"Jorge Isla","@id":"https:\/\/comunicando.gal\/gal\/#\/schema\/person\/0d28af683c857811ed3fe6a412c4a429"},"headline":"Os\u00bbEntroidos do oriente ourens\u00e1n\u00bb declarados Festa de Interese Tur\u00edstico Nacional","datePublished":"2025-07-10T11:45:29+00:00","dateModified":"2025-07-12T16:19:18+00:00","mainEntityOfPage":{"@id":"https:\/\/comunicando.gal\/gal\/osentroidos-do-oriente-ourensan-declarados-festa-de-interese-turistico-nacional\/"},"wordCount":747,"publisher":{"@id":"https:\/\/comunicando.gal\/gal\/#organization"},"image":{"@id":"https:\/\/comunicando.gal\/gal\/osentroidos-do-oriente-ourensan-declarados-festa-de-interese-turistico-nacional\/#primaryimage"},"thumbnailUrl":"https:\/\/comunicando.gal\/gal\/wp-content\/uploads\/2025\/07\/boteiro-viana.jpg","articleSection":["Noticias"],"inLanguage":"es"},{"@type":"WebPage","@id":"https:\/\/comunicando.gal\/gal\/osentroidos-do-oriente-ourensan-declarados-festa-de-interese-turistico-nacional\/","url":"https:\/\/comunicando.gal\/gal\/osentroidos-do-oriente-ourensan-declarados-festa-de-interese-turistico-nacional\/","name":"Os\"Entroidos do oriente ourens\u00e1n\" declarados Festa de Interese Tur\u00edstico Nacional","isPartOf":{"@id":"https:\/\/comunicando.gal\/gal\/#website"},"primaryImageOfPage":{"@id":"https:\/\/comunicando.gal\/gal\/osentroidos-do-oriente-ourensan-declarados-festa-de-interese-turistico-nacional\/#primaryimage"},"image":{"@id":"https:\/\/comunicando.gal\/gal\/osentroidos-do-oriente-ourensan-declarados-festa-de-interese-turistico-nacional\/#primaryimage"},"thumbnailUrl":"https:\/\/comunicando.gal\/gal\/wp-content\/uploads\/2025\/07\/boteiro-viana.jpg","datePublished":"2025-07-10T11:45:29+00:00","dateModified":"2025-07-12T16:19:18+00:00","breadcrumb":{"@id":"https:\/\/comunicando.gal\/gal\/osentroidos-do-oriente-ourensan-declarados-festa-de-interese-turistico-nacional\/#breadcrumb"},"inLanguage":"es","potentialAction":[{"@type":"ReadAction","target":["https:\/\/comunicando.gal\/gal\/osentroidos-do-oriente-ourensan-declarados-festa-de-interese-turistico-nacional\/"]}]},{"@type":"ImageObject","inLanguage":"es","@id":"https:\/\/comunicando.gal\/gal\/osentroidos-do-oriente-ourensan-declarados-festa-de-interese-turistico-nacional\/#primaryimage","url":"https:\/\/comunicando.gal\/gal\/wp-content\/uploads\/2025\/07\/boteiro-viana.jpg","contentUrl":"https:\/\/comunicando.gal\/gal\/wp-content\/uploads\/2025\/07\/boteiro-viana.jpg","width":690,"height":460},{"@type":"BreadcrumbList","@id":"https:\/\/comunicando.gal\/gal\/osentroidos-do-oriente-ourensan-declarados-festa-de-interese-turistico-nacional\/#breadcrumb","itemListElement":[{"@type":"ListItem","position":1,"name":"Portada","item":"https:\/\/comunicando.gal\/gal\/"},{"@type":"ListItem","position":2,"name":"Os\u00bbEntroidos do oriente ourens\u00e1n\u00bb declarados Festa de Interese Tur\u00edstico Nacional"}]},{"@type":"WebSite","@id":"https:\/\/comunicando.gal\/gal\/#website","url":"https:\/\/comunicando.gal\/gal\/","name":"Comunicando. Consultor\u00eda de comunicaci\u00f3n.","description":"Consultor\u00eda de comunicaci\u00f3n","publisher":{"@id":"https:\/\/comunicando.gal\/gal\/#organization"},"alternateName":"Comunicando. Consultor\u00eda de comunicaci\u00f3n.","potentialAction":[{"@type":"SearchAction","target":{"@type":"EntryPoint","urlTemplate":"https:\/\/comunicando.gal\/gal\/?s={search_term_string}"},"query-input":{"@type":"PropertyValueSpecification","valueRequired":true,"valueName":"search_term_string"}}],"inLanguage":"es"},{"@type":"Organization","@id":"https:\/\/comunicando.gal\/gal\/#organization","name":"Comunicando. Consultor\u00eda de comunicaci\u00f3n.","url":"https:\/\/comunicando.gal\/gal\/","logo":{"@type":"ImageObject","inLanguage":"es","@id":"https:\/\/comunicando.gal\/gal\/#\/schema\/logo\/image\/","url":"https:\/\/comunicando.gal\/gal\/wp-content\/uploads\/2024\/07\/comunicando-vertical.png","contentUrl":"https:\/\/comunicando.gal\/gal\/wp-content\/uploads\/2024\/07\/comunicando-vertical.png","width":300,"height":323,"caption":"Comunicando. Consultor\u00eda de comunicaci\u00f3n."},"image":{"@id":"https:\/\/comunicando.gal\/gal\/#\/schema\/logo\/image\/"}},{"@type":"Person","@id":"https:\/\/comunicando.gal\/gal\/#\/schema\/person\/0d28af683c857811ed3fe6a412c4a429","name":"Jorge Isla"}]}},"_links":{"self":[{"href":"https:\/\/comunicando.gal\/gal\/wp-json\/wp\/v2\/posts\/4848","targetHints":{"allow":["GET"]}}],"collection":[{"href":"https:\/\/comunicando.gal\/gal\/wp-json\/wp\/v2\/posts"}],"about":[{"href":"https:\/\/comunicando.gal\/gal\/wp-json\/wp\/v2\/types\/post"}],"author":[{"embeddable":true,"href":"https:\/\/comunicando.gal\/gal\/wp-json\/wp\/v2\/users\/3"}],"replies":[{"embeddable":true,"href":"https:\/\/comunicando.gal\/gal\/wp-json\/wp\/v2\/comments?post=4848"}],"version-history":[{"count":3,"href":"https:\/\/comunicando.gal\/gal\/wp-json\/wp\/v2\/posts\/4848\/revisions"}],"predecessor-version":[{"id":4852,"href":"https:\/\/comunicando.gal\/gal\/wp-json\/wp\/v2\/posts\/4848\/revisions\/4852"}],"wp:featuredmedia":[{"embeddable":true,"href":"https:\/\/comunicando.gal\/gal\/wp-json\/wp\/v2\/media\/4849"}],"wp:attachment":[{"href":"https:\/\/comunicando.gal\/gal\/wp-json\/wp\/v2\/media?parent=4848"}],"wp:term":[{"taxonomy":"category","embeddable":true,"href":"https:\/\/comunicando.gal\/gal\/wp-json\/wp\/v2\/categories?post=4848"},{"taxonomy":"post_tag","embeddable":true,"href":"https:\/\/comunicando.gal\/gal\/wp-json\/wp\/v2\/tags?post=4848"}],"curies":[{"name":"wp","href":"https:\/\/api.w.org\/{rel}","templated":true}]}}