{"id":4831,"date":"2025-06-18T16:24:07","date_gmt":"2025-06-18T14:24:07","guid":{"rendered":"https:\/\/comunicando.gal\/gal\/?p=4831"},"modified":"2025-06-18T16:24:07","modified_gmt":"2025-06-18T14:24:07","slug":"comunicando-organiza-o-i-salon-dos-vinos-licores-e-augardentes-galegos-en-dinamarca","status":"publish","type":"post","link":"https:\/\/comunicando.gal\/gal\/comunicando-organiza-o-i-salon-dos-vinos-licores-e-augardentes-galegos-en-dinamarca\/","title":{"rendered":"Comunicando organiza o I Sal\u00f3n dos Vi\u00f1os, Licores e Augardentes Galegos en Dinamarca"},"content":{"rendered":"<p>Despois do \u00e9xito colleitado na promoci\u00f3n conxunta dos vi\u00f1os, licores e augardentes galegos nos sal\u00f3ns organizados en <strong>Londres, Reino Unido<\/strong>, en novembro do 2024; e <strong>Copenhague, Dinamarca<\/strong>, en xu\u00f1o do 2025; en Comunicando non podemos estar m\u00e1is satisfeitos do traballo realizado.<\/p>\n<div id=\"attachment_4832\" style=\"width: 910px\" class=\"wp-caption aligncenter\"><img loading=\"lazy\" decoding=\"async\" aria-describedby=\"caption-attachment-4832\" class=\"wp-image-4832 size-full\" src=\"https:\/\/comunicando.gal\/gal\/wp-content\/uploads\/2025\/06\/acruagadinamarcaweb.jpg\" alt=\"\" width=\"900\" height=\"601\" srcset=\"https:\/\/comunicando.gal\/gal\/wp-content\/uploads\/2025\/06\/acruagadinamarcaweb.jpg 900w, https:\/\/comunicando.gal\/gal\/wp-content\/uploads\/2025\/06\/acruagadinamarcaweb-768x513.jpg 768w, https:\/\/comunicando.gal\/gal\/wp-content\/uploads\/2025\/06\/acruagadinamarcaweb-600x400.jpg 600w, https:\/\/comunicando.gal\/gal\/wp-content\/uploads\/2025\/06\/acruagadinamarcaweb-24x16.jpg 24w, https:\/\/comunicando.gal\/gal\/wp-content\/uploads\/2025\/06\/acruagadinamarcaweb-36x24.jpg 36w, https:\/\/comunicando.gal\/gal\/wp-content\/uploads\/2025\/06\/acruagadinamarcaweb-48x32.jpg 48w\" sizes=\"auto, (max-width: 900px) 100vw, 900px\" \/><p id=\"caption-attachment-4832\" class=\"wp-caption-text\">Membros dos seis consellos reguladores galegos posan acompa\u00f1ados polo director de Comunicando, Jorge Isla.<\/p><\/div>\n<p>A capital danesa foi a \u00faltima en acoller a proposta dos <strong>seis consellos reguladores que conforman ACRUAGA<\/strong>, levada a cabo grazas ao respaldo da Xunta, a trav\u00e9s do IGAPE, e \u00e1 colaboraci\u00f3n coa Uni\u00f3n Espa\u00f1ola de Catadores (UEC). Comunicando coordinou o transporte do produto e dos representantes de cada un dos membros de ACRUAGA, ademais da posta en escena, a organizaci\u00f3n do stand e a comunicaci\u00f3n, o que incl\u00fae a xesti\u00f3n do protocolo de autoridades, invitaci\u00f3ns, notas de prensa e relaci\u00f3n cos medios de comunicaci\u00f3n que se fixeron eco da nova.<\/p>\n<div id=\"attachment_4833\" style=\"width: 910px\" class=\"wp-caption aligncenter\"><img loading=\"lazy\" decoding=\"async\" aria-describedby=\"caption-attachment-4833\" class=\"wp-image-4833 size-full\" src=\"https:\/\/comunicando.gal\/gal\/wp-content\/uploads\/2025\/06\/acruagadinamarcaweb2.jpg\" alt=\"\" width=\"900\" height=\"600\" srcset=\"https:\/\/comunicando.gal\/gal\/wp-content\/uploads\/2025\/06\/acruagadinamarcaweb2.jpg 900w, https:\/\/comunicando.gal\/gal\/wp-content\/uploads\/2025\/06\/acruagadinamarcaweb2-768x512.jpg 768w, https:\/\/comunicando.gal\/gal\/wp-content\/uploads\/2025\/06\/acruagadinamarcaweb2-600x400.jpg 600w, https:\/\/comunicando.gal\/gal\/wp-content\/uploads\/2025\/06\/acruagadinamarcaweb2-24x16.jpg 24w, https:\/\/comunicando.gal\/gal\/wp-content\/uploads\/2025\/06\/acruagadinamarcaweb2-36x24.jpg 36w, https:\/\/comunicando.gal\/gal\/wp-content\/uploads\/2025\/06\/acruagadinamarcaweb2-48x32.jpg 48w\" sizes=\"auto, (max-width: 900px) 100vw, 900px\" \/><p id=\"caption-attachment-4833\" class=\"wp-caption-text\">M\u00e1is de 80 profesionais acudiron a degustar as propostas do I Sal\u00f3n dos Vi\u00f1os e Augardentes de Galicia en Dinamarca.<\/p><\/div>\n<p><strong>O restaurante TRIO de \u00c1msterdam, situado nas Axel Towers<\/strong>, acolleu aos m\u00e1is de <strong>80 profesionais<\/strong> que acudiron a degustar as propostas deste primer Sal\u00f3n dos Vi\u00f1os e Augardentes de Galicia en Dinamarca. Os sumilleres, distribuidores e xornalistas especializados que participaron no evento puideron degustar un total de <strong>150 referencias<\/strong> de todas as denominaci\u00f3ns de orixe da comunidade aut\u00f3noma (Monterrei, R\u00edas Baixas, Ribeira Sacra, Ribeiro e Valdeorras), as\u00ed como <strong>25 referencias<\/strong> de empresas comercializadoras de destilados amparadas polas Indicaci\u00f3ns Xeogr\u00e1ficas de Augardentes e Licores Tradicionais de Galicia.<\/p>\n<div id=\"attachment_4834\" style=\"width: 870px\" class=\"wp-caption aligncenter\"><img loading=\"lazy\" decoding=\"async\" aria-describedby=\"caption-attachment-4834\" class=\"wp-image-4834 size-full\" src=\"https:\/\/comunicando.gal\/gal\/wp-content\/uploads\/2025\/06\/WhatsApp-Image-2025-06-18-at-13.36.54.jpeg\" alt=\"\" width=\"860\" height=\"500\" srcset=\"https:\/\/comunicando.gal\/gal\/wp-content\/uploads\/2025\/06\/WhatsApp-Image-2025-06-18-at-13.36.54.jpeg 860w, https:\/\/comunicando.gal\/gal\/wp-content\/uploads\/2025\/06\/WhatsApp-Image-2025-06-18-at-13.36.54-768x447.jpeg 768w, https:\/\/comunicando.gal\/gal\/wp-content\/uploads\/2025\/06\/WhatsApp-Image-2025-06-18-at-13.36.54-24x14.jpeg 24w, https:\/\/comunicando.gal\/gal\/wp-content\/uploads\/2025\/06\/WhatsApp-Image-2025-06-18-at-13.36.54-36x21.jpeg 36w, https:\/\/comunicando.gal\/gal\/wp-content\/uploads\/2025\/06\/WhatsApp-Image-2025-06-18-at-13.36.54-48x28.jpeg 48w\" sizes=\"auto, (max-width: 860px) 100vw, 860px\" \/><p id=\"caption-attachment-4834\" class=\"wp-caption-text\">Edificio Axel Towers, onde se ubica o restaurante TRIO de Copenhague.<\/p><\/div>\n<p>Gracias ao traballo de comunicaci\u00f3n corporativa, ACRUAGA recibiu nesta cita o <strong>apoio institucional<\/strong> da Embaixada de Espa\u00f1a en Dinamarca a trav\u00e9s do propio embaixador, Salvador Rueda Rabanal, e de outros membros do organismo diplom\u00e1tico como Ignacio Jim\u00e9nez, Conselleiro de Turismo, e Antonio Solesio, Conselleiro de Emprego. Tam\u00e9n visitou o Sal\u00f3n Cristina P\u00e9rez Bermejo, responsable do Departamento de Produtos Agroalimentarios da oficina comercial do ICEX en Dinamarca.<\/p>\n<div id=\"attachment_4835\" style=\"width: 910px\" class=\"wp-caption aligncenter\"><img loading=\"lazy\" decoding=\"async\" aria-describedby=\"caption-attachment-4835\" class=\"wp-image-4835 size-full\" src=\"https:\/\/comunicando.gal\/gal\/wp-content\/uploads\/2025\/06\/ACRUAGA-Dinamarca-web.jpg\" alt=\"\" width=\"900\" height=\"601\" srcset=\"https:\/\/comunicando.gal\/gal\/wp-content\/uploads\/2025\/06\/ACRUAGA-Dinamarca-web.jpg 900w, https:\/\/comunicando.gal\/gal\/wp-content\/uploads\/2025\/06\/ACRUAGA-Dinamarca-web-768x513.jpg 768w, https:\/\/comunicando.gal\/gal\/wp-content\/uploads\/2025\/06\/ACRUAGA-Dinamarca-web-600x400.jpg 600w, https:\/\/comunicando.gal\/gal\/wp-content\/uploads\/2025\/06\/ACRUAGA-Dinamarca-web-24x16.jpg 24w, https:\/\/comunicando.gal\/gal\/wp-content\/uploads\/2025\/06\/ACRUAGA-Dinamarca-web-36x24.jpg 36w, https:\/\/comunicando.gal\/gal\/wp-content\/uploads\/2025\/06\/ACRUAGA-Dinamarca-web-48x32.jpg 48w\" sizes=\"auto, (max-width: 900px) 100vw, 900px\" \/><p id=\"caption-attachment-4835\" class=\"wp-caption-text\">Responsables dos seis consellos reguladores que conforman ACRUAGA, ademais de membros da Embaixada de Espa\u00f1a en Dinamarca.<\/p><\/div>\n","protected":false},"excerpt":{"rendered":"<p>Despois do \u00e9xito colleitado na promoci\u00f3n conxunta dos vi\u00f1os, licores e augardentes galegos nos sal\u00f3ns organizados en Londres, Reino Unido, en novembro do 2024; e Copenhague, Dinamarca, en xu\u00f1o do 2025; en Comunicando non podemos estar m\u00e1is satisfeitos do traballo realizado. A capital danesa foi a \u00faltima en acoller a proposta dos seis consellos reguladores [&hellip;]<\/p>\n","protected":false},"author":3,"featured_media":4835,"comment_status":"open","ping_status":"open","sticky":false,"template":"","format":"standard","meta":{"footnotes":""},"categories":[1],"tags":[],"class_list":["post-4831","post","type-post","status-publish","format-standard","has-post-thumbnail","hentry","category-noticias"],"yoast_head":"<!-- This site is optimized with the Yoast SEO plugin v26.2 - https:\/\/yoast.com\/wordpress\/plugins\/seo\/ -->\n<title>Comunicando organiza o I Sal\u00f3n dos Vi\u00f1os, Licores e Augardentes Galegos en Dinamarca<\/title>\n<meta name=\"robots\" content=\"index, follow, max-snippet:-1, max-image-preview:large, max-video-preview:-1\" \/>\n<link rel=\"canonical\" href=\"https:\/\/comunicando.gal\/gal\/comunicando-organiza-o-i-salon-dos-vinos-licores-e-augardentes-galegos-en-dinamarca\/\" \/>\n<meta property=\"og:locale\" content=\"es_ES\" \/>\n<meta property=\"og:type\" content=\"article\" \/>\n<meta property=\"og:title\" content=\"Comunicando organiza o I Sal\u00f3n dos Vi\u00f1os, Licores e Augardentes Galegos en Dinamarca\" \/>\n<meta property=\"og:description\" content=\"Despois do \u00e9xito colleitado na promoci\u00f3n conxunta dos vi\u00f1os, licores e augardentes galegos nos sal\u00f3ns organizados en Londres, Reino Unido, en novembro do 2024; e Copenhague, Dinamarca, en xu\u00f1o do 2025; en Comunicando non podemos estar m\u00e1is satisfeitos do traballo realizado. A capital danesa foi a \u00faltima en acoller a proposta dos seis consellos reguladores [&hellip;]\" \/>\n<meta property=\"og:url\" content=\"https:\/\/comunicando.gal\/gal\/comunicando-organiza-o-i-salon-dos-vinos-licores-e-augardentes-galegos-en-dinamarca\/\" \/>\n<meta property=\"og:site_name\" content=\"Comunicando\" \/>\n<meta property=\"article:published_time\" content=\"2025-06-18T14:24:07+00:00\" \/>\n<meta property=\"og:image\" content=\"https:\/\/comunicando.gal\/gal\/wp-content\/uploads\/2025\/06\/ACRUAGA-Dinamarca-web.jpg\" \/>\n\t<meta property=\"og:image:width\" content=\"900\" \/>\n\t<meta property=\"og:image:height\" content=\"601\" \/>\n\t<meta property=\"og:image:type\" content=\"image\/jpeg\" \/>\n<meta name=\"author\" content=\"Jorge Isla\" \/>\n<meta name=\"twitter:card\" content=\"summary_large_image\" \/>\n<script type=\"application\/ld+json\" class=\"yoast-schema-graph\">{\"@context\":\"https:\/\/schema.org\",\"@graph\":[{\"@type\":\"Article\",\"@id\":\"https:\/\/comunicando.gal\/gal\/comunicando-organiza-o-i-salon-dos-vinos-licores-e-augardentes-galegos-en-dinamarca\/#article\",\"isPartOf\":{\"@id\":\"https:\/\/comunicando.gal\/gal\/comunicando-organiza-o-i-salon-dos-vinos-licores-e-augardentes-galegos-en-dinamarca\/\"},\"author\":{\"name\":\"Jorge Isla\",\"@id\":\"https:\/\/comunicando.gal\/gal\/#\/schema\/person\/0d28af683c857811ed3fe6a412c4a429\"},\"headline\":\"Comunicando organiza o I Sal\u00f3n dos Vi\u00f1os, Licores e Augardentes Galegos en Dinamarca\",\"datePublished\":\"2025-06-18T14:24:07+00:00\",\"mainEntityOfPage\":{\"@id\":\"https:\/\/comunicando.gal\/gal\/comunicando-organiza-o-i-salon-dos-vinos-licores-e-augardentes-galegos-en-dinamarca\/\"},\"wordCount\":419,\"commentCount\":0,\"publisher\":{\"@id\":\"https:\/\/comunicando.gal\/gal\/#organization\"},\"image\":{\"@id\":\"https:\/\/comunicando.gal\/gal\/comunicando-organiza-o-i-salon-dos-vinos-licores-e-augardentes-galegos-en-dinamarca\/#primaryimage\"},\"thumbnailUrl\":\"https:\/\/comunicando.gal\/gal\/wp-content\/uploads\/2025\/06\/ACRUAGA-Dinamarca-web.jpg\",\"articleSection\":[\"Noticias\"],\"inLanguage\":\"es\"},{\"@type\":\"WebPage\",\"@id\":\"https:\/\/comunicando.gal\/gal\/comunicando-organiza-o-i-salon-dos-vinos-licores-e-augardentes-galegos-en-dinamarca\/\",\"url\":\"https:\/\/comunicando.gal\/gal\/comunicando-organiza-o-i-salon-dos-vinos-licores-e-augardentes-galegos-en-dinamarca\/\",\"name\":\"Comunicando organiza o I Sal\u00f3n dos Vi\u00f1os, Licores e Augardentes Galegos en Dinamarca\",\"isPartOf\":{\"@id\":\"https:\/\/comunicando.gal\/gal\/#website\"},\"primaryImageOfPage\":{\"@id\":\"https:\/\/comunicando.gal\/gal\/comunicando-organiza-o-i-salon-dos-vinos-licores-e-augardentes-galegos-en-dinamarca\/#primaryimage\"},\"image\":{\"@id\":\"https:\/\/comunicando.gal\/gal\/comunicando-organiza-o-i-salon-dos-vinos-licores-e-augardentes-galegos-en-dinamarca\/#primaryimage\"},\"thumbnailUrl\":\"https:\/\/comunicando.gal\/gal\/wp-content\/uploads\/2025\/06\/ACRUAGA-Dinamarca-web.jpg\",\"datePublished\":\"2025-06-18T14:24:07+00:00\",\"breadcrumb\":{\"@id\":\"https:\/\/comunicando.gal\/gal\/comunicando-organiza-o-i-salon-dos-vinos-licores-e-augardentes-galegos-en-dinamarca\/#breadcrumb\"},\"inLanguage\":\"es\",\"potentialAction\":[{\"@type\":\"ReadAction\",\"target\":[\"https:\/\/comunicando.gal\/gal\/comunicando-organiza-o-i-salon-dos-vinos-licores-e-augardentes-galegos-en-dinamarca\/\"]}]},{\"@type\":\"ImageObject\",\"inLanguage\":\"es\",\"@id\":\"https:\/\/comunicando.gal\/gal\/comunicando-organiza-o-i-salon-dos-vinos-licores-e-augardentes-galegos-en-dinamarca\/#primaryimage\",\"url\":\"https:\/\/comunicando.gal\/gal\/wp-content\/uploads\/2025\/06\/ACRUAGA-Dinamarca-web.jpg\",\"contentUrl\":\"https:\/\/comunicando.gal\/gal\/wp-content\/uploads\/2025\/06\/ACRUAGA-Dinamarca-web.jpg\",\"width\":900,\"height\":601},{\"@type\":\"BreadcrumbList\",\"@id\":\"https:\/\/comunicando.gal\/gal\/comunicando-organiza-o-i-salon-dos-vinos-licores-e-augardentes-galegos-en-dinamarca\/#breadcrumb\",\"itemListElement\":[{\"@type\":\"ListItem\",\"position\":1,\"name\":\"Portada\",\"item\":\"https:\/\/comunicando.gal\/gal\/\"},{\"@type\":\"ListItem\",\"position\":2,\"name\":\"Comunicando organiza o I Sal\u00f3n dos Vi\u00f1os, Licores e Augardentes Galegos en Dinamarca\"}]},{\"@type\":\"WebSite\",\"@id\":\"https:\/\/comunicando.gal\/gal\/#website\",\"url\":\"https:\/\/comunicando.gal\/gal\/\",\"name\":\"Comunicando. Consultor\u00eda de comunicaci\u00f3n.\",\"description\":\"Consultor\u00eda de comunicaci\u00f3n\",\"publisher\":{\"@id\":\"https:\/\/comunicando.gal\/gal\/#organization\"},\"alternateName\":\"Comunicando. Consultor\u00eda de comunicaci\u00f3n.\",\"potentialAction\":[{\"@type\":\"SearchAction\",\"target\":{\"@type\":\"EntryPoint\",\"urlTemplate\":\"https:\/\/comunicando.gal\/gal\/?s={search_term_string}\"},\"query-input\":{\"@type\":\"PropertyValueSpecification\",\"valueRequired\":true,\"valueName\":\"search_term_string\"}}],\"inLanguage\":\"es\"},{\"@type\":\"Organization\",\"@id\":\"https:\/\/comunicando.gal\/gal\/#organization\",\"name\":\"Comunicando. Consultor\u00eda de comunicaci\u00f3n.\",\"url\":\"https:\/\/comunicando.gal\/gal\/\",\"logo\":{\"@type\":\"ImageObject\",\"inLanguage\":\"es\",\"@id\":\"https:\/\/comunicando.gal\/gal\/#\/schema\/logo\/image\/\",\"url\":\"https:\/\/comunicando.gal\/gal\/wp-content\/uploads\/2024\/07\/comunicando-vertical.png\",\"contentUrl\":\"https:\/\/comunicando.gal\/gal\/wp-content\/uploads\/2024\/07\/comunicando-vertical.png\",\"width\":300,\"height\":323,\"caption\":\"Comunicando. Consultor\u00eda de comunicaci\u00f3n.\"},\"image\":{\"@id\":\"https:\/\/comunicando.gal\/gal\/#\/schema\/logo\/image\/\"}},{\"@type\":\"Person\",\"@id\":\"https:\/\/comunicando.gal\/gal\/#\/schema\/person\/0d28af683c857811ed3fe6a412c4a429\",\"name\":\"Jorge Isla\"}]}<\/script>\n<!-- \/ Yoast SEO plugin. -->","yoast_head_json":{"title":"Comunicando organiza o I Sal\u00f3n dos Vi\u00f1os, Licores e Augardentes Galegos en Dinamarca","robots":{"index":"index","follow":"follow","max-snippet":"max-snippet:-1","max-image-preview":"max-image-preview:large","max-video-preview":"max-video-preview:-1"},"canonical":"https:\/\/comunicando.gal\/gal\/comunicando-organiza-o-i-salon-dos-vinos-licores-e-augardentes-galegos-en-dinamarca\/","og_locale":"es_ES","og_type":"article","og_title":"Comunicando organiza o I Sal\u00f3n dos Vi\u00f1os, Licores e Augardentes Galegos en Dinamarca","og_description":"Despois do \u00e9xito colleitado na promoci\u00f3n conxunta dos vi\u00f1os, licores e augardentes galegos nos sal\u00f3ns organizados en Londres, Reino Unido, en novembro do 2024; e Copenhague, Dinamarca, en xu\u00f1o do 2025; en Comunicando non podemos estar m\u00e1is satisfeitos do traballo realizado. A capital danesa foi a \u00faltima en acoller a proposta dos seis consellos reguladores [&hellip;]","og_url":"https:\/\/comunicando.gal\/gal\/comunicando-organiza-o-i-salon-dos-vinos-licores-e-augardentes-galegos-en-dinamarca\/","og_site_name":"Comunicando","article_published_time":"2025-06-18T14:24:07+00:00","og_image":[{"width":900,"height":601,"url":"https:\/\/comunicando.gal\/gal\/wp-content\/uploads\/2025\/06\/ACRUAGA-Dinamarca-web.jpg","type":"image\/jpeg"}],"author":"Jorge Isla","twitter_card":"summary_large_image","schema":{"@context":"https:\/\/schema.org","@graph":[{"@type":"Article","@id":"https:\/\/comunicando.gal\/gal\/comunicando-organiza-o-i-salon-dos-vinos-licores-e-augardentes-galegos-en-dinamarca\/#article","isPartOf":{"@id":"https:\/\/comunicando.gal\/gal\/comunicando-organiza-o-i-salon-dos-vinos-licores-e-augardentes-galegos-en-dinamarca\/"},"author":{"name":"Jorge Isla","@id":"https:\/\/comunicando.gal\/gal\/#\/schema\/person\/0d28af683c857811ed3fe6a412c4a429"},"headline":"Comunicando organiza o I Sal\u00f3n dos Vi\u00f1os, Licores e Augardentes Galegos en Dinamarca","datePublished":"2025-06-18T14:24:07+00:00","mainEntityOfPage":{"@id":"https:\/\/comunicando.gal\/gal\/comunicando-organiza-o-i-salon-dos-vinos-licores-e-augardentes-galegos-en-dinamarca\/"},"wordCount":419,"commentCount":0,"publisher":{"@id":"https:\/\/comunicando.gal\/gal\/#organization"},"image":{"@id":"https:\/\/comunicando.gal\/gal\/comunicando-organiza-o-i-salon-dos-vinos-licores-e-augardentes-galegos-en-dinamarca\/#primaryimage"},"thumbnailUrl":"https:\/\/comunicando.gal\/gal\/wp-content\/uploads\/2025\/06\/ACRUAGA-Dinamarca-web.jpg","articleSection":["Noticias"],"inLanguage":"es"},{"@type":"WebPage","@id":"https:\/\/comunicando.gal\/gal\/comunicando-organiza-o-i-salon-dos-vinos-licores-e-augardentes-galegos-en-dinamarca\/","url":"https:\/\/comunicando.gal\/gal\/comunicando-organiza-o-i-salon-dos-vinos-licores-e-augardentes-galegos-en-dinamarca\/","name":"Comunicando organiza o I Sal\u00f3n dos Vi\u00f1os, Licores e Augardentes Galegos en Dinamarca","isPartOf":{"@id":"https:\/\/comunicando.gal\/gal\/#website"},"primaryImageOfPage":{"@id":"https:\/\/comunicando.gal\/gal\/comunicando-organiza-o-i-salon-dos-vinos-licores-e-augardentes-galegos-en-dinamarca\/#primaryimage"},"image":{"@id":"https:\/\/comunicando.gal\/gal\/comunicando-organiza-o-i-salon-dos-vinos-licores-e-augardentes-galegos-en-dinamarca\/#primaryimage"},"thumbnailUrl":"https:\/\/comunicando.gal\/gal\/wp-content\/uploads\/2025\/06\/ACRUAGA-Dinamarca-web.jpg","datePublished":"2025-06-18T14:24:07+00:00","breadcrumb":{"@id":"https:\/\/comunicando.gal\/gal\/comunicando-organiza-o-i-salon-dos-vinos-licores-e-augardentes-galegos-en-dinamarca\/#breadcrumb"},"inLanguage":"es","potentialAction":[{"@type":"ReadAction","target":["https:\/\/comunicando.gal\/gal\/comunicando-organiza-o-i-salon-dos-vinos-licores-e-augardentes-galegos-en-dinamarca\/"]}]},{"@type":"ImageObject","inLanguage":"es","@id":"https:\/\/comunicando.gal\/gal\/comunicando-organiza-o-i-salon-dos-vinos-licores-e-augardentes-galegos-en-dinamarca\/#primaryimage","url":"https:\/\/comunicando.gal\/gal\/wp-content\/uploads\/2025\/06\/ACRUAGA-Dinamarca-web.jpg","contentUrl":"https:\/\/comunicando.gal\/gal\/wp-content\/uploads\/2025\/06\/ACRUAGA-Dinamarca-web.jpg","width":900,"height":601},{"@type":"BreadcrumbList","@id":"https:\/\/comunicando.gal\/gal\/comunicando-organiza-o-i-salon-dos-vinos-licores-e-augardentes-galegos-en-dinamarca\/#breadcrumb","itemListElement":[{"@type":"ListItem","position":1,"name":"Portada","item":"https:\/\/comunicando.gal\/gal\/"},{"@type":"ListItem","position":2,"name":"Comunicando organiza o I Sal\u00f3n dos Vi\u00f1os, Licores e Augardentes Galegos en Dinamarca"}]},{"@type":"WebSite","@id":"https:\/\/comunicando.gal\/gal\/#website","url":"https:\/\/comunicando.gal\/gal\/","name":"Comunicando. Consultor\u00eda de comunicaci\u00f3n.","description":"Consultor\u00eda de comunicaci\u00f3n","publisher":{"@id":"https:\/\/comunicando.gal\/gal\/#organization"},"alternateName":"Comunicando. Consultor\u00eda de comunicaci\u00f3n.","potentialAction":[{"@type":"SearchAction","target":{"@type":"EntryPoint","urlTemplate":"https:\/\/comunicando.gal\/gal\/?s={search_term_string}"},"query-input":{"@type":"PropertyValueSpecification","valueRequired":true,"valueName":"search_term_string"}}],"inLanguage":"es"},{"@type":"Organization","@id":"https:\/\/comunicando.gal\/gal\/#organization","name":"Comunicando. Consultor\u00eda de comunicaci\u00f3n.","url":"https:\/\/comunicando.gal\/gal\/","logo":{"@type":"ImageObject","inLanguage":"es","@id":"https:\/\/comunicando.gal\/gal\/#\/schema\/logo\/image\/","url":"https:\/\/comunicando.gal\/gal\/wp-content\/uploads\/2024\/07\/comunicando-vertical.png","contentUrl":"https:\/\/comunicando.gal\/gal\/wp-content\/uploads\/2024\/07\/comunicando-vertical.png","width":300,"height":323,"caption":"Comunicando. Consultor\u00eda de comunicaci\u00f3n."},"image":{"@id":"https:\/\/comunicando.gal\/gal\/#\/schema\/logo\/image\/"}},{"@type":"Person","@id":"https:\/\/comunicando.gal\/gal\/#\/schema\/person\/0d28af683c857811ed3fe6a412c4a429","name":"Jorge Isla"}]}},"_links":{"self":[{"href":"https:\/\/comunicando.gal\/gal\/wp-json\/wp\/v2\/posts\/4831","targetHints":{"allow":["GET"]}}],"collection":[{"href":"https:\/\/comunicando.gal\/gal\/wp-json\/wp\/v2\/posts"}],"about":[{"href":"https:\/\/comunicando.gal\/gal\/wp-json\/wp\/v2\/types\/post"}],"author":[{"embeddable":true,"href":"https:\/\/comunicando.gal\/gal\/wp-json\/wp\/v2\/users\/3"}],"replies":[{"embeddable":true,"href":"https:\/\/comunicando.gal\/gal\/wp-json\/wp\/v2\/comments?post=4831"}],"version-history":[{"count":3,"href":"https:\/\/comunicando.gal\/gal\/wp-json\/wp\/v2\/posts\/4831\/revisions"}],"predecessor-version":[{"id":4838,"href":"https:\/\/comunicando.gal\/gal\/wp-json\/wp\/v2\/posts\/4831\/revisions\/4838"}],"wp:featuredmedia":[{"embeddable":true,"href":"https:\/\/comunicando.gal\/gal\/wp-json\/wp\/v2\/media\/4835"}],"wp:attachment":[{"href":"https:\/\/comunicando.gal\/gal\/wp-json\/wp\/v2\/media?parent=4831"}],"wp:term":[{"taxonomy":"category","embeddable":true,"href":"https:\/\/comunicando.gal\/gal\/wp-json\/wp\/v2\/categories?post=4831"},{"taxonomy":"post_tag","embeddable":true,"href":"https:\/\/comunicando.gal\/gal\/wp-json\/wp\/v2\/tags?post=4831"}],"curies":[{"name":"wp","href":"https:\/\/api.w.org\/{rel}","templated":true}]}}