{"id":4815,"date":"2025-06-02T16:21:35","date_gmt":"2025-06-02T14:21:35","guid":{"rendered":"https:\/\/comunicando.gal\/gal\/?p=4815"},"modified":"2025-06-02T16:25:50","modified_gmt":"2025-06-02T14:25:50","slug":"o-concello-do-bolo-aposta-polo-turismo-presentando-unha-nova-imaxe-de-marca-e-unha-nova-web","status":"publish","type":"post","link":"https:\/\/comunicando.gal\/gal\/o-concello-do-bolo-aposta-polo-turismo-presentando-unha-nova-imaxe-de-marca-e-unha-nova-web\/","title":{"rendered":"O Concello do Bolo aposta polo turismo presentando unha nova imaxe de marca e unha nova web"},"content":{"rendered":"<p><strong>A coordinaci\u00f3n do proxecto estivo en mans da consultor\u00eda de comunicaci\u00f3n Comunicando, que se apoiou en dese\u00f1adores locais como Ver\u00f3nica Vieira, nas \u00e1reas m\u00e1is art\u00edsticas.\u00a0<\/strong><\/p>\n<div id=\"attachment_4817\" style=\"width: 910px\" class=\"wp-caption aligncenter\"><img loading=\"lazy\" decoding=\"async\" aria-describedby=\"caption-attachment-4817\" class=\"wp-image-4817 size-full\" src=\"https:\/\/comunicando.gal\/gal\/wp-content\/uploads\/2025\/06\/presentacionobolo2.jpg\" alt=\"\" width=\"900\" height=\"600\" srcset=\"https:\/\/comunicando.gal\/gal\/wp-content\/uploads\/2025\/06\/presentacionobolo2.jpg 900w, https:\/\/comunicando.gal\/gal\/wp-content\/uploads\/2025\/06\/presentacionobolo2-768x512.jpg 768w, https:\/\/comunicando.gal\/gal\/wp-content\/uploads\/2025\/06\/presentacionobolo2-600x400.jpg 600w, https:\/\/comunicando.gal\/gal\/wp-content\/uploads\/2025\/06\/presentacionobolo2-24x16.jpg 24w, https:\/\/comunicando.gal\/gal\/wp-content\/uploads\/2025\/06\/presentacionobolo2-36x24.jpg 36w, https:\/\/comunicando.gal\/gal\/wp-content\/uploads\/2025\/06\/presentacionobolo2-48x32.jpg 48w\" sizes=\"auto, (max-width: 900px) 100vw, 900px\" \/><p id=\"caption-attachment-4817\" class=\"wp-caption-text\">O director de Comunicando, Jorge Isla, presentando a nova p\u00e1xina web de Turismo de Terras do Bolo.<\/p><\/div>\n<p>O Concello do Bolo contin\u00faa coa s\u00faa aposta polo turismo, coa presentaci\u00f3n hoxe da s\u00faa nova imaxe de marca e a s\u00faa nova p\u00e1xina web, elementos que forman parte do Plan de M\u00e1rketing e Promoci\u00f3n, posto en marcha o ano pasado e que son componentes de un proyecto global que tambi\u00e9n incluye otras dos l\u00edneas de trabajo diferenciadas:<\/p>\n<ul>\n<li>O Plan de Vivenda e Chan do Concello, que se presentou no Castelo do Bolo o 27 de decembro do 2024, calificado como \u201ciniciativa pioneira na comunidade galega\u201d polo arquitecto que o levou a cabo, Luis \u00c1lvarez, que afirmou que \u201cen Galicia \u00e9 un dos primeiros planes que se fan deste tipo\u201d. A finalidade do Concello, coa s\u00faa posta en marcha, foi \u201crecoller as necesidades de vivenda\u201d, analizando \u201co estado das vivendas actu\u00e1is\u201d, e marcar \u201cunhas li\u00f1as de traballo\u201d para os vindeiros cinco anos.<\/li>\n<li>O Plan de M\u00e1rketing e Promoci\u00f3n, posto en marcha o ano pasado, a trav\u00e9s do que se fixeron campa\u00f1as de m\u00e1rketing e promoci\u00f3n tur\u00edstica do Bolo en medios locais e especializados, tanto en dixital como en papel.<\/li>\n<\/ul>\n<p>A coordinaci\u00f3n do traballo estivo en mans da consultor\u00eda de comunicaci\u00f3n Comunicando, que se apoiou en dise\u00f1adores locais como <strong>Ver\u00f3nica Vieira<\/strong>, nas \u00e1reas m\u00e1is art\u00edsticas do proxecto. Ela, que estivo presente no acto para presentar a nova imaxe de marca, salientou o feito de que O Bolo \u00abaposte por facer as cousas con xente local, como \u00e9 ela, e sobre todo porque sendo un concello tan pequeno, aposte pola calidade e polo dese\u00f1o que non \u00e9 algo habitual\u201d.<\/p>\n<p>&nbsp;<\/p>\n<div id=\"attachment_4816\" style=\"width: 910px\" class=\"wp-caption aligncenter\"><img loading=\"lazy\" decoding=\"async\" aria-describedby=\"caption-attachment-4816\" class=\"wp-image-4816 size-full\" src=\"https:\/\/comunicando.gal\/gal\/wp-content\/uploads\/2025\/06\/presentacionobolo1.jpg\" alt=\"\" width=\"900\" height=\"600\" srcset=\"https:\/\/comunicando.gal\/gal\/wp-content\/uploads\/2025\/06\/presentacionobolo1.jpg 900w, https:\/\/comunicando.gal\/gal\/wp-content\/uploads\/2025\/06\/presentacionobolo1-768x512.jpg 768w, https:\/\/comunicando.gal\/gal\/wp-content\/uploads\/2025\/06\/presentacionobolo1-600x400.jpg 600w, https:\/\/comunicando.gal\/gal\/wp-content\/uploads\/2025\/06\/presentacionobolo1-24x16.jpg 24w, https:\/\/comunicando.gal\/gal\/wp-content\/uploads\/2025\/06\/presentacionobolo1-36x24.jpg 36w, https:\/\/comunicando.gal\/gal\/wp-content\/uploads\/2025\/06\/presentacionobolo1-48x32.jpg 48w\" sizes=\"auto, (max-width: 900px) 100vw, 900px\" \/><p id=\"caption-attachment-4816\" class=\"wp-caption-text\">A dise\u00f1adora Ver\u00f3nica Vieira, realiza a presentaci\u00f3n de imaxe de marca.<\/p><\/div>\n<p>Pola s\u00faa banda, <strong>Jorge Isla<\/strong>, director de Comunicando, presentou a nova web\u00a0 \u00a0<a href=\"http:\/\/www.turismoterrasdobolo.gal\">www.turismoterrasdobolo.gal<\/a> da que explicou que se puxo en marcha porque \u201co turismo do Bolo cada d\u00eda est\u00e1 cobrando unha importancia maior, polo que era imprescindible que tivese un espazo independente, destacado e dun dise\u00f1o actual\u201d.<\/p>\n","protected":false},"excerpt":{"rendered":"<p>A coordinaci\u00f3n do proxecto estivo en mans da consultor\u00eda de comunicaci\u00f3n Comunicando, que se apoiou en dese\u00f1adores locais como Ver\u00f3nica Vieira, nas \u00e1reas m\u00e1is art\u00edsticas.\u00a0 O Concello do Bolo contin\u00faa coa s\u00faa aposta polo turismo, coa presentaci\u00f3n hoxe da s\u00faa nova imaxe de marca e a s\u00faa nova p\u00e1xina web, elementos que forman parte do [&hellip;]<\/p>\n","protected":false},"author":3,"featured_media":4817,"comment_status":"open","ping_status":"open","sticky":false,"template":"","format":"standard","meta":{"footnotes":""},"categories":[1],"tags":[],"class_list":["post-4815","post","type-post","status-publish","format-standard","has-post-thumbnail","hentry","category-noticias"],"yoast_head":"<!-- This site is optimized with the Yoast SEO plugin v26.2 - https:\/\/yoast.com\/wordpress\/plugins\/seo\/ -->\n<title>O Concello do Bolo aposta polo turismo presentando unha nova imaxe de marca e unha nova web<\/title>\n<meta name=\"robots\" content=\"index, follow, max-snippet:-1, max-image-preview:large, max-video-preview:-1\" \/>\n<link rel=\"canonical\" href=\"https:\/\/comunicando.gal\/gal\/o-concello-do-bolo-aposta-polo-turismo-presentando-unha-nova-imaxe-de-marca-e-unha-nova-web\/\" \/>\n<meta property=\"og:locale\" content=\"es_ES\" \/>\n<meta property=\"og:type\" content=\"article\" \/>\n<meta property=\"og:title\" content=\"O Concello do Bolo aposta polo turismo presentando unha nova imaxe de marca e unha nova web\" \/>\n<meta property=\"og:description\" content=\"A coordinaci\u00f3n do proxecto estivo en mans da consultor\u00eda de comunicaci\u00f3n Comunicando, que se apoiou en dese\u00f1adores locais como Ver\u00f3nica Vieira, nas \u00e1reas m\u00e1is art\u00edsticas.\u00a0 O Concello do Bolo contin\u00faa coa s\u00faa aposta polo turismo, coa presentaci\u00f3n hoxe da s\u00faa nova imaxe de marca e a s\u00faa nova p\u00e1xina web, elementos que forman parte do [&hellip;]\" \/>\n<meta property=\"og:url\" content=\"https:\/\/comunicando.gal\/gal\/o-concello-do-bolo-aposta-polo-turismo-presentando-unha-nova-imaxe-de-marca-e-unha-nova-web\/\" \/>\n<meta property=\"og:site_name\" content=\"Comunicando\" \/>\n<meta property=\"article:published_time\" content=\"2025-06-02T14:21:35+00:00\" \/>\n<meta property=\"article:modified_time\" content=\"2025-06-02T14:25:50+00:00\" \/>\n<meta property=\"og:image\" content=\"https:\/\/comunicando.gal\/gal\/wp-content\/uploads\/2025\/06\/presentacionobolo2.jpg\" \/>\n\t<meta property=\"og:image:width\" content=\"900\" \/>\n\t<meta property=\"og:image:height\" content=\"600\" \/>\n\t<meta property=\"og:image:type\" content=\"image\/jpeg\" \/>\n<meta name=\"author\" content=\"Jorge Isla\" \/>\n<meta name=\"twitter:card\" content=\"summary_large_image\" \/>\n<script type=\"application\/ld+json\" class=\"yoast-schema-graph\">{\"@context\":\"https:\/\/schema.org\",\"@graph\":[{\"@type\":\"Article\",\"@id\":\"https:\/\/comunicando.gal\/gal\/o-concello-do-bolo-aposta-polo-turismo-presentando-unha-nova-imaxe-de-marca-e-unha-nova-web\/#article\",\"isPartOf\":{\"@id\":\"https:\/\/comunicando.gal\/gal\/o-concello-do-bolo-aposta-polo-turismo-presentando-unha-nova-imaxe-de-marca-e-unha-nova-web\/\"},\"author\":{\"name\":\"Jorge Isla\",\"@id\":\"https:\/\/comunicando.gal\/gal\/#\/schema\/person\/0d28af683c857811ed3fe6a412c4a429\"},\"headline\":\"O Concello do Bolo aposta polo turismo presentando unha nova imaxe de marca e unha nova web\",\"datePublished\":\"2025-06-02T14:21:35+00:00\",\"dateModified\":\"2025-06-02T14:25:50+00:00\",\"mainEntityOfPage\":{\"@id\":\"https:\/\/comunicando.gal\/gal\/o-concello-do-bolo-aposta-polo-turismo-presentando-unha-nova-imaxe-de-marca-e-unha-nova-web\/\"},\"wordCount\":428,\"commentCount\":0,\"publisher\":{\"@id\":\"https:\/\/comunicando.gal\/gal\/#organization\"},\"image\":{\"@id\":\"https:\/\/comunicando.gal\/gal\/o-concello-do-bolo-aposta-polo-turismo-presentando-unha-nova-imaxe-de-marca-e-unha-nova-web\/#primaryimage\"},\"thumbnailUrl\":\"https:\/\/comunicando.gal\/gal\/wp-content\/uploads\/2025\/06\/presentacionobolo2.jpg\",\"articleSection\":[\"Noticias\"],\"inLanguage\":\"es\"},{\"@type\":\"WebPage\",\"@id\":\"https:\/\/comunicando.gal\/gal\/o-concello-do-bolo-aposta-polo-turismo-presentando-unha-nova-imaxe-de-marca-e-unha-nova-web\/\",\"url\":\"https:\/\/comunicando.gal\/gal\/o-concello-do-bolo-aposta-polo-turismo-presentando-unha-nova-imaxe-de-marca-e-unha-nova-web\/\",\"name\":\"O Concello do Bolo aposta polo turismo presentando unha nova imaxe de marca e unha nova web\",\"isPartOf\":{\"@id\":\"https:\/\/comunicando.gal\/gal\/#website\"},\"primaryImageOfPage\":{\"@id\":\"https:\/\/comunicando.gal\/gal\/o-concello-do-bolo-aposta-polo-turismo-presentando-unha-nova-imaxe-de-marca-e-unha-nova-web\/#primaryimage\"},\"image\":{\"@id\":\"https:\/\/comunicando.gal\/gal\/o-concello-do-bolo-aposta-polo-turismo-presentando-unha-nova-imaxe-de-marca-e-unha-nova-web\/#primaryimage\"},\"thumbnailUrl\":\"https:\/\/comunicando.gal\/gal\/wp-content\/uploads\/2025\/06\/presentacionobolo2.jpg\",\"datePublished\":\"2025-06-02T14:21:35+00:00\",\"dateModified\":\"2025-06-02T14:25:50+00:00\",\"breadcrumb\":{\"@id\":\"https:\/\/comunicando.gal\/gal\/o-concello-do-bolo-aposta-polo-turismo-presentando-unha-nova-imaxe-de-marca-e-unha-nova-web\/#breadcrumb\"},\"inLanguage\":\"es\",\"potentialAction\":[{\"@type\":\"ReadAction\",\"target\":[\"https:\/\/comunicando.gal\/gal\/o-concello-do-bolo-aposta-polo-turismo-presentando-unha-nova-imaxe-de-marca-e-unha-nova-web\/\"]}]},{\"@type\":\"ImageObject\",\"inLanguage\":\"es\",\"@id\":\"https:\/\/comunicando.gal\/gal\/o-concello-do-bolo-aposta-polo-turismo-presentando-unha-nova-imaxe-de-marca-e-unha-nova-web\/#primaryimage\",\"url\":\"https:\/\/comunicando.gal\/gal\/wp-content\/uploads\/2025\/06\/presentacionobolo2.jpg\",\"contentUrl\":\"https:\/\/comunicando.gal\/gal\/wp-content\/uploads\/2025\/06\/presentacionobolo2.jpg\",\"width\":900,\"height\":600},{\"@type\":\"BreadcrumbList\",\"@id\":\"https:\/\/comunicando.gal\/gal\/o-concello-do-bolo-aposta-polo-turismo-presentando-unha-nova-imaxe-de-marca-e-unha-nova-web\/#breadcrumb\",\"itemListElement\":[{\"@type\":\"ListItem\",\"position\":1,\"name\":\"Portada\",\"item\":\"https:\/\/comunicando.gal\/gal\/\"},{\"@type\":\"ListItem\",\"position\":2,\"name\":\"O Concello do Bolo aposta polo turismo presentando unha nova imaxe de marca e unha nova web\"}]},{\"@type\":\"WebSite\",\"@id\":\"https:\/\/comunicando.gal\/gal\/#website\",\"url\":\"https:\/\/comunicando.gal\/gal\/\",\"name\":\"Comunicando. Consultor\u00eda de comunicaci\u00f3n.\",\"description\":\"Consultor\u00eda de comunicaci\u00f3n\",\"publisher\":{\"@id\":\"https:\/\/comunicando.gal\/gal\/#organization\"},\"alternateName\":\"Comunicando. Consultor\u00eda de comunicaci\u00f3n.\",\"potentialAction\":[{\"@type\":\"SearchAction\",\"target\":{\"@type\":\"EntryPoint\",\"urlTemplate\":\"https:\/\/comunicando.gal\/gal\/?s={search_term_string}\"},\"query-input\":{\"@type\":\"PropertyValueSpecification\",\"valueRequired\":true,\"valueName\":\"search_term_string\"}}],\"inLanguage\":\"es\"},{\"@type\":\"Organization\",\"@id\":\"https:\/\/comunicando.gal\/gal\/#organization\",\"name\":\"Comunicando. Consultor\u00eda de comunicaci\u00f3n.\",\"url\":\"https:\/\/comunicando.gal\/gal\/\",\"logo\":{\"@type\":\"ImageObject\",\"inLanguage\":\"es\",\"@id\":\"https:\/\/comunicando.gal\/gal\/#\/schema\/logo\/image\/\",\"url\":\"https:\/\/comunicando.gal\/gal\/wp-content\/uploads\/2024\/07\/comunicando-vertical.png\",\"contentUrl\":\"https:\/\/comunicando.gal\/gal\/wp-content\/uploads\/2024\/07\/comunicando-vertical.png\",\"width\":300,\"height\":323,\"caption\":\"Comunicando. Consultor\u00eda de comunicaci\u00f3n.\"},\"image\":{\"@id\":\"https:\/\/comunicando.gal\/gal\/#\/schema\/logo\/image\/\"}},{\"@type\":\"Person\",\"@id\":\"https:\/\/comunicando.gal\/gal\/#\/schema\/person\/0d28af683c857811ed3fe6a412c4a429\",\"name\":\"Jorge Isla\"}]}<\/script>\n<!-- \/ Yoast SEO plugin. -->","yoast_head_json":{"title":"O Concello do Bolo aposta polo turismo presentando unha nova imaxe de marca e unha nova web","robots":{"index":"index","follow":"follow","max-snippet":"max-snippet:-1","max-image-preview":"max-image-preview:large","max-video-preview":"max-video-preview:-1"},"canonical":"https:\/\/comunicando.gal\/gal\/o-concello-do-bolo-aposta-polo-turismo-presentando-unha-nova-imaxe-de-marca-e-unha-nova-web\/","og_locale":"es_ES","og_type":"article","og_title":"O Concello do Bolo aposta polo turismo presentando unha nova imaxe de marca e unha nova web","og_description":"A coordinaci\u00f3n do proxecto estivo en mans da consultor\u00eda de comunicaci\u00f3n Comunicando, que se apoiou en dese\u00f1adores locais como Ver\u00f3nica Vieira, nas \u00e1reas m\u00e1is art\u00edsticas.\u00a0 O Concello do Bolo contin\u00faa coa s\u00faa aposta polo turismo, coa presentaci\u00f3n hoxe da s\u00faa nova imaxe de marca e a s\u00faa nova p\u00e1xina web, elementos que forman parte do [&hellip;]","og_url":"https:\/\/comunicando.gal\/gal\/o-concello-do-bolo-aposta-polo-turismo-presentando-unha-nova-imaxe-de-marca-e-unha-nova-web\/","og_site_name":"Comunicando","article_published_time":"2025-06-02T14:21:35+00:00","article_modified_time":"2025-06-02T14:25:50+00:00","og_image":[{"width":900,"height":600,"url":"https:\/\/comunicando.gal\/gal\/wp-content\/uploads\/2025\/06\/presentacionobolo2.jpg","type":"image\/jpeg"}],"author":"Jorge Isla","twitter_card":"summary_large_image","schema":{"@context":"https:\/\/schema.org","@graph":[{"@type":"Article","@id":"https:\/\/comunicando.gal\/gal\/o-concello-do-bolo-aposta-polo-turismo-presentando-unha-nova-imaxe-de-marca-e-unha-nova-web\/#article","isPartOf":{"@id":"https:\/\/comunicando.gal\/gal\/o-concello-do-bolo-aposta-polo-turismo-presentando-unha-nova-imaxe-de-marca-e-unha-nova-web\/"},"author":{"name":"Jorge Isla","@id":"https:\/\/comunicando.gal\/gal\/#\/schema\/person\/0d28af683c857811ed3fe6a412c4a429"},"headline":"O Concello do Bolo aposta polo turismo presentando unha nova imaxe de marca e unha nova web","datePublished":"2025-06-02T14:21:35+00:00","dateModified":"2025-06-02T14:25:50+00:00","mainEntityOfPage":{"@id":"https:\/\/comunicando.gal\/gal\/o-concello-do-bolo-aposta-polo-turismo-presentando-unha-nova-imaxe-de-marca-e-unha-nova-web\/"},"wordCount":428,"commentCount":0,"publisher":{"@id":"https:\/\/comunicando.gal\/gal\/#organization"},"image":{"@id":"https:\/\/comunicando.gal\/gal\/o-concello-do-bolo-aposta-polo-turismo-presentando-unha-nova-imaxe-de-marca-e-unha-nova-web\/#primaryimage"},"thumbnailUrl":"https:\/\/comunicando.gal\/gal\/wp-content\/uploads\/2025\/06\/presentacionobolo2.jpg","articleSection":["Noticias"],"inLanguage":"es"},{"@type":"WebPage","@id":"https:\/\/comunicando.gal\/gal\/o-concello-do-bolo-aposta-polo-turismo-presentando-unha-nova-imaxe-de-marca-e-unha-nova-web\/","url":"https:\/\/comunicando.gal\/gal\/o-concello-do-bolo-aposta-polo-turismo-presentando-unha-nova-imaxe-de-marca-e-unha-nova-web\/","name":"O Concello do Bolo aposta polo turismo presentando unha nova imaxe de marca e unha nova web","isPartOf":{"@id":"https:\/\/comunicando.gal\/gal\/#website"},"primaryImageOfPage":{"@id":"https:\/\/comunicando.gal\/gal\/o-concello-do-bolo-aposta-polo-turismo-presentando-unha-nova-imaxe-de-marca-e-unha-nova-web\/#primaryimage"},"image":{"@id":"https:\/\/comunicando.gal\/gal\/o-concello-do-bolo-aposta-polo-turismo-presentando-unha-nova-imaxe-de-marca-e-unha-nova-web\/#primaryimage"},"thumbnailUrl":"https:\/\/comunicando.gal\/gal\/wp-content\/uploads\/2025\/06\/presentacionobolo2.jpg","datePublished":"2025-06-02T14:21:35+00:00","dateModified":"2025-06-02T14:25:50+00:00","breadcrumb":{"@id":"https:\/\/comunicando.gal\/gal\/o-concello-do-bolo-aposta-polo-turismo-presentando-unha-nova-imaxe-de-marca-e-unha-nova-web\/#breadcrumb"},"inLanguage":"es","potentialAction":[{"@type":"ReadAction","target":["https:\/\/comunicando.gal\/gal\/o-concello-do-bolo-aposta-polo-turismo-presentando-unha-nova-imaxe-de-marca-e-unha-nova-web\/"]}]},{"@type":"ImageObject","inLanguage":"es","@id":"https:\/\/comunicando.gal\/gal\/o-concello-do-bolo-aposta-polo-turismo-presentando-unha-nova-imaxe-de-marca-e-unha-nova-web\/#primaryimage","url":"https:\/\/comunicando.gal\/gal\/wp-content\/uploads\/2025\/06\/presentacionobolo2.jpg","contentUrl":"https:\/\/comunicando.gal\/gal\/wp-content\/uploads\/2025\/06\/presentacionobolo2.jpg","width":900,"height":600},{"@type":"BreadcrumbList","@id":"https:\/\/comunicando.gal\/gal\/o-concello-do-bolo-aposta-polo-turismo-presentando-unha-nova-imaxe-de-marca-e-unha-nova-web\/#breadcrumb","itemListElement":[{"@type":"ListItem","position":1,"name":"Portada","item":"https:\/\/comunicando.gal\/gal\/"},{"@type":"ListItem","position":2,"name":"O Concello do Bolo aposta polo turismo presentando unha nova imaxe de marca e unha nova web"}]},{"@type":"WebSite","@id":"https:\/\/comunicando.gal\/gal\/#website","url":"https:\/\/comunicando.gal\/gal\/","name":"Comunicando. Consultor\u00eda de comunicaci\u00f3n.","description":"Consultor\u00eda de comunicaci\u00f3n","publisher":{"@id":"https:\/\/comunicando.gal\/gal\/#organization"},"alternateName":"Comunicando. Consultor\u00eda de comunicaci\u00f3n.","potentialAction":[{"@type":"SearchAction","target":{"@type":"EntryPoint","urlTemplate":"https:\/\/comunicando.gal\/gal\/?s={search_term_string}"},"query-input":{"@type":"PropertyValueSpecification","valueRequired":true,"valueName":"search_term_string"}}],"inLanguage":"es"},{"@type":"Organization","@id":"https:\/\/comunicando.gal\/gal\/#organization","name":"Comunicando. Consultor\u00eda de comunicaci\u00f3n.","url":"https:\/\/comunicando.gal\/gal\/","logo":{"@type":"ImageObject","inLanguage":"es","@id":"https:\/\/comunicando.gal\/gal\/#\/schema\/logo\/image\/","url":"https:\/\/comunicando.gal\/gal\/wp-content\/uploads\/2024\/07\/comunicando-vertical.png","contentUrl":"https:\/\/comunicando.gal\/gal\/wp-content\/uploads\/2024\/07\/comunicando-vertical.png","width":300,"height":323,"caption":"Comunicando. Consultor\u00eda de comunicaci\u00f3n."},"image":{"@id":"https:\/\/comunicando.gal\/gal\/#\/schema\/logo\/image\/"}},{"@type":"Person","@id":"https:\/\/comunicando.gal\/gal\/#\/schema\/person\/0d28af683c857811ed3fe6a412c4a429","name":"Jorge Isla"}]}},"_links":{"self":[{"href":"https:\/\/comunicando.gal\/gal\/wp-json\/wp\/v2\/posts\/4815","targetHints":{"allow":["GET"]}}],"collection":[{"href":"https:\/\/comunicando.gal\/gal\/wp-json\/wp\/v2\/posts"}],"about":[{"href":"https:\/\/comunicando.gal\/gal\/wp-json\/wp\/v2\/types\/post"}],"author":[{"embeddable":true,"href":"https:\/\/comunicando.gal\/gal\/wp-json\/wp\/v2\/users\/3"}],"replies":[{"embeddable":true,"href":"https:\/\/comunicando.gal\/gal\/wp-json\/wp\/v2\/comments?post=4815"}],"version-history":[{"count":2,"href":"https:\/\/comunicando.gal\/gal\/wp-json\/wp\/v2\/posts\/4815\/revisions"}],"predecessor-version":[{"id":4820,"href":"https:\/\/comunicando.gal\/gal\/wp-json\/wp\/v2\/posts\/4815\/revisions\/4820"}],"wp:featuredmedia":[{"embeddable":true,"href":"https:\/\/comunicando.gal\/gal\/wp-json\/wp\/v2\/media\/4817"}],"wp:attachment":[{"href":"https:\/\/comunicando.gal\/gal\/wp-json\/wp\/v2\/media?parent=4815"}],"wp:term":[{"taxonomy":"category","embeddable":true,"href":"https:\/\/comunicando.gal\/gal\/wp-json\/wp\/v2\/categories?post=4815"},{"taxonomy":"post_tag","embeddable":true,"href":"https:\/\/comunicando.gal\/gal\/wp-json\/wp\/v2\/tags?post=4815"}],"curies":[{"name":"wp","href":"https:\/\/api.w.org\/{rel}","templated":true}]}}