{"id":4803,"date":"2025-05-09T22:09:10","date_gmt":"2025-05-09T20:09:10","guid":{"rendered":"https:\/\/comunicando.gal\/gal\/?p=4803"},"modified":"2025-05-23T18:20:00","modified_gmt":"2025-05-23T16:20:00","slug":"presentamos-a-xornada-de-portas-abertas-da-ruta-do-vino-de-valdeorras","status":"publish","type":"post","link":"https:\/\/comunicando.gal\/gal\/presentamos-a-xornada-de-portas-abertas-da-ruta-do-vino-de-valdeorras\/","title":{"rendered":"Presentamos a Xornada de Portas Abertas da Ruta do Vi\u00f1o de Valdeorras"},"content":{"rendered":"<p>Hoxe celebrouse o acto inaugural das <strong>Xornadas de Portas Abertas da Ruta do Vi\u00f1o de Valdeorras, <\/strong>nas que Comunicando estivo presente colaborando coa organizaci\u00f3n e protocolo de autoridades, ademais da propia presentaci\u00f3n de dito acto.<\/p>\n<p>O noso director, Jorge Isla, foi o encargado da conducci\u00f3n do evento no que se inauguran tres d\u00edas de actividades durante o mes de maio.<\/p>\n<div id=\"attachment_4804\" style=\"width: 910px\" class=\"wp-caption alignnone\"><img loading=\"lazy\" decoding=\"async\" aria-describedby=\"caption-attachment-4804\" class=\"wp-image-4804 size-full\" src=\"https:\/\/comunicando.gal\/gal\/wp-content\/uploads\/2025\/05\/PORTASABERTASWEB.jpg\" alt=\"\" width=\"900\" height=\"601\" srcset=\"https:\/\/comunicando.gal\/gal\/wp-content\/uploads\/2025\/05\/PORTASABERTASWEB.jpg 900w, https:\/\/comunicando.gal\/gal\/wp-content\/uploads\/2025\/05\/PORTASABERTASWEB-768x513.jpg 768w, https:\/\/comunicando.gal\/gal\/wp-content\/uploads\/2025\/05\/PORTASABERTASWEB-600x400.jpg 600w, https:\/\/comunicando.gal\/gal\/wp-content\/uploads\/2025\/05\/PORTASABERTASWEB-24x16.jpg 24w, https:\/\/comunicando.gal\/gal\/wp-content\/uploads\/2025\/05\/PORTASABERTASWEB-36x24.jpg 36w, https:\/\/comunicando.gal\/gal\/wp-content\/uploads\/2025\/05\/PORTASABERTASWEB-48x32.jpg 48w\" sizes=\"auto, (max-width: 900px) 100vw, 900px\" \/><p id=\"caption-attachment-4804\" class=\"wp-caption-text\">Jorge Isla, director de Comunicando Consultor\u00eda de Comunicaci\u00f3n, presentando a inauguraci\u00f3n das Xornadas.<\/p><\/div>\n<p>&nbsp;<\/p>\n<p><a href=\"https:\/\/www.rutadelvinovaldeorras.com\/es-ES\/noticia\/primavera-de-portas-abertas-na-ruta-do-vino-valdeorras\">JORNADAS DE PORTAS ABERTAS RUTA DO VI\u00d1O DE VALDEORRAS<\/a><\/p>\n<p><img loading=\"lazy\" decoding=\"async\" class=\"alignnone size-full wp-image-4805\" src=\"https:\/\/comunicando.gal\/gal\/wp-content\/uploads\/2025\/05\/puertas-abiertas.jpg\" alt=\"\" width=\"677\" height=\"675\" srcset=\"https:\/\/comunicando.gal\/gal\/wp-content\/uploads\/2025\/05\/puertas-abiertas.jpg 677w, https:\/\/comunicando.gal\/gal\/wp-content\/uploads\/2025\/05\/puertas-abiertas-80x80.jpg 80w, https:\/\/comunicando.gal\/gal\/wp-content\/uploads\/2025\/05\/puertas-abiertas-500x500.jpg 500w, https:\/\/comunicando.gal\/gal\/wp-content\/uploads\/2025\/05\/puertas-abiertas-24x24.jpg 24w, https:\/\/comunicando.gal\/gal\/wp-content\/uploads\/2025\/05\/puertas-abiertas-36x36.jpg 36w, https:\/\/comunicando.gal\/gal\/wp-content\/uploads\/2025\/05\/puertas-abiertas-48x48.jpg 48w\" sizes=\"auto, (max-width: 677px) 100vw, 677px\" \/><\/p>\n","protected":false},"excerpt":{"rendered":"<p>Hoxe celebrouse o acto inaugural das Xornadas de Portas Abertas da Ruta do Vi\u00f1o de Valdeorras, nas que Comunicando estivo presente colaborando coa organizaci\u00f3n e protocolo de autoridades, ademais da propia presentaci\u00f3n de dito acto. O noso director, Jorge Isla, foi o encargado da conducci\u00f3n do evento no que se inauguran tres d\u00edas de actividades [&hellip;]<\/p>\n","protected":false},"author":3,"featured_media":4804,"comment_status":"open","ping_status":"open","sticky":false,"template":"","format":"standard","meta":{"footnotes":""},"categories":[1],"tags":[],"class_list":["post-4803","post","type-post","status-publish","format-standard","has-post-thumbnail","hentry","category-noticias"],"yoast_head":"<!-- This site is optimized with the Yoast SEO plugin v26.2 - https:\/\/yoast.com\/wordpress\/plugins\/seo\/ -->\n<title>Presentamos a Xornada de Portas Abertas da Ruta do Vi\u00f1o de Valdeorras<\/title>\n<meta name=\"robots\" content=\"index, follow, max-snippet:-1, max-image-preview:large, max-video-preview:-1\" \/>\n<link rel=\"canonical\" href=\"https:\/\/comunicando.gal\/gal\/presentamos-a-xornada-de-portas-abertas-da-ruta-do-vino-de-valdeorras\/\" \/>\n<meta property=\"og:locale\" content=\"es_ES\" \/>\n<meta property=\"og:type\" content=\"article\" \/>\n<meta property=\"og:title\" content=\"Presentamos a Xornada de Portas Abertas da Ruta do Vi\u00f1o de Valdeorras\" \/>\n<meta property=\"og:description\" content=\"Hoxe celebrouse o acto inaugural das Xornadas de Portas Abertas da Ruta do Vi\u00f1o de Valdeorras, nas que Comunicando estivo presente colaborando coa organizaci\u00f3n e protocolo de autoridades, ademais da propia presentaci\u00f3n de dito acto. O noso director, Jorge Isla, foi o encargado da conducci\u00f3n do evento no que se inauguran tres d\u00edas de actividades [&hellip;]\" \/>\n<meta property=\"og:url\" content=\"https:\/\/comunicando.gal\/gal\/presentamos-a-xornada-de-portas-abertas-da-ruta-do-vino-de-valdeorras\/\" \/>\n<meta property=\"og:site_name\" content=\"Comunicando\" \/>\n<meta property=\"article:published_time\" content=\"2025-05-09T20:09:10+00:00\" \/>\n<meta property=\"article:modified_time\" content=\"2025-05-23T16:20:00+00:00\" \/>\n<meta property=\"og:image\" content=\"https:\/\/comunicando.gal\/gal\/wp-content\/uploads\/2025\/05\/PORTASABERTASWEB.jpg\" \/>\n\t<meta property=\"og:image:width\" content=\"900\" \/>\n\t<meta property=\"og:image:height\" content=\"601\" \/>\n\t<meta property=\"og:image:type\" content=\"image\/jpeg\" \/>\n<meta name=\"author\" content=\"Jorge Isla\" \/>\n<meta name=\"twitter:card\" content=\"summary_large_image\" \/>\n<script type=\"application\/ld+json\" class=\"yoast-schema-graph\">{\"@context\":\"https:\/\/schema.org\",\"@graph\":[{\"@type\":\"Article\",\"@id\":\"https:\/\/comunicando.gal\/gal\/presentamos-a-xornada-de-portas-abertas-da-ruta-do-vino-de-valdeorras\/#article\",\"isPartOf\":{\"@id\":\"https:\/\/comunicando.gal\/gal\/presentamos-a-xornada-de-portas-abertas-da-ruta-do-vino-de-valdeorras\/\"},\"author\":{\"name\":\"Jorge Isla\",\"@id\":\"https:\/\/comunicando.gal\/gal\/#\/schema\/person\/0d28af683c857811ed3fe6a412c4a429\"},\"headline\":\"Presentamos a Xornada de Portas Abertas da Ruta do Vi\u00f1o de Valdeorras\",\"datePublished\":\"2025-05-09T20:09:10+00:00\",\"dateModified\":\"2025-05-23T16:20:00+00:00\",\"mainEntityOfPage\":{\"@id\":\"https:\/\/comunicando.gal\/gal\/presentamos-a-xornada-de-portas-abertas-da-ruta-do-vino-de-valdeorras\/\"},\"wordCount\":112,\"commentCount\":0,\"publisher\":{\"@id\":\"https:\/\/comunicando.gal\/gal\/#organization\"},\"image\":{\"@id\":\"https:\/\/comunicando.gal\/gal\/presentamos-a-xornada-de-portas-abertas-da-ruta-do-vino-de-valdeorras\/#primaryimage\"},\"thumbnailUrl\":\"https:\/\/comunicando.gal\/gal\/wp-content\/uploads\/2025\/05\/PORTASABERTASWEB.jpg\",\"articleSection\":[\"Noticias\"],\"inLanguage\":\"es\"},{\"@type\":\"WebPage\",\"@id\":\"https:\/\/comunicando.gal\/gal\/presentamos-a-xornada-de-portas-abertas-da-ruta-do-vino-de-valdeorras\/\",\"url\":\"https:\/\/comunicando.gal\/gal\/presentamos-a-xornada-de-portas-abertas-da-ruta-do-vino-de-valdeorras\/\",\"name\":\"Presentamos a Xornada de Portas Abertas da Ruta do Vi\u00f1o de Valdeorras\",\"isPartOf\":{\"@id\":\"https:\/\/comunicando.gal\/gal\/#website\"},\"primaryImageOfPage\":{\"@id\":\"https:\/\/comunicando.gal\/gal\/presentamos-a-xornada-de-portas-abertas-da-ruta-do-vino-de-valdeorras\/#primaryimage\"},\"image\":{\"@id\":\"https:\/\/comunicando.gal\/gal\/presentamos-a-xornada-de-portas-abertas-da-ruta-do-vino-de-valdeorras\/#primaryimage\"},\"thumbnailUrl\":\"https:\/\/comunicando.gal\/gal\/wp-content\/uploads\/2025\/05\/PORTASABERTASWEB.jpg\",\"datePublished\":\"2025-05-09T20:09:10+00:00\",\"dateModified\":\"2025-05-23T16:20:00+00:00\",\"breadcrumb\":{\"@id\":\"https:\/\/comunicando.gal\/gal\/presentamos-a-xornada-de-portas-abertas-da-ruta-do-vino-de-valdeorras\/#breadcrumb\"},\"inLanguage\":\"es\",\"potentialAction\":[{\"@type\":\"ReadAction\",\"target\":[\"https:\/\/comunicando.gal\/gal\/presentamos-a-xornada-de-portas-abertas-da-ruta-do-vino-de-valdeorras\/\"]}]},{\"@type\":\"ImageObject\",\"inLanguage\":\"es\",\"@id\":\"https:\/\/comunicando.gal\/gal\/presentamos-a-xornada-de-portas-abertas-da-ruta-do-vino-de-valdeorras\/#primaryimage\",\"url\":\"https:\/\/comunicando.gal\/gal\/wp-content\/uploads\/2025\/05\/PORTASABERTASWEB.jpg\",\"contentUrl\":\"https:\/\/comunicando.gal\/gal\/wp-content\/uploads\/2025\/05\/PORTASABERTASWEB.jpg\",\"width\":900,\"height\":601},{\"@type\":\"BreadcrumbList\",\"@id\":\"https:\/\/comunicando.gal\/gal\/presentamos-a-xornada-de-portas-abertas-da-ruta-do-vino-de-valdeorras\/#breadcrumb\",\"itemListElement\":[{\"@type\":\"ListItem\",\"position\":1,\"name\":\"Portada\",\"item\":\"https:\/\/comunicando.gal\/gal\/\"},{\"@type\":\"ListItem\",\"position\":2,\"name\":\"Presentamos a Xornada de Portas Abertas da Ruta do Vi\u00f1o de Valdeorras\"}]},{\"@type\":\"WebSite\",\"@id\":\"https:\/\/comunicando.gal\/gal\/#website\",\"url\":\"https:\/\/comunicando.gal\/gal\/\",\"name\":\"Comunicando. Consultor\u00eda de comunicaci\u00f3n.\",\"description\":\"Consultor\u00eda de comunicaci\u00f3n\",\"publisher\":{\"@id\":\"https:\/\/comunicando.gal\/gal\/#organization\"},\"alternateName\":\"Comunicando. Consultor\u00eda de comunicaci\u00f3n.\",\"potentialAction\":[{\"@type\":\"SearchAction\",\"target\":{\"@type\":\"EntryPoint\",\"urlTemplate\":\"https:\/\/comunicando.gal\/gal\/?s={search_term_string}\"},\"query-input\":{\"@type\":\"PropertyValueSpecification\",\"valueRequired\":true,\"valueName\":\"search_term_string\"}}],\"inLanguage\":\"es\"},{\"@type\":\"Organization\",\"@id\":\"https:\/\/comunicando.gal\/gal\/#organization\",\"name\":\"Comunicando. Consultor\u00eda de comunicaci\u00f3n.\",\"url\":\"https:\/\/comunicando.gal\/gal\/\",\"logo\":{\"@type\":\"ImageObject\",\"inLanguage\":\"es\",\"@id\":\"https:\/\/comunicando.gal\/gal\/#\/schema\/logo\/image\/\",\"url\":\"https:\/\/comunicando.gal\/gal\/wp-content\/uploads\/2024\/07\/comunicando-vertical.png\",\"contentUrl\":\"https:\/\/comunicando.gal\/gal\/wp-content\/uploads\/2024\/07\/comunicando-vertical.png\",\"width\":300,\"height\":323,\"caption\":\"Comunicando. Consultor\u00eda de comunicaci\u00f3n.\"},\"image\":{\"@id\":\"https:\/\/comunicando.gal\/gal\/#\/schema\/logo\/image\/\"}},{\"@type\":\"Person\",\"@id\":\"https:\/\/comunicando.gal\/gal\/#\/schema\/person\/0d28af683c857811ed3fe6a412c4a429\",\"name\":\"Jorge Isla\"}]}<\/script>\n<!-- \/ Yoast SEO plugin. -->","yoast_head_json":{"title":"Presentamos a Xornada de Portas Abertas da Ruta do Vi\u00f1o de Valdeorras","robots":{"index":"index","follow":"follow","max-snippet":"max-snippet:-1","max-image-preview":"max-image-preview:large","max-video-preview":"max-video-preview:-1"},"canonical":"https:\/\/comunicando.gal\/gal\/presentamos-a-xornada-de-portas-abertas-da-ruta-do-vino-de-valdeorras\/","og_locale":"es_ES","og_type":"article","og_title":"Presentamos a Xornada de Portas Abertas da Ruta do Vi\u00f1o de Valdeorras","og_description":"Hoxe celebrouse o acto inaugural das Xornadas de Portas Abertas da Ruta do Vi\u00f1o de Valdeorras, nas que Comunicando estivo presente colaborando coa organizaci\u00f3n e protocolo de autoridades, ademais da propia presentaci\u00f3n de dito acto. O noso director, Jorge Isla, foi o encargado da conducci\u00f3n do evento no que se inauguran tres d\u00edas de actividades [&hellip;]","og_url":"https:\/\/comunicando.gal\/gal\/presentamos-a-xornada-de-portas-abertas-da-ruta-do-vino-de-valdeorras\/","og_site_name":"Comunicando","article_published_time":"2025-05-09T20:09:10+00:00","article_modified_time":"2025-05-23T16:20:00+00:00","og_image":[{"width":900,"height":601,"url":"https:\/\/comunicando.gal\/gal\/wp-content\/uploads\/2025\/05\/PORTASABERTASWEB.jpg","type":"image\/jpeg"}],"author":"Jorge Isla","twitter_card":"summary_large_image","schema":{"@context":"https:\/\/schema.org","@graph":[{"@type":"Article","@id":"https:\/\/comunicando.gal\/gal\/presentamos-a-xornada-de-portas-abertas-da-ruta-do-vino-de-valdeorras\/#article","isPartOf":{"@id":"https:\/\/comunicando.gal\/gal\/presentamos-a-xornada-de-portas-abertas-da-ruta-do-vino-de-valdeorras\/"},"author":{"name":"Jorge Isla","@id":"https:\/\/comunicando.gal\/gal\/#\/schema\/person\/0d28af683c857811ed3fe6a412c4a429"},"headline":"Presentamos a Xornada de Portas Abertas da Ruta do Vi\u00f1o de Valdeorras","datePublished":"2025-05-09T20:09:10+00:00","dateModified":"2025-05-23T16:20:00+00:00","mainEntityOfPage":{"@id":"https:\/\/comunicando.gal\/gal\/presentamos-a-xornada-de-portas-abertas-da-ruta-do-vino-de-valdeorras\/"},"wordCount":112,"commentCount":0,"publisher":{"@id":"https:\/\/comunicando.gal\/gal\/#organization"},"image":{"@id":"https:\/\/comunicando.gal\/gal\/presentamos-a-xornada-de-portas-abertas-da-ruta-do-vino-de-valdeorras\/#primaryimage"},"thumbnailUrl":"https:\/\/comunicando.gal\/gal\/wp-content\/uploads\/2025\/05\/PORTASABERTASWEB.jpg","articleSection":["Noticias"],"inLanguage":"es"},{"@type":"WebPage","@id":"https:\/\/comunicando.gal\/gal\/presentamos-a-xornada-de-portas-abertas-da-ruta-do-vino-de-valdeorras\/","url":"https:\/\/comunicando.gal\/gal\/presentamos-a-xornada-de-portas-abertas-da-ruta-do-vino-de-valdeorras\/","name":"Presentamos a Xornada de Portas Abertas da Ruta do Vi\u00f1o de Valdeorras","isPartOf":{"@id":"https:\/\/comunicando.gal\/gal\/#website"},"primaryImageOfPage":{"@id":"https:\/\/comunicando.gal\/gal\/presentamos-a-xornada-de-portas-abertas-da-ruta-do-vino-de-valdeorras\/#primaryimage"},"image":{"@id":"https:\/\/comunicando.gal\/gal\/presentamos-a-xornada-de-portas-abertas-da-ruta-do-vino-de-valdeorras\/#primaryimage"},"thumbnailUrl":"https:\/\/comunicando.gal\/gal\/wp-content\/uploads\/2025\/05\/PORTASABERTASWEB.jpg","datePublished":"2025-05-09T20:09:10+00:00","dateModified":"2025-05-23T16:20:00+00:00","breadcrumb":{"@id":"https:\/\/comunicando.gal\/gal\/presentamos-a-xornada-de-portas-abertas-da-ruta-do-vino-de-valdeorras\/#breadcrumb"},"inLanguage":"es","potentialAction":[{"@type":"ReadAction","target":["https:\/\/comunicando.gal\/gal\/presentamos-a-xornada-de-portas-abertas-da-ruta-do-vino-de-valdeorras\/"]}]},{"@type":"ImageObject","inLanguage":"es","@id":"https:\/\/comunicando.gal\/gal\/presentamos-a-xornada-de-portas-abertas-da-ruta-do-vino-de-valdeorras\/#primaryimage","url":"https:\/\/comunicando.gal\/gal\/wp-content\/uploads\/2025\/05\/PORTASABERTASWEB.jpg","contentUrl":"https:\/\/comunicando.gal\/gal\/wp-content\/uploads\/2025\/05\/PORTASABERTASWEB.jpg","width":900,"height":601},{"@type":"BreadcrumbList","@id":"https:\/\/comunicando.gal\/gal\/presentamos-a-xornada-de-portas-abertas-da-ruta-do-vino-de-valdeorras\/#breadcrumb","itemListElement":[{"@type":"ListItem","position":1,"name":"Portada","item":"https:\/\/comunicando.gal\/gal\/"},{"@type":"ListItem","position":2,"name":"Presentamos a Xornada de Portas Abertas da Ruta do Vi\u00f1o de Valdeorras"}]},{"@type":"WebSite","@id":"https:\/\/comunicando.gal\/gal\/#website","url":"https:\/\/comunicando.gal\/gal\/","name":"Comunicando. Consultor\u00eda de comunicaci\u00f3n.","description":"Consultor\u00eda de comunicaci\u00f3n","publisher":{"@id":"https:\/\/comunicando.gal\/gal\/#organization"},"alternateName":"Comunicando. Consultor\u00eda de comunicaci\u00f3n.","potentialAction":[{"@type":"SearchAction","target":{"@type":"EntryPoint","urlTemplate":"https:\/\/comunicando.gal\/gal\/?s={search_term_string}"},"query-input":{"@type":"PropertyValueSpecification","valueRequired":true,"valueName":"search_term_string"}}],"inLanguage":"es"},{"@type":"Organization","@id":"https:\/\/comunicando.gal\/gal\/#organization","name":"Comunicando. Consultor\u00eda de comunicaci\u00f3n.","url":"https:\/\/comunicando.gal\/gal\/","logo":{"@type":"ImageObject","inLanguage":"es","@id":"https:\/\/comunicando.gal\/gal\/#\/schema\/logo\/image\/","url":"https:\/\/comunicando.gal\/gal\/wp-content\/uploads\/2024\/07\/comunicando-vertical.png","contentUrl":"https:\/\/comunicando.gal\/gal\/wp-content\/uploads\/2024\/07\/comunicando-vertical.png","width":300,"height":323,"caption":"Comunicando. Consultor\u00eda de comunicaci\u00f3n."},"image":{"@id":"https:\/\/comunicando.gal\/gal\/#\/schema\/logo\/image\/"}},{"@type":"Person","@id":"https:\/\/comunicando.gal\/gal\/#\/schema\/person\/0d28af683c857811ed3fe6a412c4a429","name":"Jorge Isla"}]}},"_links":{"self":[{"href":"https:\/\/comunicando.gal\/gal\/wp-json\/wp\/v2\/posts\/4803","targetHints":{"allow":["GET"]}}],"collection":[{"href":"https:\/\/comunicando.gal\/gal\/wp-json\/wp\/v2\/posts"}],"about":[{"href":"https:\/\/comunicando.gal\/gal\/wp-json\/wp\/v2\/types\/post"}],"author":[{"embeddable":true,"href":"https:\/\/comunicando.gal\/gal\/wp-json\/wp\/v2\/users\/3"}],"replies":[{"embeddable":true,"href":"https:\/\/comunicando.gal\/gal\/wp-json\/wp\/v2\/comments?post=4803"}],"version-history":[{"count":4,"href":"https:\/\/comunicando.gal\/gal\/wp-json\/wp\/v2\/posts\/4803\/revisions"}],"predecessor-version":[{"id":4809,"href":"https:\/\/comunicando.gal\/gal\/wp-json\/wp\/v2\/posts\/4803\/revisions\/4809"}],"wp:featuredmedia":[{"embeddable":true,"href":"https:\/\/comunicando.gal\/gal\/wp-json\/wp\/v2\/media\/4804"}],"wp:attachment":[{"href":"https:\/\/comunicando.gal\/gal\/wp-json\/wp\/v2\/media?parent=4803"}],"wp:term":[{"taxonomy":"category","embeddable":true,"href":"https:\/\/comunicando.gal\/gal\/wp-json\/wp\/v2\/categories?post=4803"},{"taxonomy":"post_tag","embeddable":true,"href":"https:\/\/comunicando.gal\/gal\/wp-json\/wp\/v2\/tags?post=4803"}],"curies":[{"name":"wp","href":"https:\/\/api.w.org\/{rel}","templated":true}]}}