{"id":4795,"date":"2024-12-27T19:11:29","date_gmt":"2024-12-27T18:11:29","guid":{"rendered":"https:\/\/comunicando.gal\/gal\/?p=4795"},"modified":"2025-04-25T17:12:21","modified_gmt":"2025-04-25T15:12:21","slug":"o-concello-do-bolo-presenta-o-seu-plan-municipal-de-vivenda-e-chan","status":"publish","type":"post","link":"https:\/\/comunicando.gal\/gal\/o-concello-do-bolo-presenta-o-seu-plan-municipal-de-vivenda-e-chan\/","title":{"rendered":"O Concello do Bolo presenta o seu Plan Municipal de Vivenda e Chan"},"content":{"rendered":"<p><img loading=\"lazy\" decoding=\"async\" class=\"size-full wp-image-4796 aligncenter\" src=\"https:\/\/comunicando.gal\/gal\/wp-content\/uploads\/2025\/04\/oboloplanvivendaweb.jpg\" alt=\"\" width=\"900\" height=\"598\" srcset=\"https:\/\/comunicando.gal\/gal\/wp-content\/uploads\/2025\/04\/oboloplanvivendaweb.jpg 900w, https:\/\/comunicando.gal\/gal\/wp-content\/uploads\/2025\/04\/oboloplanvivendaweb-768x510.jpg 768w, https:\/\/comunicando.gal\/gal\/wp-content\/uploads\/2025\/04\/oboloplanvivendaweb-600x400.jpg 600w, https:\/\/comunicando.gal\/gal\/wp-content\/uploads\/2025\/04\/oboloplanvivendaweb-24x16.jpg 24w, https:\/\/comunicando.gal\/gal\/wp-content\/uploads\/2025\/04\/oboloplanvivendaweb-36x24.jpg 36w, https:\/\/comunicando.gal\/gal\/wp-content\/uploads\/2025\/04\/oboloplanvivendaweb-48x32.jpg 48w\" sizes=\"auto, (max-width: 900px) 100vw, 900px\" \/><\/p>\n<p>&nbsp;<\/p>\n<p><strong>A iniciativa, que pretende recoller as necesidades de vivenda no municipio, \u00e9 pioneira en Galicia<\/strong><\/p>\n<p>O Plan Municipal de Vivenda e Chan 2024 \u2013 2029 do <a href=\"https:\/\/www.obolo.es\/gl\/\" target=\"_blank\" rel=\"noopener\">Concello do Bolo<\/a> foi presentado esta ma\u00f1\u00e1 nas instalaci\u00f3ns do Castelo, polos propios t\u00e9cnicos que o elaboraron, o equipo de arquitectos do estudio <a href=\"https:\/\/luisalvarezarquitectura.es\/\" target=\"_blank\" rel=\"noopener\">Luis \u00c1lvarez Arquitectura<\/a>, Luis \u00c1lvarez, Rosario Le\u00f3n e Silvia Arias, acompa\u00f1ados polo Subdelegado do Goberno en Ourense, Eladio Santos, o alcalde, Alberto V\u00e1zquez, e a concelleira Mayra Mart\u00ednez.<\/p>\n<p>A presentaci\u00f3n do Plan, foi a consecuencia \u201cdun dos retos marcados polo grupo de goberno\u201d que o ano pasado presentou ao Ministerio de Transici\u00f3n Ecol\u00f3xica e Reto Demogr\u00e1fico \u201cun proxecto co obxectivo de po\u00f1er as bases sobre a vivenda no Concello\u201d. As\u00ed o explicou o rexidor, Alberto V\u00e1zquez, que adiantou que \u201ccon este plan, iremos chamando as portas da Administraci\u00f3n para explicar os problemas de vivenda que ten este Concello\u201d.<\/p>\n<p>O documento en cuesti\u00f3n \u00e9 unha iniciativa pioneira na comunidade galega. Tal e como afirmou o arquitecto, Luis \u00c1lvarez, tr\u00e1tase dunha \u201ccousa tan novedosa, como que en Galicia \u00e9 un dos primeiros planes que se fan deste tipo\u201d. Con \u00e9l, o Concello quixo \u201crecoller as necesidades de vivenda\u201d, analizando \u201co estado das vivendas actu\u00e1is\u201d, e as\u00ed \u201cfixar uns obxectivos e estratexias para crear unhas li\u00f1as de traballo que se deber\u00e1n aplicar nos vindeiros cinco anos, para conseguir estes obxectivos\u201d.<\/p>\n<p>Pola s\u00faa banda, o Subdelegado do Goberno, Eladio Santos, subli\u00f1ou que o plan \u201c\u00e9 moi interesante porque ataca un problema real que non \u00e9 solo de recuperar poboaci\u00f3n sen\u00f3n de garantir este dereito \u00e1 vivenda\u201d. Para Santos, a importancia do traballo feito neste Plan de Vivenda reside en que \u201cdesta forma, o Concello do Bolo estar\u00e1 posicionado estrat\u00e9xicamente para cando saian as li\u00f1as de axuda de vivenda tanto da Administraci\u00f3n central como da Administraci\u00f3n auton\u00f3mica\u201d. Rematou a s\u00faa intervenci\u00f3n felicitando ao Concello por \u201ccrear din\u00e1micas para a xente quede aqu\u00ed\u201d.<\/p>\n<p><strong>A creaci\u00f3n do Plan de Vivenda<\/strong><\/p>\n<p>O Plan Municipal de Vivenda e Chan red\u00e1ctase polo Concello de O Bolo como una das actuaci\u00f3ns recollidas dentro do programa \u201cDesarrolla O Bolo\u201d, acordado no pleno municipal. Para o desenrolo de dito programa, o Concello contratou \u00f3 arquitecto \u00a0Luis \u00c1lvarez Gonz\u00e1lez, colexiado n\u00ba 4.869 do Colexio Oficial de Arquitectos de Galicia, que o leva a cabo entre os meses de agosto e novembro, e que o entrega ao Concello o d\u00eda 31 de outubro de 2024 para a s\u00faa exposici\u00f3n p\u00fablica.<\/p>\n<p>O obxecto do Plan \u00e9 articular as medidas necesarias para atender as necesidades de vivenda do municipio, unha vez identificadas e cuantificadas, para o que se proxectan, orzan e programan as actuaci\u00f3ns correspondentes axustadas a uns prazos establecidos e xustificados.<\/p>\n<p>En ausencia de normativa auton\u00f3mica para a O Plan Municipal de Vivenda e Chan na comunidade aut\u00f3noma de Galicia, o plan red\u00e1ctase seguindo e regulaci\u00f3n feita para este instrumento na comunidade aut\u00f3noma de Andalucia, por teren xa aprobada a Lei 1\/2010, do 8 de marzo, Reguladora do Dereito \u00e1 Vivenda en Andaluc\u00eda, que describe o Plan como un \u201cinstrumento para a definici\u00f3n e desenvolvemento da pol\u00edtica de vivenda do Municipio\u201d.\u00a0 O artigo 13 desta Lei regula o contido m\u00ednimo dos Plans.<\/p>\n<p>En canto a s\u00faa estructura se refire, o Plan Municipal de Vivenda ab\u00f3rdase desde unha tripla perspectiva:<\/p>\n<ul>\n<li>Anal\u00edtica: informaci\u00f3n e diagn\u00f3stico da problem\u00e1tica municipal en materia de vivenda e chan.<\/li>\n<li>Estrat\u00e9xica: establecemento dos obxectivos e estratexias nestas materias.<\/li>\n<li>Program\u00e1tica. Definici\u00f3n e programaci\u00f3n das actuaci\u00f3ns do concello a medio prazo (5 anos) inclu\u00edndo: financiamento, seguimento e avaliaci\u00f3n do plan.<\/li>\n<\/ul>\n<p>En todas as fases do plan, o contido do mesmo est\u00e1 sometido \u00e1 participaci\u00f3n cidad\u00e1, apoiada nun plan de Comunicaci\u00f3n e Participaci\u00f3n. A formulaci\u00f3n de propostas ab\u00f3rdase contando previamente coa informaci\u00f3n directa e a participaci\u00f3n da cidadan\u00eda.<\/p>\n<p><strong>Apoio do MITECO<\/strong><\/p>\n<p>O Plan de Vivenda engl\u00f3base dentro dun proxecto m\u00e1is amplio, a trav\u00e9s do cal tam\u00e9n se est\u00e1 desenvolvendo neste ano un \u201cPlan de Marketing e Promoci\u00f3n Tur\u00edstica do Concello do Bolo\u201d. Para o dese\u00f1o e e desenvolvemento deste proxecto contouse co apoio e coa financiaci\u00f3n do <a href=\"https:\/\/www.miteco.gob.es\/es.html\" target=\"_blank\" rel=\"noopener\">Ministerio de Transici\u00f3n Ecol\u00f3xica e Reto Demogr\u00e1fico<\/a> (a trav\u00e9s da Secretar\u00eda Xeral para o Reto Demogr\u00e1fico), no marco das subvenci\u00f3ns concedidas a proxectos promovidos por entidades locais para a innovaci\u00f3n territorial e a reactivaci\u00f3n da actividade socioecon\u00f3mica; e a loita contra a despoboaci\u00f3n.<\/p>\n","protected":false},"excerpt":{"rendered":"<p>&nbsp; A iniciativa, que pretende recoller as necesidades de vivenda no municipio, \u00e9 pioneira en Galicia O Plan Municipal de Vivenda e Chan 2024 \u2013 2029 do Concello do Bolo foi presentado esta ma\u00f1\u00e1 nas instalaci\u00f3ns do Castelo, polos propios t\u00e9cnicos que o elaboraron, o equipo de arquitectos do estudio Luis \u00c1lvarez Arquitectura, Luis \u00c1lvarez, [&hellip;]<\/p>\n","protected":false},"author":3,"featured_media":4796,"comment_status":"open","ping_status":"open","sticky":false,"template":"","format":"standard","meta":{"footnotes":""},"categories":[1],"tags":[],"class_list":["post-4795","post","type-post","status-publish","format-standard","has-post-thumbnail","hentry","category-noticias"],"yoast_head":"<!-- This site is optimized with the Yoast SEO plugin v26.2 - https:\/\/yoast.com\/wordpress\/plugins\/seo\/ -->\n<title>O Concello do Bolo presenta o seu Plan Municipal de Vivenda e Chan<\/title>\n<meta name=\"robots\" content=\"index, follow, max-snippet:-1, max-image-preview:large, max-video-preview:-1\" \/>\n<link rel=\"canonical\" href=\"https:\/\/comunicando.gal\/gal\/o-concello-do-bolo-presenta-o-seu-plan-municipal-de-vivenda-e-chan\/\" \/>\n<meta property=\"og:locale\" content=\"es_ES\" \/>\n<meta property=\"og:type\" content=\"article\" \/>\n<meta property=\"og:title\" content=\"O Concello do Bolo presenta o seu Plan Municipal de Vivenda e Chan\" \/>\n<meta property=\"og:description\" content=\"&nbsp; A iniciativa, que pretende recoller as necesidades de vivenda no municipio, \u00e9 pioneira en Galicia O Plan Municipal de Vivenda e Chan 2024 \u2013 2029 do Concello do Bolo foi presentado esta ma\u00f1\u00e1 nas instalaci\u00f3ns do Castelo, polos propios t\u00e9cnicos que o elaboraron, o equipo de arquitectos do estudio Luis \u00c1lvarez Arquitectura, Luis \u00c1lvarez, [&hellip;]\" \/>\n<meta property=\"og:url\" content=\"https:\/\/comunicando.gal\/gal\/o-concello-do-bolo-presenta-o-seu-plan-municipal-de-vivenda-e-chan\/\" \/>\n<meta property=\"og:site_name\" content=\"Comunicando\" \/>\n<meta property=\"article:published_time\" content=\"2024-12-27T18:11:29+00:00\" \/>\n<meta property=\"article:modified_time\" content=\"2025-04-25T15:12:21+00:00\" \/>\n<meta property=\"og:image\" content=\"https:\/\/comunicando.gal\/gal\/wp-content\/uploads\/2025\/04\/oboloplanvivendaweb.jpg\" \/>\n\t<meta property=\"og:image:width\" content=\"900\" \/>\n\t<meta property=\"og:image:height\" content=\"598\" \/>\n\t<meta property=\"og:image:type\" content=\"image\/jpeg\" \/>\n<meta name=\"author\" content=\"Jorge Isla\" \/>\n<meta name=\"twitter:card\" content=\"summary_large_image\" \/>\n<script type=\"application\/ld+json\" class=\"yoast-schema-graph\">{\"@context\":\"https:\/\/schema.org\",\"@graph\":[{\"@type\":\"Article\",\"@id\":\"https:\/\/comunicando.gal\/gal\/o-concello-do-bolo-presenta-o-seu-plan-municipal-de-vivenda-e-chan\/#article\",\"isPartOf\":{\"@id\":\"https:\/\/comunicando.gal\/gal\/o-concello-do-bolo-presenta-o-seu-plan-municipal-de-vivenda-e-chan\/\"},\"author\":{\"name\":\"Jorge Isla\",\"@id\":\"https:\/\/comunicando.gal\/gal\/#\/schema\/person\/0d28af683c857811ed3fe6a412c4a429\"},\"headline\":\"O Concello do Bolo presenta o seu Plan Municipal de Vivenda e Chan\",\"datePublished\":\"2024-12-27T18:11:29+00:00\",\"dateModified\":\"2025-04-25T15:12:21+00:00\",\"mainEntityOfPage\":{\"@id\":\"https:\/\/comunicando.gal\/gal\/o-concello-do-bolo-presenta-o-seu-plan-municipal-de-vivenda-e-chan\/\"},\"wordCount\":794,\"commentCount\":0,\"publisher\":{\"@id\":\"https:\/\/comunicando.gal\/gal\/#organization\"},\"image\":{\"@id\":\"https:\/\/comunicando.gal\/gal\/o-concello-do-bolo-presenta-o-seu-plan-municipal-de-vivenda-e-chan\/#primaryimage\"},\"thumbnailUrl\":\"https:\/\/comunicando.gal\/gal\/wp-content\/uploads\/2025\/04\/oboloplanvivendaweb.jpg\",\"articleSection\":[\"Noticias\"],\"inLanguage\":\"es\"},{\"@type\":\"WebPage\",\"@id\":\"https:\/\/comunicando.gal\/gal\/o-concello-do-bolo-presenta-o-seu-plan-municipal-de-vivenda-e-chan\/\",\"url\":\"https:\/\/comunicando.gal\/gal\/o-concello-do-bolo-presenta-o-seu-plan-municipal-de-vivenda-e-chan\/\",\"name\":\"O Concello do Bolo presenta o seu Plan Municipal de Vivenda e Chan\",\"isPartOf\":{\"@id\":\"https:\/\/comunicando.gal\/gal\/#website\"},\"primaryImageOfPage\":{\"@id\":\"https:\/\/comunicando.gal\/gal\/o-concello-do-bolo-presenta-o-seu-plan-municipal-de-vivenda-e-chan\/#primaryimage\"},\"image\":{\"@id\":\"https:\/\/comunicando.gal\/gal\/o-concello-do-bolo-presenta-o-seu-plan-municipal-de-vivenda-e-chan\/#primaryimage\"},\"thumbnailUrl\":\"https:\/\/comunicando.gal\/gal\/wp-content\/uploads\/2025\/04\/oboloplanvivendaweb.jpg\",\"datePublished\":\"2024-12-27T18:11:29+00:00\",\"dateModified\":\"2025-04-25T15:12:21+00:00\",\"breadcrumb\":{\"@id\":\"https:\/\/comunicando.gal\/gal\/o-concello-do-bolo-presenta-o-seu-plan-municipal-de-vivenda-e-chan\/#breadcrumb\"},\"inLanguage\":\"es\",\"potentialAction\":[{\"@type\":\"ReadAction\",\"target\":[\"https:\/\/comunicando.gal\/gal\/o-concello-do-bolo-presenta-o-seu-plan-municipal-de-vivenda-e-chan\/\"]}]},{\"@type\":\"ImageObject\",\"inLanguage\":\"es\",\"@id\":\"https:\/\/comunicando.gal\/gal\/o-concello-do-bolo-presenta-o-seu-plan-municipal-de-vivenda-e-chan\/#primaryimage\",\"url\":\"https:\/\/comunicando.gal\/gal\/wp-content\/uploads\/2025\/04\/oboloplanvivendaweb.jpg\",\"contentUrl\":\"https:\/\/comunicando.gal\/gal\/wp-content\/uploads\/2025\/04\/oboloplanvivendaweb.jpg\",\"width\":900,\"height\":598},{\"@type\":\"BreadcrumbList\",\"@id\":\"https:\/\/comunicando.gal\/gal\/o-concello-do-bolo-presenta-o-seu-plan-municipal-de-vivenda-e-chan\/#breadcrumb\",\"itemListElement\":[{\"@type\":\"ListItem\",\"position\":1,\"name\":\"Portada\",\"item\":\"https:\/\/comunicando.gal\/gal\/\"},{\"@type\":\"ListItem\",\"position\":2,\"name\":\"O Concello do Bolo presenta o seu Plan Municipal de Vivenda e Chan\"}]},{\"@type\":\"WebSite\",\"@id\":\"https:\/\/comunicando.gal\/gal\/#website\",\"url\":\"https:\/\/comunicando.gal\/gal\/\",\"name\":\"Comunicando. Consultor\u00eda de comunicaci\u00f3n.\",\"description\":\"Consultor\u00eda de comunicaci\u00f3n\",\"publisher\":{\"@id\":\"https:\/\/comunicando.gal\/gal\/#organization\"},\"alternateName\":\"Comunicando. Consultor\u00eda de comunicaci\u00f3n.\",\"potentialAction\":[{\"@type\":\"SearchAction\",\"target\":{\"@type\":\"EntryPoint\",\"urlTemplate\":\"https:\/\/comunicando.gal\/gal\/?s={search_term_string}\"},\"query-input\":{\"@type\":\"PropertyValueSpecification\",\"valueRequired\":true,\"valueName\":\"search_term_string\"}}],\"inLanguage\":\"es\"},{\"@type\":\"Organization\",\"@id\":\"https:\/\/comunicando.gal\/gal\/#organization\",\"name\":\"Comunicando. Consultor\u00eda de comunicaci\u00f3n.\",\"url\":\"https:\/\/comunicando.gal\/gal\/\",\"logo\":{\"@type\":\"ImageObject\",\"inLanguage\":\"es\",\"@id\":\"https:\/\/comunicando.gal\/gal\/#\/schema\/logo\/image\/\",\"url\":\"https:\/\/comunicando.gal\/gal\/wp-content\/uploads\/2024\/07\/comunicando-vertical.png\",\"contentUrl\":\"https:\/\/comunicando.gal\/gal\/wp-content\/uploads\/2024\/07\/comunicando-vertical.png\",\"width\":300,\"height\":323,\"caption\":\"Comunicando. Consultor\u00eda de comunicaci\u00f3n.\"},\"image\":{\"@id\":\"https:\/\/comunicando.gal\/gal\/#\/schema\/logo\/image\/\"}},{\"@type\":\"Person\",\"@id\":\"https:\/\/comunicando.gal\/gal\/#\/schema\/person\/0d28af683c857811ed3fe6a412c4a429\",\"name\":\"Jorge Isla\"}]}<\/script>\n<!-- \/ Yoast SEO plugin. -->","yoast_head_json":{"title":"O Concello do Bolo presenta o seu Plan Municipal de Vivenda e Chan","robots":{"index":"index","follow":"follow","max-snippet":"max-snippet:-1","max-image-preview":"max-image-preview:large","max-video-preview":"max-video-preview:-1"},"canonical":"https:\/\/comunicando.gal\/gal\/o-concello-do-bolo-presenta-o-seu-plan-municipal-de-vivenda-e-chan\/","og_locale":"es_ES","og_type":"article","og_title":"O Concello do Bolo presenta o seu Plan Municipal de Vivenda e Chan","og_description":"&nbsp; A iniciativa, que pretende recoller as necesidades de vivenda no municipio, \u00e9 pioneira en Galicia O Plan Municipal de Vivenda e Chan 2024 \u2013 2029 do Concello do Bolo foi presentado esta ma\u00f1\u00e1 nas instalaci\u00f3ns do Castelo, polos propios t\u00e9cnicos que o elaboraron, o equipo de arquitectos do estudio Luis \u00c1lvarez Arquitectura, Luis \u00c1lvarez, [&hellip;]","og_url":"https:\/\/comunicando.gal\/gal\/o-concello-do-bolo-presenta-o-seu-plan-municipal-de-vivenda-e-chan\/","og_site_name":"Comunicando","article_published_time":"2024-12-27T18:11:29+00:00","article_modified_time":"2025-04-25T15:12:21+00:00","og_image":[{"width":900,"height":598,"url":"https:\/\/comunicando.gal\/gal\/wp-content\/uploads\/2025\/04\/oboloplanvivendaweb.jpg","type":"image\/jpeg"}],"author":"Jorge Isla","twitter_card":"summary_large_image","schema":{"@context":"https:\/\/schema.org","@graph":[{"@type":"Article","@id":"https:\/\/comunicando.gal\/gal\/o-concello-do-bolo-presenta-o-seu-plan-municipal-de-vivenda-e-chan\/#article","isPartOf":{"@id":"https:\/\/comunicando.gal\/gal\/o-concello-do-bolo-presenta-o-seu-plan-municipal-de-vivenda-e-chan\/"},"author":{"name":"Jorge Isla","@id":"https:\/\/comunicando.gal\/gal\/#\/schema\/person\/0d28af683c857811ed3fe6a412c4a429"},"headline":"O Concello do Bolo presenta o seu Plan Municipal de Vivenda e Chan","datePublished":"2024-12-27T18:11:29+00:00","dateModified":"2025-04-25T15:12:21+00:00","mainEntityOfPage":{"@id":"https:\/\/comunicando.gal\/gal\/o-concello-do-bolo-presenta-o-seu-plan-municipal-de-vivenda-e-chan\/"},"wordCount":794,"commentCount":0,"publisher":{"@id":"https:\/\/comunicando.gal\/gal\/#organization"},"image":{"@id":"https:\/\/comunicando.gal\/gal\/o-concello-do-bolo-presenta-o-seu-plan-municipal-de-vivenda-e-chan\/#primaryimage"},"thumbnailUrl":"https:\/\/comunicando.gal\/gal\/wp-content\/uploads\/2025\/04\/oboloplanvivendaweb.jpg","articleSection":["Noticias"],"inLanguage":"es"},{"@type":"WebPage","@id":"https:\/\/comunicando.gal\/gal\/o-concello-do-bolo-presenta-o-seu-plan-municipal-de-vivenda-e-chan\/","url":"https:\/\/comunicando.gal\/gal\/o-concello-do-bolo-presenta-o-seu-plan-municipal-de-vivenda-e-chan\/","name":"O Concello do Bolo presenta o seu Plan Municipal de Vivenda e Chan","isPartOf":{"@id":"https:\/\/comunicando.gal\/gal\/#website"},"primaryImageOfPage":{"@id":"https:\/\/comunicando.gal\/gal\/o-concello-do-bolo-presenta-o-seu-plan-municipal-de-vivenda-e-chan\/#primaryimage"},"image":{"@id":"https:\/\/comunicando.gal\/gal\/o-concello-do-bolo-presenta-o-seu-plan-municipal-de-vivenda-e-chan\/#primaryimage"},"thumbnailUrl":"https:\/\/comunicando.gal\/gal\/wp-content\/uploads\/2025\/04\/oboloplanvivendaweb.jpg","datePublished":"2024-12-27T18:11:29+00:00","dateModified":"2025-04-25T15:12:21+00:00","breadcrumb":{"@id":"https:\/\/comunicando.gal\/gal\/o-concello-do-bolo-presenta-o-seu-plan-municipal-de-vivenda-e-chan\/#breadcrumb"},"inLanguage":"es","potentialAction":[{"@type":"ReadAction","target":["https:\/\/comunicando.gal\/gal\/o-concello-do-bolo-presenta-o-seu-plan-municipal-de-vivenda-e-chan\/"]}]},{"@type":"ImageObject","inLanguage":"es","@id":"https:\/\/comunicando.gal\/gal\/o-concello-do-bolo-presenta-o-seu-plan-municipal-de-vivenda-e-chan\/#primaryimage","url":"https:\/\/comunicando.gal\/gal\/wp-content\/uploads\/2025\/04\/oboloplanvivendaweb.jpg","contentUrl":"https:\/\/comunicando.gal\/gal\/wp-content\/uploads\/2025\/04\/oboloplanvivendaweb.jpg","width":900,"height":598},{"@type":"BreadcrumbList","@id":"https:\/\/comunicando.gal\/gal\/o-concello-do-bolo-presenta-o-seu-plan-municipal-de-vivenda-e-chan\/#breadcrumb","itemListElement":[{"@type":"ListItem","position":1,"name":"Portada","item":"https:\/\/comunicando.gal\/gal\/"},{"@type":"ListItem","position":2,"name":"O Concello do Bolo presenta o seu Plan Municipal de Vivenda e Chan"}]},{"@type":"WebSite","@id":"https:\/\/comunicando.gal\/gal\/#website","url":"https:\/\/comunicando.gal\/gal\/","name":"Comunicando. Consultor\u00eda de comunicaci\u00f3n.","description":"Consultor\u00eda de comunicaci\u00f3n","publisher":{"@id":"https:\/\/comunicando.gal\/gal\/#organization"},"alternateName":"Comunicando. Consultor\u00eda de comunicaci\u00f3n.","potentialAction":[{"@type":"SearchAction","target":{"@type":"EntryPoint","urlTemplate":"https:\/\/comunicando.gal\/gal\/?s={search_term_string}"},"query-input":{"@type":"PropertyValueSpecification","valueRequired":true,"valueName":"search_term_string"}}],"inLanguage":"es"},{"@type":"Organization","@id":"https:\/\/comunicando.gal\/gal\/#organization","name":"Comunicando. Consultor\u00eda de comunicaci\u00f3n.","url":"https:\/\/comunicando.gal\/gal\/","logo":{"@type":"ImageObject","inLanguage":"es","@id":"https:\/\/comunicando.gal\/gal\/#\/schema\/logo\/image\/","url":"https:\/\/comunicando.gal\/gal\/wp-content\/uploads\/2024\/07\/comunicando-vertical.png","contentUrl":"https:\/\/comunicando.gal\/gal\/wp-content\/uploads\/2024\/07\/comunicando-vertical.png","width":300,"height":323,"caption":"Comunicando. Consultor\u00eda de comunicaci\u00f3n."},"image":{"@id":"https:\/\/comunicando.gal\/gal\/#\/schema\/logo\/image\/"}},{"@type":"Person","@id":"https:\/\/comunicando.gal\/gal\/#\/schema\/person\/0d28af683c857811ed3fe6a412c4a429","name":"Jorge Isla"}]}},"_links":{"self":[{"href":"https:\/\/comunicando.gal\/gal\/wp-json\/wp\/v2\/posts\/4795","targetHints":{"allow":["GET"]}}],"collection":[{"href":"https:\/\/comunicando.gal\/gal\/wp-json\/wp\/v2\/posts"}],"about":[{"href":"https:\/\/comunicando.gal\/gal\/wp-json\/wp\/v2\/types\/post"}],"author":[{"embeddable":true,"href":"https:\/\/comunicando.gal\/gal\/wp-json\/wp\/v2\/users\/3"}],"replies":[{"embeddable":true,"href":"https:\/\/comunicando.gal\/gal\/wp-json\/wp\/v2\/comments?post=4795"}],"version-history":[{"count":5,"href":"https:\/\/comunicando.gal\/gal\/wp-json\/wp\/v2\/posts\/4795\/revisions"}],"predecessor-version":[{"id":4801,"href":"https:\/\/comunicando.gal\/gal\/wp-json\/wp\/v2\/posts\/4795\/revisions\/4801"}],"wp:featuredmedia":[{"embeddable":true,"href":"https:\/\/comunicando.gal\/gal\/wp-json\/wp\/v2\/media\/4796"}],"wp:attachment":[{"href":"https:\/\/comunicando.gal\/gal\/wp-json\/wp\/v2\/media?parent=4795"}],"wp:term":[{"taxonomy":"category","embeddable":true,"href":"https:\/\/comunicando.gal\/gal\/wp-json\/wp\/v2\/categories?post=4795"},{"taxonomy":"post_tag","embeddable":true,"href":"https:\/\/comunicando.gal\/gal\/wp-json\/wp\/v2\/tags?post=4795"}],"curies":[{"name":"wp","href":"https:\/\/api.w.org\/{rel}","templated":true}]}}