{"id":4788,"date":"2025-04-22T18:37:55","date_gmt":"2025-04-22T16:37:55","guid":{"rendered":"https:\/\/comunicando.gal\/gal\/?p=4788"},"modified":"2025-04-22T19:59:58","modified_gmt":"2025-04-22T17:59:58","slug":"o-colexio-profesional-de-xornalistas-de-galicia-cumpre-25-anos","status":"publish","type":"post","link":"https:\/\/comunicando.gal\/gal\/o-colexio-profesional-de-xornalistas-de-galicia-cumpre-25-anos\/","title":{"rendered":"O Colexio Profesional de Xornalistas de Galicia cumpre 25 anos"},"content":{"rendered":"<p><span class=\"css-1jxf684 r-bcqeeo r-1ttztb7 r-qvutc0 r-poiln3\"><img loading=\"lazy\" decoding=\"async\" class=\"size-full wp-image-4790 aligncenter\" src=\"https:\/\/comunicando.gal\/gal\/wp-content\/uploads\/2025\/04\/25anos.jpg\" alt=\"\" width=\"900\" height=\"600\" srcset=\"https:\/\/comunicando.gal\/gal\/wp-content\/uploads\/2025\/04\/25anos.jpg 900w, https:\/\/comunicando.gal\/gal\/wp-content\/uploads\/2025\/04\/25anos-768x512.jpg 768w, https:\/\/comunicando.gal\/gal\/wp-content\/uploads\/2025\/04\/25anos-600x400.jpg 600w, https:\/\/comunicando.gal\/gal\/wp-content\/uploads\/2025\/04\/25anos-24x16.jpg 24w, https:\/\/comunicando.gal\/gal\/wp-content\/uploads\/2025\/04\/25anos-36x24.jpg 36w, https:\/\/comunicando.gal\/gal\/wp-content\/uploads\/2025\/04\/25anos-48x32.jpg 48w\" sizes=\"auto, (max-width: 900px) 100vw, 900px\" \/><\/span><span class=\"css-1jxf684 r-bcqeeo r-1ttztb7 r-qvutc0 r-poiln3\">Hai case d\u00faas semanas, o pasado d\u00eda 9 de abril, fixo <strong>25 anos<\/strong> da celebraci\u00f3n da <\/span><span class=\"r-18u37iz\">Asemblea Constitu\u00ednte<\/span><span class=\"css-1jxf684 r-bcqeeo r-1ttztb7 r-qvutc0 r-poiln3\"> do Colexio Profesional de Xornalistas de Galicia, na que se aprobaron os Estatutos e se elexiu a primeira Xunta de Goberno, presidida por Xos\u00e9 Mar\u00eda Garc\u00eda Palmeiro. Nac\u00eda as\u00ed o \u00f3rgano de representacion da profesi\u00f3n xornal\u00edstica en Galicia, <strong>do que Comunicando forma parte a trav\u00e9s do noso director, Jorge Isla <\/strong>que, desde hai cinco anos, \u00e9 un dos dous representantes pola provincia de Ourense, no pleno territorial do Colexio.\u00a0<\/span><\/p>\n<p>Para celebrar a efem\u00e9ride, o Colexio ven lembrando ao longo deste 2025, fitos acadados pola organizaci\u00f3n, coa identificaci\u00f3n do hashtag <strong>#25anosdoCPXG<\/strong>: <a href=\"https:\/\/x.com\/xornalistas\/status\/1909928695663309190?s=48&amp;t=BsULd2x9Xb-pC2Ic96PSKA\" target=\"_blank\" rel=\"noopener\">Rede social X do Colexio de Xornalistas de Galicia. <\/a><\/p>\n<p>Tedes <strong>m\u00e1is informaci\u00f3n<\/strong> na seguinte ligaz\u00f3n:\u00a0<a href=\"https:\/\/www.xornalistas.gal\/novas-eventos\/novas\/o-colexio-de-xornalistas-fai-25-anos-en-defensa-dos-e-das-xornalistas-galegas\/#\" target=\"_blank\" rel=\"noopener\">O Colexio de Xornalistas fai 25 anos en defensa dos e das xornalistas galegas<\/a><\/p>\n<p>&nbsp;<\/p>\n","protected":false},"excerpt":{"rendered":"<p>Hai case d\u00faas semanas, o pasado d\u00eda 9 de abril, fixo 25 anos da celebraci\u00f3n da Asemblea Constitu\u00ednte do Colexio Profesional de Xornalistas de Galicia, na que se aprobaron os Estatutos e se elexiu a primeira Xunta de Goberno, presidida por Xos\u00e9 Mar\u00eda Garc\u00eda Palmeiro. Nac\u00eda as\u00ed o \u00f3rgano de representacion da profesi\u00f3n xornal\u00edstica en [&hellip;]<\/p>\n","protected":false},"author":3,"featured_media":4790,"comment_status":"open","ping_status":"open","sticky":false,"template":"","format":"standard","meta":{"footnotes":""},"categories":[1],"tags":[],"class_list":["post-4788","post","type-post","status-publish","format-standard","has-post-thumbnail","hentry","category-noticias"],"yoast_head":"<!-- This site is optimized with the Yoast SEO plugin v26.2 - https:\/\/yoast.com\/wordpress\/plugins\/seo\/ -->\n<title>O Colexio Profesional de Xornalistas de Galicia cumpre 25 anos<\/title>\n<meta name=\"robots\" content=\"index, follow, max-snippet:-1, max-image-preview:large, max-video-preview:-1\" \/>\n<link rel=\"canonical\" href=\"https:\/\/comunicando.gal\/gal\/o-colexio-profesional-de-xornalistas-de-galicia-cumpre-25-anos\/\" \/>\n<meta property=\"og:locale\" content=\"es_ES\" \/>\n<meta property=\"og:type\" content=\"article\" \/>\n<meta property=\"og:title\" content=\"O Colexio Profesional de Xornalistas de Galicia cumpre 25 anos\" \/>\n<meta property=\"og:description\" content=\"Hai case d\u00faas semanas, o pasado d\u00eda 9 de abril, fixo 25 anos da celebraci\u00f3n da Asemblea Constitu\u00ednte do Colexio Profesional de Xornalistas de Galicia, na que se aprobaron os Estatutos e se elexiu a primeira Xunta de Goberno, presidida por Xos\u00e9 Mar\u00eda Garc\u00eda Palmeiro. Nac\u00eda as\u00ed o \u00f3rgano de representacion da profesi\u00f3n xornal\u00edstica en [&hellip;]\" \/>\n<meta property=\"og:url\" content=\"https:\/\/comunicando.gal\/gal\/o-colexio-profesional-de-xornalistas-de-galicia-cumpre-25-anos\/\" \/>\n<meta property=\"og:site_name\" content=\"Comunicando\" \/>\n<meta property=\"article:published_time\" content=\"2025-04-22T16:37:55+00:00\" \/>\n<meta property=\"article:modified_time\" content=\"2025-04-22T17:59:58+00:00\" \/>\n<meta property=\"og:image\" content=\"https:\/\/comunicando.gal\/gal\/wp-content\/uploads\/2025\/04\/25anos.jpg\" \/>\n\t<meta property=\"og:image:width\" content=\"900\" \/>\n\t<meta property=\"og:image:height\" content=\"600\" \/>\n\t<meta property=\"og:image:type\" content=\"image\/jpeg\" \/>\n<meta name=\"author\" content=\"Jorge Isla\" \/>\n<meta name=\"twitter:card\" content=\"summary_large_image\" \/>\n<script type=\"application\/ld+json\" class=\"yoast-schema-graph\">{\"@context\":\"https:\/\/schema.org\",\"@graph\":[{\"@type\":\"Article\",\"@id\":\"https:\/\/comunicando.gal\/gal\/o-colexio-profesional-de-xornalistas-de-galicia-cumpre-25-anos\/#article\",\"isPartOf\":{\"@id\":\"https:\/\/comunicando.gal\/gal\/o-colexio-profesional-de-xornalistas-de-galicia-cumpre-25-anos\/\"},\"author\":{\"name\":\"Jorge Isla\",\"@id\":\"https:\/\/comunicando.gal\/gal\/#\/schema\/person\/0d28af683c857811ed3fe6a412c4a429\"},\"headline\":\"O Colexio Profesional de Xornalistas de Galicia cumpre 25 anos\",\"datePublished\":\"2025-04-22T16:37:55+00:00\",\"dateModified\":\"2025-04-22T17:59:58+00:00\",\"mainEntityOfPage\":{\"@id\":\"https:\/\/comunicando.gal\/gal\/o-colexio-profesional-de-xornalistas-de-galicia-cumpre-25-anos\/\"},\"wordCount\":158,\"commentCount\":0,\"publisher\":{\"@id\":\"https:\/\/comunicando.gal\/gal\/#organization\"},\"image\":{\"@id\":\"https:\/\/comunicando.gal\/gal\/o-colexio-profesional-de-xornalistas-de-galicia-cumpre-25-anos\/#primaryimage\"},\"thumbnailUrl\":\"https:\/\/comunicando.gal\/gal\/wp-content\/uploads\/2025\/04\/25anos.jpg\",\"articleSection\":[\"Noticias\"],\"inLanguage\":\"es\"},{\"@type\":\"WebPage\",\"@id\":\"https:\/\/comunicando.gal\/gal\/o-colexio-profesional-de-xornalistas-de-galicia-cumpre-25-anos\/\",\"url\":\"https:\/\/comunicando.gal\/gal\/o-colexio-profesional-de-xornalistas-de-galicia-cumpre-25-anos\/\",\"name\":\"O Colexio Profesional de Xornalistas de Galicia cumpre 25 anos\",\"isPartOf\":{\"@id\":\"https:\/\/comunicando.gal\/gal\/#website\"},\"primaryImageOfPage\":{\"@id\":\"https:\/\/comunicando.gal\/gal\/o-colexio-profesional-de-xornalistas-de-galicia-cumpre-25-anos\/#primaryimage\"},\"image\":{\"@id\":\"https:\/\/comunicando.gal\/gal\/o-colexio-profesional-de-xornalistas-de-galicia-cumpre-25-anos\/#primaryimage\"},\"thumbnailUrl\":\"https:\/\/comunicando.gal\/gal\/wp-content\/uploads\/2025\/04\/25anos.jpg\",\"datePublished\":\"2025-04-22T16:37:55+00:00\",\"dateModified\":\"2025-04-22T17:59:58+00:00\",\"breadcrumb\":{\"@id\":\"https:\/\/comunicando.gal\/gal\/o-colexio-profesional-de-xornalistas-de-galicia-cumpre-25-anos\/#breadcrumb\"},\"inLanguage\":\"es\",\"potentialAction\":[{\"@type\":\"ReadAction\",\"target\":[\"https:\/\/comunicando.gal\/gal\/o-colexio-profesional-de-xornalistas-de-galicia-cumpre-25-anos\/\"]}]},{\"@type\":\"ImageObject\",\"inLanguage\":\"es\",\"@id\":\"https:\/\/comunicando.gal\/gal\/o-colexio-profesional-de-xornalistas-de-galicia-cumpre-25-anos\/#primaryimage\",\"url\":\"https:\/\/comunicando.gal\/gal\/wp-content\/uploads\/2025\/04\/25anos.jpg\",\"contentUrl\":\"https:\/\/comunicando.gal\/gal\/wp-content\/uploads\/2025\/04\/25anos.jpg\",\"width\":900,\"height\":600},{\"@type\":\"BreadcrumbList\",\"@id\":\"https:\/\/comunicando.gal\/gal\/o-colexio-profesional-de-xornalistas-de-galicia-cumpre-25-anos\/#breadcrumb\",\"itemListElement\":[{\"@type\":\"ListItem\",\"position\":1,\"name\":\"Portada\",\"item\":\"https:\/\/comunicando.gal\/gal\/\"},{\"@type\":\"ListItem\",\"position\":2,\"name\":\"O Colexio Profesional de Xornalistas de Galicia cumpre 25 anos\"}]},{\"@type\":\"WebSite\",\"@id\":\"https:\/\/comunicando.gal\/gal\/#website\",\"url\":\"https:\/\/comunicando.gal\/gal\/\",\"name\":\"Comunicando. Consultor\u00eda de comunicaci\u00f3n.\",\"description\":\"Consultor\u00eda de comunicaci\u00f3n\",\"publisher\":{\"@id\":\"https:\/\/comunicando.gal\/gal\/#organization\"},\"alternateName\":\"Comunicando. Consultor\u00eda de comunicaci\u00f3n.\",\"potentialAction\":[{\"@type\":\"SearchAction\",\"target\":{\"@type\":\"EntryPoint\",\"urlTemplate\":\"https:\/\/comunicando.gal\/gal\/?s={search_term_string}\"},\"query-input\":{\"@type\":\"PropertyValueSpecification\",\"valueRequired\":true,\"valueName\":\"search_term_string\"}}],\"inLanguage\":\"es\"},{\"@type\":\"Organization\",\"@id\":\"https:\/\/comunicando.gal\/gal\/#organization\",\"name\":\"Comunicando. Consultor\u00eda de comunicaci\u00f3n.\",\"url\":\"https:\/\/comunicando.gal\/gal\/\",\"logo\":{\"@type\":\"ImageObject\",\"inLanguage\":\"es\",\"@id\":\"https:\/\/comunicando.gal\/gal\/#\/schema\/logo\/image\/\",\"url\":\"https:\/\/comunicando.gal\/gal\/wp-content\/uploads\/2024\/07\/comunicando-vertical.png\",\"contentUrl\":\"https:\/\/comunicando.gal\/gal\/wp-content\/uploads\/2024\/07\/comunicando-vertical.png\",\"width\":300,\"height\":323,\"caption\":\"Comunicando. Consultor\u00eda de comunicaci\u00f3n.\"},\"image\":{\"@id\":\"https:\/\/comunicando.gal\/gal\/#\/schema\/logo\/image\/\"}},{\"@type\":\"Person\",\"@id\":\"https:\/\/comunicando.gal\/gal\/#\/schema\/person\/0d28af683c857811ed3fe6a412c4a429\",\"name\":\"Jorge Isla\"}]}<\/script>\n<!-- \/ Yoast SEO plugin. -->","yoast_head_json":{"title":"O Colexio Profesional de Xornalistas de Galicia cumpre 25 anos","robots":{"index":"index","follow":"follow","max-snippet":"max-snippet:-1","max-image-preview":"max-image-preview:large","max-video-preview":"max-video-preview:-1"},"canonical":"https:\/\/comunicando.gal\/gal\/o-colexio-profesional-de-xornalistas-de-galicia-cumpre-25-anos\/","og_locale":"es_ES","og_type":"article","og_title":"O Colexio Profesional de Xornalistas de Galicia cumpre 25 anos","og_description":"Hai case d\u00faas semanas, o pasado d\u00eda 9 de abril, fixo 25 anos da celebraci\u00f3n da Asemblea Constitu\u00ednte do Colexio Profesional de Xornalistas de Galicia, na que se aprobaron os Estatutos e se elexiu a primeira Xunta de Goberno, presidida por Xos\u00e9 Mar\u00eda Garc\u00eda Palmeiro. Nac\u00eda as\u00ed o \u00f3rgano de representacion da profesi\u00f3n xornal\u00edstica en [&hellip;]","og_url":"https:\/\/comunicando.gal\/gal\/o-colexio-profesional-de-xornalistas-de-galicia-cumpre-25-anos\/","og_site_name":"Comunicando","article_published_time":"2025-04-22T16:37:55+00:00","article_modified_time":"2025-04-22T17:59:58+00:00","og_image":[{"width":900,"height":600,"url":"https:\/\/comunicando.gal\/gal\/wp-content\/uploads\/2025\/04\/25anos.jpg","type":"image\/jpeg"}],"author":"Jorge Isla","twitter_card":"summary_large_image","schema":{"@context":"https:\/\/schema.org","@graph":[{"@type":"Article","@id":"https:\/\/comunicando.gal\/gal\/o-colexio-profesional-de-xornalistas-de-galicia-cumpre-25-anos\/#article","isPartOf":{"@id":"https:\/\/comunicando.gal\/gal\/o-colexio-profesional-de-xornalistas-de-galicia-cumpre-25-anos\/"},"author":{"name":"Jorge Isla","@id":"https:\/\/comunicando.gal\/gal\/#\/schema\/person\/0d28af683c857811ed3fe6a412c4a429"},"headline":"O Colexio Profesional de Xornalistas de Galicia cumpre 25 anos","datePublished":"2025-04-22T16:37:55+00:00","dateModified":"2025-04-22T17:59:58+00:00","mainEntityOfPage":{"@id":"https:\/\/comunicando.gal\/gal\/o-colexio-profesional-de-xornalistas-de-galicia-cumpre-25-anos\/"},"wordCount":158,"commentCount":0,"publisher":{"@id":"https:\/\/comunicando.gal\/gal\/#organization"},"image":{"@id":"https:\/\/comunicando.gal\/gal\/o-colexio-profesional-de-xornalistas-de-galicia-cumpre-25-anos\/#primaryimage"},"thumbnailUrl":"https:\/\/comunicando.gal\/gal\/wp-content\/uploads\/2025\/04\/25anos.jpg","articleSection":["Noticias"],"inLanguage":"es"},{"@type":"WebPage","@id":"https:\/\/comunicando.gal\/gal\/o-colexio-profesional-de-xornalistas-de-galicia-cumpre-25-anos\/","url":"https:\/\/comunicando.gal\/gal\/o-colexio-profesional-de-xornalistas-de-galicia-cumpre-25-anos\/","name":"O Colexio Profesional de Xornalistas de Galicia cumpre 25 anos","isPartOf":{"@id":"https:\/\/comunicando.gal\/gal\/#website"},"primaryImageOfPage":{"@id":"https:\/\/comunicando.gal\/gal\/o-colexio-profesional-de-xornalistas-de-galicia-cumpre-25-anos\/#primaryimage"},"image":{"@id":"https:\/\/comunicando.gal\/gal\/o-colexio-profesional-de-xornalistas-de-galicia-cumpre-25-anos\/#primaryimage"},"thumbnailUrl":"https:\/\/comunicando.gal\/gal\/wp-content\/uploads\/2025\/04\/25anos.jpg","datePublished":"2025-04-22T16:37:55+00:00","dateModified":"2025-04-22T17:59:58+00:00","breadcrumb":{"@id":"https:\/\/comunicando.gal\/gal\/o-colexio-profesional-de-xornalistas-de-galicia-cumpre-25-anos\/#breadcrumb"},"inLanguage":"es","potentialAction":[{"@type":"ReadAction","target":["https:\/\/comunicando.gal\/gal\/o-colexio-profesional-de-xornalistas-de-galicia-cumpre-25-anos\/"]}]},{"@type":"ImageObject","inLanguage":"es","@id":"https:\/\/comunicando.gal\/gal\/o-colexio-profesional-de-xornalistas-de-galicia-cumpre-25-anos\/#primaryimage","url":"https:\/\/comunicando.gal\/gal\/wp-content\/uploads\/2025\/04\/25anos.jpg","contentUrl":"https:\/\/comunicando.gal\/gal\/wp-content\/uploads\/2025\/04\/25anos.jpg","width":900,"height":600},{"@type":"BreadcrumbList","@id":"https:\/\/comunicando.gal\/gal\/o-colexio-profesional-de-xornalistas-de-galicia-cumpre-25-anos\/#breadcrumb","itemListElement":[{"@type":"ListItem","position":1,"name":"Portada","item":"https:\/\/comunicando.gal\/gal\/"},{"@type":"ListItem","position":2,"name":"O Colexio Profesional de Xornalistas de Galicia cumpre 25 anos"}]},{"@type":"WebSite","@id":"https:\/\/comunicando.gal\/gal\/#website","url":"https:\/\/comunicando.gal\/gal\/","name":"Comunicando. Consultor\u00eda de comunicaci\u00f3n.","description":"Consultor\u00eda de comunicaci\u00f3n","publisher":{"@id":"https:\/\/comunicando.gal\/gal\/#organization"},"alternateName":"Comunicando. Consultor\u00eda de comunicaci\u00f3n.","potentialAction":[{"@type":"SearchAction","target":{"@type":"EntryPoint","urlTemplate":"https:\/\/comunicando.gal\/gal\/?s={search_term_string}"},"query-input":{"@type":"PropertyValueSpecification","valueRequired":true,"valueName":"search_term_string"}}],"inLanguage":"es"},{"@type":"Organization","@id":"https:\/\/comunicando.gal\/gal\/#organization","name":"Comunicando. Consultor\u00eda de comunicaci\u00f3n.","url":"https:\/\/comunicando.gal\/gal\/","logo":{"@type":"ImageObject","inLanguage":"es","@id":"https:\/\/comunicando.gal\/gal\/#\/schema\/logo\/image\/","url":"https:\/\/comunicando.gal\/gal\/wp-content\/uploads\/2024\/07\/comunicando-vertical.png","contentUrl":"https:\/\/comunicando.gal\/gal\/wp-content\/uploads\/2024\/07\/comunicando-vertical.png","width":300,"height":323,"caption":"Comunicando. Consultor\u00eda de comunicaci\u00f3n."},"image":{"@id":"https:\/\/comunicando.gal\/gal\/#\/schema\/logo\/image\/"}},{"@type":"Person","@id":"https:\/\/comunicando.gal\/gal\/#\/schema\/person\/0d28af683c857811ed3fe6a412c4a429","name":"Jorge Isla"}]}},"_links":{"self":[{"href":"https:\/\/comunicando.gal\/gal\/wp-json\/wp\/v2\/posts\/4788","targetHints":{"allow":["GET"]}}],"collection":[{"href":"https:\/\/comunicando.gal\/gal\/wp-json\/wp\/v2\/posts"}],"about":[{"href":"https:\/\/comunicando.gal\/gal\/wp-json\/wp\/v2\/types\/post"}],"author":[{"embeddable":true,"href":"https:\/\/comunicando.gal\/gal\/wp-json\/wp\/v2\/users\/3"}],"replies":[{"embeddable":true,"href":"https:\/\/comunicando.gal\/gal\/wp-json\/wp\/v2\/comments?post=4788"}],"version-history":[{"count":5,"href":"https:\/\/comunicando.gal\/gal\/wp-json\/wp\/v2\/posts\/4788\/revisions"}],"predecessor-version":[{"id":4794,"href":"https:\/\/comunicando.gal\/gal\/wp-json\/wp\/v2\/posts\/4788\/revisions\/4794"}],"wp:featuredmedia":[{"embeddable":true,"href":"https:\/\/comunicando.gal\/gal\/wp-json\/wp\/v2\/media\/4790"}],"wp:attachment":[{"href":"https:\/\/comunicando.gal\/gal\/wp-json\/wp\/v2\/media?parent=4788"}],"wp:term":[{"taxonomy":"category","embeddable":true,"href":"https:\/\/comunicando.gal\/gal\/wp-json\/wp\/v2\/categories?post=4788"},{"taxonomy":"post_tag","embeddable":true,"href":"https:\/\/comunicando.gal\/gal\/wp-json\/wp\/v2\/tags?post=4788"}],"curies":[{"name":"wp","href":"https:\/\/api.w.org\/{rel}","templated":true}]}}