{"id":4780,"date":"2025-02-27T15:34:26","date_gmt":"2025-02-27T14:34:26","guid":{"rendered":"https:\/\/comunicando.gal\/gal\/?p=4780"},"modified":"2025-04-16T16:15:59","modified_gmt":"2025-04-16T14:15:59","slug":"os-entroidos-de-manzaneda-viana-e-vilarino-buscan-ser-festa-de-interese-turistico-nacional","status":"publish","type":"post","link":"https:\/\/comunicando.gal\/gal\/os-entroidos-de-manzaneda-viana-e-vilarino-buscan-ser-festa-de-interese-turistico-nacional\/","title":{"rendered":"Os entroidos de Manzaneda, Viana e Vilari\u00f1o buscan ser Festa de Interese Tur\u00edstico Nacional"},"content":{"rendered":"<div id=\"attachment_4782\" style=\"width: 910px\" class=\"wp-caption aligncenter\"><img loading=\"lazy\" decoding=\"async\" aria-describedby=\"caption-attachment-4782\" class=\"wp-image-4782 size-full\" src=\"https:\/\/comunicando.gal\/gal\/wp-content\/uploads\/2025\/02\/entroidos.jpg\" alt=\"\" width=\"900\" height=\"600\" srcset=\"https:\/\/comunicando.gal\/gal\/wp-content\/uploads\/2025\/02\/entroidos.jpg 900w, https:\/\/comunicando.gal\/gal\/wp-content\/uploads\/2025\/02\/entroidos-768x512.jpg 768w, https:\/\/comunicando.gal\/gal\/wp-content\/uploads\/2025\/02\/entroidos-600x400.jpg 600w, https:\/\/comunicando.gal\/gal\/wp-content\/uploads\/2025\/02\/entroidos-24x16.jpg 24w, https:\/\/comunicando.gal\/gal\/wp-content\/uploads\/2025\/02\/entroidos-36x24.jpg 36w, https:\/\/comunicando.gal\/gal\/wp-content\/uploads\/2025\/02\/entroidos-48x32.jpg 48w\" sizes=\"auto, (max-width: 900px) 100vw, 900px\" \/><p id=\"caption-attachment-4782\" class=\"wp-caption-text\">O director xeral de Turismo, Xos\u00e9 Merelles, apoiando aos entroidos do oriente ourens\u00e1n.<\/p><\/div>\n<p>Era o ano 2019 cando os tres concellos ourens\u00e1ns, <strong>Manzaneda, Viana do Bolo e <\/strong><strong>Vilari\u00f1o de Conso<\/strong>, embarc\u00e1banse na aventura de ser reco\u00f1ecidos como <strong>Festa de Interese Tur\u00edstico Nacional<\/strong>, acordando coordinarse para promocionarse de maneira conxunta. O lema escollido: <em>A terra do fuli\u00f3n<\/em>. Por diante, moito cami\u00f1o por percorrer no que <strong>Comunicando<\/strong> estivo presente, colaborando durante moitos meses para desenvolver este proxecto.<\/p>\n<p>Os alcaldes, Amable Fern\u00e1ndez (Manzaneda), Andr\u00e9s Montesinos (Viana) e Melisa Mac\u00eda (Vilari\u00f1o), participaron fai uns d\u00edas nun acto conxunto que quixo representar a s\u00faa uni\u00f3n, no que estivo presente ademais, o <strong>director xeral de Turismo de Galicia, Xos\u00e9 Merelles<\/strong> que comprometeu o apoio da Xunta para levar a cabo os tr\u00e1mites para acadar a declaraci\u00f3n.<\/p>\n<p>Tr\u00e1tase do <strong>seguinte paso<\/strong> trala declaraci\u00f3n de Festa de Interese Galego, distintivo do que goza Viana do Bolo desde 1999, Manzaneda desde 2008 e Vilari\u00f1o de Conso desde 2016.<\/p>\n<p>A <strong>prensa<\/strong> galega e espa\u00f1ola f\u00edxose eco desta boa nova:<\/p>\n<p><a href=\"https:\/\/www.lavozdegalicia.es\/amp\/noticia\/ourense\/2025\/02\/21\/entroidos-viana-vilarino-manzaneda-buscaran-fiesta-interes-turistico-nacional\/0003_202502O21C4993.htm?utm_campaign=amp\" target=\"_blank\" rel=\"noopener\">La Voz de Galicia<\/a><\/p>\n<p><a href=\"https:\/\/osil.info\/os-entroidos-de-viana-manzaneda-e-vilarino-solicitaran-a-declaracion-de-interese-turistico-nacional\/\" target=\"_blank\" rel=\"noopener\">Xornal O Sil<\/a><\/p>\n<p><a href=\"https:\/\/clusterturismogalicia.com\/viana-do-bolo-vilarino-de-conso-y-manzaneda-inician-el-camino-para-ser-fiestas-de-interes-turistico-nacional\/\" target=\"_blank\" rel=\"noopener\">Cl\u00faster Turismo de Galicia<\/a><\/p>\n<p><a href=\"https:\/\/www.elespanol.com\/treintayseis\/vivir\/20250221\/carnavales-galicia-optan-fiesta-interes-turistico-nacional\/925907513_0.amp.html\" target=\"_blank\" rel=\"noopener\">El Espa\u00f1ol<\/a><\/p>\n","protected":false},"excerpt":{"rendered":"<p>Era o ano 2019 cando os tres concellos ourens\u00e1ns, Manzaneda, Viana do Bolo e Vilari\u00f1o de Conso, embarc\u00e1banse na aventura de ser reco\u00f1ecidos como Festa de Interese Tur\u00edstico Nacional, acordando coordinarse para promocionarse de maneira conxunta. O lema escollido: A terra do fuli\u00f3n. Por diante, moito cami\u00f1o por percorrer no que Comunicando estivo presente, colaborando [&hellip;]<\/p>\n","protected":false},"author":3,"featured_media":4782,"comment_status":"open","ping_status":"open","sticky":false,"template":"","format":"standard","meta":{"footnotes":""},"categories":[1],"tags":[],"class_list":["post-4780","post","type-post","status-publish","format-standard","has-post-thumbnail","hentry","category-noticias"],"yoast_head":"<!-- This site is optimized with the Yoast SEO plugin v26.2 - https:\/\/yoast.com\/wordpress\/plugins\/seo\/ -->\n<title>Os entroidos de Manzaneda, Viana e Vilari\u00f1o buscan ser Festa de Interese Tur\u00edstico Nacional<\/title>\n<meta name=\"robots\" content=\"index, follow, max-snippet:-1, max-image-preview:large, max-video-preview:-1\" \/>\n<link rel=\"canonical\" href=\"https:\/\/comunicando.gal\/gal\/os-entroidos-de-manzaneda-viana-e-vilarino-buscan-ser-festa-de-interese-turistico-nacional\/\" \/>\n<meta property=\"og:locale\" content=\"es_ES\" \/>\n<meta property=\"og:type\" content=\"article\" \/>\n<meta property=\"og:title\" content=\"Os entroidos de Manzaneda, Viana e Vilari\u00f1o buscan ser Festa de Interese Tur\u00edstico Nacional\" \/>\n<meta property=\"og:description\" content=\"Era o ano 2019 cando os tres concellos ourens\u00e1ns, Manzaneda, Viana do Bolo e Vilari\u00f1o de Conso, embarc\u00e1banse na aventura de ser reco\u00f1ecidos como Festa de Interese Tur\u00edstico Nacional, acordando coordinarse para promocionarse de maneira conxunta. O lema escollido: A terra do fuli\u00f3n. Por diante, moito cami\u00f1o por percorrer no que Comunicando estivo presente, colaborando [&hellip;]\" \/>\n<meta property=\"og:url\" content=\"https:\/\/comunicando.gal\/gal\/os-entroidos-de-manzaneda-viana-e-vilarino-buscan-ser-festa-de-interese-turistico-nacional\/\" \/>\n<meta property=\"og:site_name\" content=\"Comunicando\" \/>\n<meta property=\"article:published_time\" content=\"2025-02-27T14:34:26+00:00\" \/>\n<meta property=\"article:modified_time\" content=\"2025-04-16T14:15:59+00:00\" \/>\n<meta property=\"og:image\" content=\"https:\/\/comunicando.gal\/gal\/wp-content\/uploads\/2025\/02\/entroidos.jpg\" \/>\n\t<meta property=\"og:image:width\" content=\"900\" \/>\n\t<meta property=\"og:image:height\" content=\"600\" \/>\n\t<meta property=\"og:image:type\" content=\"image\/jpeg\" \/>\n<meta name=\"author\" content=\"Jorge Isla\" \/>\n<meta name=\"twitter:card\" content=\"summary_large_image\" \/>\n<script type=\"application\/ld+json\" class=\"yoast-schema-graph\">{\"@context\":\"https:\/\/schema.org\",\"@graph\":[{\"@type\":\"Article\",\"@id\":\"https:\/\/comunicando.gal\/gal\/os-entroidos-de-manzaneda-viana-e-vilarino-buscan-ser-festa-de-interese-turistico-nacional\/#article\",\"isPartOf\":{\"@id\":\"https:\/\/comunicando.gal\/gal\/os-entroidos-de-manzaneda-viana-e-vilarino-buscan-ser-festa-de-interese-turistico-nacional\/\"},\"author\":{\"name\":\"Jorge Isla\",\"@id\":\"https:\/\/comunicando.gal\/gal\/#\/schema\/person\/0d28af683c857811ed3fe6a412c4a429\"},\"headline\":\"Os entroidos de Manzaneda, Viana e Vilari\u00f1o buscan ser Festa de Interese Tur\u00edstico Nacional\",\"datePublished\":\"2025-02-27T14:34:26+00:00\",\"dateModified\":\"2025-04-16T14:15:59+00:00\",\"mainEntityOfPage\":{\"@id\":\"https:\/\/comunicando.gal\/gal\/os-entroidos-de-manzaneda-viana-e-vilarino-buscan-ser-festa-de-interese-turistico-nacional\/\"},\"wordCount\":225,\"commentCount\":0,\"publisher\":{\"@id\":\"https:\/\/comunicando.gal\/gal\/#organization\"},\"image\":{\"@id\":\"https:\/\/comunicando.gal\/gal\/os-entroidos-de-manzaneda-viana-e-vilarino-buscan-ser-festa-de-interese-turistico-nacional\/#primaryimage\"},\"thumbnailUrl\":\"https:\/\/comunicando.gal\/gal\/wp-content\/uploads\/2025\/02\/entroidos.jpg\",\"articleSection\":[\"Noticias\"],\"inLanguage\":\"es\"},{\"@type\":\"WebPage\",\"@id\":\"https:\/\/comunicando.gal\/gal\/os-entroidos-de-manzaneda-viana-e-vilarino-buscan-ser-festa-de-interese-turistico-nacional\/\",\"url\":\"https:\/\/comunicando.gal\/gal\/os-entroidos-de-manzaneda-viana-e-vilarino-buscan-ser-festa-de-interese-turistico-nacional\/\",\"name\":\"Os entroidos de Manzaneda, Viana e Vilari\u00f1o buscan ser Festa de Interese Tur\u00edstico Nacional\",\"isPartOf\":{\"@id\":\"https:\/\/comunicando.gal\/gal\/#website\"},\"primaryImageOfPage\":{\"@id\":\"https:\/\/comunicando.gal\/gal\/os-entroidos-de-manzaneda-viana-e-vilarino-buscan-ser-festa-de-interese-turistico-nacional\/#primaryimage\"},\"image\":{\"@id\":\"https:\/\/comunicando.gal\/gal\/os-entroidos-de-manzaneda-viana-e-vilarino-buscan-ser-festa-de-interese-turistico-nacional\/#primaryimage\"},\"thumbnailUrl\":\"https:\/\/comunicando.gal\/gal\/wp-content\/uploads\/2025\/02\/entroidos.jpg\",\"datePublished\":\"2025-02-27T14:34:26+00:00\",\"dateModified\":\"2025-04-16T14:15:59+00:00\",\"breadcrumb\":{\"@id\":\"https:\/\/comunicando.gal\/gal\/os-entroidos-de-manzaneda-viana-e-vilarino-buscan-ser-festa-de-interese-turistico-nacional\/#breadcrumb\"},\"inLanguage\":\"es\",\"potentialAction\":[{\"@type\":\"ReadAction\",\"target\":[\"https:\/\/comunicando.gal\/gal\/os-entroidos-de-manzaneda-viana-e-vilarino-buscan-ser-festa-de-interese-turistico-nacional\/\"]}]},{\"@type\":\"ImageObject\",\"inLanguage\":\"es\",\"@id\":\"https:\/\/comunicando.gal\/gal\/os-entroidos-de-manzaneda-viana-e-vilarino-buscan-ser-festa-de-interese-turistico-nacional\/#primaryimage\",\"url\":\"https:\/\/comunicando.gal\/gal\/wp-content\/uploads\/2025\/02\/entroidos.jpg\",\"contentUrl\":\"https:\/\/comunicando.gal\/gal\/wp-content\/uploads\/2025\/02\/entroidos.jpg\",\"width\":900,\"height\":600},{\"@type\":\"BreadcrumbList\",\"@id\":\"https:\/\/comunicando.gal\/gal\/os-entroidos-de-manzaneda-viana-e-vilarino-buscan-ser-festa-de-interese-turistico-nacional\/#breadcrumb\",\"itemListElement\":[{\"@type\":\"ListItem\",\"position\":1,\"name\":\"Portada\",\"item\":\"https:\/\/comunicando.gal\/gal\/\"},{\"@type\":\"ListItem\",\"position\":2,\"name\":\"Os entroidos de Manzaneda, Viana e Vilari\u00f1o buscan ser Festa de Interese Tur\u00edstico Nacional\"}]},{\"@type\":\"WebSite\",\"@id\":\"https:\/\/comunicando.gal\/gal\/#website\",\"url\":\"https:\/\/comunicando.gal\/gal\/\",\"name\":\"Comunicando. Consultor\u00eda de comunicaci\u00f3n.\",\"description\":\"Consultor\u00eda de comunicaci\u00f3n\",\"publisher\":{\"@id\":\"https:\/\/comunicando.gal\/gal\/#organization\"},\"alternateName\":\"Comunicando. Consultor\u00eda de comunicaci\u00f3n.\",\"potentialAction\":[{\"@type\":\"SearchAction\",\"target\":{\"@type\":\"EntryPoint\",\"urlTemplate\":\"https:\/\/comunicando.gal\/gal\/?s={search_term_string}\"},\"query-input\":{\"@type\":\"PropertyValueSpecification\",\"valueRequired\":true,\"valueName\":\"search_term_string\"}}],\"inLanguage\":\"es\"},{\"@type\":\"Organization\",\"@id\":\"https:\/\/comunicando.gal\/gal\/#organization\",\"name\":\"Comunicando. Consultor\u00eda de comunicaci\u00f3n.\",\"url\":\"https:\/\/comunicando.gal\/gal\/\",\"logo\":{\"@type\":\"ImageObject\",\"inLanguage\":\"es\",\"@id\":\"https:\/\/comunicando.gal\/gal\/#\/schema\/logo\/image\/\",\"url\":\"https:\/\/comunicando.gal\/gal\/wp-content\/uploads\/2024\/07\/comunicando-vertical.png\",\"contentUrl\":\"https:\/\/comunicando.gal\/gal\/wp-content\/uploads\/2024\/07\/comunicando-vertical.png\",\"width\":300,\"height\":323,\"caption\":\"Comunicando. Consultor\u00eda de comunicaci\u00f3n.\"},\"image\":{\"@id\":\"https:\/\/comunicando.gal\/gal\/#\/schema\/logo\/image\/\"}},{\"@type\":\"Person\",\"@id\":\"https:\/\/comunicando.gal\/gal\/#\/schema\/person\/0d28af683c857811ed3fe6a412c4a429\",\"name\":\"Jorge Isla\"}]}<\/script>\n<!-- \/ Yoast SEO plugin. -->","yoast_head_json":{"title":"Os entroidos de Manzaneda, Viana e Vilari\u00f1o buscan ser Festa de Interese Tur\u00edstico Nacional","robots":{"index":"index","follow":"follow","max-snippet":"max-snippet:-1","max-image-preview":"max-image-preview:large","max-video-preview":"max-video-preview:-1"},"canonical":"https:\/\/comunicando.gal\/gal\/os-entroidos-de-manzaneda-viana-e-vilarino-buscan-ser-festa-de-interese-turistico-nacional\/","og_locale":"es_ES","og_type":"article","og_title":"Os entroidos de Manzaneda, Viana e Vilari\u00f1o buscan ser Festa de Interese Tur\u00edstico Nacional","og_description":"Era o ano 2019 cando os tres concellos ourens\u00e1ns, Manzaneda, Viana do Bolo e Vilari\u00f1o de Conso, embarc\u00e1banse na aventura de ser reco\u00f1ecidos como Festa de Interese Tur\u00edstico Nacional, acordando coordinarse para promocionarse de maneira conxunta. O lema escollido: A terra do fuli\u00f3n. Por diante, moito cami\u00f1o por percorrer no que Comunicando estivo presente, colaborando [&hellip;]","og_url":"https:\/\/comunicando.gal\/gal\/os-entroidos-de-manzaneda-viana-e-vilarino-buscan-ser-festa-de-interese-turistico-nacional\/","og_site_name":"Comunicando","article_published_time":"2025-02-27T14:34:26+00:00","article_modified_time":"2025-04-16T14:15:59+00:00","og_image":[{"width":900,"height":600,"url":"https:\/\/comunicando.gal\/gal\/wp-content\/uploads\/2025\/02\/entroidos.jpg","type":"image\/jpeg"}],"author":"Jorge Isla","twitter_card":"summary_large_image","schema":{"@context":"https:\/\/schema.org","@graph":[{"@type":"Article","@id":"https:\/\/comunicando.gal\/gal\/os-entroidos-de-manzaneda-viana-e-vilarino-buscan-ser-festa-de-interese-turistico-nacional\/#article","isPartOf":{"@id":"https:\/\/comunicando.gal\/gal\/os-entroidos-de-manzaneda-viana-e-vilarino-buscan-ser-festa-de-interese-turistico-nacional\/"},"author":{"name":"Jorge Isla","@id":"https:\/\/comunicando.gal\/gal\/#\/schema\/person\/0d28af683c857811ed3fe6a412c4a429"},"headline":"Os entroidos de Manzaneda, Viana e Vilari\u00f1o buscan ser Festa de Interese Tur\u00edstico Nacional","datePublished":"2025-02-27T14:34:26+00:00","dateModified":"2025-04-16T14:15:59+00:00","mainEntityOfPage":{"@id":"https:\/\/comunicando.gal\/gal\/os-entroidos-de-manzaneda-viana-e-vilarino-buscan-ser-festa-de-interese-turistico-nacional\/"},"wordCount":225,"commentCount":0,"publisher":{"@id":"https:\/\/comunicando.gal\/gal\/#organization"},"image":{"@id":"https:\/\/comunicando.gal\/gal\/os-entroidos-de-manzaneda-viana-e-vilarino-buscan-ser-festa-de-interese-turistico-nacional\/#primaryimage"},"thumbnailUrl":"https:\/\/comunicando.gal\/gal\/wp-content\/uploads\/2025\/02\/entroidos.jpg","articleSection":["Noticias"],"inLanguage":"es"},{"@type":"WebPage","@id":"https:\/\/comunicando.gal\/gal\/os-entroidos-de-manzaneda-viana-e-vilarino-buscan-ser-festa-de-interese-turistico-nacional\/","url":"https:\/\/comunicando.gal\/gal\/os-entroidos-de-manzaneda-viana-e-vilarino-buscan-ser-festa-de-interese-turistico-nacional\/","name":"Os entroidos de Manzaneda, Viana e Vilari\u00f1o buscan ser Festa de Interese Tur\u00edstico Nacional","isPartOf":{"@id":"https:\/\/comunicando.gal\/gal\/#website"},"primaryImageOfPage":{"@id":"https:\/\/comunicando.gal\/gal\/os-entroidos-de-manzaneda-viana-e-vilarino-buscan-ser-festa-de-interese-turistico-nacional\/#primaryimage"},"image":{"@id":"https:\/\/comunicando.gal\/gal\/os-entroidos-de-manzaneda-viana-e-vilarino-buscan-ser-festa-de-interese-turistico-nacional\/#primaryimage"},"thumbnailUrl":"https:\/\/comunicando.gal\/gal\/wp-content\/uploads\/2025\/02\/entroidos.jpg","datePublished":"2025-02-27T14:34:26+00:00","dateModified":"2025-04-16T14:15:59+00:00","breadcrumb":{"@id":"https:\/\/comunicando.gal\/gal\/os-entroidos-de-manzaneda-viana-e-vilarino-buscan-ser-festa-de-interese-turistico-nacional\/#breadcrumb"},"inLanguage":"es","potentialAction":[{"@type":"ReadAction","target":["https:\/\/comunicando.gal\/gal\/os-entroidos-de-manzaneda-viana-e-vilarino-buscan-ser-festa-de-interese-turistico-nacional\/"]}]},{"@type":"ImageObject","inLanguage":"es","@id":"https:\/\/comunicando.gal\/gal\/os-entroidos-de-manzaneda-viana-e-vilarino-buscan-ser-festa-de-interese-turistico-nacional\/#primaryimage","url":"https:\/\/comunicando.gal\/gal\/wp-content\/uploads\/2025\/02\/entroidos.jpg","contentUrl":"https:\/\/comunicando.gal\/gal\/wp-content\/uploads\/2025\/02\/entroidos.jpg","width":900,"height":600},{"@type":"BreadcrumbList","@id":"https:\/\/comunicando.gal\/gal\/os-entroidos-de-manzaneda-viana-e-vilarino-buscan-ser-festa-de-interese-turistico-nacional\/#breadcrumb","itemListElement":[{"@type":"ListItem","position":1,"name":"Portada","item":"https:\/\/comunicando.gal\/gal\/"},{"@type":"ListItem","position":2,"name":"Os entroidos de Manzaneda, Viana e Vilari\u00f1o buscan ser Festa de Interese Tur\u00edstico Nacional"}]},{"@type":"WebSite","@id":"https:\/\/comunicando.gal\/gal\/#website","url":"https:\/\/comunicando.gal\/gal\/","name":"Comunicando. Consultor\u00eda de comunicaci\u00f3n.","description":"Consultor\u00eda de comunicaci\u00f3n","publisher":{"@id":"https:\/\/comunicando.gal\/gal\/#organization"},"alternateName":"Comunicando. Consultor\u00eda de comunicaci\u00f3n.","potentialAction":[{"@type":"SearchAction","target":{"@type":"EntryPoint","urlTemplate":"https:\/\/comunicando.gal\/gal\/?s={search_term_string}"},"query-input":{"@type":"PropertyValueSpecification","valueRequired":true,"valueName":"search_term_string"}}],"inLanguage":"es"},{"@type":"Organization","@id":"https:\/\/comunicando.gal\/gal\/#organization","name":"Comunicando. Consultor\u00eda de comunicaci\u00f3n.","url":"https:\/\/comunicando.gal\/gal\/","logo":{"@type":"ImageObject","inLanguage":"es","@id":"https:\/\/comunicando.gal\/gal\/#\/schema\/logo\/image\/","url":"https:\/\/comunicando.gal\/gal\/wp-content\/uploads\/2024\/07\/comunicando-vertical.png","contentUrl":"https:\/\/comunicando.gal\/gal\/wp-content\/uploads\/2024\/07\/comunicando-vertical.png","width":300,"height":323,"caption":"Comunicando. Consultor\u00eda de comunicaci\u00f3n."},"image":{"@id":"https:\/\/comunicando.gal\/gal\/#\/schema\/logo\/image\/"}},{"@type":"Person","@id":"https:\/\/comunicando.gal\/gal\/#\/schema\/person\/0d28af683c857811ed3fe6a412c4a429","name":"Jorge Isla"}]}},"_links":{"self":[{"href":"https:\/\/comunicando.gal\/gal\/wp-json\/wp\/v2\/posts\/4780","targetHints":{"allow":["GET"]}}],"collection":[{"href":"https:\/\/comunicando.gal\/gal\/wp-json\/wp\/v2\/posts"}],"about":[{"href":"https:\/\/comunicando.gal\/gal\/wp-json\/wp\/v2\/types\/post"}],"author":[{"embeddable":true,"href":"https:\/\/comunicando.gal\/gal\/wp-json\/wp\/v2\/users\/3"}],"replies":[{"embeddable":true,"href":"https:\/\/comunicando.gal\/gal\/wp-json\/wp\/v2\/comments?post=4780"}],"version-history":[{"count":5,"href":"https:\/\/comunicando.gal\/gal\/wp-json\/wp\/v2\/posts\/4780\/revisions"}],"predecessor-version":[{"id":4786,"href":"https:\/\/comunicando.gal\/gal\/wp-json\/wp\/v2\/posts\/4780\/revisions\/4786"}],"wp:featuredmedia":[{"embeddable":true,"href":"https:\/\/comunicando.gal\/gal\/wp-json\/wp\/v2\/media\/4782"}],"wp:attachment":[{"href":"https:\/\/comunicando.gal\/gal\/wp-json\/wp\/v2\/media?parent=4780"}],"wp:term":[{"taxonomy":"category","embeddable":true,"href":"https:\/\/comunicando.gal\/gal\/wp-json\/wp\/v2\/categories?post=4780"},{"taxonomy":"post_tag","embeddable":true,"href":"https:\/\/comunicando.gal\/gal\/wp-json\/wp\/v2\/tags?post=4780"}],"curies":[{"name":"wp","href":"https:\/\/api.w.org\/{rel}","templated":true}]}}