{"id":4769,"date":"2025-04-11T16:08:53","date_gmt":"2025-04-11T14:08:53","guid":{"rendered":"https:\/\/comunicando.gal\/gal\/?p=4769"},"modified":"2025-04-11T16:12:27","modified_gmt":"2025-04-11T14:12:27","slug":"publicado-o-numero-de-marzo-da-revista-axenda-agraria-de-asaga","status":"publish","type":"post","link":"https:\/\/comunicando.gal\/gal\/publicado-o-numero-de-marzo-da-revista-axenda-agraria-de-asaga\/","title":{"rendered":"Publicado o n\u00famero de marzo da revista Axenda Agraria de ASAGA"},"content":{"rendered":"<div id=\"attachment_4770\" style=\"width: 647px\" class=\"wp-caption aligncenter\"><img loading=\"lazy\" decoding=\"async\" aria-describedby=\"caption-attachment-4770\" class=\"wp-image-4770 size-full\" src=\"https:\/\/comunicando.gal\/gal\/wp-content\/uploads\/2025\/04\/portada-redes.png\" alt=\"\" width=\"637\" height=\"911\" srcset=\"https:\/\/comunicando.gal\/gal\/wp-content\/uploads\/2025\/04\/portada-redes.png 637w, https:\/\/comunicando.gal\/gal\/wp-content\/uploads\/2025\/04\/portada-redes-17x24.png 17w, https:\/\/comunicando.gal\/gal\/wp-content\/uploads\/2025\/04\/portada-redes-25x36.png 25w, https:\/\/comunicando.gal\/gal\/wp-content\/uploads\/2025\/04\/portada-redes-34x48.png 34w\" sizes=\"auto, (max-width: 637px) 100vw, 637px\" \/><p id=\"caption-attachment-4770\" class=\"wp-caption-text\">Portada de Axenda Agraria, Marzo 2025<\/p><\/div>\n<p>&nbsp;<\/p>\n<p>O n\u00famero do mes de <strong>marzo<\/strong> de 2025 da revista trimestral <strong>Axenda Agraria<\/strong>, xa est\u00e1 dispo\u00f1ible para a s\u00faa lectura online e tam\u00e9n impresa. A publicaci\u00f3n da <a href=\"https:\/\/asaga.gal\/\" target=\"_blank\" rel=\"noopener\">Asociaci\u00f3n Agraria de Galicia, ASAGA<\/a>, foi unha vez m\u00e1is, dise\u00f1ada, maquetada e producida (en papel e en versi\u00f3n dixital) pola axencia de comunicaci\u00f3n Comunicando.<\/p>\n<p>Nesta ocasi\u00f3n, o lector atoparase co an\u00e1lise dunha realidade moi pr\u00f3xima, con novas destacadas como a recente rebaixa da protecci\u00f3n do lobo ou a participaci\u00f3n de ASAGA na Feira Cimag-Gandagro 2025, ademais de interesantes entrevistas e reportaxes de variadas tem\u00e1ticas agrogandeiras. M\u00e1is abaixo podedes ver o sumario da publicaci\u00f3n e, <a href=\"https:\/\/revista.asaga.gal\/\" target=\"_blank\" rel=\"noopener\">facendo click aqu\u00ed<\/a>, teredes acceso ao novo n\u00famero da revista e anteriores.<\/p>\n<p>&nbsp;<\/p>\n<p><img loading=\"lazy\" decoding=\"async\" class=\"size-full wp-image-4771 aligncenter\" src=\"https:\/\/comunicando.gal\/gal\/wp-content\/uploads\/2025\/04\/sumario-captura-JPG.jpg\" alt=\"\" width=\"1363\" height=\"907\" srcset=\"https:\/\/comunicando.gal\/gal\/wp-content\/uploads\/2025\/04\/sumario-captura-JPG.jpg 1363w, https:\/\/comunicando.gal\/gal\/wp-content\/uploads\/2025\/04\/sumario-captura-JPG-768x511.jpg 768w, https:\/\/comunicando.gal\/gal\/wp-content\/uploads\/2025\/04\/sumario-captura-JPG-600x400.jpg 600w, https:\/\/comunicando.gal\/gal\/wp-content\/uploads\/2025\/04\/sumario-captura-JPG-24x16.jpg 24w, https:\/\/comunicando.gal\/gal\/wp-content\/uploads\/2025\/04\/sumario-captura-JPG-36x24.jpg 36w, https:\/\/comunicando.gal\/gal\/wp-content\/uploads\/2025\/04\/sumario-captura-JPG-48x32.jpg 48w\" sizes=\"auto, (max-width: 1363px) 100vw, 1363px\" \/><\/p>\n","protected":false},"excerpt":{"rendered":"<p>&nbsp; O n\u00famero do mes de marzo de 2025 da revista trimestral Axenda Agraria, xa est\u00e1 dispo\u00f1ible para a s\u00faa lectura online e tam\u00e9n impresa. A publicaci\u00f3n da Asociaci\u00f3n Agraria de Galicia, ASAGA, foi unha vez m\u00e1is, dise\u00f1ada, maquetada e producida (en papel e en versi\u00f3n dixital) pola axencia de comunicaci\u00f3n Comunicando. Nesta ocasi\u00f3n, o [&hellip;]<\/p>\n","protected":false},"author":3,"featured_media":4771,"comment_status":"open","ping_status":"open","sticky":false,"template":"","format":"standard","meta":{"footnotes":""},"categories":[1],"tags":[],"class_list":["post-4769","post","type-post","status-publish","format-standard","has-post-thumbnail","hentry","category-noticias"],"yoast_head":"<!-- This site is optimized with the Yoast SEO plugin v26.2 - https:\/\/yoast.com\/wordpress\/plugins\/seo\/ -->\n<title>Publicado o n\u00famero de marzo da revista Axenda Agraria de ASAGA<\/title>\n<meta name=\"robots\" content=\"index, follow, max-snippet:-1, max-image-preview:large, max-video-preview:-1\" \/>\n<link rel=\"canonical\" href=\"https:\/\/comunicando.gal\/gal\/publicado-o-numero-de-marzo-da-revista-axenda-agraria-de-asaga\/\" \/>\n<meta property=\"og:locale\" content=\"es_ES\" \/>\n<meta property=\"og:type\" content=\"article\" \/>\n<meta property=\"og:title\" content=\"Publicado o n\u00famero de marzo da revista Axenda Agraria de ASAGA\" \/>\n<meta property=\"og:description\" content=\"&nbsp; O n\u00famero do mes de marzo de 2025 da revista trimestral Axenda Agraria, xa est\u00e1 dispo\u00f1ible para a s\u00faa lectura online e tam\u00e9n impresa. A publicaci\u00f3n da Asociaci\u00f3n Agraria de Galicia, ASAGA, foi unha vez m\u00e1is, dise\u00f1ada, maquetada e producida (en papel e en versi\u00f3n dixital) pola axencia de comunicaci\u00f3n Comunicando. Nesta ocasi\u00f3n, o [&hellip;]\" \/>\n<meta property=\"og:url\" content=\"https:\/\/comunicando.gal\/gal\/publicado-o-numero-de-marzo-da-revista-axenda-agraria-de-asaga\/\" \/>\n<meta property=\"og:site_name\" content=\"Comunicando\" \/>\n<meta property=\"article:published_time\" content=\"2025-04-11T14:08:53+00:00\" \/>\n<meta property=\"article:modified_time\" content=\"2025-04-11T14:12:27+00:00\" \/>\n<meta property=\"og:image\" content=\"https:\/\/comunicando.gal\/gal\/wp-content\/uploads\/2025\/04\/sumario-captura-JPG.jpg\" \/>\n\t<meta property=\"og:image:width\" content=\"1363\" \/>\n\t<meta property=\"og:image:height\" content=\"907\" \/>\n\t<meta property=\"og:image:type\" content=\"image\/jpeg\" \/>\n<meta name=\"author\" content=\"Jorge Isla\" \/>\n<meta name=\"twitter:card\" content=\"summary_large_image\" \/>\n<script type=\"application\/ld+json\" class=\"yoast-schema-graph\">{\"@context\":\"https:\/\/schema.org\",\"@graph\":[{\"@type\":\"Article\",\"@id\":\"https:\/\/comunicando.gal\/gal\/publicado-o-numero-de-marzo-da-revista-axenda-agraria-de-asaga\/#article\",\"isPartOf\":{\"@id\":\"https:\/\/comunicando.gal\/gal\/publicado-o-numero-de-marzo-da-revista-axenda-agraria-de-asaga\/\"},\"author\":{\"name\":\"Jorge Isla\",\"@id\":\"https:\/\/comunicando.gal\/gal\/#\/schema\/person\/0d28af683c857811ed3fe6a412c4a429\"},\"headline\":\"Publicado o n\u00famero de marzo da revista Axenda Agraria de ASAGA\",\"datePublished\":\"2025-04-11T14:08:53+00:00\",\"dateModified\":\"2025-04-11T14:12:27+00:00\",\"mainEntityOfPage\":{\"@id\":\"https:\/\/comunicando.gal\/gal\/publicado-o-numero-de-marzo-da-revista-axenda-agraria-de-asaga\/\"},\"wordCount\":156,\"commentCount\":0,\"publisher\":{\"@id\":\"https:\/\/comunicando.gal\/gal\/#organization\"},\"image\":{\"@id\":\"https:\/\/comunicando.gal\/gal\/publicado-o-numero-de-marzo-da-revista-axenda-agraria-de-asaga\/#primaryimage\"},\"thumbnailUrl\":\"https:\/\/comunicando.gal\/gal\/wp-content\/uploads\/2025\/04\/sumario-captura-JPG.jpg\",\"articleSection\":[\"Noticias\"],\"inLanguage\":\"es\"},{\"@type\":\"WebPage\",\"@id\":\"https:\/\/comunicando.gal\/gal\/publicado-o-numero-de-marzo-da-revista-axenda-agraria-de-asaga\/\",\"url\":\"https:\/\/comunicando.gal\/gal\/publicado-o-numero-de-marzo-da-revista-axenda-agraria-de-asaga\/\",\"name\":\"Publicado o n\u00famero de marzo da revista Axenda Agraria de ASAGA\",\"isPartOf\":{\"@id\":\"https:\/\/comunicando.gal\/gal\/#website\"},\"primaryImageOfPage\":{\"@id\":\"https:\/\/comunicando.gal\/gal\/publicado-o-numero-de-marzo-da-revista-axenda-agraria-de-asaga\/#primaryimage\"},\"image\":{\"@id\":\"https:\/\/comunicando.gal\/gal\/publicado-o-numero-de-marzo-da-revista-axenda-agraria-de-asaga\/#primaryimage\"},\"thumbnailUrl\":\"https:\/\/comunicando.gal\/gal\/wp-content\/uploads\/2025\/04\/sumario-captura-JPG.jpg\",\"datePublished\":\"2025-04-11T14:08:53+00:00\",\"dateModified\":\"2025-04-11T14:12:27+00:00\",\"breadcrumb\":{\"@id\":\"https:\/\/comunicando.gal\/gal\/publicado-o-numero-de-marzo-da-revista-axenda-agraria-de-asaga\/#breadcrumb\"},\"inLanguage\":\"es\",\"potentialAction\":[{\"@type\":\"ReadAction\",\"target\":[\"https:\/\/comunicando.gal\/gal\/publicado-o-numero-de-marzo-da-revista-axenda-agraria-de-asaga\/\"]}]},{\"@type\":\"ImageObject\",\"inLanguage\":\"es\",\"@id\":\"https:\/\/comunicando.gal\/gal\/publicado-o-numero-de-marzo-da-revista-axenda-agraria-de-asaga\/#primaryimage\",\"url\":\"https:\/\/comunicando.gal\/gal\/wp-content\/uploads\/2025\/04\/sumario-captura-JPG.jpg\",\"contentUrl\":\"https:\/\/comunicando.gal\/gal\/wp-content\/uploads\/2025\/04\/sumario-captura-JPG.jpg\",\"width\":1363,\"height\":907},{\"@type\":\"BreadcrumbList\",\"@id\":\"https:\/\/comunicando.gal\/gal\/publicado-o-numero-de-marzo-da-revista-axenda-agraria-de-asaga\/#breadcrumb\",\"itemListElement\":[{\"@type\":\"ListItem\",\"position\":1,\"name\":\"Portada\",\"item\":\"https:\/\/comunicando.gal\/gal\/\"},{\"@type\":\"ListItem\",\"position\":2,\"name\":\"Publicado o n\u00famero de marzo da revista Axenda Agraria de ASAGA\"}]},{\"@type\":\"WebSite\",\"@id\":\"https:\/\/comunicando.gal\/gal\/#website\",\"url\":\"https:\/\/comunicando.gal\/gal\/\",\"name\":\"Comunicando. Consultor\u00eda de comunicaci\u00f3n.\",\"description\":\"Consultor\u00eda de comunicaci\u00f3n\",\"publisher\":{\"@id\":\"https:\/\/comunicando.gal\/gal\/#organization\"},\"alternateName\":\"Comunicando. Consultor\u00eda de comunicaci\u00f3n.\",\"potentialAction\":[{\"@type\":\"SearchAction\",\"target\":{\"@type\":\"EntryPoint\",\"urlTemplate\":\"https:\/\/comunicando.gal\/gal\/?s={search_term_string}\"},\"query-input\":{\"@type\":\"PropertyValueSpecification\",\"valueRequired\":true,\"valueName\":\"search_term_string\"}}],\"inLanguage\":\"es\"},{\"@type\":\"Organization\",\"@id\":\"https:\/\/comunicando.gal\/gal\/#organization\",\"name\":\"Comunicando. Consultor\u00eda de comunicaci\u00f3n.\",\"url\":\"https:\/\/comunicando.gal\/gal\/\",\"logo\":{\"@type\":\"ImageObject\",\"inLanguage\":\"es\",\"@id\":\"https:\/\/comunicando.gal\/gal\/#\/schema\/logo\/image\/\",\"url\":\"https:\/\/comunicando.gal\/gal\/wp-content\/uploads\/2024\/07\/comunicando-vertical.png\",\"contentUrl\":\"https:\/\/comunicando.gal\/gal\/wp-content\/uploads\/2024\/07\/comunicando-vertical.png\",\"width\":300,\"height\":323,\"caption\":\"Comunicando. Consultor\u00eda de comunicaci\u00f3n.\"},\"image\":{\"@id\":\"https:\/\/comunicando.gal\/gal\/#\/schema\/logo\/image\/\"}},{\"@type\":\"Person\",\"@id\":\"https:\/\/comunicando.gal\/gal\/#\/schema\/person\/0d28af683c857811ed3fe6a412c4a429\",\"name\":\"Jorge Isla\"}]}<\/script>\n<!-- \/ Yoast SEO plugin. -->","yoast_head_json":{"title":"Publicado o n\u00famero de marzo da revista Axenda Agraria de ASAGA","robots":{"index":"index","follow":"follow","max-snippet":"max-snippet:-1","max-image-preview":"max-image-preview:large","max-video-preview":"max-video-preview:-1"},"canonical":"https:\/\/comunicando.gal\/gal\/publicado-o-numero-de-marzo-da-revista-axenda-agraria-de-asaga\/","og_locale":"es_ES","og_type":"article","og_title":"Publicado o n\u00famero de marzo da revista Axenda Agraria de ASAGA","og_description":"&nbsp; O n\u00famero do mes de marzo de 2025 da revista trimestral Axenda Agraria, xa est\u00e1 dispo\u00f1ible para a s\u00faa lectura online e tam\u00e9n impresa. A publicaci\u00f3n da Asociaci\u00f3n Agraria de Galicia, ASAGA, foi unha vez m\u00e1is, dise\u00f1ada, maquetada e producida (en papel e en versi\u00f3n dixital) pola axencia de comunicaci\u00f3n Comunicando. Nesta ocasi\u00f3n, o [&hellip;]","og_url":"https:\/\/comunicando.gal\/gal\/publicado-o-numero-de-marzo-da-revista-axenda-agraria-de-asaga\/","og_site_name":"Comunicando","article_published_time":"2025-04-11T14:08:53+00:00","article_modified_time":"2025-04-11T14:12:27+00:00","og_image":[{"width":1363,"height":907,"url":"https:\/\/comunicando.gal\/gal\/wp-content\/uploads\/2025\/04\/sumario-captura-JPG.jpg","type":"image\/jpeg"}],"author":"Jorge Isla","twitter_card":"summary_large_image","schema":{"@context":"https:\/\/schema.org","@graph":[{"@type":"Article","@id":"https:\/\/comunicando.gal\/gal\/publicado-o-numero-de-marzo-da-revista-axenda-agraria-de-asaga\/#article","isPartOf":{"@id":"https:\/\/comunicando.gal\/gal\/publicado-o-numero-de-marzo-da-revista-axenda-agraria-de-asaga\/"},"author":{"name":"Jorge Isla","@id":"https:\/\/comunicando.gal\/gal\/#\/schema\/person\/0d28af683c857811ed3fe6a412c4a429"},"headline":"Publicado o n\u00famero de marzo da revista Axenda Agraria de ASAGA","datePublished":"2025-04-11T14:08:53+00:00","dateModified":"2025-04-11T14:12:27+00:00","mainEntityOfPage":{"@id":"https:\/\/comunicando.gal\/gal\/publicado-o-numero-de-marzo-da-revista-axenda-agraria-de-asaga\/"},"wordCount":156,"commentCount":0,"publisher":{"@id":"https:\/\/comunicando.gal\/gal\/#organization"},"image":{"@id":"https:\/\/comunicando.gal\/gal\/publicado-o-numero-de-marzo-da-revista-axenda-agraria-de-asaga\/#primaryimage"},"thumbnailUrl":"https:\/\/comunicando.gal\/gal\/wp-content\/uploads\/2025\/04\/sumario-captura-JPG.jpg","articleSection":["Noticias"],"inLanguage":"es"},{"@type":"WebPage","@id":"https:\/\/comunicando.gal\/gal\/publicado-o-numero-de-marzo-da-revista-axenda-agraria-de-asaga\/","url":"https:\/\/comunicando.gal\/gal\/publicado-o-numero-de-marzo-da-revista-axenda-agraria-de-asaga\/","name":"Publicado o n\u00famero de marzo da revista Axenda Agraria de ASAGA","isPartOf":{"@id":"https:\/\/comunicando.gal\/gal\/#website"},"primaryImageOfPage":{"@id":"https:\/\/comunicando.gal\/gal\/publicado-o-numero-de-marzo-da-revista-axenda-agraria-de-asaga\/#primaryimage"},"image":{"@id":"https:\/\/comunicando.gal\/gal\/publicado-o-numero-de-marzo-da-revista-axenda-agraria-de-asaga\/#primaryimage"},"thumbnailUrl":"https:\/\/comunicando.gal\/gal\/wp-content\/uploads\/2025\/04\/sumario-captura-JPG.jpg","datePublished":"2025-04-11T14:08:53+00:00","dateModified":"2025-04-11T14:12:27+00:00","breadcrumb":{"@id":"https:\/\/comunicando.gal\/gal\/publicado-o-numero-de-marzo-da-revista-axenda-agraria-de-asaga\/#breadcrumb"},"inLanguage":"es","potentialAction":[{"@type":"ReadAction","target":["https:\/\/comunicando.gal\/gal\/publicado-o-numero-de-marzo-da-revista-axenda-agraria-de-asaga\/"]}]},{"@type":"ImageObject","inLanguage":"es","@id":"https:\/\/comunicando.gal\/gal\/publicado-o-numero-de-marzo-da-revista-axenda-agraria-de-asaga\/#primaryimage","url":"https:\/\/comunicando.gal\/gal\/wp-content\/uploads\/2025\/04\/sumario-captura-JPG.jpg","contentUrl":"https:\/\/comunicando.gal\/gal\/wp-content\/uploads\/2025\/04\/sumario-captura-JPG.jpg","width":1363,"height":907},{"@type":"BreadcrumbList","@id":"https:\/\/comunicando.gal\/gal\/publicado-o-numero-de-marzo-da-revista-axenda-agraria-de-asaga\/#breadcrumb","itemListElement":[{"@type":"ListItem","position":1,"name":"Portada","item":"https:\/\/comunicando.gal\/gal\/"},{"@type":"ListItem","position":2,"name":"Publicado o n\u00famero de marzo da revista Axenda Agraria de ASAGA"}]},{"@type":"WebSite","@id":"https:\/\/comunicando.gal\/gal\/#website","url":"https:\/\/comunicando.gal\/gal\/","name":"Comunicando. Consultor\u00eda de comunicaci\u00f3n.","description":"Consultor\u00eda de comunicaci\u00f3n","publisher":{"@id":"https:\/\/comunicando.gal\/gal\/#organization"},"alternateName":"Comunicando. Consultor\u00eda de comunicaci\u00f3n.","potentialAction":[{"@type":"SearchAction","target":{"@type":"EntryPoint","urlTemplate":"https:\/\/comunicando.gal\/gal\/?s={search_term_string}"},"query-input":{"@type":"PropertyValueSpecification","valueRequired":true,"valueName":"search_term_string"}}],"inLanguage":"es"},{"@type":"Organization","@id":"https:\/\/comunicando.gal\/gal\/#organization","name":"Comunicando. Consultor\u00eda de comunicaci\u00f3n.","url":"https:\/\/comunicando.gal\/gal\/","logo":{"@type":"ImageObject","inLanguage":"es","@id":"https:\/\/comunicando.gal\/gal\/#\/schema\/logo\/image\/","url":"https:\/\/comunicando.gal\/gal\/wp-content\/uploads\/2024\/07\/comunicando-vertical.png","contentUrl":"https:\/\/comunicando.gal\/gal\/wp-content\/uploads\/2024\/07\/comunicando-vertical.png","width":300,"height":323,"caption":"Comunicando. Consultor\u00eda de comunicaci\u00f3n."},"image":{"@id":"https:\/\/comunicando.gal\/gal\/#\/schema\/logo\/image\/"}},{"@type":"Person","@id":"https:\/\/comunicando.gal\/gal\/#\/schema\/person\/0d28af683c857811ed3fe6a412c4a429","name":"Jorge Isla"}]}},"_links":{"self":[{"href":"https:\/\/comunicando.gal\/gal\/wp-json\/wp\/v2\/posts\/4769","targetHints":{"allow":["GET"]}}],"collection":[{"href":"https:\/\/comunicando.gal\/gal\/wp-json\/wp\/v2\/posts"}],"about":[{"href":"https:\/\/comunicando.gal\/gal\/wp-json\/wp\/v2\/types\/post"}],"author":[{"embeddable":true,"href":"https:\/\/comunicando.gal\/gal\/wp-json\/wp\/v2\/users\/3"}],"replies":[{"embeddable":true,"href":"https:\/\/comunicando.gal\/gal\/wp-json\/wp\/v2\/comments?post=4769"}],"version-history":[{"count":3,"href":"https:\/\/comunicando.gal\/gal\/wp-json\/wp\/v2\/posts\/4769\/revisions"}],"predecessor-version":[{"id":4774,"href":"https:\/\/comunicando.gal\/gal\/wp-json\/wp\/v2\/posts\/4769\/revisions\/4774"}],"wp:featuredmedia":[{"embeddable":true,"href":"https:\/\/comunicando.gal\/gal\/wp-json\/wp\/v2\/media\/4771"}],"wp:attachment":[{"href":"https:\/\/comunicando.gal\/gal\/wp-json\/wp\/v2\/media?parent=4769"}],"wp:term":[{"taxonomy":"category","embeddable":true,"href":"https:\/\/comunicando.gal\/gal\/wp-json\/wp\/v2\/categories?post=4769"},{"taxonomy":"post_tag","embeddable":true,"href":"https:\/\/comunicando.gal\/gal\/wp-json\/wp\/v2\/tags?post=4769"}],"curies":[{"name":"wp","href":"https:\/\/api.w.org\/{rel}","templated":true}]}}