{"id":4761,"date":"2025-03-27T11:12:14","date_gmt":"2025-03-27T10:12:14","guid":{"rendered":"https:\/\/comunicando.gal\/gal\/?p=4761"},"modified":"2025-03-28T11:28:26","modified_gmt":"2025-03-28T10:28:26","slug":"gran-exito-do-acto-da-d-o-valdeorras-en-ourense","status":"publish","type":"post","link":"https:\/\/comunicando.gal\/gal\/gran-exito-do-acto-da-d-o-valdeorras-en-ourense\/","title":{"rendered":"Gran \u00e9xito do acto da D.O. Valdeorras en Ourense"},"content":{"rendered":"<div id=\"attachment_4765\" style=\"width: 910px\" class=\"wp-caption aligncenter\"><img loading=\"lazy\" decoding=\"async\" aria-describedby=\"caption-attachment-4765\" class=\"wp-image-4765 size-full\" src=\"https:\/\/comunicando.gal\/gal\/wp-content\/uploads\/2025\/03\/EVENTO-DO-WSET2.jpg\" alt=\"\" width=\"900\" height=\"600\" srcset=\"https:\/\/comunicando.gal\/gal\/wp-content\/uploads\/2025\/03\/EVENTO-DO-WSET2.jpg 900w, https:\/\/comunicando.gal\/gal\/wp-content\/uploads\/2025\/03\/EVENTO-DO-WSET2-768x512.jpg 768w, https:\/\/comunicando.gal\/gal\/wp-content\/uploads\/2025\/03\/EVENTO-DO-WSET2-600x400.jpg 600w, https:\/\/comunicando.gal\/gal\/wp-content\/uploads\/2025\/03\/EVENTO-DO-WSET2-24x16.jpg 24w, https:\/\/comunicando.gal\/gal\/wp-content\/uploads\/2025\/03\/EVENTO-DO-WSET2-36x24.jpg 36w, https:\/\/comunicando.gal\/gal\/wp-content\/uploads\/2025\/03\/EVENTO-DO-WSET2-48x32.jpg 48w\" sizes=\"auto, (max-width: 900px) 100vw, 900px\" \/><p id=\"caption-attachment-4765\" class=\"wp-caption-text\">Brindis do presidente e director t\u00e9cnico da D.O. Valdeorras cos protagonistas da mesa redonda e da cata maridada.<\/p><\/div>\n<p>En Comunicando estamos moi orgullosos do \u00e9xito colleitado polo <strong>Consello Regulador da D.O. Valdeorras<\/strong> no \u00faltimo evento celebrado no Liceo de Ourense, onde anunciouse que ser\u00e1 <a href=\"https:\/\/dovaldeorras.gal\/valdeorras-es-la-primera-denominacion-de-origen-espanola-que-se-convierte-en-partner-oficial-de-la-wset\/\" target=\"_blank\" rel=\"noopener\">a primeira e \u00fanica en converterse en partner da Wine and Spirit Education Trust, WSET<\/a>, a entidade formativa m\u00e1is prestixiosa no \u00e1mbito do vi\u00f1o. O obxectivo que busca o ente valdeorr\u00e9s con esta alianza, \u00e9 conectar \u00e1 comarca co co\u00f1ecemento e permitir que os profesionais do sector descubran o que fai \u00fanica a esta rexi\u00f3n vin\u00edcola.<\/p>\n<p>O anuncio, realizado polo seu presidente, Marcos Prada Ginzo, f\u00edxose coincidir cun momento especial para Valdeorras, cuxa D.O. celebra o <strong>80 aniversario <\/strong>da s\u00faa creaci\u00f3n.<\/p>\n<p>A acci\u00f3n comunicativa foi un proceso longo de creaci\u00f3n e organizaci\u00f3n no que Comunicando estivo presente de principio a fin, dando apoio \u00e1 s\u00faa execuci\u00f3n. O evento de presentaci\u00f3n e anuncio aos medios de comunicaci\u00f3n, que constou dunha parte m\u00e1is institucional e outra m\u00e1is distendida a trav\u00e9s dunha cata con degustaci\u00f3n de catro pinchos elaborados polo restaurante Nova de Ourense, tivo un <strong>resultado brillante<\/strong> que esperamos contrib\u00faa a promocionar a s\u00faa imaxe de marca internacionalmente. Un fin ao que seguro que axudar\u00e1 contar con po\u00f1entes e colaboradores de excepci\u00f3n como Michelle Brampton, CEO da WSET; David Mart\u00edn, responsable da WSET para Europa, Oriente Medio e \u00c1frica; Shua Ib\u00e1\u00f1ez, sumiller do Restaurante Arzak; Mar\u00eda Federica Salvador, sumiller do Restaurante A Tafona; Julio Sotomayor, chef e copropietario do Restaurante Nova; o xornalista enogastron\u00f3mico Enrique Calduch, ademais de Jorge Mazaira, Director T\u00e9cnico da D.O. Valdeorras.<\/p>\n<div id=\"attachment_4764\" style=\"width: 910px\" class=\"wp-caption aligncenter\"><img loading=\"lazy\" decoding=\"async\" aria-describedby=\"caption-attachment-4764\" class=\"wp-image-4764 size-full\" src=\"https:\/\/comunicando.gal\/gal\/wp-content\/uploads\/2025\/03\/EVENTO-DO-WSET.jpg\" alt=\"\" width=\"900\" height=\"600\" srcset=\"https:\/\/comunicando.gal\/gal\/wp-content\/uploads\/2025\/03\/EVENTO-DO-WSET.jpg 900w, https:\/\/comunicando.gal\/gal\/wp-content\/uploads\/2025\/03\/EVENTO-DO-WSET-768x512.jpg 768w, https:\/\/comunicando.gal\/gal\/wp-content\/uploads\/2025\/03\/EVENTO-DO-WSET-600x400.jpg 600w, https:\/\/comunicando.gal\/gal\/wp-content\/uploads\/2025\/03\/EVENTO-DO-WSET-24x16.jpg 24w, https:\/\/comunicando.gal\/gal\/wp-content\/uploads\/2025\/03\/EVENTO-DO-WSET-36x24.jpg 36w, https:\/\/comunicando.gal\/gal\/wp-content\/uploads\/2025\/03\/EVENTO-DO-WSET-48x32.jpg 48w\" sizes=\"auto, (max-width: 900px) 100vw, 900px\" \/><p id=\"caption-attachment-4764\" class=\"wp-caption-text\">Jorge Isla, director de Comunicando, presentando o acto no Liceo de Ourense.<\/p><\/div>\n","protected":false},"excerpt":{"rendered":"<p>En Comunicando estamos moi orgullosos do \u00e9xito colleitado polo Consello Regulador da D.O. Valdeorras no \u00faltimo evento celebrado no Liceo de Ourense, onde anunciouse que ser\u00e1 a primeira e \u00fanica en converterse en partner da Wine and Spirit Education Trust, WSET, a entidade formativa m\u00e1is prestixiosa no \u00e1mbito do vi\u00f1o. O obxectivo que busca o [&hellip;]<\/p>\n","protected":false},"author":3,"featured_media":4765,"comment_status":"open","ping_status":"open","sticky":false,"template":"","format":"standard","meta":{"footnotes":""},"categories":[1],"tags":[],"class_list":["post-4761","post","type-post","status-publish","format-standard","has-post-thumbnail","hentry","category-noticias"],"yoast_head":"<!-- This site is optimized with the Yoast SEO plugin v26.2 - https:\/\/yoast.com\/wordpress\/plugins\/seo\/ -->\n<title>Gran \u00e9xito do acto da D.O. Valdeorras en Ourense<\/title>\n<meta name=\"robots\" content=\"index, follow, max-snippet:-1, max-image-preview:large, max-video-preview:-1\" \/>\n<link rel=\"canonical\" href=\"https:\/\/comunicando.gal\/gal\/gran-exito-do-acto-da-d-o-valdeorras-en-ourense\/\" \/>\n<meta property=\"og:locale\" content=\"es_ES\" \/>\n<meta property=\"og:type\" content=\"article\" \/>\n<meta property=\"og:title\" content=\"Gran \u00e9xito do acto da D.O. Valdeorras en Ourense\" \/>\n<meta property=\"og:description\" content=\"En Comunicando estamos moi orgullosos do \u00e9xito colleitado polo Consello Regulador da D.O. Valdeorras no \u00faltimo evento celebrado no Liceo de Ourense, onde anunciouse que ser\u00e1 a primeira e \u00fanica en converterse en partner da Wine and Spirit Education Trust, WSET, a entidade formativa m\u00e1is prestixiosa no \u00e1mbito do vi\u00f1o. O obxectivo que busca o [&hellip;]\" \/>\n<meta property=\"og:url\" content=\"https:\/\/comunicando.gal\/gal\/gran-exito-do-acto-da-d-o-valdeorras-en-ourense\/\" \/>\n<meta property=\"og:site_name\" content=\"Comunicando\" \/>\n<meta property=\"article:published_time\" content=\"2025-03-27T10:12:14+00:00\" \/>\n<meta property=\"article:modified_time\" content=\"2025-03-28T10:28:26+00:00\" \/>\n<meta property=\"og:image\" content=\"https:\/\/comunicando.gal\/gal\/wp-content\/uploads\/2025\/03\/EVENTO-DO-WSET2.jpg\" \/>\n\t<meta property=\"og:image:width\" content=\"900\" \/>\n\t<meta property=\"og:image:height\" content=\"600\" \/>\n\t<meta property=\"og:image:type\" content=\"image\/jpeg\" \/>\n<meta name=\"author\" content=\"Jorge Isla\" \/>\n<meta name=\"twitter:card\" content=\"summary_large_image\" \/>\n<script type=\"application\/ld+json\" class=\"yoast-schema-graph\">{\"@context\":\"https:\/\/schema.org\",\"@graph\":[{\"@type\":\"Article\",\"@id\":\"https:\/\/comunicando.gal\/gal\/gran-exito-do-acto-da-d-o-valdeorras-en-ourense\/#article\",\"isPartOf\":{\"@id\":\"https:\/\/comunicando.gal\/gal\/gran-exito-do-acto-da-d-o-valdeorras-en-ourense\/\"},\"author\":{\"name\":\"Jorge Isla\",\"@id\":\"https:\/\/comunicando.gal\/gal\/#\/schema\/person\/0d28af683c857811ed3fe6a412c4a429\"},\"headline\":\"Gran \u00e9xito do acto da D.O. Valdeorras en Ourense\",\"datePublished\":\"2025-03-27T10:12:14+00:00\",\"dateModified\":\"2025-03-28T10:28:26+00:00\",\"mainEntityOfPage\":{\"@id\":\"https:\/\/comunicando.gal\/gal\/gran-exito-do-acto-da-d-o-valdeorras-en-ourense\/\"},\"wordCount\":333,\"commentCount\":0,\"publisher\":{\"@id\":\"https:\/\/comunicando.gal\/gal\/#organization\"},\"image\":{\"@id\":\"https:\/\/comunicando.gal\/gal\/gran-exito-do-acto-da-d-o-valdeorras-en-ourense\/#primaryimage\"},\"thumbnailUrl\":\"https:\/\/comunicando.gal\/gal\/wp-content\/uploads\/2025\/03\/EVENTO-DO-WSET2.jpg\",\"articleSection\":[\"Noticias\"],\"inLanguage\":\"es\"},{\"@type\":\"WebPage\",\"@id\":\"https:\/\/comunicando.gal\/gal\/gran-exito-do-acto-da-d-o-valdeorras-en-ourense\/\",\"url\":\"https:\/\/comunicando.gal\/gal\/gran-exito-do-acto-da-d-o-valdeorras-en-ourense\/\",\"name\":\"Gran \u00e9xito do acto da D.O. Valdeorras en Ourense\",\"isPartOf\":{\"@id\":\"https:\/\/comunicando.gal\/gal\/#website\"},\"primaryImageOfPage\":{\"@id\":\"https:\/\/comunicando.gal\/gal\/gran-exito-do-acto-da-d-o-valdeorras-en-ourense\/#primaryimage\"},\"image\":{\"@id\":\"https:\/\/comunicando.gal\/gal\/gran-exito-do-acto-da-d-o-valdeorras-en-ourense\/#primaryimage\"},\"thumbnailUrl\":\"https:\/\/comunicando.gal\/gal\/wp-content\/uploads\/2025\/03\/EVENTO-DO-WSET2.jpg\",\"datePublished\":\"2025-03-27T10:12:14+00:00\",\"dateModified\":\"2025-03-28T10:28:26+00:00\",\"breadcrumb\":{\"@id\":\"https:\/\/comunicando.gal\/gal\/gran-exito-do-acto-da-d-o-valdeorras-en-ourense\/#breadcrumb\"},\"inLanguage\":\"es\",\"potentialAction\":[{\"@type\":\"ReadAction\",\"target\":[\"https:\/\/comunicando.gal\/gal\/gran-exito-do-acto-da-d-o-valdeorras-en-ourense\/\"]}]},{\"@type\":\"ImageObject\",\"inLanguage\":\"es\",\"@id\":\"https:\/\/comunicando.gal\/gal\/gran-exito-do-acto-da-d-o-valdeorras-en-ourense\/#primaryimage\",\"url\":\"https:\/\/comunicando.gal\/gal\/wp-content\/uploads\/2025\/03\/EVENTO-DO-WSET2.jpg\",\"contentUrl\":\"https:\/\/comunicando.gal\/gal\/wp-content\/uploads\/2025\/03\/EVENTO-DO-WSET2.jpg\",\"width\":900,\"height\":600},{\"@type\":\"BreadcrumbList\",\"@id\":\"https:\/\/comunicando.gal\/gal\/gran-exito-do-acto-da-d-o-valdeorras-en-ourense\/#breadcrumb\",\"itemListElement\":[{\"@type\":\"ListItem\",\"position\":1,\"name\":\"Portada\",\"item\":\"https:\/\/comunicando.gal\/gal\/\"},{\"@type\":\"ListItem\",\"position\":2,\"name\":\"Gran \u00e9xito do acto da D.O. Valdeorras en Ourense\"}]},{\"@type\":\"WebSite\",\"@id\":\"https:\/\/comunicando.gal\/gal\/#website\",\"url\":\"https:\/\/comunicando.gal\/gal\/\",\"name\":\"Comunicando. Consultor\u00eda de comunicaci\u00f3n.\",\"description\":\"Consultor\u00eda de comunicaci\u00f3n\",\"publisher\":{\"@id\":\"https:\/\/comunicando.gal\/gal\/#organization\"},\"alternateName\":\"Comunicando. Consultor\u00eda de comunicaci\u00f3n.\",\"potentialAction\":[{\"@type\":\"SearchAction\",\"target\":{\"@type\":\"EntryPoint\",\"urlTemplate\":\"https:\/\/comunicando.gal\/gal\/?s={search_term_string}\"},\"query-input\":{\"@type\":\"PropertyValueSpecification\",\"valueRequired\":true,\"valueName\":\"search_term_string\"}}],\"inLanguage\":\"es\"},{\"@type\":\"Organization\",\"@id\":\"https:\/\/comunicando.gal\/gal\/#organization\",\"name\":\"Comunicando. Consultor\u00eda de comunicaci\u00f3n.\",\"url\":\"https:\/\/comunicando.gal\/gal\/\",\"logo\":{\"@type\":\"ImageObject\",\"inLanguage\":\"es\",\"@id\":\"https:\/\/comunicando.gal\/gal\/#\/schema\/logo\/image\/\",\"url\":\"https:\/\/comunicando.gal\/gal\/wp-content\/uploads\/2024\/07\/comunicando-vertical.png\",\"contentUrl\":\"https:\/\/comunicando.gal\/gal\/wp-content\/uploads\/2024\/07\/comunicando-vertical.png\",\"width\":300,\"height\":323,\"caption\":\"Comunicando. Consultor\u00eda de comunicaci\u00f3n.\"},\"image\":{\"@id\":\"https:\/\/comunicando.gal\/gal\/#\/schema\/logo\/image\/\"}},{\"@type\":\"Person\",\"@id\":\"https:\/\/comunicando.gal\/gal\/#\/schema\/person\/0d28af683c857811ed3fe6a412c4a429\",\"name\":\"Jorge Isla\"}]}<\/script>\n<!-- \/ Yoast SEO plugin. -->","yoast_head_json":{"title":"Gran \u00e9xito do acto da D.O. Valdeorras en Ourense","robots":{"index":"index","follow":"follow","max-snippet":"max-snippet:-1","max-image-preview":"max-image-preview:large","max-video-preview":"max-video-preview:-1"},"canonical":"https:\/\/comunicando.gal\/gal\/gran-exito-do-acto-da-d-o-valdeorras-en-ourense\/","og_locale":"es_ES","og_type":"article","og_title":"Gran \u00e9xito do acto da D.O. Valdeorras en Ourense","og_description":"En Comunicando estamos moi orgullosos do \u00e9xito colleitado polo Consello Regulador da D.O. Valdeorras no \u00faltimo evento celebrado no Liceo de Ourense, onde anunciouse que ser\u00e1 a primeira e \u00fanica en converterse en partner da Wine and Spirit Education Trust, WSET, a entidade formativa m\u00e1is prestixiosa no \u00e1mbito do vi\u00f1o. O obxectivo que busca o [&hellip;]","og_url":"https:\/\/comunicando.gal\/gal\/gran-exito-do-acto-da-d-o-valdeorras-en-ourense\/","og_site_name":"Comunicando","article_published_time":"2025-03-27T10:12:14+00:00","article_modified_time":"2025-03-28T10:28:26+00:00","og_image":[{"width":900,"height":600,"url":"https:\/\/comunicando.gal\/gal\/wp-content\/uploads\/2025\/03\/EVENTO-DO-WSET2.jpg","type":"image\/jpeg"}],"author":"Jorge Isla","twitter_card":"summary_large_image","schema":{"@context":"https:\/\/schema.org","@graph":[{"@type":"Article","@id":"https:\/\/comunicando.gal\/gal\/gran-exito-do-acto-da-d-o-valdeorras-en-ourense\/#article","isPartOf":{"@id":"https:\/\/comunicando.gal\/gal\/gran-exito-do-acto-da-d-o-valdeorras-en-ourense\/"},"author":{"name":"Jorge Isla","@id":"https:\/\/comunicando.gal\/gal\/#\/schema\/person\/0d28af683c857811ed3fe6a412c4a429"},"headline":"Gran \u00e9xito do acto da D.O. Valdeorras en Ourense","datePublished":"2025-03-27T10:12:14+00:00","dateModified":"2025-03-28T10:28:26+00:00","mainEntityOfPage":{"@id":"https:\/\/comunicando.gal\/gal\/gran-exito-do-acto-da-d-o-valdeorras-en-ourense\/"},"wordCount":333,"commentCount":0,"publisher":{"@id":"https:\/\/comunicando.gal\/gal\/#organization"},"image":{"@id":"https:\/\/comunicando.gal\/gal\/gran-exito-do-acto-da-d-o-valdeorras-en-ourense\/#primaryimage"},"thumbnailUrl":"https:\/\/comunicando.gal\/gal\/wp-content\/uploads\/2025\/03\/EVENTO-DO-WSET2.jpg","articleSection":["Noticias"],"inLanguage":"es"},{"@type":"WebPage","@id":"https:\/\/comunicando.gal\/gal\/gran-exito-do-acto-da-d-o-valdeorras-en-ourense\/","url":"https:\/\/comunicando.gal\/gal\/gran-exito-do-acto-da-d-o-valdeorras-en-ourense\/","name":"Gran \u00e9xito do acto da D.O. Valdeorras en Ourense","isPartOf":{"@id":"https:\/\/comunicando.gal\/gal\/#website"},"primaryImageOfPage":{"@id":"https:\/\/comunicando.gal\/gal\/gran-exito-do-acto-da-d-o-valdeorras-en-ourense\/#primaryimage"},"image":{"@id":"https:\/\/comunicando.gal\/gal\/gran-exito-do-acto-da-d-o-valdeorras-en-ourense\/#primaryimage"},"thumbnailUrl":"https:\/\/comunicando.gal\/gal\/wp-content\/uploads\/2025\/03\/EVENTO-DO-WSET2.jpg","datePublished":"2025-03-27T10:12:14+00:00","dateModified":"2025-03-28T10:28:26+00:00","breadcrumb":{"@id":"https:\/\/comunicando.gal\/gal\/gran-exito-do-acto-da-d-o-valdeorras-en-ourense\/#breadcrumb"},"inLanguage":"es","potentialAction":[{"@type":"ReadAction","target":["https:\/\/comunicando.gal\/gal\/gran-exito-do-acto-da-d-o-valdeorras-en-ourense\/"]}]},{"@type":"ImageObject","inLanguage":"es","@id":"https:\/\/comunicando.gal\/gal\/gran-exito-do-acto-da-d-o-valdeorras-en-ourense\/#primaryimage","url":"https:\/\/comunicando.gal\/gal\/wp-content\/uploads\/2025\/03\/EVENTO-DO-WSET2.jpg","contentUrl":"https:\/\/comunicando.gal\/gal\/wp-content\/uploads\/2025\/03\/EVENTO-DO-WSET2.jpg","width":900,"height":600},{"@type":"BreadcrumbList","@id":"https:\/\/comunicando.gal\/gal\/gran-exito-do-acto-da-d-o-valdeorras-en-ourense\/#breadcrumb","itemListElement":[{"@type":"ListItem","position":1,"name":"Portada","item":"https:\/\/comunicando.gal\/gal\/"},{"@type":"ListItem","position":2,"name":"Gran \u00e9xito do acto da D.O. Valdeorras en Ourense"}]},{"@type":"WebSite","@id":"https:\/\/comunicando.gal\/gal\/#website","url":"https:\/\/comunicando.gal\/gal\/","name":"Comunicando. Consultor\u00eda de comunicaci\u00f3n.","description":"Consultor\u00eda de comunicaci\u00f3n","publisher":{"@id":"https:\/\/comunicando.gal\/gal\/#organization"},"alternateName":"Comunicando. Consultor\u00eda de comunicaci\u00f3n.","potentialAction":[{"@type":"SearchAction","target":{"@type":"EntryPoint","urlTemplate":"https:\/\/comunicando.gal\/gal\/?s={search_term_string}"},"query-input":{"@type":"PropertyValueSpecification","valueRequired":true,"valueName":"search_term_string"}}],"inLanguage":"es"},{"@type":"Organization","@id":"https:\/\/comunicando.gal\/gal\/#organization","name":"Comunicando. Consultor\u00eda de comunicaci\u00f3n.","url":"https:\/\/comunicando.gal\/gal\/","logo":{"@type":"ImageObject","inLanguage":"es","@id":"https:\/\/comunicando.gal\/gal\/#\/schema\/logo\/image\/","url":"https:\/\/comunicando.gal\/gal\/wp-content\/uploads\/2024\/07\/comunicando-vertical.png","contentUrl":"https:\/\/comunicando.gal\/gal\/wp-content\/uploads\/2024\/07\/comunicando-vertical.png","width":300,"height":323,"caption":"Comunicando. Consultor\u00eda de comunicaci\u00f3n."},"image":{"@id":"https:\/\/comunicando.gal\/gal\/#\/schema\/logo\/image\/"}},{"@type":"Person","@id":"https:\/\/comunicando.gal\/gal\/#\/schema\/person\/0d28af683c857811ed3fe6a412c4a429","name":"Jorge Isla"}]}},"_links":{"self":[{"href":"https:\/\/comunicando.gal\/gal\/wp-json\/wp\/v2\/posts\/4761","targetHints":{"allow":["GET"]}}],"collection":[{"href":"https:\/\/comunicando.gal\/gal\/wp-json\/wp\/v2\/posts"}],"about":[{"href":"https:\/\/comunicando.gal\/gal\/wp-json\/wp\/v2\/types\/post"}],"author":[{"embeddable":true,"href":"https:\/\/comunicando.gal\/gal\/wp-json\/wp\/v2\/users\/3"}],"replies":[{"embeddable":true,"href":"https:\/\/comunicando.gal\/gal\/wp-json\/wp\/v2\/comments?post=4761"}],"version-history":[{"count":4,"href":"https:\/\/comunicando.gal\/gal\/wp-json\/wp\/v2\/posts\/4761\/revisions"}],"predecessor-version":[{"id":4767,"href":"https:\/\/comunicando.gal\/gal\/wp-json\/wp\/v2\/posts\/4761\/revisions\/4767"}],"wp:featuredmedia":[{"embeddable":true,"href":"https:\/\/comunicando.gal\/gal\/wp-json\/wp\/v2\/media\/4765"}],"wp:attachment":[{"href":"https:\/\/comunicando.gal\/gal\/wp-json\/wp\/v2\/media?parent=4761"}],"wp:term":[{"taxonomy":"category","embeddable":true,"href":"https:\/\/comunicando.gal\/gal\/wp-json\/wp\/v2\/categories?post=4761"},{"taxonomy":"post_tag","embeddable":true,"href":"https:\/\/comunicando.gal\/gal\/wp-json\/wp\/v2\/tags?post=4761"}],"curies":[{"name":"wp","href":"https:\/\/api.w.org\/{rel}","templated":true}]}}