{"id":4751,"date":"2025-01-27T15:48:01","date_gmt":"2025-01-27T14:48:01","guid":{"rendered":"https:\/\/comunicando.gal\/gal\/?p=4751"},"modified":"2025-01-27T16:41:20","modified_gmt":"2025-01-27T15:41:20","slug":"un-novo-numero-de-axenda-agraria-a-revista-de-asaga-xa-esta-na-rua","status":"publish","type":"post","link":"https:\/\/comunicando.gal\/gal\/un-novo-numero-de-axenda-agraria-a-revista-de-asaga-xa-esta-na-rua\/","title":{"rendered":"Un novo n\u00famero de Axenda Agraria, a revista de ASAGA, xa est\u00e1 na r\u00faa"},"content":{"rendered":"<p>&nbsp;<\/p>\n<p><img loading=\"lazy\" decoding=\"async\" class=\"size-full wp-image-4758 aligncenter\" src=\"https:\/\/comunicando.gal\/gal\/wp-content\/uploads\/2025\/01\/IMG_5590.jpg\" alt=\"\" width=\"645\" height=\"902\" srcset=\"https:\/\/comunicando.gal\/gal\/wp-content\/uploads\/2025\/01\/IMG_5590.jpg 645w, https:\/\/comunicando.gal\/gal\/wp-content\/uploads\/2025\/01\/IMG_5590-17x24.jpg 17w, https:\/\/comunicando.gal\/gal\/wp-content\/uploads\/2025\/01\/IMG_5590-26x36.jpg 26w, https:\/\/comunicando.gal\/gal\/wp-content\/uploads\/2025\/01\/IMG_5590-34x48.jpg 34w\" sizes=\"auto, (max-width: 645px) 100vw, 645px\" \/><\/p>\n<p>Comunicando sacou \u00e1 r\u00faa un novo n\u00famero da revista trimestral <strong>Axenda Agraria<\/strong>, da <a href=\"https:\/\/asaga.gal\/\" target=\"_blank\" rel=\"noopener\">Asociaci\u00f3n Agraria de Galicia, ASAGA<\/a>, o segundo desde a presentaci\u00f3n do <strong>novo restyling<\/strong> o pasado mes de outubro. Unha vez m\u00e1is, a axencia dise\u00f1ou, maquetou e produciu a revista en formato papel e online.<\/p>\n<p><img loading=\"lazy\" decoding=\"async\" class=\"size-full wp-image-4756 aligncenter\" src=\"https:\/\/comunicando.gal\/gal\/wp-content\/uploads\/2025\/01\/sumariopliego.jpg\" alt=\"\" width=\"900\" height=\"631\" srcset=\"https:\/\/comunicando.gal\/gal\/wp-content\/uploads\/2025\/01\/sumariopliego.jpg 900w, https:\/\/comunicando.gal\/gal\/wp-content\/uploads\/2025\/01\/sumariopliego-768x538.jpg 768w, https:\/\/comunicando.gal\/gal\/wp-content\/uploads\/2025\/01\/sumariopliego-24x17.jpg 24w, https:\/\/comunicando.gal\/gal\/wp-content\/uploads\/2025\/01\/sumariopliego-36x25.jpg 36w, https:\/\/comunicando.gal\/gal\/wp-content\/uploads\/2025\/01\/sumariopliego-48x34.jpg 48w\" sizes=\"auto, (max-width: 900px) 100vw, 900px\" \/><\/p>\n<p>Nesta ocasi\u00f3n, na portada destacamos os temas principais da actualidade agr\u00edcola e gandeira, como o rexeitamento masivo que se escenificou en Madrid ante o acordo entre a Uni\u00f3n Europea e Mercosur, do que tam\u00e9n fala <strong>Francisco Bello<\/strong>, presidente de ASAGA, no editorial da revista. Outros temas destacados son a participaci\u00f3n de ASAGA nunha xornada en Bruselas para falar da protecci\u00f3n do lobo e do seu impacto, ou a entrevista \u00e1 directora xeral de Promoci\u00f3n da Igualdade, Mar\u00eda Quintiana sobre o traballo que desenrola na actualidade neste campo.<\/p>\n<p>Na seguinte ligaz\u00f3n podes ver o \u00faltimo n\u00famero de <strong>Decembro 2024<\/strong> e anteriores, da publicaci\u00f3n oficial de ASAGA: <a href=\"https:\/\/revista.asaga.gal\/\" target=\"_blank\" rel=\"noopener\">Revista Axenda Agraria<\/a><\/p>\n","protected":false},"excerpt":{"rendered":"<p>&nbsp; Comunicando sacou \u00e1 r\u00faa un novo n\u00famero da revista trimestral Axenda Agraria, da Asociaci\u00f3n Agraria de Galicia, ASAGA, o segundo desde a presentaci\u00f3n do novo restyling o pasado mes de outubro. Unha vez m\u00e1is, a axencia dise\u00f1ou, maquetou e produciu a revista en formato papel e online. Nesta ocasi\u00f3n, na portada destacamos os temas [&hellip;]<\/p>\n","protected":false},"author":3,"featured_media":4756,"comment_status":"open","ping_status":"open","sticky":false,"template":"","format":"standard","meta":{"footnotes":""},"categories":[1],"tags":[],"class_list":["post-4751","post","type-post","status-publish","format-standard","has-post-thumbnail","hentry","category-noticias"],"yoast_head":"<!-- This site is optimized with the Yoast SEO plugin v26.2 - https:\/\/yoast.com\/wordpress\/plugins\/seo\/ -->\n<title>Un novo n\u00famero de Axenda Agraria, a revista de ASAGA, xa est\u00e1 na r\u00faa<\/title>\n<meta name=\"robots\" content=\"index, follow, max-snippet:-1, max-image-preview:large, max-video-preview:-1\" \/>\n<link rel=\"canonical\" href=\"https:\/\/comunicando.gal\/gal\/un-novo-numero-de-axenda-agraria-a-revista-de-asaga-xa-esta-na-rua\/\" \/>\n<meta property=\"og:locale\" content=\"es_ES\" \/>\n<meta property=\"og:type\" content=\"article\" \/>\n<meta property=\"og:title\" content=\"Un novo n\u00famero de Axenda Agraria, a revista de ASAGA, xa est\u00e1 na r\u00faa\" \/>\n<meta property=\"og:description\" content=\"&nbsp; Comunicando sacou \u00e1 r\u00faa un novo n\u00famero da revista trimestral Axenda Agraria, da Asociaci\u00f3n Agraria de Galicia, ASAGA, o segundo desde a presentaci\u00f3n do novo restyling o pasado mes de outubro. Unha vez m\u00e1is, a axencia dise\u00f1ou, maquetou e produciu a revista en formato papel e online. Nesta ocasi\u00f3n, na portada destacamos os temas [&hellip;]\" \/>\n<meta property=\"og:url\" content=\"https:\/\/comunicando.gal\/gal\/un-novo-numero-de-axenda-agraria-a-revista-de-asaga-xa-esta-na-rua\/\" \/>\n<meta property=\"og:site_name\" content=\"Comunicando\" \/>\n<meta property=\"article:published_time\" content=\"2025-01-27T14:48:01+00:00\" \/>\n<meta property=\"article:modified_time\" content=\"2025-01-27T15:41:20+00:00\" \/>\n<meta property=\"og:image\" content=\"https:\/\/comunicando.gal\/gal\/wp-content\/uploads\/2025\/01\/sumariopliego.jpg\" \/>\n\t<meta property=\"og:image:width\" content=\"900\" \/>\n\t<meta property=\"og:image:height\" content=\"631\" \/>\n\t<meta property=\"og:image:type\" content=\"image\/jpeg\" \/>\n<meta name=\"author\" content=\"Jorge Isla\" \/>\n<meta name=\"twitter:card\" content=\"summary_large_image\" \/>\n<script type=\"application\/ld+json\" class=\"yoast-schema-graph\">{\"@context\":\"https:\/\/schema.org\",\"@graph\":[{\"@type\":\"Article\",\"@id\":\"https:\/\/comunicando.gal\/gal\/un-novo-numero-de-axenda-agraria-a-revista-de-asaga-xa-esta-na-rua\/#article\",\"isPartOf\":{\"@id\":\"https:\/\/comunicando.gal\/gal\/un-novo-numero-de-axenda-agraria-a-revista-de-asaga-xa-esta-na-rua\/\"},\"author\":{\"name\":\"Jorge Isla\",\"@id\":\"https:\/\/comunicando.gal\/gal\/#\/schema\/person\/0d28af683c857811ed3fe6a412c4a429\"},\"headline\":\"Un novo n\u00famero de Axenda Agraria, a revista de ASAGA, xa est\u00e1 na r\u00faa\",\"datePublished\":\"2025-01-27T14:48:01+00:00\",\"dateModified\":\"2025-01-27T15:41:20+00:00\",\"mainEntityOfPage\":{\"@id\":\"https:\/\/comunicando.gal\/gal\/un-novo-numero-de-axenda-agraria-a-revista-de-asaga-xa-esta-na-rua\/\"},\"wordCount\":186,\"commentCount\":0,\"publisher\":{\"@id\":\"https:\/\/comunicando.gal\/gal\/#organization\"},\"image\":{\"@id\":\"https:\/\/comunicando.gal\/gal\/un-novo-numero-de-axenda-agraria-a-revista-de-asaga-xa-esta-na-rua\/#primaryimage\"},\"thumbnailUrl\":\"https:\/\/comunicando.gal\/gal\/wp-content\/uploads\/2025\/01\/sumariopliego.jpg\",\"articleSection\":[\"Noticias\"],\"inLanguage\":\"es\"},{\"@type\":\"WebPage\",\"@id\":\"https:\/\/comunicando.gal\/gal\/un-novo-numero-de-axenda-agraria-a-revista-de-asaga-xa-esta-na-rua\/\",\"url\":\"https:\/\/comunicando.gal\/gal\/un-novo-numero-de-axenda-agraria-a-revista-de-asaga-xa-esta-na-rua\/\",\"name\":\"Un novo n\u00famero de Axenda Agraria, a revista de ASAGA, xa est\u00e1 na r\u00faa\",\"isPartOf\":{\"@id\":\"https:\/\/comunicando.gal\/gal\/#website\"},\"primaryImageOfPage\":{\"@id\":\"https:\/\/comunicando.gal\/gal\/un-novo-numero-de-axenda-agraria-a-revista-de-asaga-xa-esta-na-rua\/#primaryimage\"},\"image\":{\"@id\":\"https:\/\/comunicando.gal\/gal\/un-novo-numero-de-axenda-agraria-a-revista-de-asaga-xa-esta-na-rua\/#primaryimage\"},\"thumbnailUrl\":\"https:\/\/comunicando.gal\/gal\/wp-content\/uploads\/2025\/01\/sumariopliego.jpg\",\"datePublished\":\"2025-01-27T14:48:01+00:00\",\"dateModified\":\"2025-01-27T15:41:20+00:00\",\"breadcrumb\":{\"@id\":\"https:\/\/comunicando.gal\/gal\/un-novo-numero-de-axenda-agraria-a-revista-de-asaga-xa-esta-na-rua\/#breadcrumb\"},\"inLanguage\":\"es\",\"potentialAction\":[{\"@type\":\"ReadAction\",\"target\":[\"https:\/\/comunicando.gal\/gal\/un-novo-numero-de-axenda-agraria-a-revista-de-asaga-xa-esta-na-rua\/\"]}]},{\"@type\":\"ImageObject\",\"inLanguage\":\"es\",\"@id\":\"https:\/\/comunicando.gal\/gal\/un-novo-numero-de-axenda-agraria-a-revista-de-asaga-xa-esta-na-rua\/#primaryimage\",\"url\":\"https:\/\/comunicando.gal\/gal\/wp-content\/uploads\/2025\/01\/sumariopliego.jpg\",\"contentUrl\":\"https:\/\/comunicando.gal\/gal\/wp-content\/uploads\/2025\/01\/sumariopliego.jpg\",\"width\":900,\"height\":631},{\"@type\":\"BreadcrumbList\",\"@id\":\"https:\/\/comunicando.gal\/gal\/un-novo-numero-de-axenda-agraria-a-revista-de-asaga-xa-esta-na-rua\/#breadcrumb\",\"itemListElement\":[{\"@type\":\"ListItem\",\"position\":1,\"name\":\"Portada\",\"item\":\"https:\/\/comunicando.gal\/gal\/\"},{\"@type\":\"ListItem\",\"position\":2,\"name\":\"Un novo n\u00famero de Axenda Agraria, a revista de ASAGA, xa est\u00e1 na r\u00faa\"}]},{\"@type\":\"WebSite\",\"@id\":\"https:\/\/comunicando.gal\/gal\/#website\",\"url\":\"https:\/\/comunicando.gal\/gal\/\",\"name\":\"Comunicando. Consultor\u00eda de comunicaci\u00f3n.\",\"description\":\"Consultor\u00eda de comunicaci\u00f3n\",\"publisher\":{\"@id\":\"https:\/\/comunicando.gal\/gal\/#organization\"},\"alternateName\":\"Comunicando. Consultor\u00eda de comunicaci\u00f3n.\",\"potentialAction\":[{\"@type\":\"SearchAction\",\"target\":{\"@type\":\"EntryPoint\",\"urlTemplate\":\"https:\/\/comunicando.gal\/gal\/?s={search_term_string}\"},\"query-input\":{\"@type\":\"PropertyValueSpecification\",\"valueRequired\":true,\"valueName\":\"search_term_string\"}}],\"inLanguage\":\"es\"},{\"@type\":\"Organization\",\"@id\":\"https:\/\/comunicando.gal\/gal\/#organization\",\"name\":\"Comunicando. Consultor\u00eda de comunicaci\u00f3n.\",\"url\":\"https:\/\/comunicando.gal\/gal\/\",\"logo\":{\"@type\":\"ImageObject\",\"inLanguage\":\"es\",\"@id\":\"https:\/\/comunicando.gal\/gal\/#\/schema\/logo\/image\/\",\"url\":\"https:\/\/comunicando.gal\/gal\/wp-content\/uploads\/2024\/07\/comunicando-vertical.png\",\"contentUrl\":\"https:\/\/comunicando.gal\/gal\/wp-content\/uploads\/2024\/07\/comunicando-vertical.png\",\"width\":300,\"height\":323,\"caption\":\"Comunicando. Consultor\u00eda de comunicaci\u00f3n.\"},\"image\":{\"@id\":\"https:\/\/comunicando.gal\/gal\/#\/schema\/logo\/image\/\"}},{\"@type\":\"Person\",\"@id\":\"https:\/\/comunicando.gal\/gal\/#\/schema\/person\/0d28af683c857811ed3fe6a412c4a429\",\"name\":\"Jorge Isla\"}]}<\/script>\n<!-- \/ Yoast SEO plugin. -->","yoast_head_json":{"title":"Un novo n\u00famero de Axenda Agraria, a revista de ASAGA, xa est\u00e1 na r\u00faa","robots":{"index":"index","follow":"follow","max-snippet":"max-snippet:-1","max-image-preview":"max-image-preview:large","max-video-preview":"max-video-preview:-1"},"canonical":"https:\/\/comunicando.gal\/gal\/un-novo-numero-de-axenda-agraria-a-revista-de-asaga-xa-esta-na-rua\/","og_locale":"es_ES","og_type":"article","og_title":"Un novo n\u00famero de Axenda Agraria, a revista de ASAGA, xa est\u00e1 na r\u00faa","og_description":"&nbsp; Comunicando sacou \u00e1 r\u00faa un novo n\u00famero da revista trimestral Axenda Agraria, da Asociaci\u00f3n Agraria de Galicia, ASAGA, o segundo desde a presentaci\u00f3n do novo restyling o pasado mes de outubro. Unha vez m\u00e1is, a axencia dise\u00f1ou, maquetou e produciu a revista en formato papel e online. Nesta ocasi\u00f3n, na portada destacamos os temas [&hellip;]","og_url":"https:\/\/comunicando.gal\/gal\/un-novo-numero-de-axenda-agraria-a-revista-de-asaga-xa-esta-na-rua\/","og_site_name":"Comunicando","article_published_time":"2025-01-27T14:48:01+00:00","article_modified_time":"2025-01-27T15:41:20+00:00","og_image":[{"width":900,"height":631,"url":"https:\/\/comunicando.gal\/gal\/wp-content\/uploads\/2025\/01\/sumariopliego.jpg","type":"image\/jpeg"}],"author":"Jorge Isla","twitter_card":"summary_large_image","schema":{"@context":"https:\/\/schema.org","@graph":[{"@type":"Article","@id":"https:\/\/comunicando.gal\/gal\/un-novo-numero-de-axenda-agraria-a-revista-de-asaga-xa-esta-na-rua\/#article","isPartOf":{"@id":"https:\/\/comunicando.gal\/gal\/un-novo-numero-de-axenda-agraria-a-revista-de-asaga-xa-esta-na-rua\/"},"author":{"name":"Jorge Isla","@id":"https:\/\/comunicando.gal\/gal\/#\/schema\/person\/0d28af683c857811ed3fe6a412c4a429"},"headline":"Un novo n\u00famero de Axenda Agraria, a revista de ASAGA, xa est\u00e1 na r\u00faa","datePublished":"2025-01-27T14:48:01+00:00","dateModified":"2025-01-27T15:41:20+00:00","mainEntityOfPage":{"@id":"https:\/\/comunicando.gal\/gal\/un-novo-numero-de-axenda-agraria-a-revista-de-asaga-xa-esta-na-rua\/"},"wordCount":186,"commentCount":0,"publisher":{"@id":"https:\/\/comunicando.gal\/gal\/#organization"},"image":{"@id":"https:\/\/comunicando.gal\/gal\/un-novo-numero-de-axenda-agraria-a-revista-de-asaga-xa-esta-na-rua\/#primaryimage"},"thumbnailUrl":"https:\/\/comunicando.gal\/gal\/wp-content\/uploads\/2025\/01\/sumariopliego.jpg","articleSection":["Noticias"],"inLanguage":"es"},{"@type":"WebPage","@id":"https:\/\/comunicando.gal\/gal\/un-novo-numero-de-axenda-agraria-a-revista-de-asaga-xa-esta-na-rua\/","url":"https:\/\/comunicando.gal\/gal\/un-novo-numero-de-axenda-agraria-a-revista-de-asaga-xa-esta-na-rua\/","name":"Un novo n\u00famero de Axenda Agraria, a revista de ASAGA, xa est\u00e1 na r\u00faa","isPartOf":{"@id":"https:\/\/comunicando.gal\/gal\/#website"},"primaryImageOfPage":{"@id":"https:\/\/comunicando.gal\/gal\/un-novo-numero-de-axenda-agraria-a-revista-de-asaga-xa-esta-na-rua\/#primaryimage"},"image":{"@id":"https:\/\/comunicando.gal\/gal\/un-novo-numero-de-axenda-agraria-a-revista-de-asaga-xa-esta-na-rua\/#primaryimage"},"thumbnailUrl":"https:\/\/comunicando.gal\/gal\/wp-content\/uploads\/2025\/01\/sumariopliego.jpg","datePublished":"2025-01-27T14:48:01+00:00","dateModified":"2025-01-27T15:41:20+00:00","breadcrumb":{"@id":"https:\/\/comunicando.gal\/gal\/un-novo-numero-de-axenda-agraria-a-revista-de-asaga-xa-esta-na-rua\/#breadcrumb"},"inLanguage":"es","potentialAction":[{"@type":"ReadAction","target":["https:\/\/comunicando.gal\/gal\/un-novo-numero-de-axenda-agraria-a-revista-de-asaga-xa-esta-na-rua\/"]}]},{"@type":"ImageObject","inLanguage":"es","@id":"https:\/\/comunicando.gal\/gal\/un-novo-numero-de-axenda-agraria-a-revista-de-asaga-xa-esta-na-rua\/#primaryimage","url":"https:\/\/comunicando.gal\/gal\/wp-content\/uploads\/2025\/01\/sumariopliego.jpg","contentUrl":"https:\/\/comunicando.gal\/gal\/wp-content\/uploads\/2025\/01\/sumariopliego.jpg","width":900,"height":631},{"@type":"BreadcrumbList","@id":"https:\/\/comunicando.gal\/gal\/un-novo-numero-de-axenda-agraria-a-revista-de-asaga-xa-esta-na-rua\/#breadcrumb","itemListElement":[{"@type":"ListItem","position":1,"name":"Portada","item":"https:\/\/comunicando.gal\/gal\/"},{"@type":"ListItem","position":2,"name":"Un novo n\u00famero de Axenda Agraria, a revista de ASAGA, xa est\u00e1 na r\u00faa"}]},{"@type":"WebSite","@id":"https:\/\/comunicando.gal\/gal\/#website","url":"https:\/\/comunicando.gal\/gal\/","name":"Comunicando. Consultor\u00eda de comunicaci\u00f3n.","description":"Consultor\u00eda de comunicaci\u00f3n","publisher":{"@id":"https:\/\/comunicando.gal\/gal\/#organization"},"alternateName":"Comunicando. Consultor\u00eda de comunicaci\u00f3n.","potentialAction":[{"@type":"SearchAction","target":{"@type":"EntryPoint","urlTemplate":"https:\/\/comunicando.gal\/gal\/?s={search_term_string}"},"query-input":{"@type":"PropertyValueSpecification","valueRequired":true,"valueName":"search_term_string"}}],"inLanguage":"es"},{"@type":"Organization","@id":"https:\/\/comunicando.gal\/gal\/#organization","name":"Comunicando. Consultor\u00eda de comunicaci\u00f3n.","url":"https:\/\/comunicando.gal\/gal\/","logo":{"@type":"ImageObject","inLanguage":"es","@id":"https:\/\/comunicando.gal\/gal\/#\/schema\/logo\/image\/","url":"https:\/\/comunicando.gal\/gal\/wp-content\/uploads\/2024\/07\/comunicando-vertical.png","contentUrl":"https:\/\/comunicando.gal\/gal\/wp-content\/uploads\/2024\/07\/comunicando-vertical.png","width":300,"height":323,"caption":"Comunicando. Consultor\u00eda de comunicaci\u00f3n."},"image":{"@id":"https:\/\/comunicando.gal\/gal\/#\/schema\/logo\/image\/"}},{"@type":"Person","@id":"https:\/\/comunicando.gal\/gal\/#\/schema\/person\/0d28af683c857811ed3fe6a412c4a429","name":"Jorge Isla"}]}},"_links":{"self":[{"href":"https:\/\/comunicando.gal\/gal\/wp-json\/wp\/v2\/posts\/4751","targetHints":{"allow":["GET"]}}],"collection":[{"href":"https:\/\/comunicando.gal\/gal\/wp-json\/wp\/v2\/posts"}],"about":[{"href":"https:\/\/comunicando.gal\/gal\/wp-json\/wp\/v2\/types\/post"}],"author":[{"embeddable":true,"href":"https:\/\/comunicando.gal\/gal\/wp-json\/wp\/v2\/users\/3"}],"replies":[{"embeddable":true,"href":"https:\/\/comunicando.gal\/gal\/wp-json\/wp\/v2\/comments?post=4751"}],"version-history":[{"count":4,"href":"https:\/\/comunicando.gal\/gal\/wp-json\/wp\/v2\/posts\/4751\/revisions"}],"predecessor-version":[{"id":4759,"href":"https:\/\/comunicando.gal\/gal\/wp-json\/wp\/v2\/posts\/4751\/revisions\/4759"}],"wp:featuredmedia":[{"embeddable":true,"href":"https:\/\/comunicando.gal\/gal\/wp-json\/wp\/v2\/media\/4756"}],"wp:attachment":[{"href":"https:\/\/comunicando.gal\/gal\/wp-json\/wp\/v2\/media?parent=4751"}],"wp:term":[{"taxonomy":"category","embeddable":true,"href":"https:\/\/comunicando.gal\/gal\/wp-json\/wp\/v2\/categories?post=4751"},{"taxonomy":"post_tag","embeddable":true,"href":"https:\/\/comunicando.gal\/gal\/wp-json\/wp\/v2\/tags?post=4751"}],"curies":[{"name":"wp","href":"https:\/\/api.w.org\/{rel}","templated":true}]}}