{"id":4737,"date":"2025-01-23T17:37:45","date_gmt":"2025-01-23T16:37:45","guid":{"rendered":"https:\/\/comunicando.gal\/gal\/?p=4737"},"modified":"2025-01-23T17:57:08","modified_gmt":"2025-01-23T16:57:08","slug":"comunicando-edita-a-guia-do-xeodestino-trevinca-valdeorras-presentada-hoxe-en-fitur","status":"publish","type":"post","link":"https:\/\/comunicando.gal\/gal\/comunicando-edita-a-guia-do-xeodestino-trevinca-valdeorras-presentada-hoxe-en-fitur\/","title":{"rendered":"Comunicando edita a Gu\u00eda do Xeodestino Trevinca &#8211; Valdeorras presentada hoxe en FITUR"},"content":{"rendered":"<p><img loading=\"lazy\" decoding=\"async\" class=\"size-full wp-image-4738 aligncenter\" src=\"https:\/\/comunicando.gal\/gal\/wp-content\/uploads\/2025\/01\/guiaxeodestino1.jpg\" alt=\"\" width=\"900\" height=\"675\" srcset=\"https:\/\/comunicando.gal\/gal\/wp-content\/uploads\/2025\/01\/guiaxeodestino1.jpg 900w, https:\/\/comunicando.gal\/gal\/wp-content\/uploads\/2025\/01\/guiaxeodestino1-768x576.jpg 768w, https:\/\/comunicando.gal\/gal\/wp-content\/uploads\/2025\/01\/guiaxeodestino1-24x18.jpg 24w, https:\/\/comunicando.gal\/gal\/wp-content\/uploads\/2025\/01\/guiaxeodestino1-36x27.jpg 36w, https:\/\/comunicando.gal\/gal\/wp-content\/uploads\/2025\/01\/guiaxeodestino1-48x36.jpg 48w\" sizes=\"auto, (max-width: 900px) 100vw, 900px\" \/><\/p>\n<p>O Xeodestino Trevinca &#8211; Valdeorras, formado polos concellos de A Veiga, Larouco, O Barco de Valdeorras, O Bolo, Pet\u00edn, Rubi\u00e1, Vilamart\u00edn de Valdeorras, A R\u00faa e Carballeda de Valdeorras, presentou esta tarde, no stand de Galicia en FITUR, a Feira Internacional de Turismo que se celebra anualmente en Madrid, a s\u00faa proposta tur\u00edstica \u00abTerras que Saben\u00bb, e entre as iniciativas, deu a co\u00f1ecer a <strong>Gu\u00eda do Xeodestino Trevinca &#8211; Valdeorras<\/strong>, en colaboraci\u00f3n co <strong>Inorde<\/strong> e a <strong>Deputaci\u00f3n de Ourense<\/strong>, e que foi editada por <strong>Comunicando Consultor\u00eda de Comunicaci\u00f3n<\/strong>.<\/p>\n<p><img loading=\"lazy\" decoding=\"async\" class=\"size-full wp-image-4739 aligncenter\" src=\"https:\/\/comunicando.gal\/gal\/wp-content\/uploads\/2025\/01\/guiaxeodestino2.jpg\" alt=\"\" width=\"675\" height=\"900\" srcset=\"https:\/\/comunicando.gal\/gal\/wp-content\/uploads\/2025\/01\/guiaxeodestino2.jpg 675w, https:\/\/comunicando.gal\/gal\/wp-content\/uploads\/2025\/01\/guiaxeodestino2-18x24.jpg 18w, https:\/\/comunicando.gal\/gal\/wp-content\/uploads\/2025\/01\/guiaxeodestino2-27x36.jpg 27w, https:\/\/comunicando.gal\/gal\/wp-content\/uploads\/2025\/01\/guiaxeodestino2-36x48.jpg 36w\" sizes=\"auto, (max-width: 675px) 100vw, 675px\" \/><\/p>\n<p>Pola s\u00faa banda, a Deputaci\u00f3n colabora na execuci\u00f3n do Plan de Sostibilidade Tur\u00edstica de Valdeorras, \u201cRuta Milenaria\u201d, e o Inorde \u00e9 ente xestor do Xeodestino que abarca este mesmo territorio, \u201cpolo que se trata dun exemplo de <strong>cooperaci\u00f3n entre administraci\u00f3ns<\/strong> para traballar no desenrolo tur\u00edstico dunha enocomarca que alberga hoxe unha das variedades de uva m\u00e1is apreciadas no mundo: a Godello\u00bb. As\u00ed o explicou na presentaci\u00f3n o presidente do ente ourens\u00e1n, Rosendo Fern\u00e1ndez.<\/p>\n<div id=\"attachment_4740\" style=\"width: 910px\" class=\"wp-caption aligncenter\"><img loading=\"lazy\" decoding=\"async\" aria-describedby=\"caption-attachment-4740\" class=\"wp-image-4740 size-full\" src=\"https:\/\/comunicando.gal\/gal\/wp-content\/uploads\/2025\/01\/guiaxeodestino3.jpg\" alt=\"\" width=\"900\" height=\"675\" srcset=\"https:\/\/comunicando.gal\/gal\/wp-content\/uploads\/2025\/01\/guiaxeodestino3.jpg 900w, https:\/\/comunicando.gal\/gal\/wp-content\/uploads\/2025\/01\/guiaxeodestino3-768x576.jpg 768w, https:\/\/comunicando.gal\/gal\/wp-content\/uploads\/2025\/01\/guiaxeodestino3-24x18.jpg 24w, https:\/\/comunicando.gal\/gal\/wp-content\/uploads\/2025\/01\/guiaxeodestino3-36x27.jpg 36w, https:\/\/comunicando.gal\/gal\/wp-content\/uploads\/2025\/01\/guiaxeodestino3-48x36.jpg 48w\" sizes=\"auto, (max-width: 900px) 100vw, 900px\" \/><p id=\"caption-attachment-4740\" class=\"wp-caption-text\">Xos\u00e9 Manuel Merelles, director da Axencia de Turismo de Galicia.<\/p><\/div>\n<p>\u00c9 para n\u00f3s unha honra poder presentar este traballo nun lugar como FITUR, unha das feiras de turismo m\u00e1is importantes do mundo e que este 2025 chega a s\u00faa 45\u00aa edici\u00f3n. Estamos moi agradecidos pola <strong>confianza<\/strong> depositada no noso criterio para sacar adiante este documento que cont\u00e9n os lugares m\u00e1is destacados dunha terra en cuxo <strong>potencial tur\u00edstico<\/strong> cremos e as\u00ed o quixemos po\u00f1er en valor.<\/p>\n<p>Aqu\u00ed vos deixamos a <strong>portada da Gu\u00eda do Xeodestino<\/strong> para que podades identificala:<\/p>\n<p><img loading=\"lazy\" decoding=\"async\" class=\"alignnone size-full wp-image-4744\" src=\"https:\/\/comunicando.gal\/gal\/wp-content\/uploads\/2025\/01\/Portada-para-web.jpg\" alt=\"\" width=\"630\" height=\"894\" srcset=\"https:\/\/comunicando.gal\/gal\/wp-content\/uploads\/2025\/01\/Portada-para-web.jpg 630w, https:\/\/comunicando.gal\/gal\/wp-content\/uploads\/2025\/01\/Portada-para-web-17x24.jpg 17w, https:\/\/comunicando.gal\/gal\/wp-content\/uploads\/2025\/01\/Portada-para-web-25x36.jpg 25w, https:\/\/comunicando.gal\/gal\/wp-content\/uploads\/2025\/01\/Portada-para-web-34x48.jpg 34w\" sizes=\"auto, (max-width: 630px) 100vw, 630px\" \/><\/p>\n<p>E tam\u00e9n a p\u00e1xina na que se fala do concepto de <strong>\u00abxeodestino\u00bb<\/strong>:<\/p>\n<p><img loading=\"lazy\" decoding=\"async\" class=\"alignnone size-full wp-image-4745\" src=\"https:\/\/comunicando.gal\/gal\/wp-content\/uploads\/2025\/01\/Que-es-un-geodestino-para-web.jpg\" alt=\"\" width=\"630\" height=\"894\" srcset=\"https:\/\/comunicando.gal\/gal\/wp-content\/uploads\/2025\/01\/Que-es-un-geodestino-para-web.jpg 630w, https:\/\/comunicando.gal\/gal\/wp-content\/uploads\/2025\/01\/Que-es-un-geodestino-para-web-17x24.jpg 17w, https:\/\/comunicando.gal\/gal\/wp-content\/uploads\/2025\/01\/Que-es-un-geodestino-para-web-25x36.jpg 25w, https:\/\/comunicando.gal\/gal\/wp-content\/uploads\/2025\/01\/Que-es-un-geodestino-para-web-34x48.jpg 34w\" sizes=\"auto, (max-width: 630px) 100vw, 630px\" \/><\/p>\n","protected":false},"excerpt":{"rendered":"<p>O Xeodestino Trevinca &#8211; Valdeorras, formado polos concellos de A Veiga, Larouco, O Barco de Valdeorras, O Bolo, Pet\u00edn, Rubi\u00e1, Vilamart\u00edn de Valdeorras, A R\u00faa e Carballeda de Valdeorras, presentou esta tarde, no stand de Galicia en FITUR, a Feira Internacional de Turismo que se celebra anualmente en Madrid, a s\u00faa proposta tur\u00edstica \u00abTerras que [&hellip;]<\/p>\n","protected":false},"author":3,"featured_media":4738,"comment_status":"open","ping_status":"open","sticky":false,"template":"","format":"standard","meta":{"footnotes":""},"categories":[1],"tags":[],"class_list":["post-4737","post","type-post","status-publish","format-standard","has-post-thumbnail","hentry","category-noticias"],"yoast_head":"<!-- This site is optimized with the Yoast SEO plugin v26.2 - https:\/\/yoast.com\/wordpress\/plugins\/seo\/ -->\n<title>Comunicando edita a Gu\u00eda do Xeodestino Trevinca - Valdeorras presentada hoxe en FITUR<\/title>\n<meta name=\"robots\" content=\"index, follow, max-snippet:-1, max-image-preview:large, max-video-preview:-1\" \/>\n<link rel=\"canonical\" href=\"https:\/\/comunicando.gal\/gal\/comunicando-edita-a-guia-do-xeodestino-trevinca-valdeorras-presentada-hoxe-en-fitur\/\" \/>\n<meta property=\"og:locale\" content=\"es_ES\" \/>\n<meta property=\"og:type\" content=\"article\" \/>\n<meta property=\"og:title\" content=\"Comunicando edita a Gu\u00eda do Xeodestino Trevinca - Valdeorras presentada hoxe en FITUR\" \/>\n<meta property=\"og:description\" content=\"O Xeodestino Trevinca &#8211; Valdeorras, formado polos concellos de A Veiga, Larouco, O Barco de Valdeorras, O Bolo, Pet\u00edn, Rubi\u00e1, Vilamart\u00edn de Valdeorras, A R\u00faa e Carballeda de Valdeorras, presentou esta tarde, no stand de Galicia en FITUR, a Feira Internacional de Turismo que se celebra anualmente en Madrid, a s\u00faa proposta tur\u00edstica \u00abTerras que [&hellip;]\" \/>\n<meta property=\"og:url\" content=\"https:\/\/comunicando.gal\/gal\/comunicando-edita-a-guia-do-xeodestino-trevinca-valdeorras-presentada-hoxe-en-fitur\/\" \/>\n<meta property=\"og:site_name\" content=\"Comunicando\" \/>\n<meta property=\"article:published_time\" content=\"2025-01-23T16:37:45+00:00\" \/>\n<meta property=\"article:modified_time\" content=\"2025-01-23T16:57:08+00:00\" \/>\n<meta property=\"og:image\" content=\"https:\/\/comunicando.gal\/gal\/wp-content\/uploads\/2025\/01\/guiaxeodestino1.jpg\" \/>\n\t<meta property=\"og:image:width\" content=\"900\" \/>\n\t<meta property=\"og:image:height\" content=\"675\" \/>\n\t<meta property=\"og:image:type\" content=\"image\/jpeg\" \/>\n<meta name=\"author\" content=\"Jorge Isla\" \/>\n<meta name=\"twitter:card\" content=\"summary_large_image\" \/>\n<script type=\"application\/ld+json\" class=\"yoast-schema-graph\">{\"@context\":\"https:\/\/schema.org\",\"@graph\":[{\"@type\":\"Article\",\"@id\":\"https:\/\/comunicando.gal\/gal\/comunicando-edita-a-guia-do-xeodestino-trevinca-valdeorras-presentada-hoxe-en-fitur\/#article\",\"isPartOf\":{\"@id\":\"https:\/\/comunicando.gal\/gal\/comunicando-edita-a-guia-do-xeodestino-trevinca-valdeorras-presentada-hoxe-en-fitur\/\"},\"author\":{\"name\":\"Jorge Isla\",\"@id\":\"https:\/\/comunicando.gal\/gal\/#\/schema\/person\/0d28af683c857811ed3fe6a412c4a429\"},\"headline\":\"Comunicando edita a Gu\u00eda do Xeodestino Trevinca &#8211; Valdeorras presentada hoxe en FITUR\",\"datePublished\":\"2025-01-23T16:37:45+00:00\",\"dateModified\":\"2025-01-23T16:57:08+00:00\",\"mainEntityOfPage\":{\"@id\":\"https:\/\/comunicando.gal\/gal\/comunicando-edita-a-guia-do-xeodestino-trevinca-valdeorras-presentada-hoxe-en-fitur\/\"},\"wordCount\":311,\"commentCount\":0,\"publisher\":{\"@id\":\"https:\/\/comunicando.gal\/gal\/#organization\"},\"image\":{\"@id\":\"https:\/\/comunicando.gal\/gal\/comunicando-edita-a-guia-do-xeodestino-trevinca-valdeorras-presentada-hoxe-en-fitur\/#primaryimage\"},\"thumbnailUrl\":\"https:\/\/comunicando.gal\/gal\/wp-content\/uploads\/2025\/01\/guiaxeodestino1.jpg\",\"articleSection\":[\"Noticias\"],\"inLanguage\":\"es\"},{\"@type\":\"WebPage\",\"@id\":\"https:\/\/comunicando.gal\/gal\/comunicando-edita-a-guia-do-xeodestino-trevinca-valdeorras-presentada-hoxe-en-fitur\/\",\"url\":\"https:\/\/comunicando.gal\/gal\/comunicando-edita-a-guia-do-xeodestino-trevinca-valdeorras-presentada-hoxe-en-fitur\/\",\"name\":\"Comunicando edita a Gu\u00eda do Xeodestino Trevinca - Valdeorras presentada hoxe en FITUR\",\"isPartOf\":{\"@id\":\"https:\/\/comunicando.gal\/gal\/#website\"},\"primaryImageOfPage\":{\"@id\":\"https:\/\/comunicando.gal\/gal\/comunicando-edita-a-guia-do-xeodestino-trevinca-valdeorras-presentada-hoxe-en-fitur\/#primaryimage\"},\"image\":{\"@id\":\"https:\/\/comunicando.gal\/gal\/comunicando-edita-a-guia-do-xeodestino-trevinca-valdeorras-presentada-hoxe-en-fitur\/#primaryimage\"},\"thumbnailUrl\":\"https:\/\/comunicando.gal\/gal\/wp-content\/uploads\/2025\/01\/guiaxeodestino1.jpg\",\"datePublished\":\"2025-01-23T16:37:45+00:00\",\"dateModified\":\"2025-01-23T16:57:08+00:00\",\"breadcrumb\":{\"@id\":\"https:\/\/comunicando.gal\/gal\/comunicando-edita-a-guia-do-xeodestino-trevinca-valdeorras-presentada-hoxe-en-fitur\/#breadcrumb\"},\"inLanguage\":\"es\",\"potentialAction\":[{\"@type\":\"ReadAction\",\"target\":[\"https:\/\/comunicando.gal\/gal\/comunicando-edita-a-guia-do-xeodestino-trevinca-valdeorras-presentada-hoxe-en-fitur\/\"]}]},{\"@type\":\"ImageObject\",\"inLanguage\":\"es\",\"@id\":\"https:\/\/comunicando.gal\/gal\/comunicando-edita-a-guia-do-xeodestino-trevinca-valdeorras-presentada-hoxe-en-fitur\/#primaryimage\",\"url\":\"https:\/\/comunicando.gal\/gal\/wp-content\/uploads\/2025\/01\/guiaxeodestino1.jpg\",\"contentUrl\":\"https:\/\/comunicando.gal\/gal\/wp-content\/uploads\/2025\/01\/guiaxeodestino1.jpg\",\"width\":900,\"height\":675},{\"@type\":\"BreadcrumbList\",\"@id\":\"https:\/\/comunicando.gal\/gal\/comunicando-edita-a-guia-do-xeodestino-trevinca-valdeorras-presentada-hoxe-en-fitur\/#breadcrumb\",\"itemListElement\":[{\"@type\":\"ListItem\",\"position\":1,\"name\":\"Portada\",\"item\":\"https:\/\/comunicando.gal\/gal\/\"},{\"@type\":\"ListItem\",\"position\":2,\"name\":\"Comunicando edita a Gu\u00eda do Xeodestino Trevinca &#8211; Valdeorras presentada hoxe en FITUR\"}]},{\"@type\":\"WebSite\",\"@id\":\"https:\/\/comunicando.gal\/gal\/#website\",\"url\":\"https:\/\/comunicando.gal\/gal\/\",\"name\":\"Comunicando. Consultor\u00eda de comunicaci\u00f3n.\",\"description\":\"Consultor\u00eda de comunicaci\u00f3n\",\"publisher\":{\"@id\":\"https:\/\/comunicando.gal\/gal\/#organization\"},\"alternateName\":\"Comunicando. Consultor\u00eda de comunicaci\u00f3n.\",\"potentialAction\":[{\"@type\":\"SearchAction\",\"target\":{\"@type\":\"EntryPoint\",\"urlTemplate\":\"https:\/\/comunicando.gal\/gal\/?s={search_term_string}\"},\"query-input\":{\"@type\":\"PropertyValueSpecification\",\"valueRequired\":true,\"valueName\":\"search_term_string\"}}],\"inLanguage\":\"es\"},{\"@type\":\"Organization\",\"@id\":\"https:\/\/comunicando.gal\/gal\/#organization\",\"name\":\"Comunicando. Consultor\u00eda de comunicaci\u00f3n.\",\"url\":\"https:\/\/comunicando.gal\/gal\/\",\"logo\":{\"@type\":\"ImageObject\",\"inLanguage\":\"es\",\"@id\":\"https:\/\/comunicando.gal\/gal\/#\/schema\/logo\/image\/\",\"url\":\"https:\/\/comunicando.gal\/gal\/wp-content\/uploads\/2024\/07\/comunicando-vertical.png\",\"contentUrl\":\"https:\/\/comunicando.gal\/gal\/wp-content\/uploads\/2024\/07\/comunicando-vertical.png\",\"width\":300,\"height\":323,\"caption\":\"Comunicando. Consultor\u00eda de comunicaci\u00f3n.\"},\"image\":{\"@id\":\"https:\/\/comunicando.gal\/gal\/#\/schema\/logo\/image\/\"}},{\"@type\":\"Person\",\"@id\":\"https:\/\/comunicando.gal\/gal\/#\/schema\/person\/0d28af683c857811ed3fe6a412c4a429\",\"name\":\"Jorge Isla\"}]}<\/script>\n<!-- \/ Yoast SEO plugin. -->","yoast_head_json":{"title":"Comunicando edita a Gu\u00eda do Xeodestino Trevinca - Valdeorras presentada hoxe en FITUR","robots":{"index":"index","follow":"follow","max-snippet":"max-snippet:-1","max-image-preview":"max-image-preview:large","max-video-preview":"max-video-preview:-1"},"canonical":"https:\/\/comunicando.gal\/gal\/comunicando-edita-a-guia-do-xeodestino-trevinca-valdeorras-presentada-hoxe-en-fitur\/","og_locale":"es_ES","og_type":"article","og_title":"Comunicando edita a Gu\u00eda do Xeodestino Trevinca - Valdeorras presentada hoxe en FITUR","og_description":"O Xeodestino Trevinca &#8211; Valdeorras, formado polos concellos de A Veiga, Larouco, O Barco de Valdeorras, O Bolo, Pet\u00edn, Rubi\u00e1, Vilamart\u00edn de Valdeorras, A R\u00faa e Carballeda de Valdeorras, presentou esta tarde, no stand de Galicia en FITUR, a Feira Internacional de Turismo que se celebra anualmente en Madrid, a s\u00faa proposta tur\u00edstica \u00abTerras que [&hellip;]","og_url":"https:\/\/comunicando.gal\/gal\/comunicando-edita-a-guia-do-xeodestino-trevinca-valdeorras-presentada-hoxe-en-fitur\/","og_site_name":"Comunicando","article_published_time":"2025-01-23T16:37:45+00:00","article_modified_time":"2025-01-23T16:57:08+00:00","og_image":[{"width":900,"height":675,"url":"https:\/\/comunicando.gal\/gal\/wp-content\/uploads\/2025\/01\/guiaxeodestino1.jpg","type":"image\/jpeg"}],"author":"Jorge Isla","twitter_card":"summary_large_image","schema":{"@context":"https:\/\/schema.org","@graph":[{"@type":"Article","@id":"https:\/\/comunicando.gal\/gal\/comunicando-edita-a-guia-do-xeodestino-trevinca-valdeorras-presentada-hoxe-en-fitur\/#article","isPartOf":{"@id":"https:\/\/comunicando.gal\/gal\/comunicando-edita-a-guia-do-xeodestino-trevinca-valdeorras-presentada-hoxe-en-fitur\/"},"author":{"name":"Jorge Isla","@id":"https:\/\/comunicando.gal\/gal\/#\/schema\/person\/0d28af683c857811ed3fe6a412c4a429"},"headline":"Comunicando edita a Gu\u00eda do Xeodestino Trevinca &#8211; Valdeorras presentada hoxe en FITUR","datePublished":"2025-01-23T16:37:45+00:00","dateModified":"2025-01-23T16:57:08+00:00","mainEntityOfPage":{"@id":"https:\/\/comunicando.gal\/gal\/comunicando-edita-a-guia-do-xeodestino-trevinca-valdeorras-presentada-hoxe-en-fitur\/"},"wordCount":311,"commentCount":0,"publisher":{"@id":"https:\/\/comunicando.gal\/gal\/#organization"},"image":{"@id":"https:\/\/comunicando.gal\/gal\/comunicando-edita-a-guia-do-xeodestino-trevinca-valdeorras-presentada-hoxe-en-fitur\/#primaryimage"},"thumbnailUrl":"https:\/\/comunicando.gal\/gal\/wp-content\/uploads\/2025\/01\/guiaxeodestino1.jpg","articleSection":["Noticias"],"inLanguage":"es"},{"@type":"WebPage","@id":"https:\/\/comunicando.gal\/gal\/comunicando-edita-a-guia-do-xeodestino-trevinca-valdeorras-presentada-hoxe-en-fitur\/","url":"https:\/\/comunicando.gal\/gal\/comunicando-edita-a-guia-do-xeodestino-trevinca-valdeorras-presentada-hoxe-en-fitur\/","name":"Comunicando edita a Gu\u00eda do Xeodestino Trevinca - Valdeorras presentada hoxe en FITUR","isPartOf":{"@id":"https:\/\/comunicando.gal\/gal\/#website"},"primaryImageOfPage":{"@id":"https:\/\/comunicando.gal\/gal\/comunicando-edita-a-guia-do-xeodestino-trevinca-valdeorras-presentada-hoxe-en-fitur\/#primaryimage"},"image":{"@id":"https:\/\/comunicando.gal\/gal\/comunicando-edita-a-guia-do-xeodestino-trevinca-valdeorras-presentada-hoxe-en-fitur\/#primaryimage"},"thumbnailUrl":"https:\/\/comunicando.gal\/gal\/wp-content\/uploads\/2025\/01\/guiaxeodestino1.jpg","datePublished":"2025-01-23T16:37:45+00:00","dateModified":"2025-01-23T16:57:08+00:00","breadcrumb":{"@id":"https:\/\/comunicando.gal\/gal\/comunicando-edita-a-guia-do-xeodestino-trevinca-valdeorras-presentada-hoxe-en-fitur\/#breadcrumb"},"inLanguage":"es","potentialAction":[{"@type":"ReadAction","target":["https:\/\/comunicando.gal\/gal\/comunicando-edita-a-guia-do-xeodestino-trevinca-valdeorras-presentada-hoxe-en-fitur\/"]}]},{"@type":"ImageObject","inLanguage":"es","@id":"https:\/\/comunicando.gal\/gal\/comunicando-edita-a-guia-do-xeodestino-trevinca-valdeorras-presentada-hoxe-en-fitur\/#primaryimage","url":"https:\/\/comunicando.gal\/gal\/wp-content\/uploads\/2025\/01\/guiaxeodestino1.jpg","contentUrl":"https:\/\/comunicando.gal\/gal\/wp-content\/uploads\/2025\/01\/guiaxeodestino1.jpg","width":900,"height":675},{"@type":"BreadcrumbList","@id":"https:\/\/comunicando.gal\/gal\/comunicando-edita-a-guia-do-xeodestino-trevinca-valdeorras-presentada-hoxe-en-fitur\/#breadcrumb","itemListElement":[{"@type":"ListItem","position":1,"name":"Portada","item":"https:\/\/comunicando.gal\/gal\/"},{"@type":"ListItem","position":2,"name":"Comunicando edita a Gu\u00eda do Xeodestino Trevinca &#8211; Valdeorras presentada hoxe en FITUR"}]},{"@type":"WebSite","@id":"https:\/\/comunicando.gal\/gal\/#website","url":"https:\/\/comunicando.gal\/gal\/","name":"Comunicando. Consultor\u00eda de comunicaci\u00f3n.","description":"Consultor\u00eda de comunicaci\u00f3n","publisher":{"@id":"https:\/\/comunicando.gal\/gal\/#organization"},"alternateName":"Comunicando. Consultor\u00eda de comunicaci\u00f3n.","potentialAction":[{"@type":"SearchAction","target":{"@type":"EntryPoint","urlTemplate":"https:\/\/comunicando.gal\/gal\/?s={search_term_string}"},"query-input":{"@type":"PropertyValueSpecification","valueRequired":true,"valueName":"search_term_string"}}],"inLanguage":"es"},{"@type":"Organization","@id":"https:\/\/comunicando.gal\/gal\/#organization","name":"Comunicando. Consultor\u00eda de comunicaci\u00f3n.","url":"https:\/\/comunicando.gal\/gal\/","logo":{"@type":"ImageObject","inLanguage":"es","@id":"https:\/\/comunicando.gal\/gal\/#\/schema\/logo\/image\/","url":"https:\/\/comunicando.gal\/gal\/wp-content\/uploads\/2024\/07\/comunicando-vertical.png","contentUrl":"https:\/\/comunicando.gal\/gal\/wp-content\/uploads\/2024\/07\/comunicando-vertical.png","width":300,"height":323,"caption":"Comunicando. Consultor\u00eda de comunicaci\u00f3n."},"image":{"@id":"https:\/\/comunicando.gal\/gal\/#\/schema\/logo\/image\/"}},{"@type":"Person","@id":"https:\/\/comunicando.gal\/gal\/#\/schema\/person\/0d28af683c857811ed3fe6a412c4a429","name":"Jorge Isla"}]}},"_links":{"self":[{"href":"https:\/\/comunicando.gal\/gal\/wp-json\/wp\/v2\/posts\/4737","targetHints":{"allow":["GET"]}}],"collection":[{"href":"https:\/\/comunicando.gal\/gal\/wp-json\/wp\/v2\/posts"}],"about":[{"href":"https:\/\/comunicando.gal\/gal\/wp-json\/wp\/v2\/types\/post"}],"author":[{"embeddable":true,"href":"https:\/\/comunicando.gal\/gal\/wp-json\/wp\/v2\/users\/3"}],"replies":[{"embeddable":true,"href":"https:\/\/comunicando.gal\/gal\/wp-json\/wp\/v2\/comments?post=4737"}],"version-history":[{"count":6,"href":"https:\/\/comunicando.gal\/gal\/wp-json\/wp\/v2\/posts\/4737\/revisions"}],"predecessor-version":[{"id":4749,"href":"https:\/\/comunicando.gal\/gal\/wp-json\/wp\/v2\/posts\/4737\/revisions\/4749"}],"wp:featuredmedia":[{"embeddable":true,"href":"https:\/\/comunicando.gal\/gal\/wp-json\/wp\/v2\/media\/4738"}],"wp:attachment":[{"href":"https:\/\/comunicando.gal\/gal\/wp-json\/wp\/v2\/media?parent=4737"}],"wp:term":[{"taxonomy":"category","embeddable":true,"href":"https:\/\/comunicando.gal\/gal\/wp-json\/wp\/v2\/categories?post=4737"},{"taxonomy":"post_tag","embeddable":true,"href":"https:\/\/comunicando.gal\/gal\/wp-json\/wp\/v2\/tags?post=4737"}],"curies":[{"name":"wp","href":"https:\/\/api.w.org\/{rel}","templated":true}]}}