{"id":4728,"date":"2024-12-18T19:05:43","date_gmt":"2024-12-18T18:05:43","guid":{"rendered":"https:\/\/comunicando.gal\/gal\/?p=4728"},"modified":"2024-12-18T19:13:41","modified_gmt":"2024-12-18T18:13:41","slug":"comunicando-da-a-conecer-a-nova-ferramenta-para-o-control-de-rutas-de-spedion","status":"publish","type":"post","link":"https:\/\/comunicando.gal\/gal\/comunicando-da-a-conecer-a-nova-ferramenta-para-o-control-de-rutas-de-spedion\/","title":{"rendered":"Comunicando da a co\u00f1ecer a nova ferramenta para o control de rutas de Spedion"},"content":{"rendered":"<p><img loading=\"lazy\" decoding=\"async\" class=\"size-full wp-image-4731 aligncenter\" src=\"https:\/\/comunicando.gal\/gal\/wp-content\/uploads\/2024\/12\/spedionvideos.jpg\" alt=\"\" width=\"900\" height=\"597\" srcset=\"https:\/\/comunicando.gal\/gal\/wp-content\/uploads\/2024\/12\/spedionvideos.jpg 900w, https:\/\/comunicando.gal\/gal\/wp-content\/uploads\/2024\/12\/spedionvideos-768x509.jpg 768w, https:\/\/comunicando.gal\/gal\/wp-content\/uploads\/2024\/12\/spedionvideos-24x16.jpg 24w, https:\/\/comunicando.gal\/gal\/wp-content\/uploads\/2024\/12\/spedionvideos-36x24.jpg 36w, https:\/\/comunicando.gal\/gal\/wp-content\/uploads\/2024\/12\/spedionvideos-48x32.jpg 48w\" sizes=\"auto, (max-width: 900px) 100vw, 900px\" \/><\/p>\n<p>&nbsp;<\/p>\n<p>A trav\u00e9s da grabaci\u00f3n de <strong>v\u00eddeos explicativos<\/strong>, Comunicando traballou con <a href=\"https:\/\/www.spedion.de\/es\/\" target=\"_blank\" rel=\"noopener\">Spedion Espa\u00f1a<\/a> para lograr transmitir os beneficios dunha das s\u00faas novas ferramentas para un control m\u00e1is definido das rutas e o gasto nos servizos de transporte por carreteira.<\/p>\n<p>Este servizo estrela de Spedion da a empresas e conductores a posibilidade de utilizar unha funcionalidade de <strong>descarga remota automatizada do tac\u00f3grafo dixital<\/strong>, aforrando desta forma, o traballo manual que esto sup\u00f3n. Esta nova ferramenta tam\u00e9n permite unha mellor supervisi\u00f3n dos tempos, o que se traduce nunha optimizaci\u00f3n das xornadas de traballo.<\/p>\n<p>Dous expertos de Spedion Espa\u00f1a, como son <strong>David Herrero<\/strong>, xestor de proxectos, e <strong>Jos\u00e9 Lu\u00eds Mart\u00ednez<\/strong>, t\u00e9cnico de soporte, explican as ventaxas e utilidades desta nova ferramenta nos dous v\u00eddeos que a empresa lanzou a trav\u00e9s do <a href=\"https:\/\/www.youtube.com\/@spedionespana5063\" target=\"_blank\" rel=\"noopener\">seu canal de YouTube<\/a>.<\/p>\n<p>&nbsp;<\/p>\n<p><iframe loading=\"lazy\" title=\"SPEDION - An\u00e1lisis ECO\" width=\"500\" height=\"281\" src=\"https:\/\/www.youtube.com\/embed\/idaVGV0qork?feature=oembed\" frameborder=\"0\" allow=\"accelerometer; autoplay; clipboard-write; encrypted-media; gyroscope; picture-in-picture; web-share\" referrerpolicy=\"strict-origin-when-cross-origin\" allowfullscreen><\/iframe><\/p>\n<p>David Herrero, Xestor de Proxectos de Spedion Espa\u00f1a.<\/p>\n<p>&nbsp;<\/p>\n<p><iframe loading=\"lazy\" title=\"SPEDION - Descarga remota\" width=\"500\" height=\"281\" src=\"https:\/\/www.youtube.com\/embed\/laZi0XGLMLw?feature=oembed\" frameborder=\"0\" allow=\"accelerometer; autoplay; clipboard-write; encrypted-media; gyroscope; picture-in-picture; web-share\" referrerpolicy=\"strict-origin-when-cross-origin\" allowfullscreen><\/iframe><\/p>\n<p>Jose Luis Mart\u00ednez, T\u00e9cnico de Soporte de Spedion Espa\u00f1a.<\/p>\n","protected":false},"excerpt":{"rendered":"<p>&nbsp; A trav\u00e9s da grabaci\u00f3n de v\u00eddeos explicativos, Comunicando traballou con Spedion Espa\u00f1a para lograr transmitir os beneficios dunha das s\u00faas novas ferramentas para un control m\u00e1is definido das rutas e o gasto nos servizos de transporte por carreteira. Este servizo estrela de Spedion da a empresas e conductores a posibilidade de utilizar unha funcionalidade [&hellip;]<\/p>\n","protected":false},"author":3,"featured_media":4731,"comment_status":"open","ping_status":"open","sticky":false,"template":"","format":"standard","meta":{"footnotes":""},"categories":[1],"tags":[],"class_list":["post-4728","post","type-post","status-publish","format-standard","has-post-thumbnail","hentry","category-noticias"],"yoast_head":"<!-- This site is optimized with the Yoast SEO plugin v26.2 - https:\/\/yoast.com\/wordpress\/plugins\/seo\/ -->\n<title>Comunicando da a co\u00f1ecer a nova ferramenta para o control de rutas de Spedion<\/title>\n<meta name=\"robots\" content=\"index, follow, max-snippet:-1, max-image-preview:large, max-video-preview:-1\" \/>\n<link rel=\"canonical\" href=\"https:\/\/comunicando.gal\/gal\/comunicando-da-a-conecer-a-nova-ferramenta-para-o-control-de-rutas-de-spedion\/\" \/>\n<meta property=\"og:locale\" content=\"es_ES\" \/>\n<meta property=\"og:type\" content=\"article\" \/>\n<meta property=\"og:title\" content=\"Comunicando da a co\u00f1ecer a nova ferramenta para o control de rutas de Spedion\" \/>\n<meta property=\"og:description\" content=\"&nbsp; A trav\u00e9s da grabaci\u00f3n de v\u00eddeos explicativos, Comunicando traballou con Spedion Espa\u00f1a para lograr transmitir os beneficios dunha das s\u00faas novas ferramentas para un control m\u00e1is definido das rutas e o gasto nos servizos de transporte por carreteira. Este servizo estrela de Spedion da a empresas e conductores a posibilidade de utilizar unha funcionalidade [&hellip;]\" \/>\n<meta property=\"og:url\" content=\"https:\/\/comunicando.gal\/gal\/comunicando-da-a-conecer-a-nova-ferramenta-para-o-control-de-rutas-de-spedion\/\" \/>\n<meta property=\"og:site_name\" content=\"Comunicando\" \/>\n<meta property=\"article:published_time\" content=\"2024-12-18T18:05:43+00:00\" \/>\n<meta property=\"article:modified_time\" content=\"2024-12-18T18:13:41+00:00\" \/>\n<meta property=\"og:image\" content=\"https:\/\/comunicando.gal\/gal\/wp-content\/uploads\/2024\/12\/spedionvideos.jpg\" \/>\n\t<meta property=\"og:image:width\" content=\"900\" \/>\n\t<meta property=\"og:image:height\" content=\"597\" \/>\n\t<meta property=\"og:image:type\" content=\"image\/jpeg\" \/>\n<meta name=\"author\" content=\"Jorge Isla\" \/>\n<meta name=\"twitter:card\" content=\"summary_large_image\" \/>\n<script type=\"application\/ld+json\" class=\"yoast-schema-graph\">{\"@context\":\"https:\/\/schema.org\",\"@graph\":[{\"@type\":\"Article\",\"@id\":\"https:\/\/comunicando.gal\/gal\/comunicando-da-a-conecer-a-nova-ferramenta-para-o-control-de-rutas-de-spedion\/#article\",\"isPartOf\":{\"@id\":\"https:\/\/comunicando.gal\/gal\/comunicando-da-a-conecer-a-nova-ferramenta-para-o-control-de-rutas-de-spedion\/\"},\"author\":{\"name\":\"Jorge Isla\",\"@id\":\"https:\/\/comunicando.gal\/gal\/#\/schema\/person\/0d28af683c857811ed3fe6a412c4a429\"},\"headline\":\"Comunicando da a co\u00f1ecer a nova ferramenta para o control de rutas de Spedion\",\"datePublished\":\"2024-12-18T18:05:43+00:00\",\"dateModified\":\"2024-12-18T18:13:41+00:00\",\"mainEntityOfPage\":{\"@id\":\"https:\/\/comunicando.gal\/gal\/comunicando-da-a-conecer-a-nova-ferramenta-para-o-control-de-rutas-de-spedion\/\"},\"wordCount\":209,\"commentCount\":0,\"publisher\":{\"@id\":\"https:\/\/comunicando.gal\/gal\/#organization\"},\"image\":{\"@id\":\"https:\/\/comunicando.gal\/gal\/comunicando-da-a-conecer-a-nova-ferramenta-para-o-control-de-rutas-de-spedion\/#primaryimage\"},\"thumbnailUrl\":\"https:\/\/comunicando.gal\/gal\/wp-content\/uploads\/2024\/12\/spedionvideos.jpg\",\"articleSection\":[\"Noticias\"],\"inLanguage\":\"es\"},{\"@type\":\"WebPage\",\"@id\":\"https:\/\/comunicando.gal\/gal\/comunicando-da-a-conecer-a-nova-ferramenta-para-o-control-de-rutas-de-spedion\/\",\"url\":\"https:\/\/comunicando.gal\/gal\/comunicando-da-a-conecer-a-nova-ferramenta-para-o-control-de-rutas-de-spedion\/\",\"name\":\"Comunicando da a co\u00f1ecer a nova ferramenta para o control de rutas de Spedion\",\"isPartOf\":{\"@id\":\"https:\/\/comunicando.gal\/gal\/#website\"},\"primaryImageOfPage\":{\"@id\":\"https:\/\/comunicando.gal\/gal\/comunicando-da-a-conecer-a-nova-ferramenta-para-o-control-de-rutas-de-spedion\/#primaryimage\"},\"image\":{\"@id\":\"https:\/\/comunicando.gal\/gal\/comunicando-da-a-conecer-a-nova-ferramenta-para-o-control-de-rutas-de-spedion\/#primaryimage\"},\"thumbnailUrl\":\"https:\/\/comunicando.gal\/gal\/wp-content\/uploads\/2024\/12\/spedionvideos.jpg\",\"datePublished\":\"2024-12-18T18:05:43+00:00\",\"dateModified\":\"2024-12-18T18:13:41+00:00\",\"breadcrumb\":{\"@id\":\"https:\/\/comunicando.gal\/gal\/comunicando-da-a-conecer-a-nova-ferramenta-para-o-control-de-rutas-de-spedion\/#breadcrumb\"},\"inLanguage\":\"es\",\"potentialAction\":[{\"@type\":\"ReadAction\",\"target\":[\"https:\/\/comunicando.gal\/gal\/comunicando-da-a-conecer-a-nova-ferramenta-para-o-control-de-rutas-de-spedion\/\"]}]},{\"@type\":\"ImageObject\",\"inLanguage\":\"es\",\"@id\":\"https:\/\/comunicando.gal\/gal\/comunicando-da-a-conecer-a-nova-ferramenta-para-o-control-de-rutas-de-spedion\/#primaryimage\",\"url\":\"https:\/\/comunicando.gal\/gal\/wp-content\/uploads\/2024\/12\/spedionvideos.jpg\",\"contentUrl\":\"https:\/\/comunicando.gal\/gal\/wp-content\/uploads\/2024\/12\/spedionvideos.jpg\",\"width\":900,\"height\":597},{\"@type\":\"BreadcrumbList\",\"@id\":\"https:\/\/comunicando.gal\/gal\/comunicando-da-a-conecer-a-nova-ferramenta-para-o-control-de-rutas-de-spedion\/#breadcrumb\",\"itemListElement\":[{\"@type\":\"ListItem\",\"position\":1,\"name\":\"Portada\",\"item\":\"https:\/\/comunicando.gal\/gal\/\"},{\"@type\":\"ListItem\",\"position\":2,\"name\":\"Comunicando da a co\u00f1ecer a nova ferramenta para o control de rutas de Spedion\"}]},{\"@type\":\"WebSite\",\"@id\":\"https:\/\/comunicando.gal\/gal\/#website\",\"url\":\"https:\/\/comunicando.gal\/gal\/\",\"name\":\"Comunicando. Consultor\u00eda de comunicaci\u00f3n.\",\"description\":\"Consultor\u00eda de comunicaci\u00f3n\",\"publisher\":{\"@id\":\"https:\/\/comunicando.gal\/gal\/#organization\"},\"alternateName\":\"Comunicando. Consultor\u00eda de comunicaci\u00f3n.\",\"potentialAction\":[{\"@type\":\"SearchAction\",\"target\":{\"@type\":\"EntryPoint\",\"urlTemplate\":\"https:\/\/comunicando.gal\/gal\/?s={search_term_string}\"},\"query-input\":{\"@type\":\"PropertyValueSpecification\",\"valueRequired\":true,\"valueName\":\"search_term_string\"}}],\"inLanguage\":\"es\"},{\"@type\":\"Organization\",\"@id\":\"https:\/\/comunicando.gal\/gal\/#organization\",\"name\":\"Comunicando. Consultor\u00eda de comunicaci\u00f3n.\",\"url\":\"https:\/\/comunicando.gal\/gal\/\",\"logo\":{\"@type\":\"ImageObject\",\"inLanguage\":\"es\",\"@id\":\"https:\/\/comunicando.gal\/gal\/#\/schema\/logo\/image\/\",\"url\":\"https:\/\/comunicando.gal\/gal\/wp-content\/uploads\/2024\/07\/comunicando-vertical.png\",\"contentUrl\":\"https:\/\/comunicando.gal\/gal\/wp-content\/uploads\/2024\/07\/comunicando-vertical.png\",\"width\":300,\"height\":323,\"caption\":\"Comunicando. Consultor\u00eda de comunicaci\u00f3n.\"},\"image\":{\"@id\":\"https:\/\/comunicando.gal\/gal\/#\/schema\/logo\/image\/\"}},{\"@type\":\"Person\",\"@id\":\"https:\/\/comunicando.gal\/gal\/#\/schema\/person\/0d28af683c857811ed3fe6a412c4a429\",\"name\":\"Jorge Isla\"}]}<\/script>\n<!-- \/ Yoast SEO plugin. -->","yoast_head_json":{"title":"Comunicando da a co\u00f1ecer a nova ferramenta para o control de rutas de Spedion","robots":{"index":"index","follow":"follow","max-snippet":"max-snippet:-1","max-image-preview":"max-image-preview:large","max-video-preview":"max-video-preview:-1"},"canonical":"https:\/\/comunicando.gal\/gal\/comunicando-da-a-conecer-a-nova-ferramenta-para-o-control-de-rutas-de-spedion\/","og_locale":"es_ES","og_type":"article","og_title":"Comunicando da a co\u00f1ecer a nova ferramenta para o control de rutas de Spedion","og_description":"&nbsp; A trav\u00e9s da grabaci\u00f3n de v\u00eddeos explicativos, Comunicando traballou con Spedion Espa\u00f1a para lograr transmitir os beneficios dunha das s\u00faas novas ferramentas para un control m\u00e1is definido das rutas e o gasto nos servizos de transporte por carreteira. Este servizo estrela de Spedion da a empresas e conductores a posibilidade de utilizar unha funcionalidade [&hellip;]","og_url":"https:\/\/comunicando.gal\/gal\/comunicando-da-a-conecer-a-nova-ferramenta-para-o-control-de-rutas-de-spedion\/","og_site_name":"Comunicando","article_published_time":"2024-12-18T18:05:43+00:00","article_modified_time":"2024-12-18T18:13:41+00:00","og_image":[{"width":900,"height":597,"url":"https:\/\/comunicando.gal\/gal\/wp-content\/uploads\/2024\/12\/spedionvideos.jpg","type":"image\/jpeg"}],"author":"Jorge Isla","twitter_card":"summary_large_image","schema":{"@context":"https:\/\/schema.org","@graph":[{"@type":"Article","@id":"https:\/\/comunicando.gal\/gal\/comunicando-da-a-conecer-a-nova-ferramenta-para-o-control-de-rutas-de-spedion\/#article","isPartOf":{"@id":"https:\/\/comunicando.gal\/gal\/comunicando-da-a-conecer-a-nova-ferramenta-para-o-control-de-rutas-de-spedion\/"},"author":{"name":"Jorge Isla","@id":"https:\/\/comunicando.gal\/gal\/#\/schema\/person\/0d28af683c857811ed3fe6a412c4a429"},"headline":"Comunicando da a co\u00f1ecer a nova ferramenta para o control de rutas de Spedion","datePublished":"2024-12-18T18:05:43+00:00","dateModified":"2024-12-18T18:13:41+00:00","mainEntityOfPage":{"@id":"https:\/\/comunicando.gal\/gal\/comunicando-da-a-conecer-a-nova-ferramenta-para-o-control-de-rutas-de-spedion\/"},"wordCount":209,"commentCount":0,"publisher":{"@id":"https:\/\/comunicando.gal\/gal\/#organization"},"image":{"@id":"https:\/\/comunicando.gal\/gal\/comunicando-da-a-conecer-a-nova-ferramenta-para-o-control-de-rutas-de-spedion\/#primaryimage"},"thumbnailUrl":"https:\/\/comunicando.gal\/gal\/wp-content\/uploads\/2024\/12\/spedionvideos.jpg","articleSection":["Noticias"],"inLanguage":"es"},{"@type":"WebPage","@id":"https:\/\/comunicando.gal\/gal\/comunicando-da-a-conecer-a-nova-ferramenta-para-o-control-de-rutas-de-spedion\/","url":"https:\/\/comunicando.gal\/gal\/comunicando-da-a-conecer-a-nova-ferramenta-para-o-control-de-rutas-de-spedion\/","name":"Comunicando da a co\u00f1ecer a nova ferramenta para o control de rutas de Spedion","isPartOf":{"@id":"https:\/\/comunicando.gal\/gal\/#website"},"primaryImageOfPage":{"@id":"https:\/\/comunicando.gal\/gal\/comunicando-da-a-conecer-a-nova-ferramenta-para-o-control-de-rutas-de-spedion\/#primaryimage"},"image":{"@id":"https:\/\/comunicando.gal\/gal\/comunicando-da-a-conecer-a-nova-ferramenta-para-o-control-de-rutas-de-spedion\/#primaryimage"},"thumbnailUrl":"https:\/\/comunicando.gal\/gal\/wp-content\/uploads\/2024\/12\/spedionvideos.jpg","datePublished":"2024-12-18T18:05:43+00:00","dateModified":"2024-12-18T18:13:41+00:00","breadcrumb":{"@id":"https:\/\/comunicando.gal\/gal\/comunicando-da-a-conecer-a-nova-ferramenta-para-o-control-de-rutas-de-spedion\/#breadcrumb"},"inLanguage":"es","potentialAction":[{"@type":"ReadAction","target":["https:\/\/comunicando.gal\/gal\/comunicando-da-a-conecer-a-nova-ferramenta-para-o-control-de-rutas-de-spedion\/"]}]},{"@type":"ImageObject","inLanguage":"es","@id":"https:\/\/comunicando.gal\/gal\/comunicando-da-a-conecer-a-nova-ferramenta-para-o-control-de-rutas-de-spedion\/#primaryimage","url":"https:\/\/comunicando.gal\/gal\/wp-content\/uploads\/2024\/12\/spedionvideos.jpg","contentUrl":"https:\/\/comunicando.gal\/gal\/wp-content\/uploads\/2024\/12\/spedionvideos.jpg","width":900,"height":597},{"@type":"BreadcrumbList","@id":"https:\/\/comunicando.gal\/gal\/comunicando-da-a-conecer-a-nova-ferramenta-para-o-control-de-rutas-de-spedion\/#breadcrumb","itemListElement":[{"@type":"ListItem","position":1,"name":"Portada","item":"https:\/\/comunicando.gal\/gal\/"},{"@type":"ListItem","position":2,"name":"Comunicando da a co\u00f1ecer a nova ferramenta para o control de rutas de Spedion"}]},{"@type":"WebSite","@id":"https:\/\/comunicando.gal\/gal\/#website","url":"https:\/\/comunicando.gal\/gal\/","name":"Comunicando. Consultor\u00eda de comunicaci\u00f3n.","description":"Consultor\u00eda de comunicaci\u00f3n","publisher":{"@id":"https:\/\/comunicando.gal\/gal\/#organization"},"alternateName":"Comunicando. Consultor\u00eda de comunicaci\u00f3n.","potentialAction":[{"@type":"SearchAction","target":{"@type":"EntryPoint","urlTemplate":"https:\/\/comunicando.gal\/gal\/?s={search_term_string}"},"query-input":{"@type":"PropertyValueSpecification","valueRequired":true,"valueName":"search_term_string"}}],"inLanguage":"es"},{"@type":"Organization","@id":"https:\/\/comunicando.gal\/gal\/#organization","name":"Comunicando. Consultor\u00eda de comunicaci\u00f3n.","url":"https:\/\/comunicando.gal\/gal\/","logo":{"@type":"ImageObject","inLanguage":"es","@id":"https:\/\/comunicando.gal\/gal\/#\/schema\/logo\/image\/","url":"https:\/\/comunicando.gal\/gal\/wp-content\/uploads\/2024\/07\/comunicando-vertical.png","contentUrl":"https:\/\/comunicando.gal\/gal\/wp-content\/uploads\/2024\/07\/comunicando-vertical.png","width":300,"height":323,"caption":"Comunicando. Consultor\u00eda de comunicaci\u00f3n."},"image":{"@id":"https:\/\/comunicando.gal\/gal\/#\/schema\/logo\/image\/"}},{"@type":"Person","@id":"https:\/\/comunicando.gal\/gal\/#\/schema\/person\/0d28af683c857811ed3fe6a412c4a429","name":"Jorge Isla"}]}},"_links":{"self":[{"href":"https:\/\/comunicando.gal\/gal\/wp-json\/wp\/v2\/posts\/4728","targetHints":{"allow":["GET"]}}],"collection":[{"href":"https:\/\/comunicando.gal\/gal\/wp-json\/wp\/v2\/posts"}],"about":[{"href":"https:\/\/comunicando.gal\/gal\/wp-json\/wp\/v2\/types\/post"}],"author":[{"embeddable":true,"href":"https:\/\/comunicando.gal\/gal\/wp-json\/wp\/v2\/users\/3"}],"replies":[{"embeddable":true,"href":"https:\/\/comunicando.gal\/gal\/wp-json\/wp\/v2\/comments?post=4728"}],"version-history":[{"count":2,"href":"https:\/\/comunicando.gal\/gal\/wp-json\/wp\/v2\/posts\/4728\/revisions"}],"predecessor-version":[{"id":4733,"href":"https:\/\/comunicando.gal\/gal\/wp-json\/wp\/v2\/posts\/4728\/revisions\/4733"}],"wp:featuredmedia":[{"embeddable":true,"href":"https:\/\/comunicando.gal\/gal\/wp-json\/wp\/v2\/media\/4731"}],"wp:attachment":[{"href":"https:\/\/comunicando.gal\/gal\/wp-json\/wp\/v2\/media?parent=4728"}],"wp:term":[{"taxonomy":"category","embeddable":true,"href":"https:\/\/comunicando.gal\/gal\/wp-json\/wp\/v2\/categories?post=4728"},{"taxonomy":"post_tag","embeddable":true,"href":"https:\/\/comunicando.gal\/gal\/wp-json\/wp\/v2\/tags?post=4728"}],"curies":[{"name":"wp","href":"https:\/\/api.w.org\/{rel}","templated":true}]}}