{"id":4714,"date":"2024-12-05T18:39:41","date_gmt":"2024-12-05T17:39:41","guid":{"rendered":"https:\/\/comunicando.gal\/gal\/?p=4714"},"modified":"2024-12-05T18:39:41","modified_gmt":"2024-12-05T17:39:41","slug":"comunicando-coorganiza-o-seu-primeiro-evento-internacional","status":"publish","type":"post","link":"https:\/\/comunicando.gal\/gal\/comunicando-coorganiza-o-seu-primeiro-evento-internacional\/","title":{"rendered":"Comunicando coorganiza o seu primeiro evento internacional"},"content":{"rendered":"<div dir=\"auto\"><img loading=\"lazy\" decoding=\"async\" class=\"size-full wp-image-4718 aligncenter\" src=\"https:\/\/comunicando.gal\/gal\/wp-content\/uploads\/2024\/12\/salonlondresacruaga-web.jpg\" alt=\"\" width=\"900\" height=\"669\" srcset=\"https:\/\/comunicando.gal\/gal\/wp-content\/uploads\/2024\/12\/salonlondresacruaga-web.jpg 900w, https:\/\/comunicando.gal\/gal\/wp-content\/uploads\/2024\/12\/salonlondresacruaga-web-768x571.jpg 768w, https:\/\/comunicando.gal\/gal\/wp-content\/uploads\/2024\/12\/salonlondresacruaga-web-24x18.jpg 24w, https:\/\/comunicando.gal\/gal\/wp-content\/uploads\/2024\/12\/salonlondresacruaga-web-36x27.jpg 36w, https:\/\/comunicando.gal\/gal\/wp-content\/uploads\/2024\/12\/salonlondresacruaga-web-48x36.jpg 48w\" sizes=\"auto, (max-width: 900px) 100vw, 900px\" \/><\/div>\n<div dir=\"auto\"><\/div>\n<div dir=\"auto\">O I Sal\u00f3n dos Vi\u00f1os e Augardentes Galegos en Reino Unido foi o primeiro evento internacional que <span class=\"html-span xdj266r x11i5rnm xat24cr x1mh8g0r xexx8yu x4uap5 x18d9i69 xkhd6sd x1hl2dhg x16tdsg8 x1vvkbs\"><span class=\"xt0psk2\">Comunicando Consultor\u00eda de Comunicaci\u00f3n<\/span><\/span> tivo a sorte de coorganizar. No prestixioso Club <span class=\"html-span xdj266r x11i5rnm xat24cr x1mh8g0r xexx8yu x4uap5 x18d9i69 xkhd6sd x1hl2dhg x16tdsg8 x1vvkbs\"><span class=\"xt0psk2\">67 Pall Mall<\/span><\/span> de Londres, a Asociaci\u00f3n de Consellos Reguladores Vitivin\u00edcolas Galegos e das Indicaci\u00f3ns Xeogr\u00e1ficas Augardentes e Licores Tradicionais de Galicia (ACRUAGA), presentou 150 referencias a m\u00e1is de 100 profesionais do sector.<\/div>\n<div dir=\"auto\"><\/div>\n<div dir=\"auto\">Xornalistas especializados, propietarios de vinotecas e tendas gourmet e sommeliers ingleses descubriron alg\u00fans dos mellores vi\u00f1os e licores dos 6 consellos reguladores galegos. Na organizaci\u00f3n deste evento contamos co apoio do <span class=\"html-span xdj266r x11i5rnm xat24cr x1mh8g0r xexx8yu x4uap5 x18d9i69 xkhd6sd x1hl2dhg x16tdsg8 x1vvkbs\"><span class=\"xt0psk2\">Instituto Galego de Promoci\u00f3n Econ\u00f3mica, Igape, e o co\u00f1ecemento do <\/span><\/span>mercado brit\u00e1nico da <span class=\"html-span xdj266r x11i5rnm xat24cr x1mh8g0r xexx8yu x4uap5 x18d9i69 xkhd6sd x1hl2dhg x16tdsg8 x1vvkbs\"><span class=\"xt0psk2\">Uni\u00f3n Espa\u00f1ola de Catadores<\/span><\/span>.<\/div>\n<div dir=\"auto\"><\/div>\n<div dir=\"auto\"><img loading=\"lazy\" decoding=\"async\" class=\"size-full wp-image-4717 aligncenter\" src=\"https:\/\/comunicando.gal\/gal\/wp-content\/uploads\/2024\/12\/salonlondresacruaga2-web.jpg\" alt=\"\" width=\"900\" height=\"683\" srcset=\"https:\/\/comunicando.gal\/gal\/wp-content\/uploads\/2024\/12\/salonlondresacruaga2-web.jpg 900w, https:\/\/comunicando.gal\/gal\/wp-content\/uploads\/2024\/12\/salonlondresacruaga2-web-768x583.jpg 768w, https:\/\/comunicando.gal\/gal\/wp-content\/uploads\/2024\/12\/salonlondresacruaga2-web-24x18.jpg 24w, https:\/\/comunicando.gal\/gal\/wp-content\/uploads\/2024\/12\/salonlondresacruaga2-web-36x27.jpg 36w, https:\/\/comunicando.gal\/gal\/wp-content\/uploads\/2024\/12\/salonlondresacruaga2-web-48x36.jpg 48w\" sizes=\"auto, (max-width: 900px) 100vw, 900px\" \/><\/div>\n","protected":false},"excerpt":{"rendered":"<p>O I Sal\u00f3n dos Vi\u00f1os e Augardentes Galegos en Reino Unido foi o primeiro evento internacional que Comunicando Consultor\u00eda de Comunicaci\u00f3n tivo a sorte de coorganizar. No prestixioso Club 67 Pall Mall de Londres, a Asociaci\u00f3n de Consellos Reguladores Vitivin\u00edcolas Galegos e das Indicaci\u00f3ns Xeogr\u00e1ficas Augardentes e Licores Tradicionais de Galicia (ACRUAGA), presentou 150 referencias [&hellip;]<\/p>\n","protected":false},"author":3,"featured_media":4718,"comment_status":"open","ping_status":"open","sticky":false,"template":"","format":"standard","meta":{"footnotes":""},"categories":[1],"tags":[],"class_list":["post-4714","post","type-post","status-publish","format-standard","has-post-thumbnail","hentry","category-noticias"],"yoast_head":"<!-- This site is optimized with the Yoast SEO plugin v26.2 - https:\/\/yoast.com\/wordpress\/plugins\/seo\/ -->\n<title>Comunicando coorganiza o seu primeiro evento internacional<\/title>\n<meta name=\"robots\" content=\"index, follow, max-snippet:-1, max-image-preview:large, max-video-preview:-1\" \/>\n<link rel=\"canonical\" href=\"https:\/\/comunicando.gal\/gal\/comunicando-coorganiza-o-seu-primeiro-evento-internacional\/\" \/>\n<meta property=\"og:locale\" content=\"es_ES\" \/>\n<meta property=\"og:type\" content=\"article\" \/>\n<meta property=\"og:title\" content=\"Comunicando coorganiza o seu primeiro evento internacional\" \/>\n<meta property=\"og:description\" content=\"O I Sal\u00f3n dos Vi\u00f1os e Augardentes Galegos en Reino Unido foi o primeiro evento internacional que Comunicando Consultor\u00eda de Comunicaci\u00f3n tivo a sorte de coorganizar. No prestixioso Club 67 Pall Mall de Londres, a Asociaci\u00f3n de Consellos Reguladores Vitivin\u00edcolas Galegos e das Indicaci\u00f3ns Xeogr\u00e1ficas Augardentes e Licores Tradicionais de Galicia (ACRUAGA), presentou 150 referencias [&hellip;]\" \/>\n<meta property=\"og:url\" content=\"https:\/\/comunicando.gal\/gal\/comunicando-coorganiza-o-seu-primeiro-evento-internacional\/\" \/>\n<meta property=\"og:site_name\" content=\"Comunicando\" \/>\n<meta property=\"article:published_time\" content=\"2024-12-05T17:39:41+00:00\" \/>\n<meta property=\"og:image\" content=\"https:\/\/comunicando.gal\/gal\/wp-content\/uploads\/2024\/12\/salonlondresacruaga-web.jpg\" \/>\n\t<meta property=\"og:image:width\" content=\"900\" \/>\n\t<meta property=\"og:image:height\" content=\"669\" \/>\n\t<meta property=\"og:image:type\" content=\"image\/jpeg\" \/>\n<meta name=\"author\" content=\"Jorge Isla\" \/>\n<meta name=\"twitter:card\" content=\"summary_large_image\" \/>\n<script type=\"application\/ld+json\" class=\"yoast-schema-graph\">{\"@context\":\"https:\/\/schema.org\",\"@graph\":[{\"@type\":\"Article\",\"@id\":\"https:\/\/comunicando.gal\/gal\/comunicando-coorganiza-o-seu-primeiro-evento-internacional\/#article\",\"isPartOf\":{\"@id\":\"https:\/\/comunicando.gal\/gal\/comunicando-coorganiza-o-seu-primeiro-evento-internacional\/\"},\"author\":{\"name\":\"Jorge Isla\",\"@id\":\"https:\/\/comunicando.gal\/gal\/#\/schema\/person\/0d28af683c857811ed3fe6a412c4a429\"},\"headline\":\"Comunicando coorganiza o seu primeiro evento internacional\",\"datePublished\":\"2024-12-05T17:39:41+00:00\",\"mainEntityOfPage\":{\"@id\":\"https:\/\/comunicando.gal\/gal\/comunicando-coorganiza-o-seu-primeiro-evento-internacional\/\"},\"wordCount\":131,\"commentCount\":0,\"publisher\":{\"@id\":\"https:\/\/comunicando.gal\/gal\/#organization\"},\"image\":{\"@id\":\"https:\/\/comunicando.gal\/gal\/comunicando-coorganiza-o-seu-primeiro-evento-internacional\/#primaryimage\"},\"thumbnailUrl\":\"https:\/\/comunicando.gal\/gal\/wp-content\/uploads\/2024\/12\/salonlondresacruaga-web.jpg\",\"articleSection\":[\"Noticias\"],\"inLanguage\":\"es\"},{\"@type\":\"WebPage\",\"@id\":\"https:\/\/comunicando.gal\/gal\/comunicando-coorganiza-o-seu-primeiro-evento-internacional\/\",\"url\":\"https:\/\/comunicando.gal\/gal\/comunicando-coorganiza-o-seu-primeiro-evento-internacional\/\",\"name\":\"Comunicando coorganiza o seu primeiro evento internacional\",\"isPartOf\":{\"@id\":\"https:\/\/comunicando.gal\/gal\/#website\"},\"primaryImageOfPage\":{\"@id\":\"https:\/\/comunicando.gal\/gal\/comunicando-coorganiza-o-seu-primeiro-evento-internacional\/#primaryimage\"},\"image\":{\"@id\":\"https:\/\/comunicando.gal\/gal\/comunicando-coorganiza-o-seu-primeiro-evento-internacional\/#primaryimage\"},\"thumbnailUrl\":\"https:\/\/comunicando.gal\/gal\/wp-content\/uploads\/2024\/12\/salonlondresacruaga-web.jpg\",\"datePublished\":\"2024-12-05T17:39:41+00:00\",\"breadcrumb\":{\"@id\":\"https:\/\/comunicando.gal\/gal\/comunicando-coorganiza-o-seu-primeiro-evento-internacional\/#breadcrumb\"},\"inLanguage\":\"es\",\"potentialAction\":[{\"@type\":\"ReadAction\",\"target\":[\"https:\/\/comunicando.gal\/gal\/comunicando-coorganiza-o-seu-primeiro-evento-internacional\/\"]}]},{\"@type\":\"ImageObject\",\"inLanguage\":\"es\",\"@id\":\"https:\/\/comunicando.gal\/gal\/comunicando-coorganiza-o-seu-primeiro-evento-internacional\/#primaryimage\",\"url\":\"https:\/\/comunicando.gal\/gal\/wp-content\/uploads\/2024\/12\/salonlondresacruaga-web.jpg\",\"contentUrl\":\"https:\/\/comunicando.gal\/gal\/wp-content\/uploads\/2024\/12\/salonlondresacruaga-web.jpg\",\"width\":900,\"height\":669},{\"@type\":\"BreadcrumbList\",\"@id\":\"https:\/\/comunicando.gal\/gal\/comunicando-coorganiza-o-seu-primeiro-evento-internacional\/#breadcrumb\",\"itemListElement\":[{\"@type\":\"ListItem\",\"position\":1,\"name\":\"Portada\",\"item\":\"https:\/\/comunicando.gal\/gal\/\"},{\"@type\":\"ListItem\",\"position\":2,\"name\":\"Comunicando coorganiza o seu primeiro evento internacional\"}]},{\"@type\":\"WebSite\",\"@id\":\"https:\/\/comunicando.gal\/gal\/#website\",\"url\":\"https:\/\/comunicando.gal\/gal\/\",\"name\":\"Comunicando. Consultor\u00eda de comunicaci\u00f3n.\",\"description\":\"Consultor\u00eda de comunicaci\u00f3n\",\"publisher\":{\"@id\":\"https:\/\/comunicando.gal\/gal\/#organization\"},\"alternateName\":\"Comunicando. Consultor\u00eda de comunicaci\u00f3n.\",\"potentialAction\":[{\"@type\":\"SearchAction\",\"target\":{\"@type\":\"EntryPoint\",\"urlTemplate\":\"https:\/\/comunicando.gal\/gal\/?s={search_term_string}\"},\"query-input\":{\"@type\":\"PropertyValueSpecification\",\"valueRequired\":true,\"valueName\":\"search_term_string\"}}],\"inLanguage\":\"es\"},{\"@type\":\"Organization\",\"@id\":\"https:\/\/comunicando.gal\/gal\/#organization\",\"name\":\"Comunicando. Consultor\u00eda de comunicaci\u00f3n.\",\"url\":\"https:\/\/comunicando.gal\/gal\/\",\"logo\":{\"@type\":\"ImageObject\",\"inLanguage\":\"es\",\"@id\":\"https:\/\/comunicando.gal\/gal\/#\/schema\/logo\/image\/\",\"url\":\"https:\/\/comunicando.gal\/gal\/wp-content\/uploads\/2024\/07\/comunicando-vertical.png\",\"contentUrl\":\"https:\/\/comunicando.gal\/gal\/wp-content\/uploads\/2024\/07\/comunicando-vertical.png\",\"width\":300,\"height\":323,\"caption\":\"Comunicando. Consultor\u00eda de comunicaci\u00f3n.\"},\"image\":{\"@id\":\"https:\/\/comunicando.gal\/gal\/#\/schema\/logo\/image\/\"}},{\"@type\":\"Person\",\"@id\":\"https:\/\/comunicando.gal\/gal\/#\/schema\/person\/0d28af683c857811ed3fe6a412c4a429\",\"name\":\"Jorge Isla\"}]}<\/script>\n<!-- \/ Yoast SEO plugin. -->","yoast_head_json":{"title":"Comunicando coorganiza o seu primeiro evento internacional","robots":{"index":"index","follow":"follow","max-snippet":"max-snippet:-1","max-image-preview":"max-image-preview:large","max-video-preview":"max-video-preview:-1"},"canonical":"https:\/\/comunicando.gal\/gal\/comunicando-coorganiza-o-seu-primeiro-evento-internacional\/","og_locale":"es_ES","og_type":"article","og_title":"Comunicando coorganiza o seu primeiro evento internacional","og_description":"O I Sal\u00f3n dos Vi\u00f1os e Augardentes Galegos en Reino Unido foi o primeiro evento internacional que Comunicando Consultor\u00eda de Comunicaci\u00f3n tivo a sorte de coorganizar. No prestixioso Club 67 Pall Mall de Londres, a Asociaci\u00f3n de Consellos Reguladores Vitivin\u00edcolas Galegos e das Indicaci\u00f3ns Xeogr\u00e1ficas Augardentes e Licores Tradicionais de Galicia (ACRUAGA), presentou 150 referencias [&hellip;]","og_url":"https:\/\/comunicando.gal\/gal\/comunicando-coorganiza-o-seu-primeiro-evento-internacional\/","og_site_name":"Comunicando","article_published_time":"2024-12-05T17:39:41+00:00","og_image":[{"width":900,"height":669,"url":"https:\/\/comunicando.gal\/gal\/wp-content\/uploads\/2024\/12\/salonlondresacruaga-web.jpg","type":"image\/jpeg"}],"author":"Jorge Isla","twitter_card":"summary_large_image","schema":{"@context":"https:\/\/schema.org","@graph":[{"@type":"Article","@id":"https:\/\/comunicando.gal\/gal\/comunicando-coorganiza-o-seu-primeiro-evento-internacional\/#article","isPartOf":{"@id":"https:\/\/comunicando.gal\/gal\/comunicando-coorganiza-o-seu-primeiro-evento-internacional\/"},"author":{"name":"Jorge Isla","@id":"https:\/\/comunicando.gal\/gal\/#\/schema\/person\/0d28af683c857811ed3fe6a412c4a429"},"headline":"Comunicando coorganiza o seu primeiro evento internacional","datePublished":"2024-12-05T17:39:41+00:00","mainEntityOfPage":{"@id":"https:\/\/comunicando.gal\/gal\/comunicando-coorganiza-o-seu-primeiro-evento-internacional\/"},"wordCount":131,"commentCount":0,"publisher":{"@id":"https:\/\/comunicando.gal\/gal\/#organization"},"image":{"@id":"https:\/\/comunicando.gal\/gal\/comunicando-coorganiza-o-seu-primeiro-evento-internacional\/#primaryimage"},"thumbnailUrl":"https:\/\/comunicando.gal\/gal\/wp-content\/uploads\/2024\/12\/salonlondresacruaga-web.jpg","articleSection":["Noticias"],"inLanguage":"es"},{"@type":"WebPage","@id":"https:\/\/comunicando.gal\/gal\/comunicando-coorganiza-o-seu-primeiro-evento-internacional\/","url":"https:\/\/comunicando.gal\/gal\/comunicando-coorganiza-o-seu-primeiro-evento-internacional\/","name":"Comunicando coorganiza o seu primeiro evento internacional","isPartOf":{"@id":"https:\/\/comunicando.gal\/gal\/#website"},"primaryImageOfPage":{"@id":"https:\/\/comunicando.gal\/gal\/comunicando-coorganiza-o-seu-primeiro-evento-internacional\/#primaryimage"},"image":{"@id":"https:\/\/comunicando.gal\/gal\/comunicando-coorganiza-o-seu-primeiro-evento-internacional\/#primaryimage"},"thumbnailUrl":"https:\/\/comunicando.gal\/gal\/wp-content\/uploads\/2024\/12\/salonlondresacruaga-web.jpg","datePublished":"2024-12-05T17:39:41+00:00","breadcrumb":{"@id":"https:\/\/comunicando.gal\/gal\/comunicando-coorganiza-o-seu-primeiro-evento-internacional\/#breadcrumb"},"inLanguage":"es","potentialAction":[{"@type":"ReadAction","target":["https:\/\/comunicando.gal\/gal\/comunicando-coorganiza-o-seu-primeiro-evento-internacional\/"]}]},{"@type":"ImageObject","inLanguage":"es","@id":"https:\/\/comunicando.gal\/gal\/comunicando-coorganiza-o-seu-primeiro-evento-internacional\/#primaryimage","url":"https:\/\/comunicando.gal\/gal\/wp-content\/uploads\/2024\/12\/salonlondresacruaga-web.jpg","contentUrl":"https:\/\/comunicando.gal\/gal\/wp-content\/uploads\/2024\/12\/salonlondresacruaga-web.jpg","width":900,"height":669},{"@type":"BreadcrumbList","@id":"https:\/\/comunicando.gal\/gal\/comunicando-coorganiza-o-seu-primeiro-evento-internacional\/#breadcrumb","itemListElement":[{"@type":"ListItem","position":1,"name":"Portada","item":"https:\/\/comunicando.gal\/gal\/"},{"@type":"ListItem","position":2,"name":"Comunicando coorganiza o seu primeiro evento internacional"}]},{"@type":"WebSite","@id":"https:\/\/comunicando.gal\/gal\/#website","url":"https:\/\/comunicando.gal\/gal\/","name":"Comunicando. Consultor\u00eda de comunicaci\u00f3n.","description":"Consultor\u00eda de comunicaci\u00f3n","publisher":{"@id":"https:\/\/comunicando.gal\/gal\/#organization"},"alternateName":"Comunicando. Consultor\u00eda de comunicaci\u00f3n.","potentialAction":[{"@type":"SearchAction","target":{"@type":"EntryPoint","urlTemplate":"https:\/\/comunicando.gal\/gal\/?s={search_term_string}"},"query-input":{"@type":"PropertyValueSpecification","valueRequired":true,"valueName":"search_term_string"}}],"inLanguage":"es"},{"@type":"Organization","@id":"https:\/\/comunicando.gal\/gal\/#organization","name":"Comunicando. Consultor\u00eda de comunicaci\u00f3n.","url":"https:\/\/comunicando.gal\/gal\/","logo":{"@type":"ImageObject","inLanguage":"es","@id":"https:\/\/comunicando.gal\/gal\/#\/schema\/logo\/image\/","url":"https:\/\/comunicando.gal\/gal\/wp-content\/uploads\/2024\/07\/comunicando-vertical.png","contentUrl":"https:\/\/comunicando.gal\/gal\/wp-content\/uploads\/2024\/07\/comunicando-vertical.png","width":300,"height":323,"caption":"Comunicando. Consultor\u00eda de comunicaci\u00f3n."},"image":{"@id":"https:\/\/comunicando.gal\/gal\/#\/schema\/logo\/image\/"}},{"@type":"Person","@id":"https:\/\/comunicando.gal\/gal\/#\/schema\/person\/0d28af683c857811ed3fe6a412c4a429","name":"Jorge Isla"}]}},"_links":{"self":[{"href":"https:\/\/comunicando.gal\/gal\/wp-json\/wp\/v2\/posts\/4714","targetHints":{"allow":["GET"]}}],"collection":[{"href":"https:\/\/comunicando.gal\/gal\/wp-json\/wp\/v2\/posts"}],"about":[{"href":"https:\/\/comunicando.gal\/gal\/wp-json\/wp\/v2\/types\/post"}],"author":[{"embeddable":true,"href":"https:\/\/comunicando.gal\/gal\/wp-json\/wp\/v2\/users\/3"}],"replies":[{"embeddable":true,"href":"https:\/\/comunicando.gal\/gal\/wp-json\/wp\/v2\/comments?post=4714"}],"version-history":[{"count":3,"href":"https:\/\/comunicando.gal\/gal\/wp-json\/wp\/v2\/posts\/4714\/revisions"}],"predecessor-version":[{"id":4720,"href":"https:\/\/comunicando.gal\/gal\/wp-json\/wp\/v2\/posts\/4714\/revisions\/4720"}],"wp:featuredmedia":[{"embeddable":true,"href":"https:\/\/comunicando.gal\/gal\/wp-json\/wp\/v2\/media\/4718"}],"wp:attachment":[{"href":"https:\/\/comunicando.gal\/gal\/wp-json\/wp\/v2\/media?parent=4714"}],"wp:term":[{"taxonomy":"category","embeddable":true,"href":"https:\/\/comunicando.gal\/gal\/wp-json\/wp\/v2\/categories?post=4714"},{"taxonomy":"post_tag","embeddable":true,"href":"https:\/\/comunicando.gal\/gal\/wp-json\/wp\/v2\/tags?post=4714"}],"curies":[{"name":"wp","href":"https:\/\/api.w.org\/{rel}","templated":true}]}}