{"id":4701,"date":"2024-10-09T18:34:40","date_gmt":"2024-10-09T16:34:40","guid":{"rendered":"https:\/\/comunicando.gal\/gal\/?p=4701"},"modified":"2024-11-07T19:06:01","modified_gmt":"2024-11-07T18:06:01","slug":"a-revista-axenda-agraria-estrea-novo-numero-e-nova-imaxe","status":"publish","type":"post","link":"https:\/\/comunicando.gal\/gal\/a-revista-axenda-agraria-estrea-novo-numero-e-nova-imaxe\/","title":{"rendered":"A revista Axenda Agraria estrea novo n\u00famero e nova imaxe"},"content":{"rendered":"<p>Comunicando sacou \u00e1 r\u00faa un novo n\u00famero da revista trimestral Axenda Agraria, da Asociaci\u00f3n Agraria de Galicia, ASAGA. Unha vez m\u00e1is, a axencia dise\u00f1ou, maquetou e produxo a revista en formato papel e online, pero nesta ocasi\u00f3n, ao traballo de sempre engadiuse a confecci\u00f3n e implementaci\u00f3n dun importante restyling ou cambio de imaxe.<\/p>\n<p><img loading=\"lazy\" decoding=\"async\" class=\"alignnone size-full wp-image-4706\" src=\"https:\/\/comunicando.gal\/gal\/wp-content\/uploads\/2024\/10\/sumario-en-jpg-baja2-scaled.jpg\" alt=\"\" width=\"2560\" height=\"1856\" srcset=\"https:\/\/comunicando.gal\/gal\/wp-content\/uploads\/2024\/10\/sumario-en-jpg-baja2-scaled.jpg 2560w, https:\/\/comunicando.gal\/gal\/wp-content\/uploads\/2024\/10\/sumario-en-jpg-baja2-768x557.jpg 768w, https:\/\/comunicando.gal\/gal\/wp-content\/uploads\/2024\/10\/sumario-en-jpg-baja2-1536x1114.jpg 1536w, https:\/\/comunicando.gal\/gal\/wp-content\/uploads\/2024\/10\/sumario-en-jpg-baja2-2048x1485.jpg 2048w, https:\/\/comunicando.gal\/gal\/wp-content\/uploads\/2024\/10\/sumario-en-jpg-baja2-24x17.jpg 24w, https:\/\/comunicando.gal\/gal\/wp-content\/uploads\/2024\/10\/sumario-en-jpg-baja2-36x26.jpg 36w, https:\/\/comunicando.gal\/gal\/wp-content\/uploads\/2024\/10\/sumario-en-jpg-baja2-48x35.jpg 48w\" sizes=\"auto, (max-width: 2560px) 100vw, 2560px\" \/>Hoxe en d\u00eda, a informaci\u00f3n visual convertiuse nun pilar fundamental para a comunicaci\u00f3n efectiva, polo que o dese\u00f1o da revista xoga un papel crucial na maneira en que os contidos chegan aos lectores. As\u00ed pois, sen perder a perspectiva, do p\u00fablico ao que nos diriximos, pero co obxectivo de reforzar a identidade visual e mellorar a experiencia de lectura, confeccionamos un cambio de imaxe inspirado nos principios do dese\u00f1o sobrio, minimalista e elegante.<\/p>\n<p><strong>Un novo dese\u00f1o ao servizo do contido<\/strong><\/p>\n<p>Este novo enfoque busca destacar a esencia dos temas agrarios cunha presentaci\u00f3n m\u00e1is ordenada e armoniosa. Tr\u00e1tase dun dese\u00f1o que respira modernidade sen perder a calidez, que non so informa, senon que tam\u00e9n inspira.<\/p>\n<p>Con esta renovaci\u00f3n visual, aspiramos a que cada p\u00e1xina sexa un reflexo do equilibrio entre tradici\u00f3n e innovaci\u00f3n, capturando a riqueza dos sectores da nosa revista nun formato que \u00e9 tan funcional como est\u00e9tico. O espectador, seguir\u00e1 atopando reportaxes, entrevistas e cr\u00f3nicas de actualidade agropecuaria galega, nun dese\u00f1o minimalista que simplifica a lectura e permite que o contido sexa o verdadeiro protagonista.<\/p>\n<p>No seguinte enlace podes ver o \u00faltimo n\u00famero e anteriores, da publicaci\u00f3n oficial de ASAGA: <a href=\"https:\/\/revista.asaga.gal\/\" target=\"_blank\" rel=\"noopener\">Revista Axenda Agraria<\/a><\/p>\n<p>&nbsp;<\/p>\n","protected":false},"excerpt":{"rendered":"<p>Comunicando sacou \u00e1 r\u00faa un novo n\u00famero da revista trimestral Axenda Agraria, da Asociaci\u00f3n Agraria de Galicia, ASAGA. Unha vez m\u00e1is, a axencia dise\u00f1ou, maquetou e produxo a revista en formato papel e online, pero nesta ocasi\u00f3n, ao traballo de sempre engadiuse a confecci\u00f3n e implementaci\u00f3n dun importante restyling ou cambio de imaxe. Hoxe en [&hellip;]<\/p>\n","protected":false},"author":3,"featured_media":4706,"comment_status":"open","ping_status":"open","sticky":false,"template":"","format":"standard","meta":{"footnotes":""},"categories":[1],"tags":[],"class_list":["post-4701","post","type-post","status-publish","format-standard","has-post-thumbnail","hentry","category-noticias"],"yoast_head":"<!-- This site is optimized with the Yoast SEO plugin v26.2 - https:\/\/yoast.com\/wordpress\/plugins\/seo\/ -->\n<title>A revista Axenda Agraria estrea novo n\u00famero e nova imaxe<\/title>\n<meta name=\"robots\" content=\"index, follow, max-snippet:-1, max-image-preview:large, max-video-preview:-1\" \/>\n<link rel=\"canonical\" href=\"https:\/\/comunicando.gal\/gal\/a-revista-axenda-agraria-estrea-novo-numero-e-nova-imaxe\/\" \/>\n<meta property=\"og:locale\" content=\"es_ES\" \/>\n<meta property=\"og:type\" content=\"article\" \/>\n<meta property=\"og:title\" content=\"A revista Axenda Agraria estrea novo n\u00famero e nova imaxe\" \/>\n<meta property=\"og:description\" content=\"Comunicando sacou \u00e1 r\u00faa un novo n\u00famero da revista trimestral Axenda Agraria, da Asociaci\u00f3n Agraria de Galicia, ASAGA. Unha vez m\u00e1is, a axencia dise\u00f1ou, maquetou e produxo a revista en formato papel e online, pero nesta ocasi\u00f3n, ao traballo de sempre engadiuse a confecci\u00f3n e implementaci\u00f3n dun importante restyling ou cambio de imaxe. Hoxe en [&hellip;]\" \/>\n<meta property=\"og:url\" content=\"https:\/\/comunicando.gal\/gal\/a-revista-axenda-agraria-estrea-novo-numero-e-nova-imaxe\/\" \/>\n<meta property=\"og:site_name\" content=\"Comunicando\" \/>\n<meta property=\"article:published_time\" content=\"2024-10-09T16:34:40+00:00\" \/>\n<meta property=\"article:modified_time\" content=\"2024-11-07T18:06:01+00:00\" \/>\n<meta property=\"og:image\" content=\"https:\/\/comunicando.gal\/gal\/wp-content\/uploads\/2024\/10\/sumario-en-jpg-baja2-scaled.jpg\" \/>\n\t<meta property=\"og:image:width\" content=\"2560\" \/>\n\t<meta property=\"og:image:height\" content=\"1856\" \/>\n\t<meta property=\"og:image:type\" content=\"image\/jpeg\" \/>\n<meta name=\"author\" content=\"Jorge Isla\" \/>\n<meta name=\"twitter:card\" content=\"summary_large_image\" \/>\n<script type=\"application\/ld+json\" class=\"yoast-schema-graph\">{\"@context\":\"https:\/\/schema.org\",\"@graph\":[{\"@type\":\"Article\",\"@id\":\"https:\/\/comunicando.gal\/gal\/a-revista-axenda-agraria-estrea-novo-numero-e-nova-imaxe\/#article\",\"isPartOf\":{\"@id\":\"https:\/\/comunicando.gal\/gal\/a-revista-axenda-agraria-estrea-novo-numero-e-nova-imaxe\/\"},\"author\":{\"name\":\"Jorge Isla\",\"@id\":\"https:\/\/comunicando.gal\/gal\/#\/schema\/person\/0d28af683c857811ed3fe6a412c4a429\"},\"headline\":\"A revista Axenda Agraria estrea novo n\u00famero e nova imaxe\",\"datePublished\":\"2024-10-09T16:34:40+00:00\",\"dateModified\":\"2024-11-07T18:06:01+00:00\",\"mainEntityOfPage\":{\"@id\":\"https:\/\/comunicando.gal\/gal\/a-revista-axenda-agraria-estrea-novo-numero-e-nova-imaxe\/\"},\"wordCount\":286,\"commentCount\":0,\"publisher\":{\"@id\":\"https:\/\/comunicando.gal\/gal\/#organization\"},\"image\":{\"@id\":\"https:\/\/comunicando.gal\/gal\/a-revista-axenda-agraria-estrea-novo-numero-e-nova-imaxe\/#primaryimage\"},\"thumbnailUrl\":\"https:\/\/comunicando.gal\/gal\/wp-content\/uploads\/2024\/10\/sumario-en-jpg-baja2-scaled.jpg\",\"articleSection\":[\"Noticias\"],\"inLanguage\":\"es\"},{\"@type\":\"WebPage\",\"@id\":\"https:\/\/comunicando.gal\/gal\/a-revista-axenda-agraria-estrea-novo-numero-e-nova-imaxe\/\",\"url\":\"https:\/\/comunicando.gal\/gal\/a-revista-axenda-agraria-estrea-novo-numero-e-nova-imaxe\/\",\"name\":\"A revista Axenda Agraria estrea novo n\u00famero e nova imaxe\",\"isPartOf\":{\"@id\":\"https:\/\/comunicando.gal\/gal\/#website\"},\"primaryImageOfPage\":{\"@id\":\"https:\/\/comunicando.gal\/gal\/a-revista-axenda-agraria-estrea-novo-numero-e-nova-imaxe\/#primaryimage\"},\"image\":{\"@id\":\"https:\/\/comunicando.gal\/gal\/a-revista-axenda-agraria-estrea-novo-numero-e-nova-imaxe\/#primaryimage\"},\"thumbnailUrl\":\"https:\/\/comunicando.gal\/gal\/wp-content\/uploads\/2024\/10\/sumario-en-jpg-baja2-scaled.jpg\",\"datePublished\":\"2024-10-09T16:34:40+00:00\",\"dateModified\":\"2024-11-07T18:06:01+00:00\",\"breadcrumb\":{\"@id\":\"https:\/\/comunicando.gal\/gal\/a-revista-axenda-agraria-estrea-novo-numero-e-nova-imaxe\/#breadcrumb\"},\"inLanguage\":\"es\",\"potentialAction\":[{\"@type\":\"ReadAction\",\"target\":[\"https:\/\/comunicando.gal\/gal\/a-revista-axenda-agraria-estrea-novo-numero-e-nova-imaxe\/\"]}]},{\"@type\":\"ImageObject\",\"inLanguage\":\"es\",\"@id\":\"https:\/\/comunicando.gal\/gal\/a-revista-axenda-agraria-estrea-novo-numero-e-nova-imaxe\/#primaryimage\",\"url\":\"https:\/\/comunicando.gal\/gal\/wp-content\/uploads\/2024\/10\/sumario-en-jpg-baja2-scaled.jpg\",\"contentUrl\":\"https:\/\/comunicando.gal\/gal\/wp-content\/uploads\/2024\/10\/sumario-en-jpg-baja2-scaled.jpg\",\"width\":2560,\"height\":1856},{\"@type\":\"BreadcrumbList\",\"@id\":\"https:\/\/comunicando.gal\/gal\/a-revista-axenda-agraria-estrea-novo-numero-e-nova-imaxe\/#breadcrumb\",\"itemListElement\":[{\"@type\":\"ListItem\",\"position\":1,\"name\":\"Portada\",\"item\":\"https:\/\/comunicando.gal\/gal\/\"},{\"@type\":\"ListItem\",\"position\":2,\"name\":\"A revista Axenda Agraria estrea novo n\u00famero e nova imaxe\"}]},{\"@type\":\"WebSite\",\"@id\":\"https:\/\/comunicando.gal\/gal\/#website\",\"url\":\"https:\/\/comunicando.gal\/gal\/\",\"name\":\"Comunicando. Consultor\u00eda de comunicaci\u00f3n.\",\"description\":\"Consultor\u00eda de comunicaci\u00f3n\",\"publisher\":{\"@id\":\"https:\/\/comunicando.gal\/gal\/#organization\"},\"alternateName\":\"Comunicando. Consultor\u00eda de comunicaci\u00f3n.\",\"potentialAction\":[{\"@type\":\"SearchAction\",\"target\":{\"@type\":\"EntryPoint\",\"urlTemplate\":\"https:\/\/comunicando.gal\/gal\/?s={search_term_string}\"},\"query-input\":{\"@type\":\"PropertyValueSpecification\",\"valueRequired\":true,\"valueName\":\"search_term_string\"}}],\"inLanguage\":\"es\"},{\"@type\":\"Organization\",\"@id\":\"https:\/\/comunicando.gal\/gal\/#organization\",\"name\":\"Comunicando. Consultor\u00eda de comunicaci\u00f3n.\",\"url\":\"https:\/\/comunicando.gal\/gal\/\",\"logo\":{\"@type\":\"ImageObject\",\"inLanguage\":\"es\",\"@id\":\"https:\/\/comunicando.gal\/gal\/#\/schema\/logo\/image\/\",\"url\":\"https:\/\/comunicando.gal\/gal\/wp-content\/uploads\/2024\/07\/comunicando-vertical.png\",\"contentUrl\":\"https:\/\/comunicando.gal\/gal\/wp-content\/uploads\/2024\/07\/comunicando-vertical.png\",\"width\":300,\"height\":323,\"caption\":\"Comunicando. Consultor\u00eda de comunicaci\u00f3n.\"},\"image\":{\"@id\":\"https:\/\/comunicando.gal\/gal\/#\/schema\/logo\/image\/\"}},{\"@type\":\"Person\",\"@id\":\"https:\/\/comunicando.gal\/gal\/#\/schema\/person\/0d28af683c857811ed3fe6a412c4a429\",\"name\":\"Jorge Isla\"}]}<\/script>\n<!-- \/ Yoast SEO plugin. -->","yoast_head_json":{"title":"A revista Axenda Agraria estrea novo n\u00famero e nova imaxe","robots":{"index":"index","follow":"follow","max-snippet":"max-snippet:-1","max-image-preview":"max-image-preview:large","max-video-preview":"max-video-preview:-1"},"canonical":"https:\/\/comunicando.gal\/gal\/a-revista-axenda-agraria-estrea-novo-numero-e-nova-imaxe\/","og_locale":"es_ES","og_type":"article","og_title":"A revista Axenda Agraria estrea novo n\u00famero e nova imaxe","og_description":"Comunicando sacou \u00e1 r\u00faa un novo n\u00famero da revista trimestral Axenda Agraria, da Asociaci\u00f3n Agraria de Galicia, ASAGA. Unha vez m\u00e1is, a axencia dise\u00f1ou, maquetou e produxo a revista en formato papel e online, pero nesta ocasi\u00f3n, ao traballo de sempre engadiuse a confecci\u00f3n e implementaci\u00f3n dun importante restyling ou cambio de imaxe. Hoxe en [&hellip;]","og_url":"https:\/\/comunicando.gal\/gal\/a-revista-axenda-agraria-estrea-novo-numero-e-nova-imaxe\/","og_site_name":"Comunicando","article_published_time":"2024-10-09T16:34:40+00:00","article_modified_time":"2024-11-07T18:06:01+00:00","og_image":[{"width":2560,"height":1856,"url":"https:\/\/comunicando.gal\/gal\/wp-content\/uploads\/2024\/10\/sumario-en-jpg-baja2-scaled.jpg","type":"image\/jpeg"}],"author":"Jorge Isla","twitter_card":"summary_large_image","schema":{"@context":"https:\/\/schema.org","@graph":[{"@type":"Article","@id":"https:\/\/comunicando.gal\/gal\/a-revista-axenda-agraria-estrea-novo-numero-e-nova-imaxe\/#article","isPartOf":{"@id":"https:\/\/comunicando.gal\/gal\/a-revista-axenda-agraria-estrea-novo-numero-e-nova-imaxe\/"},"author":{"name":"Jorge Isla","@id":"https:\/\/comunicando.gal\/gal\/#\/schema\/person\/0d28af683c857811ed3fe6a412c4a429"},"headline":"A revista Axenda Agraria estrea novo n\u00famero e nova imaxe","datePublished":"2024-10-09T16:34:40+00:00","dateModified":"2024-11-07T18:06:01+00:00","mainEntityOfPage":{"@id":"https:\/\/comunicando.gal\/gal\/a-revista-axenda-agraria-estrea-novo-numero-e-nova-imaxe\/"},"wordCount":286,"commentCount":0,"publisher":{"@id":"https:\/\/comunicando.gal\/gal\/#organization"},"image":{"@id":"https:\/\/comunicando.gal\/gal\/a-revista-axenda-agraria-estrea-novo-numero-e-nova-imaxe\/#primaryimage"},"thumbnailUrl":"https:\/\/comunicando.gal\/gal\/wp-content\/uploads\/2024\/10\/sumario-en-jpg-baja2-scaled.jpg","articleSection":["Noticias"],"inLanguage":"es"},{"@type":"WebPage","@id":"https:\/\/comunicando.gal\/gal\/a-revista-axenda-agraria-estrea-novo-numero-e-nova-imaxe\/","url":"https:\/\/comunicando.gal\/gal\/a-revista-axenda-agraria-estrea-novo-numero-e-nova-imaxe\/","name":"A revista Axenda Agraria estrea novo n\u00famero e nova imaxe","isPartOf":{"@id":"https:\/\/comunicando.gal\/gal\/#website"},"primaryImageOfPage":{"@id":"https:\/\/comunicando.gal\/gal\/a-revista-axenda-agraria-estrea-novo-numero-e-nova-imaxe\/#primaryimage"},"image":{"@id":"https:\/\/comunicando.gal\/gal\/a-revista-axenda-agraria-estrea-novo-numero-e-nova-imaxe\/#primaryimage"},"thumbnailUrl":"https:\/\/comunicando.gal\/gal\/wp-content\/uploads\/2024\/10\/sumario-en-jpg-baja2-scaled.jpg","datePublished":"2024-10-09T16:34:40+00:00","dateModified":"2024-11-07T18:06:01+00:00","breadcrumb":{"@id":"https:\/\/comunicando.gal\/gal\/a-revista-axenda-agraria-estrea-novo-numero-e-nova-imaxe\/#breadcrumb"},"inLanguage":"es","potentialAction":[{"@type":"ReadAction","target":["https:\/\/comunicando.gal\/gal\/a-revista-axenda-agraria-estrea-novo-numero-e-nova-imaxe\/"]}]},{"@type":"ImageObject","inLanguage":"es","@id":"https:\/\/comunicando.gal\/gal\/a-revista-axenda-agraria-estrea-novo-numero-e-nova-imaxe\/#primaryimage","url":"https:\/\/comunicando.gal\/gal\/wp-content\/uploads\/2024\/10\/sumario-en-jpg-baja2-scaled.jpg","contentUrl":"https:\/\/comunicando.gal\/gal\/wp-content\/uploads\/2024\/10\/sumario-en-jpg-baja2-scaled.jpg","width":2560,"height":1856},{"@type":"BreadcrumbList","@id":"https:\/\/comunicando.gal\/gal\/a-revista-axenda-agraria-estrea-novo-numero-e-nova-imaxe\/#breadcrumb","itemListElement":[{"@type":"ListItem","position":1,"name":"Portada","item":"https:\/\/comunicando.gal\/gal\/"},{"@type":"ListItem","position":2,"name":"A revista Axenda Agraria estrea novo n\u00famero e nova imaxe"}]},{"@type":"WebSite","@id":"https:\/\/comunicando.gal\/gal\/#website","url":"https:\/\/comunicando.gal\/gal\/","name":"Comunicando. Consultor\u00eda de comunicaci\u00f3n.","description":"Consultor\u00eda de comunicaci\u00f3n","publisher":{"@id":"https:\/\/comunicando.gal\/gal\/#organization"},"alternateName":"Comunicando. Consultor\u00eda de comunicaci\u00f3n.","potentialAction":[{"@type":"SearchAction","target":{"@type":"EntryPoint","urlTemplate":"https:\/\/comunicando.gal\/gal\/?s={search_term_string}"},"query-input":{"@type":"PropertyValueSpecification","valueRequired":true,"valueName":"search_term_string"}}],"inLanguage":"es"},{"@type":"Organization","@id":"https:\/\/comunicando.gal\/gal\/#organization","name":"Comunicando. Consultor\u00eda de comunicaci\u00f3n.","url":"https:\/\/comunicando.gal\/gal\/","logo":{"@type":"ImageObject","inLanguage":"es","@id":"https:\/\/comunicando.gal\/gal\/#\/schema\/logo\/image\/","url":"https:\/\/comunicando.gal\/gal\/wp-content\/uploads\/2024\/07\/comunicando-vertical.png","contentUrl":"https:\/\/comunicando.gal\/gal\/wp-content\/uploads\/2024\/07\/comunicando-vertical.png","width":300,"height":323,"caption":"Comunicando. Consultor\u00eda de comunicaci\u00f3n."},"image":{"@id":"https:\/\/comunicando.gal\/gal\/#\/schema\/logo\/image\/"}},{"@type":"Person","@id":"https:\/\/comunicando.gal\/gal\/#\/schema\/person\/0d28af683c857811ed3fe6a412c4a429","name":"Jorge Isla"}]}},"_links":{"self":[{"href":"https:\/\/comunicando.gal\/gal\/wp-json\/wp\/v2\/posts\/4701","targetHints":{"allow":["GET"]}}],"collection":[{"href":"https:\/\/comunicando.gal\/gal\/wp-json\/wp\/v2\/posts"}],"about":[{"href":"https:\/\/comunicando.gal\/gal\/wp-json\/wp\/v2\/types\/post"}],"author":[{"embeddable":true,"href":"https:\/\/comunicando.gal\/gal\/wp-json\/wp\/v2\/users\/3"}],"replies":[{"embeddable":true,"href":"https:\/\/comunicando.gal\/gal\/wp-json\/wp\/v2\/comments?post=4701"}],"version-history":[{"count":3,"href":"https:\/\/comunicando.gal\/gal\/wp-json\/wp\/v2\/posts\/4701\/revisions"}],"predecessor-version":[{"id":4708,"href":"https:\/\/comunicando.gal\/gal\/wp-json\/wp\/v2\/posts\/4701\/revisions\/4708"}],"wp:featuredmedia":[{"embeddable":true,"href":"https:\/\/comunicando.gal\/gal\/wp-json\/wp\/v2\/media\/4706"}],"wp:attachment":[{"href":"https:\/\/comunicando.gal\/gal\/wp-json\/wp\/v2\/media?parent=4701"}],"wp:term":[{"taxonomy":"category","embeddable":true,"href":"https:\/\/comunicando.gal\/gal\/wp-json\/wp\/v2\/categories?post=4701"},{"taxonomy":"post_tag","embeddable":true,"href":"https:\/\/comunicando.gal\/gal\/wp-json\/wp\/v2\/tags?post=4701"}],"curies":[{"name":"wp","href":"https:\/\/api.w.org\/{rel}","templated":true}]}}