{"id":4689,"date":"2024-09-26T17:01:39","date_gmt":"2024-09-26T15:01:39","guid":{"rendered":"https:\/\/comunicando.gal\/gal\/?p=4689"},"modified":"2024-09-28T11:10:30","modified_gmt":"2024-09-28T09:10:30","slug":"comunicando-coordina-a-presentacion-da-nova-campana-de-promocion-do-cluster-da-pizarra-de-galicia","status":"publish","type":"post","link":"https:\/\/comunicando.gal\/gal\/comunicando-coordina-a-presentacion-da-nova-campana-de-promocion-do-cluster-da-pizarra-de-galicia\/","title":{"rendered":"O Cl\u00faster da Pizarra de Galicia presentou a s\u00faa nova campa\u00f1a de promoci\u00f3n coordinada por Comunicando"},"content":{"rendered":"<p>Comunicando Consultor\u00eda de Comunicaci\u00f3n dirixe e coordina a nova campa\u00f1a de promoci\u00f3n que o Cl\u00faster da Pizarra de Galicia presentou este martes 24 de setembro. O obxectivo desta estratexia \u00e9 transmitir aos seus principais prescriptores e ao p\u00fablico final as cualidades excepcionais deste material natural: <strong>durabilidade<\/strong>, <strong>est\u00e9tica<\/strong>, <strong>sostenibilidade<\/strong> <strong>medioambiental<\/strong>, <strong>aislamento<\/strong> t\u00e9rmico e ac\u00fastico, <strong>resistencia<\/strong> \u00e1 flexi\u00f3n e <strong>impermeabilidade<\/strong>.<\/p>\n<p>O mencionado plan de promoci\u00f3n, que implementarase nos vindeiros meses, incl\u00fae actividades como a organizaci\u00f3n de <strong>charlas t\u00e9cnicas<\/strong> nalgunhas das mais importantes Escolas de Arquitectura e Arquitectura T\u00e9cnica, a convocatoria de visitas ao sector para profesores e alumnos de arquitectura e enxe\u00f1er\u00eda, a execuci\u00f3n dun <strong>plan de medios<\/strong> en prensa, radio, televisi\u00f3n, revistas especializadas e portais dixitais, e a organizaci\u00f3n dunha xornada t\u00e9cnica na s\u00faa sede de Sobradelo de Valdeorras, na que participar\u00e1n un importante n\u00famero de expertos.<\/p>\n<p>Ao mesmo tempo, e continuando coa importante aposta por potenciar a s\u00faa <strong>pol\u00edtica de RSC<\/strong>, que o Cl\u00faster leva desenrolando nos \u00faltimos anos, patrocinar\u00e1 a varios equipos deportivos das comarcas de Valdeorras e Quiroga, convocar\u00e1 premios para os estudiantes de bacharelato de s\u00faa \u00e1rea de influencia, apoiar\u00e1 a entidades sociais e culturais, patrocinar\u00e1 mostras e exposici\u00f3ns de fotograf\u00eda e arquitectura, e convocar\u00e1 un premio para as mellores obras realizadas con lousa.<\/p>\n<p>Para Comunicando Consultor\u00eda de Comunicaci\u00f3n \u00e9 <strong>un honor<\/strong> que un sector tan importante para a econom\u00eda de Galicia, te\u00f1a apostado por n\u00f3s para desenrolar este plan de promoci\u00f3n, e para coordinar o seu departamento de Comunicaci\u00f3n Corporativa e Marketing. Un proxecto que non poder\u00edamos ter levado a cabo sen o apoio dalg\u00fans dos nosos <strong>partners habituais<\/strong> como Atelier Gr\u00e1fica Visual, Peymar Artes Gr\u00e1ficas y Atvisa.<\/p>\n","protected":false},"excerpt":{"rendered":"<p>Comunicando Consultor\u00eda de Comunicaci\u00f3n dirixe e coordina a nova campa\u00f1a de promoci\u00f3n que o Cl\u00faster da Pizarra de Galicia presentou este martes 24 de setembro. O obxectivo desta estratexia \u00e9 transmitir aos seus principais prescriptores e ao p\u00fablico final as cualidades excepcionais deste material natural: durabilidade, est\u00e9tica, sostenibilidade medioambiental, aislamento t\u00e9rmico e ac\u00fastico, resistencia \u00e1 [&hellip;]<\/p>\n","protected":false},"author":3,"featured_media":4693,"comment_status":"open","ping_status":"open","sticky":false,"template":"","format":"standard","meta":{"footnotes":""},"categories":[1],"tags":[],"class_list":["post-4689","post","type-post","status-publish","format-standard","has-post-thumbnail","hentry","category-noticias"],"yoast_head":"<!-- This site is optimized with the Yoast SEO plugin v26.2 - https:\/\/yoast.com\/wordpress\/plugins\/seo\/ -->\n<title>O Cl\u00faster da Pizarra de Galicia presentou a s\u00faa nova campa\u00f1a de promoci\u00f3n coordinada por Comunicando<\/title>\n<meta name=\"robots\" content=\"index, follow, max-snippet:-1, max-image-preview:large, max-video-preview:-1\" \/>\n<link rel=\"canonical\" href=\"https:\/\/comunicando.gal\/gal\/comunicando-coordina-a-presentacion-da-nova-campana-de-promocion-do-cluster-da-pizarra-de-galicia\/\" \/>\n<meta property=\"og:locale\" content=\"es_ES\" \/>\n<meta property=\"og:type\" content=\"article\" \/>\n<meta property=\"og:title\" content=\"O Cl\u00faster da Pizarra de Galicia presentou a s\u00faa nova campa\u00f1a de promoci\u00f3n coordinada por Comunicando\" \/>\n<meta property=\"og:description\" content=\"Comunicando Consultor\u00eda de Comunicaci\u00f3n dirixe e coordina a nova campa\u00f1a de promoci\u00f3n que o Cl\u00faster da Pizarra de Galicia presentou este martes 24 de setembro. O obxectivo desta estratexia \u00e9 transmitir aos seus principais prescriptores e ao p\u00fablico final as cualidades excepcionais deste material natural: durabilidade, est\u00e9tica, sostenibilidade medioambiental, aislamento t\u00e9rmico e ac\u00fastico, resistencia \u00e1 [&hellip;]\" \/>\n<meta property=\"og:url\" content=\"https:\/\/comunicando.gal\/gal\/comunicando-coordina-a-presentacion-da-nova-campana-de-promocion-do-cluster-da-pizarra-de-galicia\/\" \/>\n<meta property=\"og:site_name\" content=\"Comunicando\" \/>\n<meta property=\"article:published_time\" content=\"2024-09-26T15:01:39+00:00\" \/>\n<meta property=\"article:modified_time\" content=\"2024-09-28T09:10:30+00:00\" \/>\n<meta property=\"og:image\" content=\"https:\/\/comunicando.gal\/gal\/wp-content\/uploads\/2024\/09\/foto-1.jpeg\" \/>\n\t<meta property=\"og:image:width\" content=\"1600\" \/>\n\t<meta property=\"og:image:height\" content=\"1228\" \/>\n\t<meta property=\"og:image:type\" content=\"image\/jpeg\" \/>\n<meta name=\"author\" content=\"Jorge Isla\" \/>\n<meta name=\"twitter:card\" content=\"summary_large_image\" \/>\n<script type=\"application\/ld+json\" class=\"yoast-schema-graph\">{\"@context\":\"https:\/\/schema.org\",\"@graph\":[{\"@type\":\"Article\",\"@id\":\"https:\/\/comunicando.gal\/gal\/comunicando-coordina-a-presentacion-da-nova-campana-de-promocion-do-cluster-da-pizarra-de-galicia\/#article\",\"isPartOf\":{\"@id\":\"https:\/\/comunicando.gal\/gal\/comunicando-coordina-a-presentacion-da-nova-campana-de-promocion-do-cluster-da-pizarra-de-galicia\/\"},\"author\":{\"name\":\"Jorge Isla\",\"@id\":\"https:\/\/comunicando.gal\/gal\/#\/schema\/person\/0d28af683c857811ed3fe6a412c4a429\"},\"headline\":\"O Cl\u00faster da Pizarra de Galicia presentou a s\u00faa nova campa\u00f1a de promoci\u00f3n coordinada por Comunicando\",\"datePublished\":\"2024-09-26T15:01:39+00:00\",\"dateModified\":\"2024-09-28T09:10:30+00:00\",\"mainEntityOfPage\":{\"@id\":\"https:\/\/comunicando.gal\/gal\/comunicando-coordina-a-presentacion-da-nova-campana-de-promocion-do-cluster-da-pizarra-de-galicia\/\"},\"wordCount\":329,\"commentCount\":0,\"publisher\":{\"@id\":\"https:\/\/comunicando.gal\/gal\/#organization\"},\"image\":{\"@id\":\"https:\/\/comunicando.gal\/gal\/comunicando-coordina-a-presentacion-da-nova-campana-de-promocion-do-cluster-da-pizarra-de-galicia\/#primaryimage\"},\"thumbnailUrl\":\"https:\/\/comunicando.gal\/gal\/wp-content\/uploads\/2024\/09\/foto-1.jpeg\",\"articleSection\":[\"Noticias\"],\"inLanguage\":\"es\"},{\"@type\":\"WebPage\",\"@id\":\"https:\/\/comunicando.gal\/gal\/comunicando-coordina-a-presentacion-da-nova-campana-de-promocion-do-cluster-da-pizarra-de-galicia\/\",\"url\":\"https:\/\/comunicando.gal\/gal\/comunicando-coordina-a-presentacion-da-nova-campana-de-promocion-do-cluster-da-pizarra-de-galicia\/\",\"name\":\"O Cl\u00faster da Pizarra de Galicia presentou a s\u00faa nova campa\u00f1a de promoci\u00f3n coordinada por Comunicando\",\"isPartOf\":{\"@id\":\"https:\/\/comunicando.gal\/gal\/#website\"},\"primaryImageOfPage\":{\"@id\":\"https:\/\/comunicando.gal\/gal\/comunicando-coordina-a-presentacion-da-nova-campana-de-promocion-do-cluster-da-pizarra-de-galicia\/#primaryimage\"},\"image\":{\"@id\":\"https:\/\/comunicando.gal\/gal\/comunicando-coordina-a-presentacion-da-nova-campana-de-promocion-do-cluster-da-pizarra-de-galicia\/#primaryimage\"},\"thumbnailUrl\":\"https:\/\/comunicando.gal\/gal\/wp-content\/uploads\/2024\/09\/foto-1.jpeg\",\"datePublished\":\"2024-09-26T15:01:39+00:00\",\"dateModified\":\"2024-09-28T09:10:30+00:00\",\"breadcrumb\":{\"@id\":\"https:\/\/comunicando.gal\/gal\/comunicando-coordina-a-presentacion-da-nova-campana-de-promocion-do-cluster-da-pizarra-de-galicia\/#breadcrumb\"},\"inLanguage\":\"es\",\"potentialAction\":[{\"@type\":\"ReadAction\",\"target\":[\"https:\/\/comunicando.gal\/gal\/comunicando-coordina-a-presentacion-da-nova-campana-de-promocion-do-cluster-da-pizarra-de-galicia\/\"]}]},{\"@type\":\"ImageObject\",\"inLanguage\":\"es\",\"@id\":\"https:\/\/comunicando.gal\/gal\/comunicando-coordina-a-presentacion-da-nova-campana-de-promocion-do-cluster-da-pizarra-de-galicia\/#primaryimage\",\"url\":\"https:\/\/comunicando.gal\/gal\/wp-content\/uploads\/2024\/09\/foto-1.jpeg\",\"contentUrl\":\"https:\/\/comunicando.gal\/gal\/wp-content\/uploads\/2024\/09\/foto-1.jpeg\",\"width\":1600,\"height\":1228},{\"@type\":\"BreadcrumbList\",\"@id\":\"https:\/\/comunicando.gal\/gal\/comunicando-coordina-a-presentacion-da-nova-campana-de-promocion-do-cluster-da-pizarra-de-galicia\/#breadcrumb\",\"itemListElement\":[{\"@type\":\"ListItem\",\"position\":1,\"name\":\"Portada\",\"item\":\"https:\/\/comunicando.gal\/gal\/\"},{\"@type\":\"ListItem\",\"position\":2,\"name\":\"O Cl\u00faster da Pizarra de Galicia presentou a s\u00faa nova campa\u00f1a de promoci\u00f3n coordinada por Comunicando\"}]},{\"@type\":\"WebSite\",\"@id\":\"https:\/\/comunicando.gal\/gal\/#website\",\"url\":\"https:\/\/comunicando.gal\/gal\/\",\"name\":\"Comunicando. Consultor\u00eda de comunicaci\u00f3n.\",\"description\":\"Consultor\u00eda de comunicaci\u00f3n\",\"publisher\":{\"@id\":\"https:\/\/comunicando.gal\/gal\/#organization\"},\"alternateName\":\"Comunicando. Consultor\u00eda de comunicaci\u00f3n.\",\"potentialAction\":[{\"@type\":\"SearchAction\",\"target\":{\"@type\":\"EntryPoint\",\"urlTemplate\":\"https:\/\/comunicando.gal\/gal\/?s={search_term_string}\"},\"query-input\":{\"@type\":\"PropertyValueSpecification\",\"valueRequired\":true,\"valueName\":\"search_term_string\"}}],\"inLanguage\":\"es\"},{\"@type\":\"Organization\",\"@id\":\"https:\/\/comunicando.gal\/gal\/#organization\",\"name\":\"Comunicando. Consultor\u00eda de comunicaci\u00f3n.\",\"url\":\"https:\/\/comunicando.gal\/gal\/\",\"logo\":{\"@type\":\"ImageObject\",\"inLanguage\":\"es\",\"@id\":\"https:\/\/comunicando.gal\/gal\/#\/schema\/logo\/image\/\",\"url\":\"https:\/\/comunicando.gal\/gal\/wp-content\/uploads\/2024\/07\/comunicando-vertical.png\",\"contentUrl\":\"https:\/\/comunicando.gal\/gal\/wp-content\/uploads\/2024\/07\/comunicando-vertical.png\",\"width\":300,\"height\":323,\"caption\":\"Comunicando. Consultor\u00eda de comunicaci\u00f3n.\"},\"image\":{\"@id\":\"https:\/\/comunicando.gal\/gal\/#\/schema\/logo\/image\/\"}},{\"@type\":\"Person\",\"@id\":\"https:\/\/comunicando.gal\/gal\/#\/schema\/person\/0d28af683c857811ed3fe6a412c4a429\",\"name\":\"Jorge Isla\"}]}<\/script>\n<!-- \/ Yoast SEO plugin. -->","yoast_head_json":{"title":"O Cl\u00faster da Pizarra de Galicia presentou a s\u00faa nova campa\u00f1a de promoci\u00f3n coordinada por Comunicando","robots":{"index":"index","follow":"follow","max-snippet":"max-snippet:-1","max-image-preview":"max-image-preview:large","max-video-preview":"max-video-preview:-1"},"canonical":"https:\/\/comunicando.gal\/gal\/comunicando-coordina-a-presentacion-da-nova-campana-de-promocion-do-cluster-da-pizarra-de-galicia\/","og_locale":"es_ES","og_type":"article","og_title":"O Cl\u00faster da Pizarra de Galicia presentou a s\u00faa nova campa\u00f1a de promoci\u00f3n coordinada por Comunicando","og_description":"Comunicando Consultor\u00eda de Comunicaci\u00f3n dirixe e coordina a nova campa\u00f1a de promoci\u00f3n que o Cl\u00faster da Pizarra de Galicia presentou este martes 24 de setembro. O obxectivo desta estratexia \u00e9 transmitir aos seus principais prescriptores e ao p\u00fablico final as cualidades excepcionais deste material natural: durabilidade, est\u00e9tica, sostenibilidade medioambiental, aislamento t\u00e9rmico e ac\u00fastico, resistencia \u00e1 [&hellip;]","og_url":"https:\/\/comunicando.gal\/gal\/comunicando-coordina-a-presentacion-da-nova-campana-de-promocion-do-cluster-da-pizarra-de-galicia\/","og_site_name":"Comunicando","article_published_time":"2024-09-26T15:01:39+00:00","article_modified_time":"2024-09-28T09:10:30+00:00","og_image":[{"width":1600,"height":1228,"url":"https:\/\/comunicando.gal\/gal\/wp-content\/uploads\/2024\/09\/foto-1.jpeg","type":"image\/jpeg"}],"author":"Jorge Isla","twitter_card":"summary_large_image","schema":{"@context":"https:\/\/schema.org","@graph":[{"@type":"Article","@id":"https:\/\/comunicando.gal\/gal\/comunicando-coordina-a-presentacion-da-nova-campana-de-promocion-do-cluster-da-pizarra-de-galicia\/#article","isPartOf":{"@id":"https:\/\/comunicando.gal\/gal\/comunicando-coordina-a-presentacion-da-nova-campana-de-promocion-do-cluster-da-pizarra-de-galicia\/"},"author":{"name":"Jorge Isla","@id":"https:\/\/comunicando.gal\/gal\/#\/schema\/person\/0d28af683c857811ed3fe6a412c4a429"},"headline":"O Cl\u00faster da Pizarra de Galicia presentou a s\u00faa nova campa\u00f1a de promoci\u00f3n coordinada por Comunicando","datePublished":"2024-09-26T15:01:39+00:00","dateModified":"2024-09-28T09:10:30+00:00","mainEntityOfPage":{"@id":"https:\/\/comunicando.gal\/gal\/comunicando-coordina-a-presentacion-da-nova-campana-de-promocion-do-cluster-da-pizarra-de-galicia\/"},"wordCount":329,"commentCount":0,"publisher":{"@id":"https:\/\/comunicando.gal\/gal\/#organization"},"image":{"@id":"https:\/\/comunicando.gal\/gal\/comunicando-coordina-a-presentacion-da-nova-campana-de-promocion-do-cluster-da-pizarra-de-galicia\/#primaryimage"},"thumbnailUrl":"https:\/\/comunicando.gal\/gal\/wp-content\/uploads\/2024\/09\/foto-1.jpeg","articleSection":["Noticias"],"inLanguage":"es"},{"@type":"WebPage","@id":"https:\/\/comunicando.gal\/gal\/comunicando-coordina-a-presentacion-da-nova-campana-de-promocion-do-cluster-da-pizarra-de-galicia\/","url":"https:\/\/comunicando.gal\/gal\/comunicando-coordina-a-presentacion-da-nova-campana-de-promocion-do-cluster-da-pizarra-de-galicia\/","name":"O Cl\u00faster da Pizarra de Galicia presentou a s\u00faa nova campa\u00f1a de promoci\u00f3n coordinada por Comunicando","isPartOf":{"@id":"https:\/\/comunicando.gal\/gal\/#website"},"primaryImageOfPage":{"@id":"https:\/\/comunicando.gal\/gal\/comunicando-coordina-a-presentacion-da-nova-campana-de-promocion-do-cluster-da-pizarra-de-galicia\/#primaryimage"},"image":{"@id":"https:\/\/comunicando.gal\/gal\/comunicando-coordina-a-presentacion-da-nova-campana-de-promocion-do-cluster-da-pizarra-de-galicia\/#primaryimage"},"thumbnailUrl":"https:\/\/comunicando.gal\/gal\/wp-content\/uploads\/2024\/09\/foto-1.jpeg","datePublished":"2024-09-26T15:01:39+00:00","dateModified":"2024-09-28T09:10:30+00:00","breadcrumb":{"@id":"https:\/\/comunicando.gal\/gal\/comunicando-coordina-a-presentacion-da-nova-campana-de-promocion-do-cluster-da-pizarra-de-galicia\/#breadcrumb"},"inLanguage":"es","potentialAction":[{"@type":"ReadAction","target":["https:\/\/comunicando.gal\/gal\/comunicando-coordina-a-presentacion-da-nova-campana-de-promocion-do-cluster-da-pizarra-de-galicia\/"]}]},{"@type":"ImageObject","inLanguage":"es","@id":"https:\/\/comunicando.gal\/gal\/comunicando-coordina-a-presentacion-da-nova-campana-de-promocion-do-cluster-da-pizarra-de-galicia\/#primaryimage","url":"https:\/\/comunicando.gal\/gal\/wp-content\/uploads\/2024\/09\/foto-1.jpeg","contentUrl":"https:\/\/comunicando.gal\/gal\/wp-content\/uploads\/2024\/09\/foto-1.jpeg","width":1600,"height":1228},{"@type":"BreadcrumbList","@id":"https:\/\/comunicando.gal\/gal\/comunicando-coordina-a-presentacion-da-nova-campana-de-promocion-do-cluster-da-pizarra-de-galicia\/#breadcrumb","itemListElement":[{"@type":"ListItem","position":1,"name":"Portada","item":"https:\/\/comunicando.gal\/gal\/"},{"@type":"ListItem","position":2,"name":"O Cl\u00faster da Pizarra de Galicia presentou a s\u00faa nova campa\u00f1a de promoci\u00f3n coordinada por Comunicando"}]},{"@type":"WebSite","@id":"https:\/\/comunicando.gal\/gal\/#website","url":"https:\/\/comunicando.gal\/gal\/","name":"Comunicando. Consultor\u00eda de comunicaci\u00f3n.","description":"Consultor\u00eda de comunicaci\u00f3n","publisher":{"@id":"https:\/\/comunicando.gal\/gal\/#organization"},"alternateName":"Comunicando. Consultor\u00eda de comunicaci\u00f3n.","potentialAction":[{"@type":"SearchAction","target":{"@type":"EntryPoint","urlTemplate":"https:\/\/comunicando.gal\/gal\/?s={search_term_string}"},"query-input":{"@type":"PropertyValueSpecification","valueRequired":true,"valueName":"search_term_string"}}],"inLanguage":"es"},{"@type":"Organization","@id":"https:\/\/comunicando.gal\/gal\/#organization","name":"Comunicando. Consultor\u00eda de comunicaci\u00f3n.","url":"https:\/\/comunicando.gal\/gal\/","logo":{"@type":"ImageObject","inLanguage":"es","@id":"https:\/\/comunicando.gal\/gal\/#\/schema\/logo\/image\/","url":"https:\/\/comunicando.gal\/gal\/wp-content\/uploads\/2024\/07\/comunicando-vertical.png","contentUrl":"https:\/\/comunicando.gal\/gal\/wp-content\/uploads\/2024\/07\/comunicando-vertical.png","width":300,"height":323,"caption":"Comunicando. Consultor\u00eda de comunicaci\u00f3n."},"image":{"@id":"https:\/\/comunicando.gal\/gal\/#\/schema\/logo\/image\/"}},{"@type":"Person","@id":"https:\/\/comunicando.gal\/gal\/#\/schema\/person\/0d28af683c857811ed3fe6a412c4a429","name":"Jorge Isla"}]}},"_links":{"self":[{"href":"https:\/\/comunicando.gal\/gal\/wp-json\/wp\/v2\/posts\/4689","targetHints":{"allow":["GET"]}}],"collection":[{"href":"https:\/\/comunicando.gal\/gal\/wp-json\/wp\/v2\/posts"}],"about":[{"href":"https:\/\/comunicando.gal\/gal\/wp-json\/wp\/v2\/types\/post"}],"author":[{"embeddable":true,"href":"https:\/\/comunicando.gal\/gal\/wp-json\/wp\/v2\/users\/3"}],"replies":[{"embeddable":true,"href":"https:\/\/comunicando.gal\/gal\/wp-json\/wp\/v2\/comments?post=4689"}],"version-history":[{"count":5,"href":"https:\/\/comunicando.gal\/gal\/wp-json\/wp\/v2\/posts\/4689\/revisions"}],"predecessor-version":[{"id":4696,"href":"https:\/\/comunicando.gal\/gal\/wp-json\/wp\/v2\/posts\/4689\/revisions\/4696"}],"wp:featuredmedia":[{"embeddable":true,"href":"https:\/\/comunicando.gal\/gal\/wp-json\/wp\/v2\/media\/4693"}],"wp:attachment":[{"href":"https:\/\/comunicando.gal\/gal\/wp-json\/wp\/v2\/media?parent=4689"}],"wp:term":[{"taxonomy":"category","embeddable":true,"href":"https:\/\/comunicando.gal\/gal\/wp-json\/wp\/v2\/categories?post=4689"},{"taxonomy":"post_tag","embeddable":true,"href":"https:\/\/comunicando.gal\/gal\/wp-json\/wp\/v2\/tags?post=4689"}],"curies":[{"name":"wp","href":"https:\/\/api.w.org\/{rel}","templated":true}]}}