{"id":4677,"date":"2024-09-10T12:37:24","date_gmt":"2024-09-10T10:37:24","guid":{"rendered":"https:\/\/comunicando.gal\/gal\/?p=4677"},"modified":"2024-09-13T13:05:26","modified_gmt":"2024-09-13T11:05:26","slug":"comunicando-presenta-unha-campana-de-xestion-de-medicamentos-para-protexer-a-saude-e-o-medio-ambiente","status":"publish","type":"post","link":"https:\/\/comunicando.gal\/gal\/comunicando-presenta-unha-campana-de-xestion-de-medicamentos-para-protexer-a-saude-e-o-medio-ambiente\/","title":{"rendered":"Comunicando presenta unha campa\u00f1a de xesti\u00f3n de medicamentos para protexer a sa\u00fade e o medio ambiente"},"content":{"rendered":"<p>Comunicando Consultor\u00eda de Comunicaci\u00f3n presentou hoxe na capital ourensana, no Centro Cultural Marcos Valc\u00e1rcel, a campa\u00f1a <strong>\u00abRevisa os medicamentos da casa\u00bb<\/strong>, unha iniciativa promovida en conxunto, polos colexios de Farmac\u00e9uticos, M\u00e9dicos e de Enfermer\u00eda de Ourense. A iniciativa p\u00faxose en marcha cun doble prop\u00f3sito: informar e sensibilizar aos profesionais da sanidade sobre a importancia de asesorar aos seus pacientes na xesti\u00f3n adecuada dos botiquines dom\u00e9sticos e animar \u00e1 cidadan\u00eda a non acumular na casa medicamentos caducados ou non utilizados, e guialos na s\u00faa correcta xesti\u00f3n medioambiental.<\/p>\n<p>A cidadan\u00eda de Ourense dispor\u00e1 nas farmacias, centros de sa\u00fade e consultas m\u00e9dicas e de enfermer\u00eda, tanto p\u00fablicas como privadas, da informaci\u00f3n necesaria sobre os residuos que deben e non deben depositarse nos <strong>Puntos SIGRE<\/strong>, a trav\u00e9s de p\u00f3steres, folletos e v\u00eddeos informativos.<\/p>\n<p>Na campa\u00f1a, para a que se pide a implicaci\u00f3n dos profesionais da sa\u00fade e tam\u00e9n o compromiso da cidadan\u00eda, colaboran a Conseller\u00eda de Sanidade, a xerencia da \u00c1rea Sanitaria de Ourense e SIGRE.<\/p>\n","protected":false},"excerpt":{"rendered":"<p>Comunicando Consultor\u00eda de Comunicaci\u00f3n presentou hoxe na capital ourensana, no Centro Cultural Marcos Valc\u00e1rcel, a campa\u00f1a \u00abRevisa os medicamentos da casa\u00bb, unha iniciativa promovida en conxunto, polos colexios de Farmac\u00e9uticos, M\u00e9dicos e de Enfermer\u00eda de Ourense. A iniciativa p\u00faxose en marcha cun doble prop\u00f3sito: informar e sensibilizar aos profesionais da sanidade sobre a importancia de [&hellip;]<\/p>\n","protected":false},"author":3,"featured_media":4683,"comment_status":"open","ping_status":"open","sticky":false,"template":"","format":"standard","meta":{"footnotes":""},"categories":[1],"tags":[],"class_list":["post-4677","post","type-post","status-publish","format-standard","has-post-thumbnail","hentry","category-noticias"],"yoast_head":"<!-- This site is optimized with the Yoast SEO plugin v26.2 - https:\/\/yoast.com\/wordpress\/plugins\/seo\/ -->\n<title>Comunicando presenta unha campa\u00f1a de xesti\u00f3n de medicamentos para protexer a sa\u00fade e o medio ambiente<\/title>\n<meta name=\"robots\" content=\"index, follow, max-snippet:-1, max-image-preview:large, max-video-preview:-1\" \/>\n<link rel=\"canonical\" href=\"https:\/\/comunicando.gal\/gal\/comunicando-presenta-unha-campana-de-xestion-de-medicamentos-para-protexer-a-saude-e-o-medio-ambiente\/\" \/>\n<meta property=\"og:locale\" content=\"es_ES\" \/>\n<meta property=\"og:type\" content=\"article\" \/>\n<meta property=\"og:title\" content=\"Comunicando presenta unha campa\u00f1a de xesti\u00f3n de medicamentos para protexer a sa\u00fade e o medio ambiente\" \/>\n<meta property=\"og:description\" content=\"Comunicando Consultor\u00eda de Comunicaci\u00f3n presentou hoxe na capital ourensana, no Centro Cultural Marcos Valc\u00e1rcel, a campa\u00f1a \u00abRevisa os medicamentos da casa\u00bb, unha iniciativa promovida en conxunto, polos colexios de Farmac\u00e9uticos, M\u00e9dicos e de Enfermer\u00eda de Ourense. A iniciativa p\u00faxose en marcha cun doble prop\u00f3sito: informar e sensibilizar aos profesionais da sanidade sobre a importancia de [&hellip;]\" \/>\n<meta property=\"og:url\" content=\"https:\/\/comunicando.gal\/gal\/comunicando-presenta-unha-campana-de-xestion-de-medicamentos-para-protexer-a-saude-e-o-medio-ambiente\/\" \/>\n<meta property=\"og:site_name\" content=\"Comunicando\" \/>\n<meta property=\"article:published_time\" content=\"2024-09-10T10:37:24+00:00\" \/>\n<meta property=\"article:modified_time\" content=\"2024-09-13T11:05:26+00:00\" \/>\n<meta property=\"og:image\" content=\"https:\/\/comunicando.gal\/gal\/wp-content\/uploads\/2024\/09\/revisalosmedicamentosdecasa.jpg\" \/>\n\t<meta property=\"og:image:width\" content=\"1600\" \/>\n\t<meta property=\"og:image:height\" content=\"1200\" \/>\n\t<meta property=\"og:image:type\" content=\"image\/jpeg\" \/>\n<meta name=\"author\" content=\"Jorge Isla\" \/>\n<meta name=\"twitter:card\" content=\"summary_large_image\" \/>\n<script type=\"application\/ld+json\" class=\"yoast-schema-graph\">{\"@context\":\"https:\/\/schema.org\",\"@graph\":[{\"@type\":\"Article\",\"@id\":\"https:\/\/comunicando.gal\/gal\/comunicando-presenta-unha-campana-de-xestion-de-medicamentos-para-protexer-a-saude-e-o-medio-ambiente\/#article\",\"isPartOf\":{\"@id\":\"https:\/\/comunicando.gal\/gal\/comunicando-presenta-unha-campana-de-xestion-de-medicamentos-para-protexer-a-saude-e-o-medio-ambiente\/\"},\"author\":{\"name\":\"Jorge Isla\",\"@id\":\"https:\/\/comunicando.gal\/gal\/#\/schema\/person\/0d28af683c857811ed3fe6a412c4a429\"},\"headline\":\"Comunicando presenta unha campa\u00f1a de xesti\u00f3n de medicamentos para protexer a sa\u00fade e o medio ambiente\",\"datePublished\":\"2024-09-10T10:37:24+00:00\",\"dateModified\":\"2024-09-13T11:05:26+00:00\",\"mainEntityOfPage\":{\"@id\":\"https:\/\/comunicando.gal\/gal\/comunicando-presenta-unha-campana-de-xestion-de-medicamentos-para-protexer-a-saude-e-o-medio-ambiente\/\"},\"wordCount\":209,\"commentCount\":0,\"publisher\":{\"@id\":\"https:\/\/comunicando.gal\/gal\/#organization\"},\"image\":{\"@id\":\"https:\/\/comunicando.gal\/gal\/comunicando-presenta-unha-campana-de-xestion-de-medicamentos-para-protexer-a-saude-e-o-medio-ambiente\/#primaryimage\"},\"thumbnailUrl\":\"https:\/\/comunicando.gal\/gal\/wp-content\/uploads\/2024\/09\/revisalosmedicamentosdecasa.jpg\",\"articleSection\":[\"Noticias\"],\"inLanguage\":\"es\"},{\"@type\":\"WebPage\",\"@id\":\"https:\/\/comunicando.gal\/gal\/comunicando-presenta-unha-campana-de-xestion-de-medicamentos-para-protexer-a-saude-e-o-medio-ambiente\/\",\"url\":\"https:\/\/comunicando.gal\/gal\/comunicando-presenta-unha-campana-de-xestion-de-medicamentos-para-protexer-a-saude-e-o-medio-ambiente\/\",\"name\":\"Comunicando presenta unha campa\u00f1a de xesti\u00f3n de medicamentos para protexer a sa\u00fade e o medio ambiente\",\"isPartOf\":{\"@id\":\"https:\/\/comunicando.gal\/gal\/#website\"},\"primaryImageOfPage\":{\"@id\":\"https:\/\/comunicando.gal\/gal\/comunicando-presenta-unha-campana-de-xestion-de-medicamentos-para-protexer-a-saude-e-o-medio-ambiente\/#primaryimage\"},\"image\":{\"@id\":\"https:\/\/comunicando.gal\/gal\/comunicando-presenta-unha-campana-de-xestion-de-medicamentos-para-protexer-a-saude-e-o-medio-ambiente\/#primaryimage\"},\"thumbnailUrl\":\"https:\/\/comunicando.gal\/gal\/wp-content\/uploads\/2024\/09\/revisalosmedicamentosdecasa.jpg\",\"datePublished\":\"2024-09-10T10:37:24+00:00\",\"dateModified\":\"2024-09-13T11:05:26+00:00\",\"breadcrumb\":{\"@id\":\"https:\/\/comunicando.gal\/gal\/comunicando-presenta-unha-campana-de-xestion-de-medicamentos-para-protexer-a-saude-e-o-medio-ambiente\/#breadcrumb\"},\"inLanguage\":\"es\",\"potentialAction\":[{\"@type\":\"ReadAction\",\"target\":[\"https:\/\/comunicando.gal\/gal\/comunicando-presenta-unha-campana-de-xestion-de-medicamentos-para-protexer-a-saude-e-o-medio-ambiente\/\"]}]},{\"@type\":\"ImageObject\",\"inLanguage\":\"es\",\"@id\":\"https:\/\/comunicando.gal\/gal\/comunicando-presenta-unha-campana-de-xestion-de-medicamentos-para-protexer-a-saude-e-o-medio-ambiente\/#primaryimage\",\"url\":\"https:\/\/comunicando.gal\/gal\/wp-content\/uploads\/2024\/09\/revisalosmedicamentosdecasa.jpg\",\"contentUrl\":\"https:\/\/comunicando.gal\/gal\/wp-content\/uploads\/2024\/09\/revisalosmedicamentosdecasa.jpg\",\"width\":1600,\"height\":1200},{\"@type\":\"BreadcrumbList\",\"@id\":\"https:\/\/comunicando.gal\/gal\/comunicando-presenta-unha-campana-de-xestion-de-medicamentos-para-protexer-a-saude-e-o-medio-ambiente\/#breadcrumb\",\"itemListElement\":[{\"@type\":\"ListItem\",\"position\":1,\"name\":\"Portada\",\"item\":\"https:\/\/comunicando.gal\/gal\/\"},{\"@type\":\"ListItem\",\"position\":2,\"name\":\"Comunicando presenta unha campa\u00f1a de xesti\u00f3n de medicamentos para protexer a sa\u00fade e o medio ambiente\"}]},{\"@type\":\"WebSite\",\"@id\":\"https:\/\/comunicando.gal\/gal\/#website\",\"url\":\"https:\/\/comunicando.gal\/gal\/\",\"name\":\"Comunicando. Consultor\u00eda de comunicaci\u00f3n.\",\"description\":\"Consultor\u00eda de comunicaci\u00f3n\",\"publisher\":{\"@id\":\"https:\/\/comunicando.gal\/gal\/#organization\"},\"alternateName\":\"Comunicando. Consultor\u00eda de comunicaci\u00f3n.\",\"potentialAction\":[{\"@type\":\"SearchAction\",\"target\":{\"@type\":\"EntryPoint\",\"urlTemplate\":\"https:\/\/comunicando.gal\/gal\/?s={search_term_string}\"},\"query-input\":{\"@type\":\"PropertyValueSpecification\",\"valueRequired\":true,\"valueName\":\"search_term_string\"}}],\"inLanguage\":\"es\"},{\"@type\":\"Organization\",\"@id\":\"https:\/\/comunicando.gal\/gal\/#organization\",\"name\":\"Comunicando. Consultor\u00eda de comunicaci\u00f3n.\",\"url\":\"https:\/\/comunicando.gal\/gal\/\",\"logo\":{\"@type\":\"ImageObject\",\"inLanguage\":\"es\",\"@id\":\"https:\/\/comunicando.gal\/gal\/#\/schema\/logo\/image\/\",\"url\":\"https:\/\/comunicando.gal\/gal\/wp-content\/uploads\/2024\/07\/comunicando-vertical.png\",\"contentUrl\":\"https:\/\/comunicando.gal\/gal\/wp-content\/uploads\/2024\/07\/comunicando-vertical.png\",\"width\":300,\"height\":323,\"caption\":\"Comunicando. Consultor\u00eda de comunicaci\u00f3n.\"},\"image\":{\"@id\":\"https:\/\/comunicando.gal\/gal\/#\/schema\/logo\/image\/\"}},{\"@type\":\"Person\",\"@id\":\"https:\/\/comunicando.gal\/gal\/#\/schema\/person\/0d28af683c857811ed3fe6a412c4a429\",\"name\":\"Jorge Isla\"}]}<\/script>\n<!-- \/ Yoast SEO plugin. -->","yoast_head_json":{"title":"Comunicando presenta unha campa\u00f1a de xesti\u00f3n de medicamentos para protexer a sa\u00fade e o medio ambiente","robots":{"index":"index","follow":"follow","max-snippet":"max-snippet:-1","max-image-preview":"max-image-preview:large","max-video-preview":"max-video-preview:-1"},"canonical":"https:\/\/comunicando.gal\/gal\/comunicando-presenta-unha-campana-de-xestion-de-medicamentos-para-protexer-a-saude-e-o-medio-ambiente\/","og_locale":"es_ES","og_type":"article","og_title":"Comunicando presenta unha campa\u00f1a de xesti\u00f3n de medicamentos para protexer a sa\u00fade e o medio ambiente","og_description":"Comunicando Consultor\u00eda de Comunicaci\u00f3n presentou hoxe na capital ourensana, no Centro Cultural Marcos Valc\u00e1rcel, a campa\u00f1a \u00abRevisa os medicamentos da casa\u00bb, unha iniciativa promovida en conxunto, polos colexios de Farmac\u00e9uticos, M\u00e9dicos e de Enfermer\u00eda de Ourense. A iniciativa p\u00faxose en marcha cun doble prop\u00f3sito: informar e sensibilizar aos profesionais da sanidade sobre a importancia de [&hellip;]","og_url":"https:\/\/comunicando.gal\/gal\/comunicando-presenta-unha-campana-de-xestion-de-medicamentos-para-protexer-a-saude-e-o-medio-ambiente\/","og_site_name":"Comunicando","article_published_time":"2024-09-10T10:37:24+00:00","article_modified_time":"2024-09-13T11:05:26+00:00","og_image":[{"width":1600,"height":1200,"url":"https:\/\/comunicando.gal\/gal\/wp-content\/uploads\/2024\/09\/revisalosmedicamentosdecasa.jpg","type":"image\/jpeg"}],"author":"Jorge Isla","twitter_card":"summary_large_image","schema":{"@context":"https:\/\/schema.org","@graph":[{"@type":"Article","@id":"https:\/\/comunicando.gal\/gal\/comunicando-presenta-unha-campana-de-xestion-de-medicamentos-para-protexer-a-saude-e-o-medio-ambiente\/#article","isPartOf":{"@id":"https:\/\/comunicando.gal\/gal\/comunicando-presenta-unha-campana-de-xestion-de-medicamentos-para-protexer-a-saude-e-o-medio-ambiente\/"},"author":{"name":"Jorge Isla","@id":"https:\/\/comunicando.gal\/gal\/#\/schema\/person\/0d28af683c857811ed3fe6a412c4a429"},"headline":"Comunicando presenta unha campa\u00f1a de xesti\u00f3n de medicamentos para protexer a sa\u00fade e o medio ambiente","datePublished":"2024-09-10T10:37:24+00:00","dateModified":"2024-09-13T11:05:26+00:00","mainEntityOfPage":{"@id":"https:\/\/comunicando.gal\/gal\/comunicando-presenta-unha-campana-de-xestion-de-medicamentos-para-protexer-a-saude-e-o-medio-ambiente\/"},"wordCount":209,"commentCount":0,"publisher":{"@id":"https:\/\/comunicando.gal\/gal\/#organization"},"image":{"@id":"https:\/\/comunicando.gal\/gal\/comunicando-presenta-unha-campana-de-xestion-de-medicamentos-para-protexer-a-saude-e-o-medio-ambiente\/#primaryimage"},"thumbnailUrl":"https:\/\/comunicando.gal\/gal\/wp-content\/uploads\/2024\/09\/revisalosmedicamentosdecasa.jpg","articleSection":["Noticias"],"inLanguage":"es"},{"@type":"WebPage","@id":"https:\/\/comunicando.gal\/gal\/comunicando-presenta-unha-campana-de-xestion-de-medicamentos-para-protexer-a-saude-e-o-medio-ambiente\/","url":"https:\/\/comunicando.gal\/gal\/comunicando-presenta-unha-campana-de-xestion-de-medicamentos-para-protexer-a-saude-e-o-medio-ambiente\/","name":"Comunicando presenta unha campa\u00f1a de xesti\u00f3n de medicamentos para protexer a sa\u00fade e o medio ambiente","isPartOf":{"@id":"https:\/\/comunicando.gal\/gal\/#website"},"primaryImageOfPage":{"@id":"https:\/\/comunicando.gal\/gal\/comunicando-presenta-unha-campana-de-xestion-de-medicamentos-para-protexer-a-saude-e-o-medio-ambiente\/#primaryimage"},"image":{"@id":"https:\/\/comunicando.gal\/gal\/comunicando-presenta-unha-campana-de-xestion-de-medicamentos-para-protexer-a-saude-e-o-medio-ambiente\/#primaryimage"},"thumbnailUrl":"https:\/\/comunicando.gal\/gal\/wp-content\/uploads\/2024\/09\/revisalosmedicamentosdecasa.jpg","datePublished":"2024-09-10T10:37:24+00:00","dateModified":"2024-09-13T11:05:26+00:00","breadcrumb":{"@id":"https:\/\/comunicando.gal\/gal\/comunicando-presenta-unha-campana-de-xestion-de-medicamentos-para-protexer-a-saude-e-o-medio-ambiente\/#breadcrumb"},"inLanguage":"es","potentialAction":[{"@type":"ReadAction","target":["https:\/\/comunicando.gal\/gal\/comunicando-presenta-unha-campana-de-xestion-de-medicamentos-para-protexer-a-saude-e-o-medio-ambiente\/"]}]},{"@type":"ImageObject","inLanguage":"es","@id":"https:\/\/comunicando.gal\/gal\/comunicando-presenta-unha-campana-de-xestion-de-medicamentos-para-protexer-a-saude-e-o-medio-ambiente\/#primaryimage","url":"https:\/\/comunicando.gal\/gal\/wp-content\/uploads\/2024\/09\/revisalosmedicamentosdecasa.jpg","contentUrl":"https:\/\/comunicando.gal\/gal\/wp-content\/uploads\/2024\/09\/revisalosmedicamentosdecasa.jpg","width":1600,"height":1200},{"@type":"BreadcrumbList","@id":"https:\/\/comunicando.gal\/gal\/comunicando-presenta-unha-campana-de-xestion-de-medicamentos-para-protexer-a-saude-e-o-medio-ambiente\/#breadcrumb","itemListElement":[{"@type":"ListItem","position":1,"name":"Portada","item":"https:\/\/comunicando.gal\/gal\/"},{"@type":"ListItem","position":2,"name":"Comunicando presenta unha campa\u00f1a de xesti\u00f3n de medicamentos para protexer a sa\u00fade e o medio ambiente"}]},{"@type":"WebSite","@id":"https:\/\/comunicando.gal\/gal\/#website","url":"https:\/\/comunicando.gal\/gal\/","name":"Comunicando. Consultor\u00eda de comunicaci\u00f3n.","description":"Consultor\u00eda de comunicaci\u00f3n","publisher":{"@id":"https:\/\/comunicando.gal\/gal\/#organization"},"alternateName":"Comunicando. Consultor\u00eda de comunicaci\u00f3n.","potentialAction":[{"@type":"SearchAction","target":{"@type":"EntryPoint","urlTemplate":"https:\/\/comunicando.gal\/gal\/?s={search_term_string}"},"query-input":{"@type":"PropertyValueSpecification","valueRequired":true,"valueName":"search_term_string"}}],"inLanguage":"es"},{"@type":"Organization","@id":"https:\/\/comunicando.gal\/gal\/#organization","name":"Comunicando. Consultor\u00eda de comunicaci\u00f3n.","url":"https:\/\/comunicando.gal\/gal\/","logo":{"@type":"ImageObject","inLanguage":"es","@id":"https:\/\/comunicando.gal\/gal\/#\/schema\/logo\/image\/","url":"https:\/\/comunicando.gal\/gal\/wp-content\/uploads\/2024\/07\/comunicando-vertical.png","contentUrl":"https:\/\/comunicando.gal\/gal\/wp-content\/uploads\/2024\/07\/comunicando-vertical.png","width":300,"height":323,"caption":"Comunicando. Consultor\u00eda de comunicaci\u00f3n."},"image":{"@id":"https:\/\/comunicando.gal\/gal\/#\/schema\/logo\/image\/"}},{"@type":"Person","@id":"https:\/\/comunicando.gal\/gal\/#\/schema\/person\/0d28af683c857811ed3fe6a412c4a429","name":"Jorge Isla"}]}},"_links":{"self":[{"href":"https:\/\/comunicando.gal\/gal\/wp-json\/wp\/v2\/posts\/4677","targetHints":{"allow":["GET"]}}],"collection":[{"href":"https:\/\/comunicando.gal\/gal\/wp-json\/wp\/v2\/posts"}],"about":[{"href":"https:\/\/comunicando.gal\/gal\/wp-json\/wp\/v2\/types\/post"}],"author":[{"embeddable":true,"href":"https:\/\/comunicando.gal\/gal\/wp-json\/wp\/v2\/users\/3"}],"replies":[{"embeddable":true,"href":"https:\/\/comunicando.gal\/gal\/wp-json\/wp\/v2\/comments?post=4677"}],"version-history":[{"count":10,"href":"https:\/\/comunicando.gal\/gal\/wp-json\/wp\/v2\/posts\/4677\/revisions"}],"predecessor-version":[{"id":4688,"href":"https:\/\/comunicando.gal\/gal\/wp-json\/wp\/v2\/posts\/4677\/revisions\/4688"}],"wp:featuredmedia":[{"embeddable":true,"href":"https:\/\/comunicando.gal\/gal\/wp-json\/wp\/v2\/media\/4683"}],"wp:attachment":[{"href":"https:\/\/comunicando.gal\/gal\/wp-json\/wp\/v2\/media?parent=4677"}],"wp:term":[{"taxonomy":"category","embeddable":true,"href":"https:\/\/comunicando.gal\/gal\/wp-json\/wp\/v2\/categories?post=4677"},{"taxonomy":"post_tag","embeddable":true,"href":"https:\/\/comunicando.gal\/gal\/wp-json\/wp\/v2\/tags?post=4677"}],"curies":[{"name":"wp","href":"https:\/\/api.w.org\/{rel}","templated":true}]}}