{"id":4658,"date":"2024-08-13T18:17:30","date_gmt":"2024-08-13T16:17:30","guid":{"rendered":"https:\/\/comunicando.gal\/gal\/?p=4658"},"modified":"2024-08-13T19:05:30","modified_gmt":"2024-08-13T17:05:30","slug":"a-do-monterrei-confia-en-comunicando-para-a-organizacion-da-sua-feira-do-vino","status":"publish","type":"post","link":"https:\/\/comunicando.gal\/gal\/a-do-monterrei-confia-en-comunicando-para-a-organizacion-da-sua-feira-do-vino\/","title":{"rendered":"A D.O. Monterrei conf\u00eda en Comunicando para a organizaci\u00f3n da s\u00faa Feira do Vi\u00f1o"},"content":{"rendered":"<p>Un ano m\u00e1is, e nesta ocasi\u00f3n desafiando un calor de m\u00e1is de 41 grados, centos de persoas disfrutaron en Ver\u00edn da XVII Feira do Vi\u00f1o de Monterrei, os d\u00edas 9, 10 e 11 de agosto. O Consello Regulador da D.O. Monterrei confiou no noso equipo, para desenvolver a <strong>montaxe do recinto feiral<\/strong>, adem\u00e1is de para <strong>presentar o acto de inauguraci\u00f3n e entrega das Medallas<\/strong> aos novos confrades da Confrar\u00eda Vi\u00f1os de Monterrei.<\/p>\n<p><img loading=\"lazy\" decoding=\"async\" class=\"aligncenter wp-image-4666\" src=\"https:\/\/comunicando.gal\/gal\/wp-content\/uploads\/2024\/08\/feriamonterrei3.jpg\" alt=\"\" width=\"400\" height=\"531\" srcset=\"https:\/\/comunicando.gal\/gal\/wp-content\/uploads\/2024\/08\/feriamonterrei3.jpg 1536w, https:\/\/comunicando.gal\/gal\/wp-content\/uploads\/2024\/08\/feriamonterrei3-768x1020.jpg 768w, https:\/\/comunicando.gal\/gal\/wp-content\/uploads\/2024\/08\/feriamonterrei3-1157x1536.jpg 1157w, https:\/\/comunicando.gal\/gal\/wp-content\/uploads\/2024\/08\/feriamonterrei3-18x24.jpg 18w, https:\/\/comunicando.gal\/gal\/wp-content\/uploads\/2024\/08\/feriamonterrei3-27x36.jpg 27w, https:\/\/comunicando.gal\/gal\/wp-content\/uploads\/2024\/08\/feriamonterrei3-36x48.jpg 36w\" sizes=\"auto, (max-width: 400px) 100vw, 400px\" \/><\/p>\n<p>Centos de persoas disfrutaron de tres d\u00edas de bo vi\u00f1o e boa compa\u00f1a, paseando polo circuito da Alameda verinesa, percorrendo os postos das <strong>18 adegas participantes<\/strong>, as\u00ed como os de gastronom\u00eda. Un escenario que se amosa como o emplazamento perfecto para a celebraci\u00f3n deste <strong>evento multitudinario<\/strong>.<\/p>\n<p><img loading=\"lazy\" decoding=\"async\" class=\"aligncenter wp-image-4667 size-full\" src=\"https:\/\/comunicando.gal\/gal\/wp-content\/uploads\/2024\/08\/feriamonterrei7.jpg\" alt=\"\" width=\"640\" height=\"480\" srcset=\"https:\/\/comunicando.gal\/gal\/wp-content\/uploads\/2024\/08\/feriamonterrei7.jpg 640w, https:\/\/comunicando.gal\/gal\/wp-content\/uploads\/2024\/08\/feriamonterrei7-24x18.jpg 24w, https:\/\/comunicando.gal\/gal\/wp-content\/uploads\/2024\/08\/feriamonterrei7-36x27.jpg 36w, https:\/\/comunicando.gal\/gal\/wp-content\/uploads\/2024\/08\/feriamonterrei7-48x36.jpg 48w\" sizes=\"auto, (max-width: 640px) 100vw, 640px\" \/><\/p>\n<p>Na organizaci\u00f3n da feira, Comunicando Consultor\u00eda de Comunicaci\u00f3n contou coa axuda e implicaci\u00f3n dos profesionais de <em>Studio Atl\u00e1ntico<\/em> e <em>Pich\u00edn Eventos<\/em> sen os que ter\u00eda sido imposible desenvolver este proxecto con \u00e9xito.<\/p>\n<p><img loading=\"lazy\" decoding=\"async\" class=\"aligncenter wp-image-4671 size-full\" src=\"https:\/\/comunicando.gal\/gal\/wp-content\/uploads\/2024\/08\/feriamonterrei11.jpg\" alt=\"\" width=\"640\" height=\"480\" srcset=\"https:\/\/comunicando.gal\/gal\/wp-content\/uploads\/2024\/08\/feriamonterrei11.jpg 640w, https:\/\/comunicando.gal\/gal\/wp-content\/uploads\/2024\/08\/feriamonterrei11-24x18.jpg 24w, https:\/\/comunicando.gal\/gal\/wp-content\/uploads\/2024\/08\/feriamonterrei11-36x27.jpg 36w, https:\/\/comunicando.gal\/gal\/wp-content\/uploads\/2024\/08\/feriamonterrei11-48x36.jpg 48w\" sizes=\"auto, (max-width: 640px) 100vw, 640px\" \/><\/p>\n<p>Esta foi, a modo de exemplo, parte da repercusi\u00f3n en medios de comunicaci\u00f3n:<\/p>\n<p><a href=\"https:\/\/www.lavozdegalicia.es\/noticia\/ourense\/verin\/2024\/08\/11\/feira-do-vino-monterrei-llena-hoteles-comarca\/00031723386386343374527.htm\" target=\"_blank\" rel=\"noopener\">La Voz de Galicia<\/a><\/p>\n<p><a href=\"https:\/\/www.diariodotamega.es\/album\/auga-vino-terra\/fotogaleria\/20240812125948056082.html\" target=\"_blank\" rel=\"noopener\">Diario do T\u00e1mega<\/a><\/p>\n<p><a href=\"https:\/\/www.europapress.es\/galicia\/agro-00246\/noticia-abre-xvii-feira-do-vino-monterrei-presencia-casi-veintena-bodegas-20240809210047.html\" target=\"_blank\" rel=\"noopener\">Europa Press<\/a><\/p>\n","protected":false},"excerpt":{"rendered":"<p>Un ano m\u00e1is, e nesta ocasi\u00f3n desafiando un calor de m\u00e1is de 41 grados, centos de persoas disfrutaron en Ver\u00edn da XVII Feira do Vi\u00f1o de Monterrei, os d\u00edas 9, 10 e 11 de agosto. O Consello Regulador da D.O. Monterrei confiou no noso equipo, para desenvolver a montaxe do recinto feiral, adem\u00e1is de para [&hellip;]<\/p>\n","protected":false},"author":3,"featured_media":4664,"comment_status":"open","ping_status":"open","sticky":false,"template":"","format":"standard","meta":{"footnotes":""},"categories":[1],"tags":[32,28,29,31,30],"class_list":["post-4658","post","type-post","status-publish","format-standard","has-post-thumbnail","hentry","category-noticias","tag-cata","tag-feira","tag-monterrei","tag-vino","tag-vinos"],"yoast_head":"<!-- This site is optimized with the Yoast SEO plugin v26.2 - https:\/\/yoast.com\/wordpress\/plugins\/seo\/ -->\n<title>A D.O. Monterrei conf\u00eda en Comunicando para a organizaci\u00f3n da s\u00faa Feira do Vi\u00f1o<\/title>\n<meta name=\"description\" content=\"O Consello Regulador da D.O. Monterrei confiou no noso equipo, para a montaxe do recinto feiral, e para presentar a inauguraci\u00f3n oficial\" \/>\n<meta name=\"robots\" content=\"index, follow, max-snippet:-1, max-image-preview:large, max-video-preview:-1\" \/>\n<link rel=\"canonical\" href=\"https:\/\/comunicando.gal\/gal\/a-do-monterrei-confia-en-comunicando-para-a-organizacion-da-sua-feira-do-vino\/\" \/>\n<meta property=\"og:locale\" content=\"es_ES\" \/>\n<meta property=\"og:type\" content=\"article\" \/>\n<meta property=\"og:title\" content=\"A D.O. Monterrei conf\u00eda en Comunicando para a organizaci\u00f3n da s\u00faa Feira do Vi\u00f1o\" \/>\n<meta property=\"og:description\" content=\"O Consello Regulador da D.O. Monterrei confiou no noso equipo, para a montaxe do recinto feiral, e para presentar a inauguraci\u00f3n oficial\" \/>\n<meta property=\"og:url\" content=\"https:\/\/comunicando.gal\/gal\/a-do-monterrei-confia-en-comunicando-para-a-organizacion-da-sua-feira-do-vino\/\" \/>\n<meta property=\"og:site_name\" content=\"Comunicando\" \/>\n<meta property=\"article:published_time\" content=\"2024-08-13T16:17:30+00:00\" \/>\n<meta property=\"article:modified_time\" content=\"2024-08-13T17:05:30+00:00\" \/>\n<meta property=\"og:image\" content=\"https:\/\/comunicando.gal\/gal\/wp-content\/uploads\/2024\/08\/feriamonterrei4.jpg\" \/>\n\t<meta property=\"og:image:width\" content=\"2048\" \/>\n\t<meta property=\"og:image:height\" content=\"1536\" \/>\n\t<meta property=\"og:image:type\" content=\"image\/jpeg\" \/>\n<meta name=\"author\" content=\"Jorge Isla\" \/>\n<meta name=\"twitter:card\" content=\"summary_large_image\" \/>\n<script type=\"application\/ld+json\" class=\"yoast-schema-graph\">{\"@context\":\"https:\/\/schema.org\",\"@graph\":[{\"@type\":\"Article\",\"@id\":\"https:\/\/comunicando.gal\/gal\/a-do-monterrei-confia-en-comunicando-para-a-organizacion-da-sua-feira-do-vino\/#article\",\"isPartOf\":{\"@id\":\"https:\/\/comunicando.gal\/gal\/a-do-monterrei-confia-en-comunicando-para-a-organizacion-da-sua-feira-do-vino\/\"},\"author\":{\"name\":\"Jorge Isla\",\"@id\":\"https:\/\/comunicando.gal\/gal\/#\/schema\/person\/0d28af683c857811ed3fe6a412c4a429\"},\"headline\":\"A D.O. Monterrei conf\u00eda en Comunicando para a organizaci\u00f3n da s\u00faa Feira do Vi\u00f1o\",\"datePublished\":\"2024-08-13T16:17:30+00:00\",\"dateModified\":\"2024-08-13T17:05:30+00:00\",\"mainEntityOfPage\":{\"@id\":\"https:\/\/comunicando.gal\/gal\/a-do-monterrei-confia-en-comunicando-para-a-organizacion-da-sua-feira-do-vino\/\"},\"wordCount\":212,\"commentCount\":0,\"publisher\":{\"@id\":\"https:\/\/comunicando.gal\/gal\/#organization\"},\"image\":{\"@id\":\"https:\/\/comunicando.gal\/gal\/a-do-monterrei-confia-en-comunicando-para-a-organizacion-da-sua-feira-do-vino\/#primaryimage\"},\"thumbnailUrl\":\"https:\/\/comunicando.gal\/gal\/wp-content\/uploads\/2024\/08\/feriamonterrei4.jpg\",\"keywords\":[\"cata\",\"feira\",\"monterrei\",\"vi\u00f1o\",\"vi\u00f1os\"],\"articleSection\":[\"Noticias\"],\"inLanguage\":\"es\"},{\"@type\":\"WebPage\",\"@id\":\"https:\/\/comunicando.gal\/gal\/a-do-monterrei-confia-en-comunicando-para-a-organizacion-da-sua-feira-do-vino\/\",\"url\":\"https:\/\/comunicando.gal\/gal\/a-do-monterrei-confia-en-comunicando-para-a-organizacion-da-sua-feira-do-vino\/\",\"name\":\"A D.O. Monterrei conf\u00eda en Comunicando para a organizaci\u00f3n da s\u00faa Feira do Vi\u00f1o\",\"isPartOf\":{\"@id\":\"https:\/\/comunicando.gal\/gal\/#website\"},\"primaryImageOfPage\":{\"@id\":\"https:\/\/comunicando.gal\/gal\/a-do-monterrei-confia-en-comunicando-para-a-organizacion-da-sua-feira-do-vino\/#primaryimage\"},\"image\":{\"@id\":\"https:\/\/comunicando.gal\/gal\/a-do-monterrei-confia-en-comunicando-para-a-organizacion-da-sua-feira-do-vino\/#primaryimage\"},\"thumbnailUrl\":\"https:\/\/comunicando.gal\/gal\/wp-content\/uploads\/2024\/08\/feriamonterrei4.jpg\",\"datePublished\":\"2024-08-13T16:17:30+00:00\",\"dateModified\":\"2024-08-13T17:05:30+00:00\",\"description\":\"O Consello Regulador da D.O. Monterrei confiou no noso equipo, para a montaxe do recinto feiral, e para presentar a inauguraci\u00f3n oficial\",\"breadcrumb\":{\"@id\":\"https:\/\/comunicando.gal\/gal\/a-do-monterrei-confia-en-comunicando-para-a-organizacion-da-sua-feira-do-vino\/#breadcrumb\"},\"inLanguage\":\"es\",\"potentialAction\":[{\"@type\":\"ReadAction\",\"target\":[\"https:\/\/comunicando.gal\/gal\/a-do-monterrei-confia-en-comunicando-para-a-organizacion-da-sua-feira-do-vino\/\"]}]},{\"@type\":\"ImageObject\",\"inLanguage\":\"es\",\"@id\":\"https:\/\/comunicando.gal\/gal\/a-do-monterrei-confia-en-comunicando-para-a-organizacion-da-sua-feira-do-vino\/#primaryimage\",\"url\":\"https:\/\/comunicando.gal\/gal\/wp-content\/uploads\/2024\/08\/feriamonterrei4.jpg\",\"contentUrl\":\"https:\/\/comunicando.gal\/gal\/wp-content\/uploads\/2024\/08\/feriamonterrei4.jpg\",\"width\":2048,\"height\":1536},{\"@type\":\"BreadcrumbList\",\"@id\":\"https:\/\/comunicando.gal\/gal\/a-do-monterrei-confia-en-comunicando-para-a-organizacion-da-sua-feira-do-vino\/#breadcrumb\",\"itemListElement\":[{\"@type\":\"ListItem\",\"position\":1,\"name\":\"Portada\",\"item\":\"https:\/\/comunicando.gal\/gal\/\"},{\"@type\":\"ListItem\",\"position\":2,\"name\":\"A D.O. Monterrei conf\u00eda en Comunicando para a organizaci\u00f3n da s\u00faa Feira do Vi\u00f1o\"}]},{\"@type\":\"WebSite\",\"@id\":\"https:\/\/comunicando.gal\/gal\/#website\",\"url\":\"https:\/\/comunicando.gal\/gal\/\",\"name\":\"Comunicando. Consultor\u00eda de comunicaci\u00f3n.\",\"description\":\"Consultor\u00eda de comunicaci\u00f3n\",\"publisher\":{\"@id\":\"https:\/\/comunicando.gal\/gal\/#organization\"},\"alternateName\":\"Comunicando. Consultor\u00eda de comunicaci\u00f3n.\",\"potentialAction\":[{\"@type\":\"SearchAction\",\"target\":{\"@type\":\"EntryPoint\",\"urlTemplate\":\"https:\/\/comunicando.gal\/gal\/?s={search_term_string}\"},\"query-input\":{\"@type\":\"PropertyValueSpecification\",\"valueRequired\":true,\"valueName\":\"search_term_string\"}}],\"inLanguage\":\"es\"},{\"@type\":\"Organization\",\"@id\":\"https:\/\/comunicando.gal\/gal\/#organization\",\"name\":\"Comunicando. Consultor\u00eda de comunicaci\u00f3n.\",\"url\":\"https:\/\/comunicando.gal\/gal\/\",\"logo\":{\"@type\":\"ImageObject\",\"inLanguage\":\"es\",\"@id\":\"https:\/\/comunicando.gal\/gal\/#\/schema\/logo\/image\/\",\"url\":\"https:\/\/comunicando.gal\/gal\/wp-content\/uploads\/2024\/07\/comunicando-vertical.png\",\"contentUrl\":\"https:\/\/comunicando.gal\/gal\/wp-content\/uploads\/2024\/07\/comunicando-vertical.png\",\"width\":300,\"height\":323,\"caption\":\"Comunicando. Consultor\u00eda de comunicaci\u00f3n.\"},\"image\":{\"@id\":\"https:\/\/comunicando.gal\/gal\/#\/schema\/logo\/image\/\"}},{\"@type\":\"Person\",\"@id\":\"https:\/\/comunicando.gal\/gal\/#\/schema\/person\/0d28af683c857811ed3fe6a412c4a429\",\"name\":\"Jorge Isla\"}]}<\/script>\n<!-- \/ Yoast SEO plugin. -->","yoast_head_json":{"title":"A D.O. Monterrei conf\u00eda en Comunicando para a organizaci\u00f3n da s\u00faa Feira do Vi\u00f1o","description":"O Consello Regulador da D.O. Monterrei confiou no noso equipo, para a montaxe do recinto feiral, e para presentar a inauguraci\u00f3n oficial","robots":{"index":"index","follow":"follow","max-snippet":"max-snippet:-1","max-image-preview":"max-image-preview:large","max-video-preview":"max-video-preview:-1"},"canonical":"https:\/\/comunicando.gal\/gal\/a-do-monterrei-confia-en-comunicando-para-a-organizacion-da-sua-feira-do-vino\/","og_locale":"es_ES","og_type":"article","og_title":"A D.O. Monterrei conf\u00eda en Comunicando para a organizaci\u00f3n da s\u00faa Feira do Vi\u00f1o","og_description":"O Consello Regulador da D.O. Monterrei confiou no noso equipo, para a montaxe do recinto feiral, e para presentar a inauguraci\u00f3n oficial","og_url":"https:\/\/comunicando.gal\/gal\/a-do-monterrei-confia-en-comunicando-para-a-organizacion-da-sua-feira-do-vino\/","og_site_name":"Comunicando","article_published_time":"2024-08-13T16:17:30+00:00","article_modified_time":"2024-08-13T17:05:30+00:00","og_image":[{"width":2048,"height":1536,"url":"https:\/\/comunicando.gal\/gal\/wp-content\/uploads\/2024\/08\/feriamonterrei4.jpg","type":"image\/jpeg"}],"author":"Jorge Isla","twitter_card":"summary_large_image","schema":{"@context":"https:\/\/schema.org","@graph":[{"@type":"Article","@id":"https:\/\/comunicando.gal\/gal\/a-do-monterrei-confia-en-comunicando-para-a-organizacion-da-sua-feira-do-vino\/#article","isPartOf":{"@id":"https:\/\/comunicando.gal\/gal\/a-do-monterrei-confia-en-comunicando-para-a-organizacion-da-sua-feira-do-vino\/"},"author":{"name":"Jorge Isla","@id":"https:\/\/comunicando.gal\/gal\/#\/schema\/person\/0d28af683c857811ed3fe6a412c4a429"},"headline":"A D.O. Monterrei conf\u00eda en Comunicando para a organizaci\u00f3n da s\u00faa Feira do Vi\u00f1o","datePublished":"2024-08-13T16:17:30+00:00","dateModified":"2024-08-13T17:05:30+00:00","mainEntityOfPage":{"@id":"https:\/\/comunicando.gal\/gal\/a-do-monterrei-confia-en-comunicando-para-a-organizacion-da-sua-feira-do-vino\/"},"wordCount":212,"commentCount":0,"publisher":{"@id":"https:\/\/comunicando.gal\/gal\/#organization"},"image":{"@id":"https:\/\/comunicando.gal\/gal\/a-do-monterrei-confia-en-comunicando-para-a-organizacion-da-sua-feira-do-vino\/#primaryimage"},"thumbnailUrl":"https:\/\/comunicando.gal\/gal\/wp-content\/uploads\/2024\/08\/feriamonterrei4.jpg","keywords":["cata","feira","monterrei","vi\u00f1o","vi\u00f1os"],"articleSection":["Noticias"],"inLanguage":"es"},{"@type":"WebPage","@id":"https:\/\/comunicando.gal\/gal\/a-do-monterrei-confia-en-comunicando-para-a-organizacion-da-sua-feira-do-vino\/","url":"https:\/\/comunicando.gal\/gal\/a-do-monterrei-confia-en-comunicando-para-a-organizacion-da-sua-feira-do-vino\/","name":"A D.O. Monterrei conf\u00eda en Comunicando para a organizaci\u00f3n da s\u00faa Feira do Vi\u00f1o","isPartOf":{"@id":"https:\/\/comunicando.gal\/gal\/#website"},"primaryImageOfPage":{"@id":"https:\/\/comunicando.gal\/gal\/a-do-monterrei-confia-en-comunicando-para-a-organizacion-da-sua-feira-do-vino\/#primaryimage"},"image":{"@id":"https:\/\/comunicando.gal\/gal\/a-do-monterrei-confia-en-comunicando-para-a-organizacion-da-sua-feira-do-vino\/#primaryimage"},"thumbnailUrl":"https:\/\/comunicando.gal\/gal\/wp-content\/uploads\/2024\/08\/feriamonterrei4.jpg","datePublished":"2024-08-13T16:17:30+00:00","dateModified":"2024-08-13T17:05:30+00:00","description":"O Consello Regulador da D.O. Monterrei confiou no noso equipo, para a montaxe do recinto feiral, e para presentar a inauguraci\u00f3n oficial","breadcrumb":{"@id":"https:\/\/comunicando.gal\/gal\/a-do-monterrei-confia-en-comunicando-para-a-organizacion-da-sua-feira-do-vino\/#breadcrumb"},"inLanguage":"es","potentialAction":[{"@type":"ReadAction","target":["https:\/\/comunicando.gal\/gal\/a-do-monterrei-confia-en-comunicando-para-a-organizacion-da-sua-feira-do-vino\/"]}]},{"@type":"ImageObject","inLanguage":"es","@id":"https:\/\/comunicando.gal\/gal\/a-do-monterrei-confia-en-comunicando-para-a-organizacion-da-sua-feira-do-vino\/#primaryimage","url":"https:\/\/comunicando.gal\/gal\/wp-content\/uploads\/2024\/08\/feriamonterrei4.jpg","contentUrl":"https:\/\/comunicando.gal\/gal\/wp-content\/uploads\/2024\/08\/feriamonterrei4.jpg","width":2048,"height":1536},{"@type":"BreadcrumbList","@id":"https:\/\/comunicando.gal\/gal\/a-do-monterrei-confia-en-comunicando-para-a-organizacion-da-sua-feira-do-vino\/#breadcrumb","itemListElement":[{"@type":"ListItem","position":1,"name":"Portada","item":"https:\/\/comunicando.gal\/gal\/"},{"@type":"ListItem","position":2,"name":"A D.O. Monterrei conf\u00eda en Comunicando para a organizaci\u00f3n da s\u00faa Feira do Vi\u00f1o"}]},{"@type":"WebSite","@id":"https:\/\/comunicando.gal\/gal\/#website","url":"https:\/\/comunicando.gal\/gal\/","name":"Comunicando. Consultor\u00eda de comunicaci\u00f3n.","description":"Consultor\u00eda de comunicaci\u00f3n","publisher":{"@id":"https:\/\/comunicando.gal\/gal\/#organization"},"alternateName":"Comunicando. Consultor\u00eda de comunicaci\u00f3n.","potentialAction":[{"@type":"SearchAction","target":{"@type":"EntryPoint","urlTemplate":"https:\/\/comunicando.gal\/gal\/?s={search_term_string}"},"query-input":{"@type":"PropertyValueSpecification","valueRequired":true,"valueName":"search_term_string"}}],"inLanguage":"es"},{"@type":"Organization","@id":"https:\/\/comunicando.gal\/gal\/#organization","name":"Comunicando. Consultor\u00eda de comunicaci\u00f3n.","url":"https:\/\/comunicando.gal\/gal\/","logo":{"@type":"ImageObject","inLanguage":"es","@id":"https:\/\/comunicando.gal\/gal\/#\/schema\/logo\/image\/","url":"https:\/\/comunicando.gal\/gal\/wp-content\/uploads\/2024\/07\/comunicando-vertical.png","contentUrl":"https:\/\/comunicando.gal\/gal\/wp-content\/uploads\/2024\/07\/comunicando-vertical.png","width":300,"height":323,"caption":"Comunicando. Consultor\u00eda de comunicaci\u00f3n."},"image":{"@id":"https:\/\/comunicando.gal\/gal\/#\/schema\/logo\/image\/"}},{"@type":"Person","@id":"https:\/\/comunicando.gal\/gal\/#\/schema\/person\/0d28af683c857811ed3fe6a412c4a429","name":"Jorge Isla"}]}},"_links":{"self":[{"href":"https:\/\/comunicando.gal\/gal\/wp-json\/wp\/v2\/posts\/4658","targetHints":{"allow":["GET"]}}],"collection":[{"href":"https:\/\/comunicando.gal\/gal\/wp-json\/wp\/v2\/posts"}],"about":[{"href":"https:\/\/comunicando.gal\/gal\/wp-json\/wp\/v2\/types\/post"}],"author":[{"embeddable":true,"href":"https:\/\/comunicando.gal\/gal\/wp-json\/wp\/v2\/users\/3"}],"replies":[{"embeddable":true,"href":"https:\/\/comunicando.gal\/gal\/wp-json\/wp\/v2\/comments?post=4658"}],"version-history":[{"count":14,"href":"https:\/\/comunicando.gal\/gal\/wp-json\/wp\/v2\/posts\/4658\/revisions"}],"predecessor-version":[{"id":4676,"href":"https:\/\/comunicando.gal\/gal\/wp-json\/wp\/v2\/posts\/4658\/revisions\/4676"}],"wp:featuredmedia":[{"embeddable":true,"href":"https:\/\/comunicando.gal\/gal\/wp-json\/wp\/v2\/media\/4664"}],"wp:attachment":[{"href":"https:\/\/comunicando.gal\/gal\/wp-json\/wp\/v2\/media?parent=4658"}],"wp:term":[{"taxonomy":"category","embeddable":true,"href":"https:\/\/comunicando.gal\/gal\/wp-json\/wp\/v2\/categories?post=4658"},{"taxonomy":"post_tag","embeddable":true,"href":"https:\/\/comunicando.gal\/gal\/wp-json\/wp\/v2\/tags?post=4658"}],"curies":[{"name":"wp","href":"https:\/\/api.w.org\/{rel}","templated":true}]}}