{"id":4506,"date":"2024-06-03T13:41:47","date_gmt":"2024-06-03T11:41:47","guid":{"rendered":"https:\/\/comunicando.gal\/gal\/?p=4506"},"modified":"2024-08-02T14:29:44","modified_gmt":"2024-08-02T12:29:44","slug":"nova-web-de-comunicando","status":"publish","type":"post","link":"https:\/\/comunicando.gal\/gal\/nova-web-de-comunicando\/","title":{"rendered":"Present\u00e1mosvos a nova web de Comunicando"},"content":{"rendered":"<div class=\"wpb-content-wrapper\"><p>[vc_row][vc_column][vc_single_image image=\u00bb4492&#8243; img_size=\u00bbfull\u00bb alignment=\u00bbcenter\u00bb css=\u00bb\u00bb][\/vc_column][\/vc_row][vc_row css=\u00bb.vc_custom_1584119875668{margin-top: 80px !important;}\u00bb][vc_column width=\u00bb1\/6&#8243;][\/vc_column][vc_column css_animation=\u00bbfadeInUp\u00bb width=\u00bb2\/3&#8243;][vc_column_text css=\u00bb\u00bb]Os presentamos la nueva p\u00e1gina web de nuestra empresa, de <strong>Comunicando Consultor\u00eda de Comunicaci\u00f3n<\/strong>.<\/p>\n<p>Present\u00e1mosvos a nova p\u00e1xina web da nosa empresa, de <strong>Comunicando Consultor\u00eda de Comunicaci\u00f3n<\/strong>.<\/p>\n<p>\u00c9 unha modesta e sincera carta de presentaci\u00f3n que fala de n\u00f3s, de qu\u00e9 \u00e9 o que facemos e en qu\u00e9 podemos axudarte, as\u00ed como de alg\u00fans dos nosos logros ata o de agora e os desaf\u00edos por afrontar.<\/p>\n<p>Agardamos que vos guste e vos sirva para facernos unha pequena idea do que ofrece este novo proxecto empresarial. Se queredes m\u00e1is informaci\u00f3n, podedes escribirnos ao correo <a href=\"mailto:info@comunicando.gal\">info@comunicando.gal<\/a> ou chamarnos ao n\u00famero 651 123 308.<\/p>\n<p>Adem\u00e1is, <strong>Comunicando<\/strong> contar\u00e1 cunha sede f\u00edsica sita no Barco de Valdeorras (Ourense), que nestes momentos estase arranxando para a s\u00faa vindeira posta en marcha. O noso obxectivo \u00e9 facilitar \u00f3s nosos clientes, un punto de encontro desde o que comezar a aventura de cada proxecto no que colaboremos.[\/vc_column_text][\/vc_column][vc_column width=\u00bb1\/6&#8243;][\/vc_column][\/vc_row]<\/p>\n<\/div>","protected":false},"excerpt":{"rendered":"<p>[vc_row][vc_column][vc_single_image image=\u00bb4492&#8243; img_size=\u00bbfull\u00bb alignment=\u00bbcenter\u00bb css=\u00bb\u00bb][\/vc_column][\/vc_row][vc_row css=\u00bb.vc_custom_1584119875668{margin-top: 80px !important;}\u00bb][vc_column width=\u00bb1\/6&#8243;][\/vc_column][vc_column css_animation=\u00bbfadeInUp\u00bb width=\u00bb2\/3&#8243;][vc_column_text css=\u00bb\u00bb]Os presentamos la nueva p\u00e1gina web de nuestra empresa, de Comunicando Consultor\u00eda de Comunicaci\u00f3n. Present\u00e1mosvos a nova p\u00e1xina web da nosa empresa, de Comunicando Consultor\u00eda de Comunicaci\u00f3n. \u00c9 unha modesta e sincera carta de presentaci\u00f3n que fala de n\u00f3s, de qu\u00e9 \u00e9 o que [&hellip;]<\/p>\n","protected":false},"author":1,"featured_media":4492,"comment_status":"closed","ping_status":"open","sticky":false,"template":"","format":"standard","meta":{"footnotes":""},"categories":[1],"tags":[],"class_list":["post-4506","post","type-post","status-publish","format-standard","has-post-thumbnail","hentry","category-noticias"],"yoast_head":"<!-- This site is optimized with the Yoast SEO plugin v26.2 - https:\/\/yoast.com\/wordpress\/plugins\/seo\/ -->\n<title>Present\u00e1mosvos a nova web de Comunicando<\/title>\n<meta name=\"robots\" content=\"index, follow, max-snippet:-1, max-image-preview:large, max-video-preview:-1\" \/>\n<link rel=\"canonical\" href=\"https:\/\/comunicando.gal\/gal\/nova-web-de-comunicando\/\" \/>\n<meta property=\"og:locale\" content=\"es_ES\" \/>\n<meta property=\"og:type\" content=\"article\" \/>\n<meta property=\"og:title\" content=\"Present\u00e1mosvos a nova web de Comunicando\" \/>\n<meta property=\"og:description\" content=\"[vc_row][vc_column][vc_single_image image=\u00bb4492&#8243; img_size=\u00bbfull\u00bb alignment=\u00bbcenter\u00bb css=\u00bb\u00bb][\/vc_column][\/vc_row][vc_row css=\u00bb.vc_custom_1584119875668{margin-top: 80px !important;}\u00bb][vc_column width=\u00bb1\/6&#8243;][\/vc_column][vc_column css_animation=\u00bbfadeInUp\u00bb width=\u00bb2\/3&#8243;][vc_column_text css=\u00bb\u00bb]Os presentamos la nueva p\u00e1gina web de nuestra empresa, de Comunicando Consultor\u00eda de Comunicaci\u00f3n. Present\u00e1mosvos a nova p\u00e1xina web da nosa empresa, de Comunicando Consultor\u00eda de Comunicaci\u00f3n. \u00c9 unha modesta e sincera carta de presentaci\u00f3n que fala de n\u00f3s, de qu\u00e9 \u00e9 o que [&hellip;]\" \/>\n<meta property=\"og:url\" content=\"https:\/\/comunicando.gal\/gal\/nova-web-de-comunicando\/\" \/>\n<meta property=\"og:site_name\" content=\"Comunicando\" \/>\n<meta property=\"article:published_time\" content=\"2024-06-03T11:41:47+00:00\" \/>\n<meta property=\"article:modified_time\" content=\"2024-08-02T12:29:44+00:00\" \/>\n<meta property=\"og:image\" content=\"https:\/\/comunicando.gal\/gal\/wp-content\/uploads\/2024\/06\/Nueva-Web.jpg\" \/>\n\t<meta property=\"og:image:width\" content=\"800\" \/>\n\t<meta property=\"og:image:height\" content=\"800\" \/>\n\t<meta property=\"og:image:type\" content=\"image\/jpeg\" \/>\n<meta name=\"author\" content=\"jbarredo\" \/>\n<meta name=\"twitter:card\" content=\"summary_large_image\" \/>\n<script type=\"application\/ld+json\" class=\"yoast-schema-graph\">{\"@context\":\"https:\/\/schema.org\",\"@graph\":[{\"@type\":\"Article\",\"@id\":\"https:\/\/comunicando.gal\/gal\/nova-web-de-comunicando\/#article\",\"isPartOf\":{\"@id\":\"https:\/\/comunicando.gal\/gal\/nova-web-de-comunicando\/\"},\"author\":{\"name\":\"jbarredo\",\"@id\":\"https:\/\/comunicando.gal\/gal\/#\/schema\/person\/fcabdc5821dd54fce44552a5b6eb69a0\"},\"headline\":\"Present\u00e1mosvos a nova web de Comunicando\",\"datePublished\":\"2024-06-03T11:41:47+00:00\",\"dateModified\":\"2024-08-02T12:29:44+00:00\",\"mainEntityOfPage\":{\"@id\":\"https:\/\/comunicando.gal\/gal\/nova-web-de-comunicando\/\"},\"wordCount\":222,\"publisher\":{\"@id\":\"https:\/\/comunicando.gal\/gal\/#organization\"},\"image\":{\"@id\":\"https:\/\/comunicando.gal\/gal\/nova-web-de-comunicando\/#primaryimage\"},\"thumbnailUrl\":\"https:\/\/comunicando.gal\/gal\/wp-content\/uploads\/2024\/06\/Nueva-Web.jpg\",\"articleSection\":[\"Noticias\"],\"inLanguage\":\"es\"},{\"@type\":\"WebPage\",\"@id\":\"https:\/\/comunicando.gal\/gal\/nova-web-de-comunicando\/\",\"url\":\"https:\/\/comunicando.gal\/gal\/nova-web-de-comunicando\/\",\"name\":\"Present\u00e1mosvos a nova web de Comunicando\",\"isPartOf\":{\"@id\":\"https:\/\/comunicando.gal\/gal\/#website\"},\"primaryImageOfPage\":{\"@id\":\"https:\/\/comunicando.gal\/gal\/nova-web-de-comunicando\/#primaryimage\"},\"image\":{\"@id\":\"https:\/\/comunicando.gal\/gal\/nova-web-de-comunicando\/#primaryimage\"},\"thumbnailUrl\":\"https:\/\/comunicando.gal\/gal\/wp-content\/uploads\/2024\/06\/Nueva-Web.jpg\",\"datePublished\":\"2024-06-03T11:41:47+00:00\",\"dateModified\":\"2024-08-02T12:29:44+00:00\",\"breadcrumb\":{\"@id\":\"https:\/\/comunicando.gal\/gal\/nova-web-de-comunicando\/#breadcrumb\"},\"inLanguage\":\"es\",\"potentialAction\":[{\"@type\":\"ReadAction\",\"target\":[\"https:\/\/comunicando.gal\/gal\/nova-web-de-comunicando\/\"]}]},{\"@type\":\"ImageObject\",\"inLanguage\":\"es\",\"@id\":\"https:\/\/comunicando.gal\/gal\/nova-web-de-comunicando\/#primaryimage\",\"url\":\"https:\/\/comunicando.gal\/gal\/wp-content\/uploads\/2024\/06\/Nueva-Web.jpg\",\"contentUrl\":\"https:\/\/comunicando.gal\/gal\/wp-content\/uploads\/2024\/06\/Nueva-Web.jpg\",\"width\":800,\"height\":800},{\"@type\":\"BreadcrumbList\",\"@id\":\"https:\/\/comunicando.gal\/gal\/nova-web-de-comunicando\/#breadcrumb\",\"itemListElement\":[{\"@type\":\"ListItem\",\"position\":1,\"name\":\"Portada\",\"item\":\"https:\/\/comunicando.gal\/gal\/\"},{\"@type\":\"ListItem\",\"position\":2,\"name\":\"Present\u00e1mosvos a nova web de Comunicando\"}]},{\"@type\":\"WebSite\",\"@id\":\"https:\/\/comunicando.gal\/gal\/#website\",\"url\":\"https:\/\/comunicando.gal\/gal\/\",\"name\":\"Comunicando. Consultor\u00eda de comunicaci\u00f3n.\",\"description\":\"Consultor\u00eda de comunicaci\u00f3n\",\"publisher\":{\"@id\":\"https:\/\/comunicando.gal\/gal\/#organization\"},\"alternateName\":\"Comunicando. Consultor\u00eda de comunicaci\u00f3n.\",\"potentialAction\":[{\"@type\":\"SearchAction\",\"target\":{\"@type\":\"EntryPoint\",\"urlTemplate\":\"https:\/\/comunicando.gal\/gal\/?s={search_term_string}\"},\"query-input\":{\"@type\":\"PropertyValueSpecification\",\"valueRequired\":true,\"valueName\":\"search_term_string\"}}],\"inLanguage\":\"es\"},{\"@type\":\"Organization\",\"@id\":\"https:\/\/comunicando.gal\/gal\/#organization\",\"name\":\"Comunicando. Consultor\u00eda de comunicaci\u00f3n.\",\"url\":\"https:\/\/comunicando.gal\/gal\/\",\"logo\":{\"@type\":\"ImageObject\",\"inLanguage\":\"es\",\"@id\":\"https:\/\/comunicando.gal\/gal\/#\/schema\/logo\/image\/\",\"url\":\"https:\/\/comunicando.gal\/gal\/wp-content\/uploads\/2024\/07\/comunicando-vertical.png\",\"contentUrl\":\"https:\/\/comunicando.gal\/gal\/wp-content\/uploads\/2024\/07\/comunicando-vertical.png\",\"width\":300,\"height\":323,\"caption\":\"Comunicando. Consultor\u00eda de comunicaci\u00f3n.\"},\"image\":{\"@id\":\"https:\/\/comunicando.gal\/gal\/#\/schema\/logo\/image\/\"}},{\"@type\":\"Person\",\"@id\":\"https:\/\/comunicando.gal\/gal\/#\/schema\/person\/fcabdc5821dd54fce44552a5b6eb69a0\",\"name\":\"jbarredo\",\"sameAs\":[\"https:\/\/comunicando.gal\/gal\"]}]}<\/script>\n<!-- \/ Yoast SEO plugin. -->","yoast_head_json":{"title":"Present\u00e1mosvos a nova web de Comunicando","robots":{"index":"index","follow":"follow","max-snippet":"max-snippet:-1","max-image-preview":"max-image-preview:large","max-video-preview":"max-video-preview:-1"},"canonical":"https:\/\/comunicando.gal\/gal\/nova-web-de-comunicando\/","og_locale":"es_ES","og_type":"article","og_title":"Present\u00e1mosvos a nova web de Comunicando","og_description":"[vc_row][vc_column][vc_single_image image=\u00bb4492&#8243; img_size=\u00bbfull\u00bb alignment=\u00bbcenter\u00bb css=\u00bb\u00bb][\/vc_column][\/vc_row][vc_row css=\u00bb.vc_custom_1584119875668{margin-top: 80px !important;}\u00bb][vc_column width=\u00bb1\/6&#8243;][\/vc_column][vc_column css_animation=\u00bbfadeInUp\u00bb width=\u00bb2\/3&#8243;][vc_column_text css=\u00bb\u00bb]Os presentamos la nueva p\u00e1gina web de nuestra empresa, de Comunicando Consultor\u00eda de Comunicaci\u00f3n. Present\u00e1mosvos a nova p\u00e1xina web da nosa empresa, de Comunicando Consultor\u00eda de Comunicaci\u00f3n. \u00c9 unha modesta e sincera carta de presentaci\u00f3n que fala de n\u00f3s, de qu\u00e9 \u00e9 o que [&hellip;]","og_url":"https:\/\/comunicando.gal\/gal\/nova-web-de-comunicando\/","og_site_name":"Comunicando","article_published_time":"2024-06-03T11:41:47+00:00","article_modified_time":"2024-08-02T12:29:44+00:00","og_image":[{"width":800,"height":800,"url":"https:\/\/comunicando.gal\/gal\/wp-content\/uploads\/2024\/06\/Nueva-Web.jpg","type":"image\/jpeg"}],"author":"jbarredo","twitter_card":"summary_large_image","schema":{"@context":"https:\/\/schema.org","@graph":[{"@type":"Article","@id":"https:\/\/comunicando.gal\/gal\/nova-web-de-comunicando\/#article","isPartOf":{"@id":"https:\/\/comunicando.gal\/gal\/nova-web-de-comunicando\/"},"author":{"name":"jbarredo","@id":"https:\/\/comunicando.gal\/gal\/#\/schema\/person\/fcabdc5821dd54fce44552a5b6eb69a0"},"headline":"Present\u00e1mosvos a nova web de Comunicando","datePublished":"2024-06-03T11:41:47+00:00","dateModified":"2024-08-02T12:29:44+00:00","mainEntityOfPage":{"@id":"https:\/\/comunicando.gal\/gal\/nova-web-de-comunicando\/"},"wordCount":222,"publisher":{"@id":"https:\/\/comunicando.gal\/gal\/#organization"},"image":{"@id":"https:\/\/comunicando.gal\/gal\/nova-web-de-comunicando\/#primaryimage"},"thumbnailUrl":"https:\/\/comunicando.gal\/gal\/wp-content\/uploads\/2024\/06\/Nueva-Web.jpg","articleSection":["Noticias"],"inLanguage":"es"},{"@type":"WebPage","@id":"https:\/\/comunicando.gal\/gal\/nova-web-de-comunicando\/","url":"https:\/\/comunicando.gal\/gal\/nova-web-de-comunicando\/","name":"Present\u00e1mosvos a nova web de Comunicando","isPartOf":{"@id":"https:\/\/comunicando.gal\/gal\/#website"},"primaryImageOfPage":{"@id":"https:\/\/comunicando.gal\/gal\/nova-web-de-comunicando\/#primaryimage"},"image":{"@id":"https:\/\/comunicando.gal\/gal\/nova-web-de-comunicando\/#primaryimage"},"thumbnailUrl":"https:\/\/comunicando.gal\/gal\/wp-content\/uploads\/2024\/06\/Nueva-Web.jpg","datePublished":"2024-06-03T11:41:47+00:00","dateModified":"2024-08-02T12:29:44+00:00","breadcrumb":{"@id":"https:\/\/comunicando.gal\/gal\/nova-web-de-comunicando\/#breadcrumb"},"inLanguage":"es","potentialAction":[{"@type":"ReadAction","target":["https:\/\/comunicando.gal\/gal\/nova-web-de-comunicando\/"]}]},{"@type":"ImageObject","inLanguage":"es","@id":"https:\/\/comunicando.gal\/gal\/nova-web-de-comunicando\/#primaryimage","url":"https:\/\/comunicando.gal\/gal\/wp-content\/uploads\/2024\/06\/Nueva-Web.jpg","contentUrl":"https:\/\/comunicando.gal\/gal\/wp-content\/uploads\/2024\/06\/Nueva-Web.jpg","width":800,"height":800},{"@type":"BreadcrumbList","@id":"https:\/\/comunicando.gal\/gal\/nova-web-de-comunicando\/#breadcrumb","itemListElement":[{"@type":"ListItem","position":1,"name":"Portada","item":"https:\/\/comunicando.gal\/gal\/"},{"@type":"ListItem","position":2,"name":"Present\u00e1mosvos a nova web de Comunicando"}]},{"@type":"WebSite","@id":"https:\/\/comunicando.gal\/gal\/#website","url":"https:\/\/comunicando.gal\/gal\/","name":"Comunicando. Consultor\u00eda de comunicaci\u00f3n.","description":"Consultor\u00eda de comunicaci\u00f3n","publisher":{"@id":"https:\/\/comunicando.gal\/gal\/#organization"},"alternateName":"Comunicando. Consultor\u00eda de comunicaci\u00f3n.","potentialAction":[{"@type":"SearchAction","target":{"@type":"EntryPoint","urlTemplate":"https:\/\/comunicando.gal\/gal\/?s={search_term_string}"},"query-input":{"@type":"PropertyValueSpecification","valueRequired":true,"valueName":"search_term_string"}}],"inLanguage":"es"},{"@type":"Organization","@id":"https:\/\/comunicando.gal\/gal\/#organization","name":"Comunicando. Consultor\u00eda de comunicaci\u00f3n.","url":"https:\/\/comunicando.gal\/gal\/","logo":{"@type":"ImageObject","inLanguage":"es","@id":"https:\/\/comunicando.gal\/gal\/#\/schema\/logo\/image\/","url":"https:\/\/comunicando.gal\/gal\/wp-content\/uploads\/2024\/07\/comunicando-vertical.png","contentUrl":"https:\/\/comunicando.gal\/gal\/wp-content\/uploads\/2024\/07\/comunicando-vertical.png","width":300,"height":323,"caption":"Comunicando. Consultor\u00eda de comunicaci\u00f3n."},"image":{"@id":"https:\/\/comunicando.gal\/gal\/#\/schema\/logo\/image\/"}},{"@type":"Person","@id":"https:\/\/comunicando.gal\/gal\/#\/schema\/person\/fcabdc5821dd54fce44552a5b6eb69a0","name":"jbarredo","sameAs":["https:\/\/comunicando.gal\/gal"]}]}},"_links":{"self":[{"href":"https:\/\/comunicando.gal\/gal\/wp-json\/wp\/v2\/posts\/4506","targetHints":{"allow":["GET"]}}],"collection":[{"href":"https:\/\/comunicando.gal\/gal\/wp-json\/wp\/v2\/posts"}],"about":[{"href":"https:\/\/comunicando.gal\/gal\/wp-json\/wp\/v2\/types\/post"}],"author":[{"embeddable":true,"href":"https:\/\/comunicando.gal\/gal\/wp-json\/wp\/v2\/users\/1"}],"replies":[{"embeddable":true,"href":"https:\/\/comunicando.gal\/gal\/wp-json\/wp\/v2\/comments?post=4506"}],"version-history":[{"count":3,"href":"https:\/\/comunicando.gal\/gal\/wp-json\/wp\/v2\/posts\/4506\/revisions"}],"predecessor-version":[{"id":4605,"href":"https:\/\/comunicando.gal\/gal\/wp-json\/wp\/v2\/posts\/4506\/revisions\/4605"}],"wp:featuredmedia":[{"embeddable":true,"href":"https:\/\/comunicando.gal\/gal\/wp-json\/wp\/v2\/media\/4492"}],"wp:attachment":[{"href":"https:\/\/comunicando.gal\/gal\/wp-json\/wp\/v2\/media?parent=4506"}],"wp:term":[{"taxonomy":"category","embeddable":true,"href":"https:\/\/comunicando.gal\/gal\/wp-json\/wp\/v2\/categories?post=4506"},{"taxonomy":"post_tag","embeddable":true,"href":"https:\/\/comunicando.gal\/gal\/wp-json\/wp\/v2\/tags?post=4506"}],"curies":[{"name":"wp","href":"https:\/\/api.w.org\/{rel}","templated":true}]}}