{"id":4498,"date":"2024-07-16T11:49:35","date_gmt":"2024-07-16T09:49:35","guid":{"rendered":"https:\/\/comunicando.gal\/gal\/?p=4498"},"modified":"2024-08-02T14:31:49","modified_gmt":"2024-08-02T12:31:49","slug":"novo-numero-da-revista-axenda-agraria","status":"publish","type":"post","link":"https:\/\/comunicando.gal\/gal\/novo-numero-da-revista-axenda-agraria\/","title":{"rendered":"Xa se publicou o novo n\u00famero da revista Axenda Agraria"},"content":{"rendered":"<div class=\"wpb-content-wrapper\"><p>[vc_row][vc_column][vc_single_image image=\u00bb4525&#8243; img_size=\u00bbfull\u00bb alignment=\u00bbcenter\u00bb css=\u00bb\u00bb][\/vc_column][\/vc_row][vc_row css=\u00bb.vc_custom_1584119875668{margin-top: 80px !important;}\u00bb][vc_column width=\u00bb1\/6&#8243;][\/vc_column][vc_column css_animation=\u00bbfadeInUp\u00bb width=\u00bb2\/3&#8243;][vc_column_text css=\u00bb\u00bb]Entre os servicios que Comunicando presta \u00e1 Asociaci\u00f3n Agraria de Galicia, ASAGA, dise\u00f1amos, maquetamos e producimos, a revista trimestral Axenda Agraria. Tr\u00e1tase dunha publicaci\u00f3n en formato papel e online, que cont\u00e9n reportaxes, entrevistas e cr\u00f3nicas da actualidade agropecuaria galega.<\/p>\n<p>No seguinte enlace podes ver o n\u00famero da publicaci\u00f3n oficial da organizaci\u00f3n agraria m\u00e1is representativa de Galicia:<\/p>\n<ul>\n<li><a href=\"https:\/\/revista.asaga.gal\/\" target=\"_blank\" rel=\"noopener\">Revista ASAGA \u2013 La revista oficial de Asociaci\u00f3n Agraria de Galicia ASAGA<\/a><\/li>\n<\/ul>\n<p>A partires do n\u00famero do 30 de setembro, a revista experimentar\u00e1 un importante cambio de imaxe, segundo coa nosa filosof\u00eda de adaptarnos aos novos tempos, pero sen perder a perspectiva do p\u00fablico ao que nos diriximos.[\/vc_column_text][\/vc_column][vc_column width=\u00bb1\/6&#8243;][\/vc_column][\/vc_row][vc_row][vc_column][vc_single_image image=\u00bb4523&#8243; img_size=\u00bbfull\u00bb alignment=\u00bbcenter\u00bb css=\u00bb\u00bb][\/vc_column][\/vc_row]<\/p>\n<\/div>","protected":false},"excerpt":{"rendered":"<p>[vc_row][vc_column][vc_single_image image=\u00bb4525&#8243; img_size=\u00bbfull\u00bb alignment=\u00bbcenter\u00bb css=\u00bb\u00bb][\/vc_column][\/vc_row][vc_row css=\u00bb.vc_custom_1584119875668{margin-top: 80px !important;}\u00bb][vc_column width=\u00bb1\/6&#8243;][\/vc_column][vc_column css_animation=\u00bbfadeInUp\u00bb width=\u00bb2\/3&#8243;][vc_column_text css=\u00bb\u00bb]Entre os servicios que Comunicando presta \u00e1 Asociaci\u00f3n Agraria de Galicia, ASAGA, dise\u00f1amos, maquetamos e producimos, a revista trimestral Axenda Agraria. Tr\u00e1tase dunha publicaci\u00f3n en formato papel e online, que cont\u00e9n reportaxes, entrevistas e cr\u00f3nicas da actualidade agropecuaria galega. No seguinte enlace podes ver [&hellip;]<\/p>\n","protected":false},"author":1,"featured_media":4525,"comment_status":"open","ping_status":"open","sticky":false,"template":"","format":"standard","meta":{"footnotes":""},"categories":[1],"tags":[],"class_list":["post-4498","post","type-post","status-publish","format-standard","has-post-thumbnail","hentry","category-noticias"],"yoast_head":"<!-- This site is optimized with the Yoast SEO plugin v26.2 - https:\/\/yoast.com\/wordpress\/plugins\/seo\/ -->\n<title>Xa se publicou o novo n\u00famero da revista Axenda Agraria<\/title>\n<meta name=\"robots\" content=\"index, follow, max-snippet:-1, max-image-preview:large, max-video-preview:-1\" \/>\n<link rel=\"canonical\" href=\"https:\/\/comunicando.gal\/gal\/novo-numero-da-revista-axenda-agraria\/\" \/>\n<meta property=\"og:locale\" content=\"es_ES\" \/>\n<meta property=\"og:type\" content=\"article\" \/>\n<meta property=\"og:title\" content=\"Xa se publicou o novo n\u00famero da revista Axenda Agraria\" \/>\n<meta property=\"og:description\" content=\"[vc_row][vc_column][vc_single_image image=\u00bb4525&#8243; img_size=\u00bbfull\u00bb alignment=\u00bbcenter\u00bb css=\u00bb\u00bb][\/vc_column][\/vc_row][vc_row css=\u00bb.vc_custom_1584119875668{margin-top: 80px !important;}\u00bb][vc_column width=\u00bb1\/6&#8243;][\/vc_column][vc_column css_animation=\u00bbfadeInUp\u00bb width=\u00bb2\/3&#8243;][vc_column_text css=\u00bb\u00bb]Entre os servicios que Comunicando presta \u00e1 Asociaci\u00f3n Agraria de Galicia, ASAGA, dise\u00f1amos, maquetamos e producimos, a revista trimestral Axenda Agraria. Tr\u00e1tase dunha publicaci\u00f3n en formato papel e online, que cont\u00e9n reportaxes, entrevistas e cr\u00f3nicas da actualidade agropecuaria galega. No seguinte enlace podes ver [&hellip;]\" \/>\n<meta property=\"og:url\" content=\"https:\/\/comunicando.gal\/gal\/novo-numero-da-revista-axenda-agraria\/\" \/>\n<meta property=\"og:site_name\" content=\"Comunicando\" \/>\n<meta property=\"article:published_time\" content=\"2024-07-16T09:49:35+00:00\" \/>\n<meta property=\"article:modified_time\" content=\"2024-08-02T12:31:49+00:00\" \/>\n<meta property=\"og:image\" content=\"https:\/\/comunicando.gal\/gal\/wp-content\/uploads\/2024\/07\/BAJA_Axenda-Agraria-45-1.jpg\" \/>\n\t<meta property=\"og:image:width\" content=\"596\" \/>\n\t<meta property=\"og:image:height\" content=\"842\" \/>\n\t<meta property=\"og:image:type\" content=\"image\/jpeg\" \/>\n<meta name=\"author\" content=\"jbarredo\" \/>\n<meta name=\"twitter:card\" content=\"summary_large_image\" \/>\n<script type=\"application\/ld+json\" class=\"yoast-schema-graph\">{\"@context\":\"https:\/\/schema.org\",\"@graph\":[{\"@type\":\"Article\",\"@id\":\"https:\/\/comunicando.gal\/gal\/novo-numero-da-revista-axenda-agraria\/#article\",\"isPartOf\":{\"@id\":\"https:\/\/comunicando.gal\/gal\/novo-numero-da-revista-axenda-agraria\/\"},\"author\":{\"name\":\"jbarredo\",\"@id\":\"https:\/\/comunicando.gal\/gal\/#\/schema\/person\/fcabdc5821dd54fce44552a5b6eb69a0\"},\"headline\":\"Xa se publicou o novo n\u00famero da revista Axenda Agraria\",\"datePublished\":\"2024-07-16T09:49:35+00:00\",\"dateModified\":\"2024-08-02T12:31:49+00:00\",\"mainEntityOfPage\":{\"@id\":\"https:\/\/comunicando.gal\/gal\/novo-numero-da-revista-axenda-agraria\/\"},\"wordCount\":197,\"commentCount\":0,\"publisher\":{\"@id\":\"https:\/\/comunicando.gal\/gal\/#organization\"},\"image\":{\"@id\":\"https:\/\/comunicando.gal\/gal\/novo-numero-da-revista-axenda-agraria\/#primaryimage\"},\"thumbnailUrl\":\"https:\/\/comunicando.gal\/gal\/wp-content\/uploads\/2024\/07\/BAJA_Axenda-Agraria-45-1.jpg\",\"articleSection\":[\"Noticias\"],\"inLanguage\":\"es\"},{\"@type\":\"WebPage\",\"@id\":\"https:\/\/comunicando.gal\/gal\/novo-numero-da-revista-axenda-agraria\/\",\"url\":\"https:\/\/comunicando.gal\/gal\/novo-numero-da-revista-axenda-agraria\/\",\"name\":\"Xa se publicou o novo n\u00famero da revista Axenda Agraria\",\"isPartOf\":{\"@id\":\"https:\/\/comunicando.gal\/gal\/#website\"},\"primaryImageOfPage\":{\"@id\":\"https:\/\/comunicando.gal\/gal\/novo-numero-da-revista-axenda-agraria\/#primaryimage\"},\"image\":{\"@id\":\"https:\/\/comunicando.gal\/gal\/novo-numero-da-revista-axenda-agraria\/#primaryimage\"},\"thumbnailUrl\":\"https:\/\/comunicando.gal\/gal\/wp-content\/uploads\/2024\/07\/BAJA_Axenda-Agraria-45-1.jpg\",\"datePublished\":\"2024-07-16T09:49:35+00:00\",\"dateModified\":\"2024-08-02T12:31:49+00:00\",\"breadcrumb\":{\"@id\":\"https:\/\/comunicando.gal\/gal\/novo-numero-da-revista-axenda-agraria\/#breadcrumb\"},\"inLanguage\":\"es\",\"potentialAction\":[{\"@type\":\"ReadAction\",\"target\":[\"https:\/\/comunicando.gal\/gal\/novo-numero-da-revista-axenda-agraria\/\"]}]},{\"@type\":\"ImageObject\",\"inLanguage\":\"es\",\"@id\":\"https:\/\/comunicando.gal\/gal\/novo-numero-da-revista-axenda-agraria\/#primaryimage\",\"url\":\"https:\/\/comunicando.gal\/gal\/wp-content\/uploads\/2024\/07\/BAJA_Axenda-Agraria-45-1.jpg\",\"contentUrl\":\"https:\/\/comunicando.gal\/gal\/wp-content\/uploads\/2024\/07\/BAJA_Axenda-Agraria-45-1.jpg\",\"width\":596,\"height\":842},{\"@type\":\"BreadcrumbList\",\"@id\":\"https:\/\/comunicando.gal\/gal\/novo-numero-da-revista-axenda-agraria\/#breadcrumb\",\"itemListElement\":[{\"@type\":\"ListItem\",\"position\":1,\"name\":\"Portada\",\"item\":\"https:\/\/comunicando.gal\/gal\/\"},{\"@type\":\"ListItem\",\"position\":2,\"name\":\"Xa se publicou o novo n\u00famero da revista Axenda Agraria\"}]},{\"@type\":\"WebSite\",\"@id\":\"https:\/\/comunicando.gal\/gal\/#website\",\"url\":\"https:\/\/comunicando.gal\/gal\/\",\"name\":\"Comunicando. Consultor\u00eda de comunicaci\u00f3n.\",\"description\":\"Consultor\u00eda de comunicaci\u00f3n\",\"publisher\":{\"@id\":\"https:\/\/comunicando.gal\/gal\/#organization\"},\"alternateName\":\"Comunicando. Consultor\u00eda de comunicaci\u00f3n.\",\"potentialAction\":[{\"@type\":\"SearchAction\",\"target\":{\"@type\":\"EntryPoint\",\"urlTemplate\":\"https:\/\/comunicando.gal\/gal\/?s={search_term_string}\"},\"query-input\":{\"@type\":\"PropertyValueSpecification\",\"valueRequired\":true,\"valueName\":\"search_term_string\"}}],\"inLanguage\":\"es\"},{\"@type\":\"Organization\",\"@id\":\"https:\/\/comunicando.gal\/gal\/#organization\",\"name\":\"Comunicando. Consultor\u00eda de comunicaci\u00f3n.\",\"url\":\"https:\/\/comunicando.gal\/gal\/\",\"logo\":{\"@type\":\"ImageObject\",\"inLanguage\":\"es\",\"@id\":\"https:\/\/comunicando.gal\/gal\/#\/schema\/logo\/image\/\",\"url\":\"https:\/\/comunicando.gal\/gal\/wp-content\/uploads\/2024\/07\/comunicando-vertical.png\",\"contentUrl\":\"https:\/\/comunicando.gal\/gal\/wp-content\/uploads\/2024\/07\/comunicando-vertical.png\",\"width\":300,\"height\":323,\"caption\":\"Comunicando. Consultor\u00eda de comunicaci\u00f3n.\"},\"image\":{\"@id\":\"https:\/\/comunicando.gal\/gal\/#\/schema\/logo\/image\/\"}},{\"@type\":\"Person\",\"@id\":\"https:\/\/comunicando.gal\/gal\/#\/schema\/person\/fcabdc5821dd54fce44552a5b6eb69a0\",\"name\":\"jbarredo\",\"sameAs\":[\"https:\/\/comunicando.gal\/gal\"]}]}<\/script>\n<!-- \/ Yoast SEO plugin. -->","yoast_head_json":{"title":"Xa se publicou o novo n\u00famero da revista Axenda Agraria","robots":{"index":"index","follow":"follow","max-snippet":"max-snippet:-1","max-image-preview":"max-image-preview:large","max-video-preview":"max-video-preview:-1"},"canonical":"https:\/\/comunicando.gal\/gal\/novo-numero-da-revista-axenda-agraria\/","og_locale":"es_ES","og_type":"article","og_title":"Xa se publicou o novo n\u00famero da revista Axenda Agraria","og_description":"[vc_row][vc_column][vc_single_image image=\u00bb4525&#8243; img_size=\u00bbfull\u00bb alignment=\u00bbcenter\u00bb css=\u00bb\u00bb][\/vc_column][\/vc_row][vc_row css=\u00bb.vc_custom_1584119875668{margin-top: 80px !important;}\u00bb][vc_column width=\u00bb1\/6&#8243;][\/vc_column][vc_column css_animation=\u00bbfadeInUp\u00bb width=\u00bb2\/3&#8243;][vc_column_text css=\u00bb\u00bb]Entre os servicios que Comunicando presta \u00e1 Asociaci\u00f3n Agraria de Galicia, ASAGA, dise\u00f1amos, maquetamos e producimos, a revista trimestral Axenda Agraria. Tr\u00e1tase dunha publicaci\u00f3n en formato papel e online, que cont\u00e9n reportaxes, entrevistas e cr\u00f3nicas da actualidade agropecuaria galega. No seguinte enlace podes ver [&hellip;]","og_url":"https:\/\/comunicando.gal\/gal\/novo-numero-da-revista-axenda-agraria\/","og_site_name":"Comunicando","article_published_time":"2024-07-16T09:49:35+00:00","article_modified_time":"2024-08-02T12:31:49+00:00","og_image":[{"width":596,"height":842,"url":"https:\/\/comunicando.gal\/gal\/wp-content\/uploads\/2024\/07\/BAJA_Axenda-Agraria-45-1.jpg","type":"image\/jpeg"}],"author":"jbarredo","twitter_card":"summary_large_image","schema":{"@context":"https:\/\/schema.org","@graph":[{"@type":"Article","@id":"https:\/\/comunicando.gal\/gal\/novo-numero-da-revista-axenda-agraria\/#article","isPartOf":{"@id":"https:\/\/comunicando.gal\/gal\/novo-numero-da-revista-axenda-agraria\/"},"author":{"name":"jbarredo","@id":"https:\/\/comunicando.gal\/gal\/#\/schema\/person\/fcabdc5821dd54fce44552a5b6eb69a0"},"headline":"Xa se publicou o novo n\u00famero da revista Axenda Agraria","datePublished":"2024-07-16T09:49:35+00:00","dateModified":"2024-08-02T12:31:49+00:00","mainEntityOfPage":{"@id":"https:\/\/comunicando.gal\/gal\/novo-numero-da-revista-axenda-agraria\/"},"wordCount":197,"commentCount":0,"publisher":{"@id":"https:\/\/comunicando.gal\/gal\/#organization"},"image":{"@id":"https:\/\/comunicando.gal\/gal\/novo-numero-da-revista-axenda-agraria\/#primaryimage"},"thumbnailUrl":"https:\/\/comunicando.gal\/gal\/wp-content\/uploads\/2024\/07\/BAJA_Axenda-Agraria-45-1.jpg","articleSection":["Noticias"],"inLanguage":"es"},{"@type":"WebPage","@id":"https:\/\/comunicando.gal\/gal\/novo-numero-da-revista-axenda-agraria\/","url":"https:\/\/comunicando.gal\/gal\/novo-numero-da-revista-axenda-agraria\/","name":"Xa se publicou o novo n\u00famero da revista Axenda Agraria","isPartOf":{"@id":"https:\/\/comunicando.gal\/gal\/#website"},"primaryImageOfPage":{"@id":"https:\/\/comunicando.gal\/gal\/novo-numero-da-revista-axenda-agraria\/#primaryimage"},"image":{"@id":"https:\/\/comunicando.gal\/gal\/novo-numero-da-revista-axenda-agraria\/#primaryimage"},"thumbnailUrl":"https:\/\/comunicando.gal\/gal\/wp-content\/uploads\/2024\/07\/BAJA_Axenda-Agraria-45-1.jpg","datePublished":"2024-07-16T09:49:35+00:00","dateModified":"2024-08-02T12:31:49+00:00","breadcrumb":{"@id":"https:\/\/comunicando.gal\/gal\/novo-numero-da-revista-axenda-agraria\/#breadcrumb"},"inLanguage":"es","potentialAction":[{"@type":"ReadAction","target":["https:\/\/comunicando.gal\/gal\/novo-numero-da-revista-axenda-agraria\/"]}]},{"@type":"ImageObject","inLanguage":"es","@id":"https:\/\/comunicando.gal\/gal\/novo-numero-da-revista-axenda-agraria\/#primaryimage","url":"https:\/\/comunicando.gal\/gal\/wp-content\/uploads\/2024\/07\/BAJA_Axenda-Agraria-45-1.jpg","contentUrl":"https:\/\/comunicando.gal\/gal\/wp-content\/uploads\/2024\/07\/BAJA_Axenda-Agraria-45-1.jpg","width":596,"height":842},{"@type":"BreadcrumbList","@id":"https:\/\/comunicando.gal\/gal\/novo-numero-da-revista-axenda-agraria\/#breadcrumb","itemListElement":[{"@type":"ListItem","position":1,"name":"Portada","item":"https:\/\/comunicando.gal\/gal\/"},{"@type":"ListItem","position":2,"name":"Xa se publicou o novo n\u00famero da revista Axenda Agraria"}]},{"@type":"WebSite","@id":"https:\/\/comunicando.gal\/gal\/#website","url":"https:\/\/comunicando.gal\/gal\/","name":"Comunicando. Consultor\u00eda de comunicaci\u00f3n.","description":"Consultor\u00eda de comunicaci\u00f3n","publisher":{"@id":"https:\/\/comunicando.gal\/gal\/#organization"},"alternateName":"Comunicando. Consultor\u00eda de comunicaci\u00f3n.","potentialAction":[{"@type":"SearchAction","target":{"@type":"EntryPoint","urlTemplate":"https:\/\/comunicando.gal\/gal\/?s={search_term_string}"},"query-input":{"@type":"PropertyValueSpecification","valueRequired":true,"valueName":"search_term_string"}}],"inLanguage":"es"},{"@type":"Organization","@id":"https:\/\/comunicando.gal\/gal\/#organization","name":"Comunicando. Consultor\u00eda de comunicaci\u00f3n.","url":"https:\/\/comunicando.gal\/gal\/","logo":{"@type":"ImageObject","inLanguage":"es","@id":"https:\/\/comunicando.gal\/gal\/#\/schema\/logo\/image\/","url":"https:\/\/comunicando.gal\/gal\/wp-content\/uploads\/2024\/07\/comunicando-vertical.png","contentUrl":"https:\/\/comunicando.gal\/gal\/wp-content\/uploads\/2024\/07\/comunicando-vertical.png","width":300,"height":323,"caption":"Comunicando. Consultor\u00eda de comunicaci\u00f3n."},"image":{"@id":"https:\/\/comunicando.gal\/gal\/#\/schema\/logo\/image\/"}},{"@type":"Person","@id":"https:\/\/comunicando.gal\/gal\/#\/schema\/person\/fcabdc5821dd54fce44552a5b6eb69a0","name":"jbarredo","sameAs":["https:\/\/comunicando.gal\/gal"]}]}},"_links":{"self":[{"href":"https:\/\/comunicando.gal\/gal\/wp-json\/wp\/v2\/posts\/4498","targetHints":{"allow":["GET"]}}],"collection":[{"href":"https:\/\/comunicando.gal\/gal\/wp-json\/wp\/v2\/posts"}],"about":[{"href":"https:\/\/comunicando.gal\/gal\/wp-json\/wp\/v2\/types\/post"}],"author":[{"embeddable":true,"href":"https:\/\/comunicando.gal\/gal\/wp-json\/wp\/v2\/users\/1"}],"replies":[{"embeddable":true,"href":"https:\/\/comunicando.gal\/gal\/wp-json\/wp\/v2\/comments?post=4498"}],"version-history":[{"count":5,"href":"https:\/\/comunicando.gal\/gal\/wp-json\/wp\/v2\/posts\/4498\/revisions"}],"predecessor-version":[{"id":4607,"href":"https:\/\/comunicando.gal\/gal\/wp-json\/wp\/v2\/posts\/4498\/revisions\/4607"}],"wp:featuredmedia":[{"embeddable":true,"href":"https:\/\/comunicando.gal\/gal\/wp-json\/wp\/v2\/media\/4525"}],"wp:attachment":[{"href":"https:\/\/comunicando.gal\/gal\/wp-json\/wp\/v2\/media?parent=4498"}],"wp:term":[{"taxonomy":"category","embeddable":true,"href":"https:\/\/comunicando.gal\/gal\/wp-json\/wp\/v2\/categories?post=4498"},{"taxonomy":"post_tag","embeddable":true,"href":"https:\/\/comunicando.gal\/gal\/wp-json\/wp\/v2\/tags?post=4498"}],"curies":[{"name":"wp","href":"https:\/\/api.w.org\/{rel}","templated":true}]}}