{"id":4496,"date":"2024-06-30T11:47:34","date_gmt":"2024-06-30T09:47:34","guid":{"rendered":"https:\/\/comunicando.gal\/gal\/?p=4496"},"modified":"2024-08-02T14:32:47","modified_gmt":"2024-08-02T12:32:47","slug":"premios-da-xxv-cata-dos-vinos-de-valdeorras","status":"publish","type":"post","link":"https:\/\/comunicando.gal\/gal\/premios-da-xxv-cata-dos-vinos-de-valdeorras\/","title":{"rendered":"Gran \u00e9xito da gala de entrega de premios da XXV Cata dos Vi\u00f1os de Valdeorras"},"content":{"rendered":"<div class=\"wpb-content-wrapper\"><p>[vc_row][vc_column]<div id=\"ult-carousel-288507812669f19c76a71a2\" class=\"ult-carousel-wrapper   ult_horizontal\" data-gutter=\"15\" data-rtl=\"false\" ><div class=\"ult-carousel-158523114969f19c76a7088 \" >[vc_single_image image=\u00bb4520&#8243; img_size=\u00bbfull\u00bb alignment=\u00bbcenter\u00bb css=\u00bb\u00bb][vc_single_image image=\u00bb4519&#8243; img_size=\u00bbfull\u00bb alignment=\u00bbcenter\u00bb css=\u00bb\u00bb][vc_single_image image=\u00bb4518&#8243; img_size=\u00bbfull\u00bb alignment=\u00bbcenter\u00bb css=\u00bb\u00bb][vc_single_image image=\u00bb4517&#8243; img_size=\u00bbfull\u00bb alignment=\u00bbcenter\u00bb css=\u00bb\u00bb]<\/div><\/div>\t\t\t<script type=\"text\/javascript\">\n\t\t\t\tjQuery(document).ready(function ($) {\n\t\t\t\t\tif( typeof jQuery('.ult-carousel-158523114969f19c76a7088').slick == \"function\"){\n\t\t\t\t\t\t$('.ult-carousel-158523114969f19c76a7088').slick({dots: true,autoplay: true,autoplaySpeed: \"5000\",speed: \"300\",infinite: true,arrows: true,nextArrow: '<button type=\"button\" role=\"button\" aria-label=\"Next\" style=\"color:#333333; font-size:20px;\" class=\"slick-next default\"><i class=\"ultsl-arrow-right4\"><\/i><\/button>',prevArrow: '<button type=\"button\" role=\"button\" aria-label=\"Previous\" style=\"color:#333333; font-size:20px;\" class=\"slick-prev default\"><i class=\"ultsl-arrow-left4\"><\/i><\/button>',slidesToScroll:1,slidesToShow:1,swipe: true,draggable: true,touchMove: true,pauseOnHover: true,pauseOnFocus: false,responsive: [\n\t\t\t\t\t\t\t{\n\t\t\t\t\t\t\t  breakpoint: 1026,\n\t\t\t\t\t\t\t  settings: {\n\t\t\t\t\t\t\t\tslidesToShow: 1,\n\t\t\t\t\t\t\t\tslidesToScroll: 1,  \n\t\t\t\t\t\t\t  }\n\t\t\t\t\t\t\t},\n\t\t\t\t\t\t\t{\n\t\t\t\t\t\t\t  breakpoint: 1025,\n\t\t\t\t\t\t\t  settings: {\n\t\t\t\t\t\t\t\tslidesToShow: 1,\n\t\t\t\t\t\t\t\tslidesToScroll: 1\n\t\t\t\t\t\t\t  }\n\t\t\t\t\t\t\t},\n\t\t\t\t\t\t\t{\n\t\t\t\t\t\t\t  breakpoint: 760,\n\t\t\t\t\t\t\t  settings: {\n\t\t\t\t\t\t\t\tslidesToShow: 1,\n\t\t\t\t\t\t\t\tslidesToScroll: 1\n\t\t\t\t\t\t\t  }\n\t\t\t\t\t\t\t}\n\t\t\t\t\t\t],pauseOnDotsHover: true,customPaging: function(slider, i) {\n                   return '<i type=\"button\" style= \"color:#333333;\" class=\"ultsl-record\" data-role=\"none\"><\/i>';\n                },});\n\t\t\t\t\t}\n\t\t\t\t});\n\t\t\t<\/script>\n\t\t\t[\/vc_column][\/vc_row][vc_row css=\u00bb.vc_custom_1584119875668{margin-top: 80px !important;}\u00bb][vc_column width=\u00bb1\/6&#8243;][\/vc_column][vc_column css_animation=\u00bbfadeInUp\u00bb width=\u00bb2\/3&#8243;][vc_column_text css=\u00bb\u00bb]Onte s\u00e1bado, 29 de xu\u00f1o, <strong>Comunicando <\/strong>organizou o acto de entrega de premios da XXV Cata dos Vi\u00f1os de Valdeorras, no Complexo Hostelero Paladium, en Vilamart\u00edn.<\/p>\n<p>Coa colaboraci\u00f3n de adegueiros e do persoal do Consello Regulador, podemos dicir que o evento foi un aut\u00e9ntico \u00e9xito, tendo en conta a afluencia de profesionais do sector (comezando polos adegueiros e os viticultores), adem\u00e1is de autoridades auton\u00f3micas, provinciais e locais que nos acompa\u00f1aron; e polo grado de satisfacci\u00f3n de todos os asistentes, con cada un dos detalles do acto.<\/p>\n<p>A nosa consultor\u00eda encargouse da organizaci\u00f3n da gala, desde o primeiro intre, responsabiliz\u00e1ndose da secretar\u00eda t\u00e9cnica, a coordinaci\u00f3n dos tempos, a atenci\u00f3n aos invitados, a m\u00fasica,la elecci\u00f3n do men\u00fa, a decoraci\u00f3n, o dise\u00f1o e a producci\u00f3n dos elementos visuais representativos da XXV Cata Oficial de Valdeorras; e da propia presentaci\u00f3n do evento.<\/p>\n<p>A continuaci\u00f3n compartimos con v\u00f3s tres enlaces das informaci\u00f3ns que publicaron sobre o evento, un peri\u00f3dico xeneralista, La Voz de Galicia, un portal especializado, Vinetur, eun medio local, O Sil:<\/p>\n<ul>\n<li><a href=\"https:\/\/www.lavozdegalicia.es\/noticia\/ourense\/2024\/06\/30\/cata-dos-vinos-valdeorras-premia-luar-do-sil-sampayolo\/0003_202406O30C7991.htm\" target=\"_blank\" rel=\"noopener\">La Cata dos Vi\u00f1os de Valdeorras premia a O Luar do Sil y a Sampayolo (lavozdegalicia.es)<\/a><\/li>\n<li><a href=\"https:\/\/www.vinetur.com\/2024070180496\/los-mejores-vinos-de-valdeorras-anunciados-los-ganadores-de-la-xxv-cata-de-vinos.html#google_vignette\" target=\"_blank\" rel=\"noopener\">Los mejores vinos de Valdeorras: Anunciados los ganadores de la XXV Cata de Vinos (vinetur.com)<\/a><\/li>\n<li><a href=\"https:\/\/osil.info\/a-entrega-dos-premios-da-xxv-cata-dos-vinos-de-valdeorras-en-fotos\/\" target=\"_blank\" rel=\"noopener\">A entrega dos premios da XXV Cata dos Vi\u00f1os de Valdeorras, en fotos (osil.info)<\/a><\/li>\n<\/ul>\n<p>[\/vc_column_text][\/vc_column][vc_column width=\u00bb1\/6&#8243;][\/vc_column][\/vc_row]<\/p>\n<\/div>","protected":false},"excerpt":{"rendered":"<p>[vc_row][vc_column][\/vc_column][\/vc_row][vc_row css=\u00bb.vc_custom_1584119875668{margin-top: 80px !important;}\u00bb][vc_column width=\u00bb1\/6&#8243;][\/vc_column][vc_column css_animation=\u00bbfadeInUp\u00bb width=\u00bb2\/3&#8243;][vc_column_text css=\u00bb\u00bb]Onte s\u00e1bado, 29 de xu\u00f1o, Comunicando organizou o acto de entrega de premios da XXV Cata dos Vi\u00f1os de Valdeorras, no Complexo Hostelero Paladium, en Vilamart\u00edn. Coa colaboraci\u00f3n de adegueiros e do persoal do Consello Regulador, podemos dicir que o evento foi un aut\u00e9ntico \u00e9xito, tendo en conta [&hellip;]<\/p>\n","protected":false},"author":1,"featured_media":4517,"comment_status":"open","ping_status":"open","sticky":false,"template":"","format":"standard","meta":{"footnotes":""},"categories":[1],"tags":[],"class_list":["post-4496","post","type-post","status-publish","format-standard","has-post-thumbnail","hentry","category-noticias"],"yoast_head":"<!-- This site is optimized with the Yoast SEO plugin v26.2 - https:\/\/yoast.com\/wordpress\/plugins\/seo\/ -->\n<title>Gran \u00e9xito da gala de entrega de premios da XXV Cata dos Vi\u00f1os de Valdeorras<\/title>\n<meta name=\"robots\" content=\"index, follow, max-snippet:-1, max-image-preview:large, max-video-preview:-1\" \/>\n<link rel=\"canonical\" href=\"https:\/\/comunicando.gal\/gal\/premios-da-xxv-cata-dos-vinos-de-valdeorras\/\" \/>\n<meta property=\"og:locale\" content=\"es_ES\" \/>\n<meta property=\"og:type\" content=\"article\" \/>\n<meta property=\"og:title\" content=\"Gran \u00e9xito da gala de entrega de premios da XXV Cata dos Vi\u00f1os de Valdeorras\" \/>\n<meta property=\"og:description\" content=\"[vc_row][vc_column][\/vc_column][\/vc_row][vc_row css=\u00bb.vc_custom_1584119875668{margin-top: 80px !important;}\u00bb][vc_column width=\u00bb1\/6&#8243;][\/vc_column][vc_column css_animation=\u00bbfadeInUp\u00bb width=\u00bb2\/3&#8243;][vc_column_text css=\u00bb\u00bb]Onte s\u00e1bado, 29 de xu\u00f1o, Comunicando organizou o acto de entrega de premios da XXV Cata dos Vi\u00f1os de Valdeorras, no Complexo Hostelero Paladium, en Vilamart\u00edn. Coa colaboraci\u00f3n de adegueiros e do persoal do Consello Regulador, podemos dicir que o evento foi un aut\u00e9ntico \u00e9xito, tendo en conta [&hellip;]\" \/>\n<meta property=\"og:url\" content=\"https:\/\/comunicando.gal\/gal\/premios-da-xxv-cata-dos-vinos-de-valdeorras\/\" \/>\n<meta property=\"og:site_name\" content=\"Comunicando\" \/>\n<meta property=\"article:published_time\" content=\"2024-06-30T09:47:34+00:00\" \/>\n<meta property=\"article:modified_time\" content=\"2024-08-02T12:32:47+00:00\" \/>\n<meta property=\"og:image\" content=\"https:\/\/comunicando.gal\/gal\/wp-content\/uploads\/2024\/06\/Cata-de-Vinos-Valdeorras.jpg\" \/>\n\t<meta property=\"og:image:width\" content=\"1200\" \/>\n\t<meta property=\"og:image:height\" content=\"900\" \/>\n\t<meta property=\"og:image:type\" content=\"image\/jpeg\" \/>\n<meta name=\"author\" content=\"jbarredo\" \/>\n<meta name=\"twitter:card\" content=\"summary_large_image\" \/>\n<script type=\"application\/ld+json\" class=\"yoast-schema-graph\">{\"@context\":\"https:\/\/schema.org\",\"@graph\":[{\"@type\":\"Article\",\"@id\":\"https:\/\/comunicando.gal\/gal\/premios-da-xxv-cata-dos-vinos-de-valdeorras\/#article\",\"isPartOf\":{\"@id\":\"https:\/\/comunicando.gal\/gal\/premios-da-xxv-cata-dos-vinos-de-valdeorras\/\"},\"author\":{\"name\":\"jbarredo\",\"@id\":\"https:\/\/comunicando.gal\/gal\/#\/schema\/person\/fcabdc5821dd54fce44552a5b6eb69a0\"},\"headline\":\"Gran \u00e9xito da gala de entrega de premios da XXV Cata dos Vi\u00f1os de Valdeorras\",\"datePublished\":\"2024-06-30T09:47:34+00:00\",\"dateModified\":\"2024-08-02T12:32:47+00:00\",\"mainEntityOfPage\":{\"@id\":\"https:\/\/comunicando.gal\/gal\/premios-da-xxv-cata-dos-vinos-de-valdeorras\/\"},\"wordCount\":357,\"commentCount\":0,\"publisher\":{\"@id\":\"https:\/\/comunicando.gal\/gal\/#organization\"},\"image\":{\"@id\":\"https:\/\/comunicando.gal\/gal\/premios-da-xxv-cata-dos-vinos-de-valdeorras\/#primaryimage\"},\"thumbnailUrl\":\"https:\/\/comunicando.gal\/gal\/wp-content\/uploads\/2024\/06\/Cata-de-Vinos-Valdeorras.jpg\",\"articleSection\":[\"Noticias\"],\"inLanguage\":\"es\"},{\"@type\":\"WebPage\",\"@id\":\"https:\/\/comunicando.gal\/gal\/premios-da-xxv-cata-dos-vinos-de-valdeorras\/\",\"url\":\"https:\/\/comunicando.gal\/gal\/premios-da-xxv-cata-dos-vinos-de-valdeorras\/\",\"name\":\"Gran \u00e9xito da gala de entrega de premios da XXV Cata dos Vi\u00f1os de Valdeorras\",\"isPartOf\":{\"@id\":\"https:\/\/comunicando.gal\/gal\/#website\"},\"primaryImageOfPage\":{\"@id\":\"https:\/\/comunicando.gal\/gal\/premios-da-xxv-cata-dos-vinos-de-valdeorras\/#primaryimage\"},\"image\":{\"@id\":\"https:\/\/comunicando.gal\/gal\/premios-da-xxv-cata-dos-vinos-de-valdeorras\/#primaryimage\"},\"thumbnailUrl\":\"https:\/\/comunicando.gal\/gal\/wp-content\/uploads\/2024\/06\/Cata-de-Vinos-Valdeorras.jpg\",\"datePublished\":\"2024-06-30T09:47:34+00:00\",\"dateModified\":\"2024-08-02T12:32:47+00:00\",\"breadcrumb\":{\"@id\":\"https:\/\/comunicando.gal\/gal\/premios-da-xxv-cata-dos-vinos-de-valdeorras\/#breadcrumb\"},\"inLanguage\":\"es\",\"potentialAction\":[{\"@type\":\"ReadAction\",\"target\":[\"https:\/\/comunicando.gal\/gal\/premios-da-xxv-cata-dos-vinos-de-valdeorras\/\"]}]},{\"@type\":\"ImageObject\",\"inLanguage\":\"es\",\"@id\":\"https:\/\/comunicando.gal\/gal\/premios-da-xxv-cata-dos-vinos-de-valdeorras\/#primaryimage\",\"url\":\"https:\/\/comunicando.gal\/gal\/wp-content\/uploads\/2024\/06\/Cata-de-Vinos-Valdeorras.jpg\",\"contentUrl\":\"https:\/\/comunicando.gal\/gal\/wp-content\/uploads\/2024\/06\/Cata-de-Vinos-Valdeorras.jpg\",\"width\":1200,\"height\":900},{\"@type\":\"BreadcrumbList\",\"@id\":\"https:\/\/comunicando.gal\/gal\/premios-da-xxv-cata-dos-vinos-de-valdeorras\/#breadcrumb\",\"itemListElement\":[{\"@type\":\"ListItem\",\"position\":1,\"name\":\"Portada\",\"item\":\"https:\/\/comunicando.gal\/gal\/\"},{\"@type\":\"ListItem\",\"position\":2,\"name\":\"Gran \u00e9xito da gala de entrega de premios da XXV Cata dos Vi\u00f1os de Valdeorras\"}]},{\"@type\":\"WebSite\",\"@id\":\"https:\/\/comunicando.gal\/gal\/#website\",\"url\":\"https:\/\/comunicando.gal\/gal\/\",\"name\":\"Comunicando. Consultor\u00eda de comunicaci\u00f3n.\",\"description\":\"Consultor\u00eda de comunicaci\u00f3n\",\"publisher\":{\"@id\":\"https:\/\/comunicando.gal\/gal\/#organization\"},\"alternateName\":\"Comunicando. Consultor\u00eda de comunicaci\u00f3n.\",\"potentialAction\":[{\"@type\":\"SearchAction\",\"target\":{\"@type\":\"EntryPoint\",\"urlTemplate\":\"https:\/\/comunicando.gal\/gal\/?s={search_term_string}\"},\"query-input\":{\"@type\":\"PropertyValueSpecification\",\"valueRequired\":true,\"valueName\":\"search_term_string\"}}],\"inLanguage\":\"es\"},{\"@type\":\"Organization\",\"@id\":\"https:\/\/comunicando.gal\/gal\/#organization\",\"name\":\"Comunicando. Consultor\u00eda de comunicaci\u00f3n.\",\"url\":\"https:\/\/comunicando.gal\/gal\/\",\"logo\":{\"@type\":\"ImageObject\",\"inLanguage\":\"es\",\"@id\":\"https:\/\/comunicando.gal\/gal\/#\/schema\/logo\/image\/\",\"url\":\"https:\/\/comunicando.gal\/gal\/wp-content\/uploads\/2024\/07\/comunicando-vertical.png\",\"contentUrl\":\"https:\/\/comunicando.gal\/gal\/wp-content\/uploads\/2024\/07\/comunicando-vertical.png\",\"width\":300,\"height\":323,\"caption\":\"Comunicando. Consultor\u00eda de comunicaci\u00f3n.\"},\"image\":{\"@id\":\"https:\/\/comunicando.gal\/gal\/#\/schema\/logo\/image\/\"}},{\"@type\":\"Person\",\"@id\":\"https:\/\/comunicando.gal\/gal\/#\/schema\/person\/fcabdc5821dd54fce44552a5b6eb69a0\",\"name\":\"jbarredo\",\"sameAs\":[\"https:\/\/comunicando.gal\/gal\"]}]}<\/script>\n<!-- \/ Yoast SEO plugin. -->","yoast_head_json":{"title":"Gran \u00e9xito da gala de entrega de premios da XXV Cata dos Vi\u00f1os de Valdeorras","robots":{"index":"index","follow":"follow","max-snippet":"max-snippet:-1","max-image-preview":"max-image-preview:large","max-video-preview":"max-video-preview:-1"},"canonical":"https:\/\/comunicando.gal\/gal\/premios-da-xxv-cata-dos-vinos-de-valdeorras\/","og_locale":"es_ES","og_type":"article","og_title":"Gran \u00e9xito da gala de entrega de premios da XXV Cata dos Vi\u00f1os de Valdeorras","og_description":"[vc_row][vc_column][\/vc_column][\/vc_row][vc_row css=\u00bb.vc_custom_1584119875668{margin-top: 80px !important;}\u00bb][vc_column width=\u00bb1\/6&#8243;][\/vc_column][vc_column css_animation=\u00bbfadeInUp\u00bb width=\u00bb2\/3&#8243;][vc_column_text css=\u00bb\u00bb]Onte s\u00e1bado, 29 de xu\u00f1o, Comunicando organizou o acto de entrega de premios da XXV Cata dos Vi\u00f1os de Valdeorras, no Complexo Hostelero Paladium, en Vilamart\u00edn. Coa colaboraci\u00f3n de adegueiros e do persoal do Consello Regulador, podemos dicir que o evento foi un aut\u00e9ntico \u00e9xito, tendo en conta [&hellip;]","og_url":"https:\/\/comunicando.gal\/gal\/premios-da-xxv-cata-dos-vinos-de-valdeorras\/","og_site_name":"Comunicando","article_published_time":"2024-06-30T09:47:34+00:00","article_modified_time":"2024-08-02T12:32:47+00:00","og_image":[{"width":1200,"height":900,"url":"https:\/\/comunicando.gal\/gal\/wp-content\/uploads\/2024\/06\/Cata-de-Vinos-Valdeorras.jpg","type":"image\/jpeg"}],"author":"jbarredo","twitter_card":"summary_large_image","schema":{"@context":"https:\/\/schema.org","@graph":[{"@type":"Article","@id":"https:\/\/comunicando.gal\/gal\/premios-da-xxv-cata-dos-vinos-de-valdeorras\/#article","isPartOf":{"@id":"https:\/\/comunicando.gal\/gal\/premios-da-xxv-cata-dos-vinos-de-valdeorras\/"},"author":{"name":"jbarredo","@id":"https:\/\/comunicando.gal\/gal\/#\/schema\/person\/fcabdc5821dd54fce44552a5b6eb69a0"},"headline":"Gran \u00e9xito da gala de entrega de premios da XXV Cata dos Vi\u00f1os de Valdeorras","datePublished":"2024-06-30T09:47:34+00:00","dateModified":"2024-08-02T12:32:47+00:00","mainEntityOfPage":{"@id":"https:\/\/comunicando.gal\/gal\/premios-da-xxv-cata-dos-vinos-de-valdeorras\/"},"wordCount":357,"commentCount":0,"publisher":{"@id":"https:\/\/comunicando.gal\/gal\/#organization"},"image":{"@id":"https:\/\/comunicando.gal\/gal\/premios-da-xxv-cata-dos-vinos-de-valdeorras\/#primaryimage"},"thumbnailUrl":"https:\/\/comunicando.gal\/gal\/wp-content\/uploads\/2024\/06\/Cata-de-Vinos-Valdeorras.jpg","articleSection":["Noticias"],"inLanguage":"es"},{"@type":"WebPage","@id":"https:\/\/comunicando.gal\/gal\/premios-da-xxv-cata-dos-vinos-de-valdeorras\/","url":"https:\/\/comunicando.gal\/gal\/premios-da-xxv-cata-dos-vinos-de-valdeorras\/","name":"Gran \u00e9xito da gala de entrega de premios da XXV Cata dos Vi\u00f1os de Valdeorras","isPartOf":{"@id":"https:\/\/comunicando.gal\/gal\/#website"},"primaryImageOfPage":{"@id":"https:\/\/comunicando.gal\/gal\/premios-da-xxv-cata-dos-vinos-de-valdeorras\/#primaryimage"},"image":{"@id":"https:\/\/comunicando.gal\/gal\/premios-da-xxv-cata-dos-vinos-de-valdeorras\/#primaryimage"},"thumbnailUrl":"https:\/\/comunicando.gal\/gal\/wp-content\/uploads\/2024\/06\/Cata-de-Vinos-Valdeorras.jpg","datePublished":"2024-06-30T09:47:34+00:00","dateModified":"2024-08-02T12:32:47+00:00","breadcrumb":{"@id":"https:\/\/comunicando.gal\/gal\/premios-da-xxv-cata-dos-vinos-de-valdeorras\/#breadcrumb"},"inLanguage":"es","potentialAction":[{"@type":"ReadAction","target":["https:\/\/comunicando.gal\/gal\/premios-da-xxv-cata-dos-vinos-de-valdeorras\/"]}]},{"@type":"ImageObject","inLanguage":"es","@id":"https:\/\/comunicando.gal\/gal\/premios-da-xxv-cata-dos-vinos-de-valdeorras\/#primaryimage","url":"https:\/\/comunicando.gal\/gal\/wp-content\/uploads\/2024\/06\/Cata-de-Vinos-Valdeorras.jpg","contentUrl":"https:\/\/comunicando.gal\/gal\/wp-content\/uploads\/2024\/06\/Cata-de-Vinos-Valdeorras.jpg","width":1200,"height":900},{"@type":"BreadcrumbList","@id":"https:\/\/comunicando.gal\/gal\/premios-da-xxv-cata-dos-vinos-de-valdeorras\/#breadcrumb","itemListElement":[{"@type":"ListItem","position":1,"name":"Portada","item":"https:\/\/comunicando.gal\/gal\/"},{"@type":"ListItem","position":2,"name":"Gran \u00e9xito da gala de entrega de premios da XXV Cata dos Vi\u00f1os de Valdeorras"}]},{"@type":"WebSite","@id":"https:\/\/comunicando.gal\/gal\/#website","url":"https:\/\/comunicando.gal\/gal\/","name":"Comunicando. Consultor\u00eda de comunicaci\u00f3n.","description":"Consultor\u00eda de comunicaci\u00f3n","publisher":{"@id":"https:\/\/comunicando.gal\/gal\/#organization"},"alternateName":"Comunicando. Consultor\u00eda de comunicaci\u00f3n.","potentialAction":[{"@type":"SearchAction","target":{"@type":"EntryPoint","urlTemplate":"https:\/\/comunicando.gal\/gal\/?s={search_term_string}"},"query-input":{"@type":"PropertyValueSpecification","valueRequired":true,"valueName":"search_term_string"}}],"inLanguage":"es"},{"@type":"Organization","@id":"https:\/\/comunicando.gal\/gal\/#organization","name":"Comunicando. Consultor\u00eda de comunicaci\u00f3n.","url":"https:\/\/comunicando.gal\/gal\/","logo":{"@type":"ImageObject","inLanguage":"es","@id":"https:\/\/comunicando.gal\/gal\/#\/schema\/logo\/image\/","url":"https:\/\/comunicando.gal\/gal\/wp-content\/uploads\/2024\/07\/comunicando-vertical.png","contentUrl":"https:\/\/comunicando.gal\/gal\/wp-content\/uploads\/2024\/07\/comunicando-vertical.png","width":300,"height":323,"caption":"Comunicando. Consultor\u00eda de comunicaci\u00f3n."},"image":{"@id":"https:\/\/comunicando.gal\/gal\/#\/schema\/logo\/image\/"}},{"@type":"Person","@id":"https:\/\/comunicando.gal\/gal\/#\/schema\/person\/fcabdc5821dd54fce44552a5b6eb69a0","name":"jbarredo","sameAs":["https:\/\/comunicando.gal\/gal"]}]}},"_links":{"self":[{"href":"https:\/\/comunicando.gal\/gal\/wp-json\/wp\/v2\/posts\/4496","targetHints":{"allow":["GET"]}}],"collection":[{"href":"https:\/\/comunicando.gal\/gal\/wp-json\/wp\/v2\/posts"}],"about":[{"href":"https:\/\/comunicando.gal\/gal\/wp-json\/wp\/v2\/types\/post"}],"author":[{"embeddable":true,"href":"https:\/\/comunicando.gal\/gal\/wp-json\/wp\/v2\/users\/1"}],"replies":[{"embeddable":true,"href":"https:\/\/comunicando.gal\/gal\/wp-json\/wp\/v2\/comments?post=4496"}],"version-history":[{"count":7,"href":"https:\/\/comunicando.gal\/gal\/wp-json\/wp\/v2\/posts\/4496\/revisions"}],"predecessor-version":[{"id":4606,"href":"https:\/\/comunicando.gal\/gal\/wp-json\/wp\/v2\/posts\/4496\/revisions\/4606"}],"wp:featuredmedia":[{"embeddable":true,"href":"https:\/\/comunicando.gal\/gal\/wp-json\/wp\/v2\/media\/4517"}],"wp:attachment":[{"href":"https:\/\/comunicando.gal\/gal\/wp-json\/wp\/v2\/media?parent=4496"}],"wp:term":[{"taxonomy":"category","embeddable":true,"href":"https:\/\/comunicando.gal\/gal\/wp-json\/wp\/v2\/categories?post=4496"},{"taxonomy":"post_tag","embeddable":true,"href":"https:\/\/comunicando.gal\/gal\/wp-json\/wp\/v2\/tags?post=4496"}],"curies":[{"name":"wp","href":"https:\/\/api.w.org\/{rel}","templated":true}]}}